{"id":1015,"date":"2019-06-07T16:23:09","date_gmt":"2019-06-07T14:23:09","guid":{"rendered":"http:\/\/wp.sbhss.eu\/?p=1015"},"modified":"2019-06-07T16:23:09","modified_gmt":"2019-06-07T14:23:09","slug":"transportministrarnas-radsmoete-6-juni","status":"publish","type":"post","link":"https:\/\/www.sbhss.eu\/sv\/transportministrarnas-radsmoete-6-juni\/","title":{"rendered":"Transportministrarnas r\u00e5dsm\u00f6te 6 juni"},"content":{"rendered":"<p>I veckan fick Brysselkontoret en briefing fr\u00e5n svenska EU-representationen inf\u00f6r de europeiska transportministrarnas r\u00e5dsm\u00f6te i Luxembourg den 6 juni.<\/p>\n<p>Av st\u00f6rst intresse f\u00f6r Sm\u00e5land-Blekinge-Halland \u00e4r Connecting Europe Facility 2021-2027. Programmet \u00e4r i princip f\u00e4rdigf\u00f6rhandlat mellan EU:s beslutsfattande institutioner. Flera regioner i norra Sverige \u00e4r l\u00e4ttade att en f\u00f6rl\u00e4ngning av ScanMed-korridoren upp \u00f6ver finska gr\u00e4nsen blir verklighet efter flera \u00e5rs aktivt p\u00e5verkansarbete gentemot b\u00e5de nationell och europeisk niv\u00e5. Kopplat till detta n\u00e4mndes \u00e4ven \u00f6versynen av sj\u00e4lva TEN-T-n\u00e4tverket som f\u00f6r n\u00e4rvarande p\u00e5g\u00e5r och d\u00e4r <a href=\"https:\/\/ec.europa.eu\/info\/law\/better-regulation\/initiatives\/ares-2018-4706847\/public-consultation_sv\">ett samr\u00e5d<\/a> \u00e4r \u00f6ppet fram tills 17 juli. \u00c4ven om TEN-T-\u00f6versynen inte diskuterades den 6 juni, uppgav den tj\u00e4nsteman som representerar Sverige i f\u00f6rhandlingarna att EU-kommissionen \u00e4r \u00f6ppna f\u00f6r synpunkter som kan r\u00f6ra alla aspekter av TEN-T. Brysselkontoret har f\u00f6r n\u00e4rvarande dialog med region Blekinge, region Halland och region Kalmar om framtida TENT-T. Till h\u00f6sten 2019 v\u00e4ntas man \u00e4ven genomf\u00f6ra riktade samr\u00e5d, t.ex. gentemot medlemsstaterna.<\/p>\n<p>P\u00e5 sj\u00e4lva ministerr\u00e5dsm\u00f6tets agenda fanns \u00e4ven passagerarr\u00e4ttigheter, sommartid och elektronisk godstransportinformation (eFIT). Sveriges st\u00e5ndpunkt och mer info hittar ni i regeringens <a href=\"https:\/\/www.regeringen.se\/kommenterade-dagordningar\/2019\/05\/kommenterad-dagordning-infor-radets-mote-transportministrarna-den-6-juni-2019\/\">kommenterade dagordning<\/a> samt i <a href=\"https:\/\/www.consilium.europa.eu\/sv\/meetings\/tte\/2019\/06\/06\/\">pressrelease fr\u00e5n m\u00f6tet<\/a>.&nbsp;<\/p>\n<p>&nbsp;<\/p>\n","protected":false},"excerpt":{"rendered":"<p>I veckan fick Brysselkontoret en briefing fr\u00e5n svenska EU-representationen inf\u00f6r de europeiska transportministrarnas r\u00e5dsm\u00f6te i Luxembourg den 6 juni. Av st\u00f6rst intresse f\u00f6r Sm\u00e5land-Blekinge-Halland \u00e4r Connecting Europe Facility 2021-2027. Programmet \u00e4r i princip f\u00e4rdigf\u00f6rhandlat mellan EU:s beslutsfattande institutioner. Flera regioner i norra Sverige \u00e4r l\u00e4ttade att en f\u00f6rl\u00e4ngning av ScanMed-korridoren upp \u00f6ver finska gr\u00e4nsen blir [&hellip;]<\/p>\n","protected":false},"author":3,"featured_media":0,"comment_status":"open","ping_status":"open","sticky":false,"template":"","format":"standard","meta":{"_acf_changed":false,"footnotes":""},"categories":[11],"tags":[],"class_list":["post-1015","post","type-post","status-publish","format-standard","hentry","category-hem"],"acf":[],"yoast_head":"<!-- This site is optimized with the Yoast SEO plugin v27.5 - https:\/\/yoast.com\/product\/yoast-seo-wordpress\/ -->\n<title>Transportministrarnas r\u00e5dsm\u00f6te 6 juni - SBHSS<\/title>\n<meta name=\"robots\" content=\"index, follow, max-snippet:-1, max-image-preview:large, max-video-preview:-1\" \/>\n<link rel=\"canonical\" href=\"https:\/\/www.sbhss.eu\/sv\/transportministrarnas-radsmoete-6-juni\/\" \/>\n<meta property=\"og:locale\" content=\"sv_SE\" \/>\n<meta property=\"og:type\" content=\"article\" \/>\n<meta property=\"og:title\" content=\"Transportministrarnas r\u00e5dsm\u00f6te 6 juni - SBHSS\" \/>\n<meta property=\"og:description\" content=\"I veckan fick Brysselkontoret en briefing fr\u00e5n svenska EU-representationen inf\u00f6r de europeiska transportministrarnas r\u00e5dsm\u00f6te i Luxembourg den 6 juni. Av st\u00f6rst intresse f\u00f6r Sm\u00e5land-Blekinge-Halland \u00e4r Connecting Europe Facility 2021-2027. Programmet \u00e4r i princip f\u00e4rdigf\u00f6rhandlat mellan EU:s beslutsfattande institutioner. Flera regioner i norra Sverige \u00e4r l\u00e4ttade att en f\u00f6rl\u00e4ngning av ScanMed-korridoren upp \u00f6ver finska gr\u00e4nsen blir [&hellip;]\" \/>\n<meta property=\"og:url\" content=\"https:\/\/www.sbhss.eu\/sv\/transportministrarnas-radsmoete-6-juni\/\" \/>\n<meta property=\"og:site_name\" content=\"SBHSS\" \/>\n<meta property=\"article:published_time\" content=\"2019-06-07T14:23:09+00:00\" \/>\n<meta name=\"author\" content=\"Sven Kast\u00f6\" \/>\n<meta name=\"twitter:card\" content=\"summary_large_image\" \/>\n<meta name=\"twitter:label1\" content=\"Skriven av\" \/>\n\t<meta name=\"twitter:data1\" content=\"Sven Kast\u00f6\" \/>\n\t<meta name=\"twitter:label2\" content=\"Ber\u00e4knad l\u00e4stid\" \/>\n\t<meta name=\"twitter:data2\" content=\"1 minut\" \/>\n<script type=\"application\/ld+json\" class=\"yoast-schema-graph\">{\"@context\":\"https:\\\/\\\/schema.org\",\"@graph\":[{\"@type\":\"Article\",\"@id\":\"https:\\\/\\\/www.sbhss.eu\\\/sv\\\/transportministrarnas-radsmoete-6-juni\\\/#article\",\"isPartOf\":{\"@id\":\"https:\\\/\\\/www.sbhss.eu\\\/sv\\\/transportministrarnas-radsmoete-6-juni\\\/\"},\"author\":{\"name\":\"Sven Kast\u00f6\",\"@id\":\"https:\\\/\\\/www.sbhss.eu\\\/#\\\/schema\\\/person\\\/b8d8eb4c1088a05ed50ecff9b2bf643f\"},\"headline\":\"Transportministrarnas r\u00e5dsm\u00f6te 6 juni\",\"datePublished\":\"2019-06-07T14:23:09+00:00\",\"mainEntityOfPage\":{\"@id\":\"https:\\\/\\\/www.sbhss.eu\\\/sv\\\/transportministrarnas-radsmoete-6-juni\\\/\"},\"wordCount\":222,\"commentCount\":0,\"articleSection\":[\"Hem - Startsidan\"],\"inLanguage\":\"sv-SE\"},{\"@type\":\"WebPage\",\"@id\":\"https:\\\/\\\/www.sbhss.eu\\\/sv\\\/transportministrarnas-radsmoete-6-juni\\\/\",\"url\":\"https:\\\/\\\/www.sbhss.eu\\\/sv\\\/transportministrarnas-radsmoete-6-juni\\\/\",\"name\":\"Transportministrarnas r\u00e5dsm\u00f6te 6 juni - SBHSS\",\"isPartOf\":{\"@id\":\"https:\\\/\\\/www.sbhss.eu\\\/#website\"},\"datePublished\":\"2019-06-07T14:23:09+00:00\",\"author\":{\"@id\":\"https:\\\/\\\/www.sbhss.eu\\\/#\\\/schema\\\/person\\\/b8d8eb4c1088a05ed50ecff9b2bf643f\"},\"breadcrumb\":{\"@id\":\"https:\\\/\\\/www.sbhss.eu\\\/sv\\\/transportministrarnas-radsmoete-6-juni\\\/#breadcrumb\"},\"inLanguage\":\"sv-SE\",\"potentialAction\":[{\"@type\":\"ReadAction\",\"target\":[\"https:\\\/\\\/www.sbhss.eu\\\/sv\\\/transportministrarnas-radsmoete-6-juni\\\/\"]}]},{\"@type\":\"BreadcrumbList\",\"@id\":\"https:\\\/\\\/www.sbhss.eu\\\/sv\\\/transportministrarnas-radsmoete-6-juni\\\/#breadcrumb\",\"itemListElement\":[{\"@type\":\"ListItem\",\"position\":1,\"name\":\"Hem\",\"item\":\"https:\\\/\\\/www.sbhss.eu\\\/sv\\\/\"},{\"@type\":\"ListItem\",\"position\":2,\"name\":\"Transportministrarnas r\u00e5dsm\u00f6te 6 juni\"}]},{\"@type\":\"WebSite\",\"@id\":\"https:\\\/\\\/www.sbhss.eu\\\/#website\",\"url\":\"https:\\\/\\\/www.sbhss.eu\\\/\",\"name\":\"SBHSS\",\"description\":\"\",\"potentialAction\":[{\"@type\":\"SearchAction\",\"target\":{\"@type\":\"EntryPoint\",\"urlTemplate\":\"https:\\\/\\\/www.sbhss.eu\\\/?s={search_term_string}\"},\"query-input\":{\"@type\":\"PropertyValueSpecification\",\"valueRequired\":true,\"valueName\":\"search_term_string\"}}],\"inLanguage\":\"sv-SE\"},{\"@type\":\"Person\",\"@id\":\"https:\\\/\\\/www.sbhss.eu\\\/#\\\/schema\\\/person\\\/b8d8eb4c1088a05ed50ecff9b2bf643f\",\"name\":\"Sven Kast\u00f6\",\"image\":{\"@type\":\"ImageObject\",\"inLanguage\":\"sv-SE\",\"@id\":\"https:\\\/\\\/secure.gravatar.com\\\/avatar\\\/4ce3985fbe5a36073e6a0cbba2acaad0da794332aeb9a944eca4c7548361a263?s=96&d=mm&r=g\",\"url\":\"https:\\\/\\\/secure.gravatar.com\\\/avatar\\\/4ce3985fbe5a36073e6a0cbba2acaad0da794332aeb9a944eca4c7548361a263?s=96&d=mm&r=g\",\"contentUrl\":\"https:\\\/\\\/secure.gravatar.com\\\/avatar\\\/4ce3985fbe5a36073e6a0cbba2acaad0da794332aeb9a944eca4c7548361a263?s=96&d=mm&r=g\",\"caption\":\"Sven Kast\u00f6\"},\"url\":\"https:\\\/\\\/www.sbhss.eu\\\/sv\\\/author\\\/sven-kastosbhss-eu\\\/\"}]}<\/script>\n<!-- \/ Yoast SEO plugin. -->","yoast_head_json":{"title":"Transportministrarnas r\u00e5dsm\u00f6te 6 juni - SBHSS","robots":{"index":"index","follow":"follow","max-snippet":"max-snippet:-1","max-image-preview":"max-image-preview:large","max-video-preview":"max-video-preview:-1"},"canonical":"https:\/\/www.sbhss.eu\/sv\/transportministrarnas-radsmoete-6-juni\/","og_locale":"sv_SE","og_type":"article","og_title":"Transportministrarnas r\u00e5dsm\u00f6te 6 juni - SBHSS","og_description":"I veckan fick Brysselkontoret en briefing fr\u00e5n svenska EU-representationen inf\u00f6r de europeiska transportministrarnas r\u00e5dsm\u00f6te i Luxembourg den 6 juni. Av st\u00f6rst intresse f\u00f6r Sm\u00e5land-Blekinge-Halland \u00e4r Connecting Europe Facility 2021-2027. Programmet \u00e4r i princip f\u00e4rdigf\u00f6rhandlat mellan EU:s beslutsfattande institutioner. Flera regioner i norra Sverige \u00e4r l\u00e4ttade att en f\u00f6rl\u00e4ngning av ScanMed-korridoren upp \u00f6ver finska gr\u00e4nsen blir [&hellip;]","og_url":"https:\/\/www.sbhss.eu\/sv\/transportministrarnas-radsmoete-6-juni\/","og_site_name":"SBHSS","article_published_time":"2019-06-07T14:23:09+00:00","author":"Sven Kast\u00f6","twitter_card":"summary_large_image","twitter_misc":{"Skriven av":"Sven Kast\u00f6","Ber\u00e4knad l\u00e4stid":"1 minut"},"schema":{"@context":"https:\/\/schema.org","@graph":[{"@type":"Article","@id":"https:\/\/www.sbhss.eu\/sv\/transportministrarnas-radsmoete-6-juni\/#article","isPartOf":{"@id":"https:\/\/www.sbhss.eu\/sv\/transportministrarnas-radsmoete-6-juni\/"},"author":{"name":"Sven Kast\u00f6","@id":"https:\/\/www.sbhss.eu\/#\/schema\/person\/b8d8eb4c1088a05ed50ecff9b2bf643f"},"headline":"Transportministrarnas r\u00e5dsm\u00f6te 6 juni","datePublished":"2019-06-07T14:23:09+00:00","mainEntityOfPage":{"@id":"https:\/\/www.sbhss.eu\/sv\/transportministrarnas-radsmoete-6-juni\/"},"wordCount":222,"commentCount":0,"articleSection":["Hem - Startsidan"],"inLanguage":"sv-SE"},{"@type":"WebPage","@id":"https:\/\/www.sbhss.eu\/sv\/transportministrarnas-radsmoete-6-juni\/","url":"https:\/\/www.sbhss.eu\/sv\/transportministrarnas-radsmoete-6-juni\/","name":"Transportministrarnas r\u00e5dsm\u00f6te 6 juni - SBHSS","isPartOf":{"@id":"https:\/\/www.sbhss.eu\/#website"},"datePublished":"2019-06-07T14:23:09+00:00","author":{"@id":"https:\/\/www.sbhss.eu\/#\/schema\/person\/b8d8eb4c1088a05ed50ecff9b2bf643f"},"breadcrumb":{"@id":"https:\/\/www.sbhss.eu\/sv\/transportministrarnas-radsmoete-6-juni\/#breadcrumb"},"inLanguage":"sv-SE","potentialAction":[{"@type":"ReadAction","target":["https:\/\/www.sbhss.eu\/sv\/transportministrarnas-radsmoete-6-juni\/"]}]},{"@type":"BreadcrumbList","@id":"https:\/\/www.sbhss.eu\/sv\/transportministrarnas-radsmoete-6-juni\/#breadcrumb","itemListElement":[{"@type":"ListItem","position":1,"name":"Hem","item":"https:\/\/www.sbhss.eu\/sv\/"},{"@type":"ListItem","position":2,"name":"Transportministrarnas r\u00e5dsm\u00f6te 6 juni"}]},{"@type":"WebSite","@id":"https:\/\/www.sbhss.eu\/#website","url":"https:\/\/www.sbhss.eu\/","name":"SBHSS","description":"","potentialAction":[{"@type":"SearchAction","target":{"@type":"EntryPoint","urlTemplate":"https:\/\/www.sbhss.eu\/?s={search_term_string}"},"query-input":{"@type":"PropertyValueSpecification","valueRequired":true,"valueName":"search_term_string"}}],"inLanguage":"sv-SE"},{"@type":"Person","@id":"https:\/\/www.sbhss.eu\/#\/schema\/person\/b8d8eb4c1088a05ed50ecff9b2bf643f","name":"Sven Kast\u00f6","image":{"@type":"ImageObject","inLanguage":"sv-SE","@id":"https:\/\/secure.gravatar.com\/avatar\/4ce3985fbe5a36073e6a0cbba2acaad0da794332aeb9a944eca4c7548361a263?s=96&d=mm&r=g","url":"https:\/\/secure.gravatar.com\/avatar\/4ce3985fbe5a36073e6a0cbba2acaad0da794332aeb9a944eca4c7548361a263?s=96&d=mm&r=g","contentUrl":"https:\/\/secure.gravatar.com\/avatar\/4ce3985fbe5a36073e6a0cbba2acaad0da794332aeb9a944eca4c7548361a263?s=96&d=mm&r=g","caption":"Sven Kast\u00f6"},"url":"https:\/\/www.sbhss.eu\/sv\/author\/sven-kastosbhss-eu\/"}]}},"_links":{"self":[{"href":"https:\/\/www.sbhss.eu\/sv\/wp-json\/wp\/v2\/posts\/1015","targetHints":{"allow":["GET"]}}],"collection":[{"href":"https:\/\/www.sbhss.eu\/sv\/wp-json\/wp\/v2\/posts"}],"about":[{"href":"https:\/\/www.sbhss.eu\/sv\/wp-json\/wp\/v2\/types\/post"}],"author":[{"embeddable":true,"href":"https:\/\/www.sbhss.eu\/sv\/wp-json\/wp\/v2\/users\/3"}],"replies":[{"embeddable":true,"href":"https:\/\/www.sbhss.eu\/sv\/wp-json\/wp\/v2\/comments?post=1015"}],"version-history":[{"count":0,"href":"https:\/\/www.sbhss.eu\/sv\/wp-json\/wp\/v2\/posts\/1015\/revisions"}],"wp:attachment":[{"href":"https:\/\/www.sbhss.eu\/sv\/wp-json\/wp\/v2\/media?parent=1015"}],"wp:term":[{"taxonomy":"category","embeddable":true,"href":"https:\/\/www.sbhss.eu\/sv\/wp-json\/wp\/v2\/categories?post=1015"},{"taxonomy":"post_tag","embeddable":true,"href":"https:\/\/www.sbhss.eu\/sv\/wp-json\/wp\/v2\/tags?post=1015"}],"curies":[{"name":"wp","href":"https:\/\/api.w.org\/{rel}","templated":true}]}}