{"id":1033,"date":"2019-09-09T11:15:06","date_gmt":"2019-09-09T09:15:06","guid":{"rendered":"http:\/\/wp.sbhss.eu\/?p=1033"},"modified":"2019-09-09T11:15:06","modified_gmt":"2019-09-09T09:15:06","slug":"vad-kan-vi-foervaenta-oss-av-eu-s-nya-ledarskap","status":"publish","type":"post","link":"https:\/\/www.sbhss.eu\/sv\/vad-kan-vi-foervaenta-oss-av-eu-s-nya-ledarskap\/","title":{"rendered":"Vad kan vi f\u00f6rv\u00e4nta oss av Ursula von der Leyens ledarskap?"},"content":{"rendered":"<p>Under sommaren valdes Ursula von der Leyen till EU-kommissionens nya ordf\u00f6rande. Som ordf\u00f6rande har v.d. Leyen identifierat sex politiska riktlinjer som ska spegla hennes ledarskap. Riktlinjerna som \u00e4r s\u00e4rskilt intressant f\u00f6r SBH \u00e4r bl.a. ett gr\u00f6nare Europa och den digitala omst\u00e4llningen, och vi kan f\u00f6rv\u00e4nta oss flera uppdateringar av strategier och policys som ber\u00f6r v\u00e5ra medlemmars arbete p\u00e5 hemmaplan.&nbsp;<\/p>\n<p><!--more--><\/p>\n<p>Tidigare i \u00e5r publicerade v.d Leyen sina ledarskapsvisioner i dokumentet&nbsp;<a href=\"https:\/\/ec.europa.eu\/commission\/sites\/beta-political\/files\/political-guidelines-next-commission_en.pdf\">\u201dmy agenda for Europe\u201d<\/a>.&nbsp;Den inneh\u00e5ller sex riktlinjer; (1) Ett gr\u00f6nare Europa; (2)&nbsp;En ekonomi som fungerar f\u00f6r m\u00e4nniskor; (3) Ett Europa anpassat f\u00f6r den digitala omst\u00e4llningen; (4) Skydda v\u00e5rt europeiska s\u00e4tt att leva; (5) Ett starkare Europa i v\u00e4rlden; (6) En ny drivkraft f\u00f6r europeisk demokrati. Ut\u00f6ver dessa prioriteringarna kommer v.d. Leyen satsa stort f\u00f6r ett enat Europa med starkare band mellan m\u00e4nniskor, nationer och institutioner &#8211; med ett st\u00f6rre fokus att f\u00f6rs\u00f6ka lyssna p\u00e5 folket i Europa och agera d\u00e4r det beh\u00f6vs och samtidigt l\u00e4mna nationella, regionala och lokala akt\u00f6rer att leverera d\u00e4r de \u00e4r b\u00e4st placerade f\u00f6r att g\u00f6ra det.<\/p>\n<p>v.d. Leyens agenda f\u00f6r Europa bygger p\u00e5 Europeiska r\u00e5dets strategiska agenda f\u00f6r <a href=\"https:\/\/www.consilium.europa.eu\/sv\/press\/press-releases\/2019\/06\/20\/a-new-strategic-agenda-2019-2024\/\">2019-2024<\/a>. Den sammanfattande po\u00e4ngen av v.d. Leyens politiska riktlinjer \u00e4r att Europa beh\u00f6ver \u00e5terskapa sin stabilitet f\u00f6r att bibeh\u00e5lla sin legitimitet som normativ akt\u00f6r f\u00f6r att kunna vara en v\u00e4gledande makt p\u00e5 den globala arenan (g\u00e4llande b.la. m\u00e4nskliga r\u00e4ttigheter och r\u00e4ttvis handel av varor och tj\u00e4nster). \u00c4ven stora satsningar inom gr\u00f6na n\u00e4ringar och digitalisering kommer f\u00e5 stort utrymme, d\u00e4r den lokala och regionala niv\u00e5n spelar en avg\u00f6rande roll i implementeringen av de nya riktlinjerna.<\/p>\n<p>v.d. Leyen har som huvudm\u00e5l att Europa ska bli den f\u00f6rsta klimatneutrala kontinenten. D\u00e4rmed vill den nya kommissionen se fler investeringar och nyt\u00e4nkande inom forskning och innovation, bl.a. inom <a href=\"http:\/\/sbhss.eu\/927-cirkulaer-ekonomi-pa-agendan-foer-2019-2024\" title=\"\">cirkul\u00e4r ekonomi<\/a> d\u00e4r vi kan r\u00e4kna med fler investeringsm\u00f6jligheter som kan komma till nytta f\u00f6r Sm\u00e5land-Blekinge-Hallands medlemmar. Det g\u00e4ller exempelvis bygg och textilbranscher d\u00e4r kommissionen f\u00f6rv\u00e4ntas lansera en ny handlingsplan f\u00f6r cirkul\u00e4r ekonomi. Fler uppdateringar av strategier som pekas ut av v.d. Leyen i \u201dmy agenda for Europe\u201d \u00e4r bl.a.: ny industriell strategi, strategi f\u00f6r gr\u00f6n finansiering, strategi f\u00f6r biologisk m\u00e5ngfald, jord-till-bord strategi, ny h\u00e4lsostrategi, ny strategi f\u00f6r SME\u00b4s och j\u00e4mst\u00e4lldhetsstrategi.<\/p>\n<p>Ut\u00f6ver v.d. Leyens gr\u00f6na fokus riktas mycket uppm\u00e4rksamhet mot framtidens digitala Europa. Riktlinjen g\u00e4llande den digitala omst\u00e4llningen omfattar bl.a. europeiska l\u00e4ros\u00e4ten och universitets f\u00f6rm\u00e5ga att st\u00e4lla om till ett mer digitalt samh\u00e4lle. Data och artificiell intelligens \u00e4r relativt ny teknologi som hj\u00e4lper Europa att hitta l\u00f6sningar p\u00e5 stora sociala utmaningar inom h\u00e4lso- och sjukv\u00e5rdssektorn eller jordbrukssektorn. Ett program, som det diskuteras mycket om i Europa, \u00e4r kommissionens nya programf\u00f6rslag f\u00f6r ett \u201d<a href=\"file:\/\/\/C:\/Users\/linn.soderlund\/Downloads\/DigitalEuropeProgrammeFactsheetpdf%2520(1).pdf\">Digital Europa<\/a>\u201d, vilket \u00e4r s\u00e4rskilt intressant eftersom den regionala och lokala niv\u00e5n spelar en viktig roll i skapandet av digitala innovationshubbar som vi skrivit om i tidigare artiklar.<\/p>\n<p>Sammanfattningsvis, kan vi f\u00f6rv\u00e4nta oss att den nya kommissionens ledarskap kommer \u00f6ppna upp m\u00f6jligheter f\u00f6r det lokala och regionala innovationslandskapet, speciellt inom gr\u00f6na n\u00e4ringar och digitalisering. Sm\u00e5land-Blekinge-Hallands brysselkontor kommer forts\u00e4tta att bevaka EU:s nya ledarskap och de omr\u00e5den som ber\u00f6r v\u00e5ra regioner.<\/p>\n","protected":false},"excerpt":{"rendered":"<p>Under sommaren valdes Ursula von der Leyen till EU-kommissionens nya ordf\u00f6rande. Som ordf\u00f6rande har v.d. Leyen identifierat sex politiska riktlinjer som ska spegla hennes ledarskap. Riktlinjerna som \u00e4r s\u00e4rskilt intressant f\u00f6r SBH \u00e4r bl.a. ett gr\u00f6nare Europa och den digitala omst\u00e4llningen, och vi kan f\u00f6rv\u00e4nta oss flera uppdateringar av strategier och policys som ber\u00f6r v\u00e5ra [&hellip;]<\/p>\n","protected":false},"author":3,"featured_media":0,"comment_status":"open","ping_status":"open","sticky":false,"template":"","format":"standard","meta":{"_acf_changed":false,"footnotes":""},"categories":[11],"tags":[],"class_list":["post-1033","post","type-post","status-publish","format-standard","hentry","category-hem"],"acf":[],"yoast_head":"<!-- This site is optimized with the Yoast SEO plugin v27.5 - https:\/\/yoast.com\/product\/yoast-seo-wordpress\/ -->\n<title>Vad kan vi f\u00f6rv\u00e4nta oss av Ursula von der Leyens ledarskap? - SBHSS<\/title>\n<meta name=\"robots\" content=\"index, follow, max-snippet:-1, max-image-preview:large, max-video-preview:-1\" \/>\n<link rel=\"canonical\" href=\"https:\/\/www.sbhss.eu\/sv\/vad-kan-vi-foervaenta-oss-av-eu-s-nya-ledarskap\/\" \/>\n<meta property=\"og:locale\" content=\"sv_SE\" \/>\n<meta property=\"og:type\" content=\"article\" \/>\n<meta property=\"og:title\" content=\"Vad kan vi f\u00f6rv\u00e4nta oss av Ursula von der Leyens ledarskap? - SBHSS\" \/>\n<meta property=\"og:description\" content=\"Under sommaren valdes Ursula von der Leyen till EU-kommissionens nya ordf\u00f6rande. Som ordf\u00f6rande har v.d. Leyen identifierat sex politiska riktlinjer som ska spegla hennes ledarskap. Riktlinjerna som \u00e4r s\u00e4rskilt intressant f\u00f6r SBH \u00e4r bl.a. ett gr\u00f6nare Europa och den digitala omst\u00e4llningen, och vi kan f\u00f6rv\u00e4nta oss flera uppdateringar av strategier och policys som ber\u00f6r v\u00e5ra [&hellip;]\" \/>\n<meta property=\"og:url\" content=\"https:\/\/www.sbhss.eu\/sv\/vad-kan-vi-foervaenta-oss-av-eu-s-nya-ledarskap\/\" \/>\n<meta property=\"og:site_name\" content=\"SBHSS\" \/>\n<meta property=\"article:published_time\" content=\"2019-09-09T09:15:06+00:00\" \/>\n<meta name=\"author\" content=\"Sven Kast\u00f6\" \/>\n<meta name=\"twitter:card\" content=\"summary_large_image\" \/>\n<meta name=\"twitter:label1\" content=\"Skriven av\" \/>\n\t<meta name=\"twitter:data1\" content=\"Sven Kast\u00f6\" \/>\n\t<meta name=\"twitter:label2\" content=\"Ber\u00e4knad l\u00e4stid\" \/>\n\t<meta name=\"twitter:data2\" content=\"3 minuter\" \/>\n<script type=\"application\/ld+json\" class=\"yoast-schema-graph\">{\"@context\":\"https:\\\/\\\/schema.org\",\"@graph\":[{\"@type\":\"Article\",\"@id\":\"https:\\\/\\\/www.sbhss.eu\\\/sv\\\/vad-kan-vi-foervaenta-oss-av-eu-s-nya-ledarskap\\\/#article\",\"isPartOf\":{\"@id\":\"https:\\\/\\\/www.sbhss.eu\\\/sv\\\/vad-kan-vi-foervaenta-oss-av-eu-s-nya-ledarskap\\\/\"},\"author\":{\"name\":\"Sven Kast\u00f6\",\"@id\":\"https:\\\/\\\/www.sbhss.eu\\\/#\\\/schema\\\/person\\\/b8d8eb4c1088a05ed50ecff9b2bf643f\"},\"headline\":\"Vad kan vi f\u00f6rv\u00e4nta oss av Ursula von der Leyens ledarskap?\",\"datePublished\":\"2019-09-09T09:15:06+00:00\",\"mainEntityOfPage\":{\"@id\":\"https:\\\/\\\/www.sbhss.eu\\\/sv\\\/vad-kan-vi-foervaenta-oss-av-eu-s-nya-ledarskap\\\/\"},\"wordCount\":633,\"commentCount\":0,\"articleSection\":[\"Hem - Startsidan\"],\"inLanguage\":\"sv-SE\"},{\"@type\":\"WebPage\",\"@id\":\"https:\\\/\\\/www.sbhss.eu\\\/sv\\\/vad-kan-vi-foervaenta-oss-av-eu-s-nya-ledarskap\\\/\",\"url\":\"https:\\\/\\\/www.sbhss.eu\\\/sv\\\/vad-kan-vi-foervaenta-oss-av-eu-s-nya-ledarskap\\\/\",\"name\":\"Vad kan vi f\u00f6rv\u00e4nta oss av Ursula von der Leyens ledarskap? - SBHSS\",\"isPartOf\":{\"@id\":\"https:\\\/\\\/www.sbhss.eu\\\/#website\"},\"datePublished\":\"2019-09-09T09:15:06+00:00\",\"author\":{\"@id\":\"https:\\\/\\\/www.sbhss.eu\\\/#\\\/schema\\\/person\\\/b8d8eb4c1088a05ed50ecff9b2bf643f\"},\"breadcrumb\":{\"@id\":\"https:\\\/\\\/www.sbhss.eu\\\/sv\\\/vad-kan-vi-foervaenta-oss-av-eu-s-nya-ledarskap\\\/#breadcrumb\"},\"inLanguage\":\"sv-SE\",\"potentialAction\":[{\"@type\":\"ReadAction\",\"target\":[\"https:\\\/\\\/www.sbhss.eu\\\/sv\\\/vad-kan-vi-foervaenta-oss-av-eu-s-nya-ledarskap\\\/\"]}]},{\"@type\":\"BreadcrumbList\",\"@id\":\"https:\\\/\\\/www.sbhss.eu\\\/sv\\\/vad-kan-vi-foervaenta-oss-av-eu-s-nya-ledarskap\\\/#breadcrumb\",\"itemListElement\":[{\"@type\":\"ListItem\",\"position\":1,\"name\":\"Hem\",\"item\":\"https:\\\/\\\/www.sbhss.eu\\\/sv\\\/\"},{\"@type\":\"ListItem\",\"position\":2,\"name\":\"Vad kan vi f\u00f6rv\u00e4nta oss av Ursula von der Leyens ledarskap?\"}]},{\"@type\":\"WebSite\",\"@id\":\"https:\\\/\\\/www.sbhss.eu\\\/#website\",\"url\":\"https:\\\/\\\/www.sbhss.eu\\\/\",\"name\":\"SBHSS\",\"description\":\"\",\"potentialAction\":[{\"@type\":\"SearchAction\",\"target\":{\"@type\":\"EntryPoint\",\"urlTemplate\":\"https:\\\/\\\/www.sbhss.eu\\\/?s={search_term_string}\"},\"query-input\":{\"@type\":\"PropertyValueSpecification\",\"valueRequired\":true,\"valueName\":\"search_term_string\"}}],\"inLanguage\":\"sv-SE\"},{\"@type\":\"Person\",\"@id\":\"https:\\\/\\\/www.sbhss.eu\\\/#\\\/schema\\\/person\\\/b8d8eb4c1088a05ed50ecff9b2bf643f\",\"name\":\"Sven Kast\u00f6\",\"image\":{\"@type\":\"ImageObject\",\"inLanguage\":\"sv-SE\",\"@id\":\"https:\\\/\\\/secure.gravatar.com\\\/avatar\\\/4ce3985fbe5a36073e6a0cbba2acaad0da794332aeb9a944eca4c7548361a263?s=96&d=mm&r=g\",\"url\":\"https:\\\/\\\/secure.gravatar.com\\\/avatar\\\/4ce3985fbe5a36073e6a0cbba2acaad0da794332aeb9a944eca4c7548361a263?s=96&d=mm&r=g\",\"contentUrl\":\"https:\\\/\\\/secure.gravatar.com\\\/avatar\\\/4ce3985fbe5a36073e6a0cbba2acaad0da794332aeb9a944eca4c7548361a263?s=96&d=mm&r=g\",\"caption\":\"Sven Kast\u00f6\"},\"url\":\"https:\\\/\\\/www.sbhss.eu\\\/sv\\\/author\\\/sven-kastosbhss-eu\\\/\"}]}<\/script>\n<!-- \/ Yoast SEO plugin. -->","yoast_head_json":{"title":"Vad kan vi f\u00f6rv\u00e4nta oss av Ursula von der Leyens ledarskap? - SBHSS","robots":{"index":"index","follow":"follow","max-snippet":"max-snippet:-1","max-image-preview":"max-image-preview:large","max-video-preview":"max-video-preview:-1"},"canonical":"https:\/\/www.sbhss.eu\/sv\/vad-kan-vi-foervaenta-oss-av-eu-s-nya-ledarskap\/","og_locale":"sv_SE","og_type":"article","og_title":"Vad kan vi f\u00f6rv\u00e4nta oss av Ursula von der Leyens ledarskap? - SBHSS","og_description":"Under sommaren valdes Ursula von der Leyen till EU-kommissionens nya ordf\u00f6rande. Som ordf\u00f6rande har v.d. Leyen identifierat sex politiska riktlinjer som ska spegla hennes ledarskap. Riktlinjerna som \u00e4r s\u00e4rskilt intressant f\u00f6r SBH \u00e4r bl.a. ett gr\u00f6nare Europa och den digitala omst\u00e4llningen, och vi kan f\u00f6rv\u00e4nta oss flera uppdateringar av strategier och policys som ber\u00f6r v\u00e5ra [&hellip;]","og_url":"https:\/\/www.sbhss.eu\/sv\/vad-kan-vi-foervaenta-oss-av-eu-s-nya-ledarskap\/","og_site_name":"SBHSS","article_published_time":"2019-09-09T09:15:06+00:00","author":"Sven Kast\u00f6","twitter_card":"summary_large_image","twitter_misc":{"Skriven av":"Sven Kast\u00f6","Ber\u00e4knad l\u00e4stid":"3 minuter"},"schema":{"@context":"https:\/\/schema.org","@graph":[{"@type":"Article","@id":"https:\/\/www.sbhss.eu\/sv\/vad-kan-vi-foervaenta-oss-av-eu-s-nya-ledarskap\/#article","isPartOf":{"@id":"https:\/\/www.sbhss.eu\/sv\/vad-kan-vi-foervaenta-oss-av-eu-s-nya-ledarskap\/"},"author":{"name":"Sven Kast\u00f6","@id":"https:\/\/www.sbhss.eu\/#\/schema\/person\/b8d8eb4c1088a05ed50ecff9b2bf643f"},"headline":"Vad kan vi f\u00f6rv\u00e4nta oss av Ursula von der Leyens ledarskap?","datePublished":"2019-09-09T09:15:06+00:00","mainEntityOfPage":{"@id":"https:\/\/www.sbhss.eu\/sv\/vad-kan-vi-foervaenta-oss-av-eu-s-nya-ledarskap\/"},"wordCount":633,"commentCount":0,"articleSection":["Hem - Startsidan"],"inLanguage":"sv-SE"},{"@type":"WebPage","@id":"https:\/\/www.sbhss.eu\/sv\/vad-kan-vi-foervaenta-oss-av-eu-s-nya-ledarskap\/","url":"https:\/\/www.sbhss.eu\/sv\/vad-kan-vi-foervaenta-oss-av-eu-s-nya-ledarskap\/","name":"Vad kan vi f\u00f6rv\u00e4nta oss av Ursula von der Leyens ledarskap? - SBHSS","isPartOf":{"@id":"https:\/\/www.sbhss.eu\/#website"},"datePublished":"2019-09-09T09:15:06+00:00","author":{"@id":"https:\/\/www.sbhss.eu\/#\/schema\/person\/b8d8eb4c1088a05ed50ecff9b2bf643f"},"breadcrumb":{"@id":"https:\/\/www.sbhss.eu\/sv\/vad-kan-vi-foervaenta-oss-av-eu-s-nya-ledarskap\/#breadcrumb"},"inLanguage":"sv-SE","potentialAction":[{"@type":"ReadAction","target":["https:\/\/www.sbhss.eu\/sv\/vad-kan-vi-foervaenta-oss-av-eu-s-nya-ledarskap\/"]}]},{"@type":"BreadcrumbList","@id":"https:\/\/www.sbhss.eu\/sv\/vad-kan-vi-foervaenta-oss-av-eu-s-nya-ledarskap\/#breadcrumb","itemListElement":[{"@type":"ListItem","position":1,"name":"Hem","item":"https:\/\/www.sbhss.eu\/sv\/"},{"@type":"ListItem","position":2,"name":"Vad kan vi f\u00f6rv\u00e4nta oss av Ursula von der Leyens ledarskap?"}]},{"@type":"WebSite","@id":"https:\/\/www.sbhss.eu\/#website","url":"https:\/\/www.sbhss.eu\/","name":"SBHSS","description":"","potentialAction":[{"@type":"SearchAction","target":{"@type":"EntryPoint","urlTemplate":"https:\/\/www.sbhss.eu\/?s={search_term_string}"},"query-input":{"@type":"PropertyValueSpecification","valueRequired":true,"valueName":"search_term_string"}}],"inLanguage":"sv-SE"},{"@type":"Person","@id":"https:\/\/www.sbhss.eu\/#\/schema\/person\/b8d8eb4c1088a05ed50ecff9b2bf643f","name":"Sven Kast\u00f6","image":{"@type":"ImageObject","inLanguage":"sv-SE","@id":"https:\/\/secure.gravatar.com\/avatar\/4ce3985fbe5a36073e6a0cbba2acaad0da794332aeb9a944eca4c7548361a263?s=96&d=mm&r=g","url":"https:\/\/secure.gravatar.com\/avatar\/4ce3985fbe5a36073e6a0cbba2acaad0da794332aeb9a944eca4c7548361a263?s=96&d=mm&r=g","contentUrl":"https:\/\/secure.gravatar.com\/avatar\/4ce3985fbe5a36073e6a0cbba2acaad0da794332aeb9a944eca4c7548361a263?s=96&d=mm&r=g","caption":"Sven Kast\u00f6"},"url":"https:\/\/www.sbhss.eu\/sv\/author\/sven-kastosbhss-eu\/"}]}},"_links":{"self":[{"href":"https:\/\/www.sbhss.eu\/sv\/wp-json\/wp\/v2\/posts\/1033","targetHints":{"allow":["GET"]}}],"collection":[{"href":"https:\/\/www.sbhss.eu\/sv\/wp-json\/wp\/v2\/posts"}],"about":[{"href":"https:\/\/www.sbhss.eu\/sv\/wp-json\/wp\/v2\/types\/post"}],"author":[{"embeddable":true,"href":"https:\/\/www.sbhss.eu\/sv\/wp-json\/wp\/v2\/users\/3"}],"replies":[{"embeddable":true,"href":"https:\/\/www.sbhss.eu\/sv\/wp-json\/wp\/v2\/comments?post=1033"}],"version-history":[{"count":0,"href":"https:\/\/www.sbhss.eu\/sv\/wp-json\/wp\/v2\/posts\/1033\/revisions"}],"wp:attachment":[{"href":"https:\/\/www.sbhss.eu\/sv\/wp-json\/wp\/v2\/media?parent=1033"}],"wp:term":[{"taxonomy":"category","embeddable":true,"href":"https:\/\/www.sbhss.eu\/sv\/wp-json\/wp\/v2\/categories?post=1033"},{"taxonomy":"post_tag","embeddable":true,"href":"https:\/\/www.sbhss.eu\/sv\/wp-json\/wp\/v2\/tags?post=1033"}],"curies":[{"name":"wp","href":"https:\/\/api.w.org\/{rel}","templated":true}]}}