{"id":1041,"date":"2019-09-18T10:30:52","date_gmt":"2019-09-18T08:30:52","guid":{"rendered":"http:\/\/wp.sbhss.eu\/?p=1041"},"modified":"2019-09-18T10:30:52","modified_gmt":"2019-09-18T08:30:52","slug":"frukostseminarium-mer-pang-foer-pengarna","status":"publish","type":"post","link":"https:\/\/www.sbhss.eu\/sv\/frukostseminarium-mer-pang-foer-pengarna\/","title":{"rendered":"Frukostseminarium \u201dMer pang f\u00f6r pengarna\u201d"},"content":{"rendered":"<p style=\"margin: 0px;\"><font color=\"#000000\" face=\"Calibri\">De svenska stads- och regionkontorens FoI-n\u00e4tverk, som Sm\u00e5land-Blekinge-Halland deltar i, bjuder in till frukostseminarium i samband med EU:s FoI-dagar i Bryssel. Den 25 september \u00e4r du som bes\u00f6ker Bryssel v\u00e4lkommen att delta p\u00e5 frukostm\u00f6tet som syftar till att diskutera samverkan mellan regional, nationell och europeisk niv\u00e5 f\u00f6r st\u00e4rkt innovationskapacitet och \u00f6kad konkurrenskraft. <\/font><\/p>\n<p><!--more--><\/p>\n<p style=\"margin: 0px;\"><span style=\"margin: 0px; color: rgb(51, 51, 51);\"><font face=\"Calibri\">Syftet \u00e4r att f\u00e5 en uppdatering kring regeringens ambitioner och f\u00f6ruts\u00e4ttningar f\u00f6r svenskt deltagande i EU:s forsknings \u2013 och innovationsprogram Horisont Europa, arbetet med f\u00f6rberedelserna i respektive deltagande myndighet inf\u00f6r n\u00e4sta programperiod, samt att f\u00f6ra en dialog om m\u00f6jligheterna till synergier mellan Horisont Europa och insatser p\u00e5 regional och nationell niv\u00e5. Hur tar vi tillvara de \u00f6kade tekniska m\u00f6jligheterna till synergier i n\u00e4sta programperiod och hur utmanar vi v\u00e5ra invanda strukturer och arbetss\u00e4tt, som f\u00f6rsv\u00e5rar synergiskapande?&nbsp;<\/font><\/span><\/p>\n<p style=\"margin: 0px;\"><span style=\"margin: 0px; color: rgb(51, 51, 51);\"><font face=\"Calibri\">&nbsp;<\/font><\/span><\/p>\n<p style=\"margin: 0px;\"><span style=\"margin: 0px; color: rgb(51, 51, 51);\"><font face=\"Calibri\">Anm\u00e4lan <a href=\"https:\/\/docs.google.com\/forms\/d\/e\/1FAIpQLSc66ZRs66frKqIub2FVSAm_xGTCDprWNr3-O6BvWK8lzVZvbw\/viewform\" target=\"_blank\" rel=\"noopener\"><span style=\"margin: 0px; color: rgb(26, 26, 26);\"><u>sker via denna l\u00e4nk<\/u><\/span><\/a>&nbsp;senast 23 september.&nbsp;<\/font><\/span><\/p>\n<p style=\"margin: 0px;\"><span style=\"margin: 0px; color: rgb(51, 51, 51);\"><font face=\"Calibri\">&nbsp;<\/font><\/span><\/p>\n<p style=\"margin: 0px;\"><b><span style=\"margin: 0px; color: rgb(51, 51, 51);\"><font face=\"Calibri\">Agenda&nbsp;<\/font><\/span><\/b><span style=\"margin: 0px; color: rgb(51, 51, 51);\"><\/span><\/p>\n<p style=\"margin: 0px;\"><font face=\"Calibri\"><b><span style=\"margin: 0px; color: rgb(51, 51, 51);\">08:00 \u2013 08:15&nbsp;&nbsp;<\/span><\/b><span style=\"margin: 0px; color: rgb(51, 51, 51);\"> <b>Registrering, kaffe och l\u00e4ttare frukost&nbsp;<\/b><\/span><\/font><\/p>\n<p style=\"margin: 0px;\"><font face=\"Calibri\"><b><span style=\"margin: 0px; color: rgb(51, 51, 51);\">08:15 \u2013 08:25<\/span><\/b><span style=\"margin: 0px; color: rgb(51, 51, 51);\">&nbsp;&nbsp;&nbsp;<b>V\u00e4lkommen fr\u00e5n de svenska stads- och regionkontorens&nbsp;FoI-n\u00e4tverk i Bryssel&nbsp;<\/b><\/span><\/font><\/p>\n<p style=\"margin: 0px;\"><font face=\"Calibri\"><b><span style=\"margin: 0px; color: rgb(51, 51, 51);\">08:25 \u2013 08:35<\/span><\/b><span style=\"margin: 0px; color: rgb(51, 51, 51);\">&nbsp;&nbsp;&nbsp;<b>Hur ska \u201dSverige AB\u201d kraftsamla inf\u00f6r n\u00e4sta programperiod?&nbsp;<\/b>Christian Hansen, departementssekreterare, Utbildningsdepartementet ber\u00e4ttar om regeringens ambitioner och f\u00f6ruts\u00e4ttningar f\u00f6r svenskt deltagande i Horisont Europa och hur man ser p\u00e5 samverkan mellan olika typer av&nbsp;FoI-medel i Sverige och EU.&nbsp;<\/span><\/font><\/p>\n<p style=\"margin: 0px;\"><font face=\"Calibri\"><b><span style=\"margin: 0px; color: rgb(51, 51, 51);\">08:35 \u2013 08:45<\/span><\/b><span style=\"margin: 0px; color: rgb(51, 51, 51);\">&nbsp;&nbsp;&nbsp;<b>Vinnovas arbete med f\u00f6rberedelserna inf\u00f6r n\u00e4sta programperiod<\/b>&nbsp;Karin Aase, enhetschef internationellt samarbete,&nbsp;Vinnova, ber\u00e4ttar om hur&nbsp;Vinnova&nbsp;f\u00f6rbereder inf\u00f6r Horisont Europa och hur man arbetar med samverkan mellan olika forsknings- och innovationsakt\u00f6rer p\u00e5 nationell niv\u00e5. Hur kan vi genom effektiv samverkan p\u00e5 nationell niv\u00e5 st\u00e4rka Sveriges deltagande i Horisont Europa?&nbsp;<\/span><\/font><\/p>\n<p style=\"margin: 0px;\"><font face=\"Calibri\"><b><span style=\"margin: 0px; color: rgb(51, 51, 51);\">08:45 \u2013 08:55<\/span><\/b><span style=\"margin: 0px; color: rgb(51, 51, 51);\">&nbsp;&nbsp;&nbsp;<b>Tillv\u00e4xtverkets arbete med f\u00f6rberedelserna inf\u00f6r n\u00e4sta programperiod&nbsp;<\/b>Maria Evertsson, EU- och innovationshandl\u00e4ggare, Tillv\u00e4xtverket ber\u00e4ttar om hur Tillv\u00e4xtverket f\u00f6rbereder inf\u00f6r Horisont Europa och hur det nationella och regionala st\u00f6det till bland annat sm\u00e5 och medelstora f\u00f6retag och kluster f\u00f6r \u00f6kad innovationskapacitet kan st\u00e4rka svenska akt\u00f6rers deltagande i Horisont Europa.&nbsp;<\/span><\/font><\/p>\n<p style=\"margin: 0px;\"><font face=\"Calibri\"><b><span style=\"margin: 0px; color: rgb(51, 51, 51);\">08:55 \u2013 09:30&nbsp;<\/span><\/b><span style=\"margin: 0px; color: rgb(51, 51, 51);\">&nbsp;&nbsp;<b>Paneldiskussion och reflektioner<\/b>&nbsp;<\/span><\/font><\/p>\n<p style=\"margin: 0px;\"><font face=\"Calibri\"><b><span style=\"margin: 0px; color: rgb(51, 51, 51);\">Ber\u00f6r<\/span><\/b><span style=\"margin: 0px; color: rgb(51, 51, 51);\">: FoI- akt\u00f6rer, Regioner<\/span><\/font><\/p>\n<p style=\"margin: 0px;\"><font face=\"Calibri\"><b><span style=\"margin: 0px; color: rgb(51, 51, 51);\">Datum<\/span><\/b><span style=\"margin: 0px; color: rgb(51, 51, 51);\">: den 25 september 2019<\/span><\/font><\/p>\n<p style=\"margin: 0px;\"><font face=\"Calibri\"><b><span style=\"margin: 0px; color: rgb(51, 51, 51);\">Tid<\/span><\/b><span style=\"margin: 0px; color: rgb(51, 51, 51);\">: 8:00 &#8211; 9:30<\/span><\/font><\/p>\n<p style=\"margin: 0px;\"><font face=\"Calibri\"><b><span style=\"margin: 0px; color: rgb(51, 51, 51);\">Plats<\/span><\/b><span style=\"margin: 0px; color: rgb(51, 51, 51);\">: Sk\u00e5ne European Office, Rue du Luxembourg 3, 1000 Bryssel<\/span><\/font><\/p>\n<p style=\"margin: 0px;\"><b><span style=\"margin: 0px; color: rgb(51, 51, 51);\"><font face=\"Calibri\">&nbsp;<\/font><\/span><\/b><\/p>\n<p style=\"margin: 0px;\"><b><span style=\"margin: 0px; color: rgb(51, 51, 51);\"><font face=\"Calibri\">Bakgrund&nbsp;<\/font><\/span><\/b><span style=\"margin: 0px; color: rgb(51, 51, 51);\"><\/span><\/p>\n<p style=\"margin: 0px;\"><span style=\"margin: 0px; color: rgb(51, 51, 51);\"><font face=\"Calibri\">En tydlig ambition fr\u00e5n EU:s institutioner \u00e4r att uppn\u00e5 synergier mellan de olika finansieringsinstrument som ryms inom olika finansieringsformer, med s\u00e4rskild tyngdpunkt p\u00e5 sammanh\u00e5llningspolitiken och ramprogrammet f\u00f6r forskning och innovation. Ambitionen \u00e4r att alla investeringar som g\u00f6rs med EU-medel ska samspela f\u00f6r att skapa st\u00f6rre v\u00e4rde av de enskilda investeringarna och bidra till att st\u00e4rka EU:s globala konkurrenskraft. Erfarenheten fr\u00e5n innevarande programperiod har dock visat p\u00e5 sv\u00e5righeter med synergier och att den \u00f6nskade effekten ofta uteblir d\u00e5 regelverken inte \u00e4r fullt ut anpassade f\u00f6r en s\u00e5dan praktik. Delar av barri\u00e4rerna kan h\u00e4rledas till utformningen och skillnader i de olika fondernas regelverk, andra barri\u00e4rer kopplas till den nationella implementeringen av regelverket.&nbsp;<\/font><\/span><\/p>\n<p style=\"margin: 0px;\"><span style=\"margin: 0px; color: rgb(51, 51, 51);\"><font face=\"Calibri\">&nbsp;<\/font><\/span><\/p>\n<p style=\"margin: 0px;\"><span style=\"margin: 0px; color: rgb(51, 51, 51);\"><font face=\"Calibri\">De synergifr\u00e4mjande ambitionerna har ytterligare f\u00f6rst\u00e4rkts i EU-kommissionens f\u00f6rslag om ny l\u00e5ngtidsbudget 2021\u20132027 och i de programspecifika f\u00f6rslagen. Redan i innevarande programperiod finns flera exempel p\u00e5 synergifr\u00e4mjande \u00e5tg\u00e4rder, till exempel&nbsp;Seal&nbsp;of&nbsp;Excellence&nbsp;samt m\u00f6jligheten att finansiera&nbsp;Marie&nbsp;Sk\u0142odowska-Curie Actions&nbsp;inom Horisont 2020 med medel fr\u00e5n europeiska regionala utvecklingsfonden (ERUF). Ett annat exempel p\u00e5 en synergiskapande \u00e5tg\u00e4rd som inf\u00f6rdes inf\u00f6r innevarande programperiod var f\u00f6rhandskravet om att medlemsl\u00e4nder och regioner skulle ha utvecklat&nbsp;regionala eller nationella forsknings- och innovationsstrategier f\u00f6r smart specialisering (RIS3)&nbsp;f\u00f6r att tillges st\u00f6d fr\u00e5n de europeiska struktur- och investeringsfonderna (ESIF). Den strategiska komponenten i smart specialisering \u00e4r att resurser ska koncentreras till ett mer avgr\u00e4nsat antal prioriteringar, i f\u00f6rsta hand f\u00f6r att samordna satsningarna fr\u00e5n olika europeiska finansieringsinstrument men \u00e4ven med visionen att b\u00e4ttre samordna satsningar fr\u00e5n europeisk, nationell och regional niv\u00e5.&nbsp;<\/font><\/span><\/p>\n<p style=\"margin: 0px;\"><span style=\"margin: 0px; color: rgb(51, 51, 51);\"><font face=\"Calibri\">&nbsp;<\/font><\/span><\/p>\n<p style=\"margin: 0px;\"><span style=\"margin: 0px; color: rgb(51, 51, 51);\"><font face=\"Calibri\">Inf\u00f6r kommande programperiod l\u00e4gger EU-kommissionen \u00e4nnu tydligare tyngdpunkt p\u00e5 samspel mellan fonder och program och uppmanar regioner, projekt\u00e4gare och forsknings- och innovationsakt\u00f6rer att tydligare efters\u00f6ka dessa synergieffekter. De tekniska verktyg som n\u00e4mns ovan vidareutvecklas, bland annat genom att&nbsp;Seal&nbsp;of&nbsp;Excellence&nbsp;regleras b\u00e5de i Horisont Europa men \u00e4ven i de gemensamma best\u00e4mmelserna f\u00f6r de sammanh\u00e5llningspolitiska medlen (CPR) f\u00f6r att m\u00f6jligg\u00f6ra samspelande regelverk. I EU-kommissionens f\u00f6rslag om nytt regelverk f\u00f6r ESIF \u00f6ppnas \u00e4ven m\u00f6jligheter f\u00f6r regioner och medlemsl\u00e4nder att p\u00e5 frivillig basis&nbsp;\u00f6verf\u00f6ra upp till 5% av tilldelningen fr\u00e5n sammanh\u00e5llningspolitiken till andra EU-fonder som st\u00e5r under delad eller direkt f\u00f6rvaltning&nbsp;av EU-kommissionen, s\u00e5 som Horisont Europa.&nbsp;<\/font><\/span><\/p>\n<p style=\"margin: 0px;\"><span style=\"margin: 0px; color: rgb(51, 51, 51);\"><font face=\"Calibri\">&nbsp;<\/font><\/span><\/p>\n<p style=\"margin: 0px;\"><span style=\"margin: 0px; color: rgb(51, 51, 51);\"><font face=\"Calibri\">Ut\u00f6ver de tekniska verktygen finns \u00e4ven tydliga synergifr\u00e4mjande insatser i de programspecifika f\u00f6rslagen inf\u00f6r n\u00e4sta programperiod. Bland annat \u00e4r smart specialisering och regionalt innovationssamarbete alltj\u00e4mt viktiga principer f\u00f6r&nbsp;Horisont Europa&nbsp;i stort, och s\u00e4rskilt den andra pelaren&nbsp;Globala utmaningar och europeisk industriell konkurrenskraft. EU-kommissionen f\u00f6rv\u00e4ntar sig att deltagande fr\u00e5n offentlig sektor, s\u00e5som regioner, i samarbete med l\u00e4ros\u00e4ten, kommer att spela en allt viktigare roll i det nya programmet. I det nya programmet&nbsp;Digitala Europa, \u00e4r&nbsp;Digital Innovation&nbsp;Hubs&nbsp;(DIH) ett centralt initiativ i genomf\u00f6randet. DIH lanserades av EU-kommissionen redan under 2016 och har en tydlig koppling till smart specialisering.&nbsp;<\/font><\/span><\/p>\n<p style=\"margin: 0px;\"><span style=\"margin: 0px; color: rgb(51, 51, 51);\"><font face=\"Calibri\">&nbsp;<\/font><\/span><\/p>\n<p style=\"margin: 0px;\"><span style=\"margin: 0px; color: rgb(51, 51, 51);\"><font face=\"Calibri\">Under 2017\u20132018 utv\u00e4rderade EU-kommissionen anv\u00e4ndningen av de m\u00f6jligheter till synergier som finns i innevarande programperiod och vilka barri\u00e4rer som har identifierats f\u00f6r anv\u00e4ndningen av dessa m\u00f6jligheter. I utv\u00e4rderingen identifieras bland annat att d\u00e5 regelverken inte \u00e4r stabila \u00f6ver tid utan att de f\u00f6r\u00e4ndras med nya programperioder kr\u00e4ver detta l\u00f6pande uppdatering och fortutbildning f\u00f6r att kunna tillvarata m\u00f6jligheterna till synergieffekter. En annan utmaning i f\u00f6rverkligandet av ambitionerna om att skapa synergier \u00e4r den m\u00e5ngfald av myndigheter och andra akt\u00f6rer som \u00e4r engagerade i implementeringen i medlemsstaterna, det kr\u00e4ver tydligare samordning fr\u00e5n regional, nationell och europeisk niv\u00e5 f\u00f6r att ta tillvara de m\u00f6jligheter till synergiskapande som erbjuds i EU-medlens regelverk.&nbsp;<\/font><\/span><\/p>\n<p style=\"margin: 0px;\"><font color=\"#000000\" face=\"Calibri\">&nbsp;<\/font><\/p>\n","protected":false},"excerpt":{"rendered":"<p>De svenska stads- och regionkontorens FoI-n\u00e4tverk, som Sm\u00e5land-Blekinge-Halland deltar i, bjuder in till frukostseminarium i samband med EU:s FoI-dagar i Bryssel. Den 25 september \u00e4r du som bes\u00f6ker Bryssel v\u00e4lkommen att delta p\u00e5 frukostm\u00f6tet som syftar till att diskutera samverkan mellan regional, nationell och europeisk niv\u00e5 f\u00f6r st\u00e4rkt innovationskapacitet och \u00f6kad konkurrenskraft.<\/p>\n","protected":false},"author":3,"featured_media":0,"comment_status":"open","ping_status":"open","sticky":false,"template":"","format":"standard","meta":{"_acf_changed":false,"footnotes":""},"categories":[11],"tags":[],"class_list":["post-1041","post","type-post","status-publish","format-standard","hentry","category-hem"],"acf":[],"yoast_head":"<!-- This site is optimized with the Yoast SEO plugin v27.5 - https:\/\/yoast.com\/product\/yoast-seo-wordpress\/ -->\n<title>Frukostseminarium \u201dMer pang f\u00f6r pengarna\u201d - SBHSS<\/title>\n<meta name=\"robots\" content=\"index, follow, max-snippet:-1, max-image-preview:large, max-video-preview:-1\" \/>\n<link rel=\"canonical\" href=\"https:\/\/www.sbhss.eu\/sv\/frukostseminarium-mer-pang-foer-pengarna\/\" \/>\n<meta property=\"og:locale\" content=\"sv_SE\" \/>\n<meta property=\"og:type\" content=\"article\" \/>\n<meta property=\"og:title\" content=\"Frukostseminarium \u201dMer pang f\u00f6r pengarna\u201d - SBHSS\" \/>\n<meta property=\"og:description\" content=\"De svenska stads- och regionkontorens FoI-n\u00e4tverk, som Sm\u00e5land-Blekinge-Halland deltar i, bjuder in till frukostseminarium i samband med EU:s FoI-dagar i Bryssel. Den 25 september \u00e4r du som bes\u00f6ker Bryssel v\u00e4lkommen att delta p\u00e5 frukostm\u00f6tet som syftar till att diskutera samverkan mellan regional, nationell och europeisk niv\u00e5 f\u00f6r st\u00e4rkt innovationskapacitet och \u00f6kad konkurrenskraft.\" \/>\n<meta property=\"og:url\" content=\"https:\/\/www.sbhss.eu\/sv\/frukostseminarium-mer-pang-foer-pengarna\/\" \/>\n<meta property=\"og:site_name\" content=\"SBHSS\" \/>\n<meta property=\"article:published_time\" content=\"2019-09-18T08:30:52+00:00\" \/>\n<meta name=\"author\" content=\"Sven Kast\u00f6\" \/>\n<meta name=\"twitter:card\" content=\"summary_large_image\" \/>\n<meta name=\"twitter:label1\" content=\"Skriven av\" \/>\n\t<meta name=\"twitter:data1\" content=\"Sven Kast\u00f6\" \/>\n\t<meta name=\"twitter:label2\" content=\"Ber\u00e4knad l\u00e4stid\" \/>\n\t<meta name=\"twitter:data2\" content=\"5 minuter\" \/>\n<script type=\"application\/ld+json\" class=\"yoast-schema-graph\">{\"@context\":\"https:\\\/\\\/schema.org\",\"@graph\":[{\"@type\":\"Article\",\"@id\":\"https:\\\/\\\/www.sbhss.eu\\\/sv\\\/frukostseminarium-mer-pang-foer-pengarna\\\/#article\",\"isPartOf\":{\"@id\":\"https:\\\/\\\/www.sbhss.eu\\\/sv\\\/frukostseminarium-mer-pang-foer-pengarna\\\/\"},\"author\":{\"name\":\"Sven Kast\u00f6\",\"@id\":\"https:\\\/\\\/www.sbhss.eu\\\/#\\\/schema\\\/person\\\/b8d8eb4c1088a05ed50ecff9b2bf643f\"},\"headline\":\"Frukostseminarium \u201dMer pang f\u00f6r pengarna\u201d\",\"datePublished\":\"2019-09-18T08:30:52+00:00\",\"mainEntityOfPage\":{\"@id\":\"https:\\\/\\\/www.sbhss.eu\\\/sv\\\/frukostseminarium-mer-pang-foer-pengarna\\\/\"},\"wordCount\":1100,\"commentCount\":0,\"articleSection\":[\"Hem - Startsidan\"],\"inLanguage\":\"sv-SE\"},{\"@type\":\"WebPage\",\"@id\":\"https:\\\/\\\/www.sbhss.eu\\\/sv\\\/frukostseminarium-mer-pang-foer-pengarna\\\/\",\"url\":\"https:\\\/\\\/www.sbhss.eu\\\/sv\\\/frukostseminarium-mer-pang-foer-pengarna\\\/\",\"name\":\"Frukostseminarium \u201dMer pang f\u00f6r pengarna\u201d - SBHSS\",\"isPartOf\":{\"@id\":\"https:\\\/\\\/www.sbhss.eu\\\/#website\"},\"datePublished\":\"2019-09-18T08:30:52+00:00\",\"author\":{\"@id\":\"https:\\\/\\\/www.sbhss.eu\\\/#\\\/schema\\\/person\\\/b8d8eb4c1088a05ed50ecff9b2bf643f\"},\"breadcrumb\":{\"@id\":\"https:\\\/\\\/www.sbhss.eu\\\/sv\\\/frukostseminarium-mer-pang-foer-pengarna\\\/#breadcrumb\"},\"inLanguage\":\"sv-SE\",\"potentialAction\":[{\"@type\":\"ReadAction\",\"target\":[\"https:\\\/\\\/www.sbhss.eu\\\/sv\\\/frukostseminarium-mer-pang-foer-pengarna\\\/\"]}]},{\"@type\":\"BreadcrumbList\",\"@id\":\"https:\\\/\\\/www.sbhss.eu\\\/sv\\\/frukostseminarium-mer-pang-foer-pengarna\\\/#breadcrumb\",\"itemListElement\":[{\"@type\":\"ListItem\",\"position\":1,\"name\":\"Hem\",\"item\":\"https:\\\/\\\/www.sbhss.eu\\\/sv\\\/\"},{\"@type\":\"ListItem\",\"position\":2,\"name\":\"Frukostseminarium \u201dMer pang f\u00f6r pengarna\u201d\"}]},{\"@type\":\"WebSite\",\"@id\":\"https:\\\/\\\/www.sbhss.eu\\\/#website\",\"url\":\"https:\\\/\\\/www.sbhss.eu\\\/\",\"name\":\"SBHSS\",\"description\":\"\",\"potentialAction\":[{\"@type\":\"SearchAction\",\"target\":{\"@type\":\"EntryPoint\",\"urlTemplate\":\"https:\\\/\\\/www.sbhss.eu\\\/?s={search_term_string}\"},\"query-input\":{\"@type\":\"PropertyValueSpecification\",\"valueRequired\":true,\"valueName\":\"search_term_string\"}}],\"inLanguage\":\"sv-SE\"},{\"@type\":\"Person\",\"@id\":\"https:\\\/\\\/www.sbhss.eu\\\/#\\\/schema\\\/person\\\/b8d8eb4c1088a05ed50ecff9b2bf643f\",\"name\":\"Sven Kast\u00f6\",\"image\":{\"@type\":\"ImageObject\",\"inLanguage\":\"sv-SE\",\"@id\":\"https:\\\/\\\/secure.gravatar.com\\\/avatar\\\/4ce3985fbe5a36073e6a0cbba2acaad0da794332aeb9a944eca4c7548361a263?s=96&d=mm&r=g\",\"url\":\"https:\\\/\\\/secure.gravatar.com\\\/avatar\\\/4ce3985fbe5a36073e6a0cbba2acaad0da794332aeb9a944eca4c7548361a263?s=96&d=mm&r=g\",\"contentUrl\":\"https:\\\/\\\/secure.gravatar.com\\\/avatar\\\/4ce3985fbe5a36073e6a0cbba2acaad0da794332aeb9a944eca4c7548361a263?s=96&d=mm&r=g\",\"caption\":\"Sven Kast\u00f6\"},\"url\":\"https:\\\/\\\/www.sbhss.eu\\\/sv\\\/author\\\/sven-kastosbhss-eu\\\/\"}]}<\/script>\n<!-- \/ Yoast SEO plugin. -->","yoast_head_json":{"title":"Frukostseminarium \u201dMer pang f\u00f6r pengarna\u201d - SBHSS","robots":{"index":"index","follow":"follow","max-snippet":"max-snippet:-1","max-image-preview":"max-image-preview:large","max-video-preview":"max-video-preview:-1"},"canonical":"https:\/\/www.sbhss.eu\/sv\/frukostseminarium-mer-pang-foer-pengarna\/","og_locale":"sv_SE","og_type":"article","og_title":"Frukostseminarium \u201dMer pang f\u00f6r pengarna\u201d - SBHSS","og_description":"De svenska stads- och regionkontorens FoI-n\u00e4tverk, som Sm\u00e5land-Blekinge-Halland deltar i, bjuder in till frukostseminarium i samband med EU:s FoI-dagar i Bryssel. Den 25 september \u00e4r du som bes\u00f6ker Bryssel v\u00e4lkommen att delta p\u00e5 frukostm\u00f6tet som syftar till att diskutera samverkan mellan regional, nationell och europeisk niv\u00e5 f\u00f6r st\u00e4rkt innovationskapacitet och \u00f6kad konkurrenskraft.","og_url":"https:\/\/www.sbhss.eu\/sv\/frukostseminarium-mer-pang-foer-pengarna\/","og_site_name":"SBHSS","article_published_time":"2019-09-18T08:30:52+00:00","author":"Sven Kast\u00f6","twitter_card":"summary_large_image","twitter_misc":{"Skriven av":"Sven Kast\u00f6","Ber\u00e4knad l\u00e4stid":"5 minuter"},"schema":{"@context":"https:\/\/schema.org","@graph":[{"@type":"Article","@id":"https:\/\/www.sbhss.eu\/sv\/frukostseminarium-mer-pang-foer-pengarna\/#article","isPartOf":{"@id":"https:\/\/www.sbhss.eu\/sv\/frukostseminarium-mer-pang-foer-pengarna\/"},"author":{"name":"Sven Kast\u00f6","@id":"https:\/\/www.sbhss.eu\/#\/schema\/person\/b8d8eb4c1088a05ed50ecff9b2bf643f"},"headline":"Frukostseminarium \u201dMer pang f\u00f6r pengarna\u201d","datePublished":"2019-09-18T08:30:52+00:00","mainEntityOfPage":{"@id":"https:\/\/www.sbhss.eu\/sv\/frukostseminarium-mer-pang-foer-pengarna\/"},"wordCount":1100,"commentCount":0,"articleSection":["Hem - Startsidan"],"inLanguage":"sv-SE"},{"@type":"WebPage","@id":"https:\/\/www.sbhss.eu\/sv\/frukostseminarium-mer-pang-foer-pengarna\/","url":"https:\/\/www.sbhss.eu\/sv\/frukostseminarium-mer-pang-foer-pengarna\/","name":"Frukostseminarium \u201dMer pang f\u00f6r pengarna\u201d - SBHSS","isPartOf":{"@id":"https:\/\/www.sbhss.eu\/#website"},"datePublished":"2019-09-18T08:30:52+00:00","author":{"@id":"https:\/\/www.sbhss.eu\/#\/schema\/person\/b8d8eb4c1088a05ed50ecff9b2bf643f"},"breadcrumb":{"@id":"https:\/\/www.sbhss.eu\/sv\/frukostseminarium-mer-pang-foer-pengarna\/#breadcrumb"},"inLanguage":"sv-SE","potentialAction":[{"@type":"ReadAction","target":["https:\/\/www.sbhss.eu\/sv\/frukostseminarium-mer-pang-foer-pengarna\/"]}]},{"@type":"BreadcrumbList","@id":"https:\/\/www.sbhss.eu\/sv\/frukostseminarium-mer-pang-foer-pengarna\/#breadcrumb","itemListElement":[{"@type":"ListItem","position":1,"name":"Hem","item":"https:\/\/www.sbhss.eu\/sv\/"},{"@type":"ListItem","position":2,"name":"Frukostseminarium \u201dMer pang f\u00f6r pengarna\u201d"}]},{"@type":"WebSite","@id":"https:\/\/www.sbhss.eu\/#website","url":"https:\/\/www.sbhss.eu\/","name":"SBHSS","description":"","potentialAction":[{"@type":"SearchAction","target":{"@type":"EntryPoint","urlTemplate":"https:\/\/www.sbhss.eu\/?s={search_term_string}"},"query-input":{"@type":"PropertyValueSpecification","valueRequired":true,"valueName":"search_term_string"}}],"inLanguage":"sv-SE"},{"@type":"Person","@id":"https:\/\/www.sbhss.eu\/#\/schema\/person\/b8d8eb4c1088a05ed50ecff9b2bf643f","name":"Sven Kast\u00f6","image":{"@type":"ImageObject","inLanguage":"sv-SE","@id":"https:\/\/secure.gravatar.com\/avatar\/4ce3985fbe5a36073e6a0cbba2acaad0da794332aeb9a944eca4c7548361a263?s=96&d=mm&r=g","url":"https:\/\/secure.gravatar.com\/avatar\/4ce3985fbe5a36073e6a0cbba2acaad0da794332aeb9a944eca4c7548361a263?s=96&d=mm&r=g","contentUrl":"https:\/\/secure.gravatar.com\/avatar\/4ce3985fbe5a36073e6a0cbba2acaad0da794332aeb9a944eca4c7548361a263?s=96&d=mm&r=g","caption":"Sven Kast\u00f6"},"url":"https:\/\/www.sbhss.eu\/sv\/author\/sven-kastosbhss-eu\/"}]}},"_links":{"self":[{"href":"https:\/\/www.sbhss.eu\/sv\/wp-json\/wp\/v2\/posts\/1041","targetHints":{"allow":["GET"]}}],"collection":[{"href":"https:\/\/www.sbhss.eu\/sv\/wp-json\/wp\/v2\/posts"}],"about":[{"href":"https:\/\/www.sbhss.eu\/sv\/wp-json\/wp\/v2\/types\/post"}],"author":[{"embeddable":true,"href":"https:\/\/www.sbhss.eu\/sv\/wp-json\/wp\/v2\/users\/3"}],"replies":[{"embeddable":true,"href":"https:\/\/www.sbhss.eu\/sv\/wp-json\/wp\/v2\/comments?post=1041"}],"version-history":[{"count":0,"href":"https:\/\/www.sbhss.eu\/sv\/wp-json\/wp\/v2\/posts\/1041\/revisions"}],"wp:attachment":[{"href":"https:\/\/www.sbhss.eu\/sv\/wp-json\/wp\/v2\/media?parent=1041"}],"wp:term":[{"taxonomy":"category","embeddable":true,"href":"https:\/\/www.sbhss.eu\/sv\/wp-json\/wp\/v2\/categories?post=1041"},{"taxonomy":"post_tag","embeddable":true,"href":"https:\/\/www.sbhss.eu\/sv\/wp-json\/wp\/v2\/tags?post=1041"}],"curies":[{"name":"wp","href":"https:\/\/api.w.org\/{rel}","templated":true}]}}