{"id":1064,"date":"2019-11-13T16:21:02","date_gmt":"2019-11-13T15:21:02","guid":{"rendered":"http:\/\/wp.sbhss.eu\/?p=1064"},"modified":"2019-11-13T16:21:02","modified_gmt":"2019-11-13T15:21:02","slug":"biogas-en-del-av-eu-s-gaspaket","status":"publish","type":"post","link":"https:\/\/www.sbhss.eu\/sv\/biogas-en-del-av-eu-s-gaspaket\/","title":{"rendered":"Biogas \u2013 en del av EU:s gaspaket"},"content":{"rendered":"<p><em>Kommande EU-kommission har uttryckt stora ambitioner p\u00e5 klimatomr\u00e5det och f\u00f6rv\u00e4ntas sl\u00e4ppa ett gaspaket inom de f\u00f6rsta 100 dagar efter sitt tilltr\u00e4de, detta som del av \u201dthe European Green Deal\u201d. Gaspaketet g\u00e5r inofficiellt under namnet \u201dGas 2020\u201d och fokuserar framf\u00f6r allt p\u00e5 naturgasens framtid, men det v\u00e4ntas \u00e4ven omfatta f\u00f6rnybar energi s\u00e5som v\u00e4t- och biogas. Just dessa delar kan vara av s\u00e4rskild betydelse f\u00f6r Sm\u00e5land-Blekinge-Halland.<\/em><\/p>\n<p><!--more--><\/p>\n<p>Syftet med gaspaketet \u00e4r att minska anv\u00e4ndandet av kol och olja, genom att skapa f\u00f6ruts\u00e4ttningar f\u00f6r alternativa k\u00e4llor i \u00f6verg\u00e5ngsfasen mot ett klimatneutralt Europa. \u00d6verg\u00e5ngen med naturgas f\u00f6rv\u00e4ntas ske parallellt med insatser f\u00f6r \u00f6kad produktion av f\u00f6rnybar energi s\u00e5som biogas och v\u00e4tgas, d\u00e5 avsikten \u00e4r att dessa ska ers\u00e4tta naturgasen l\u00e4gre fram. Vilka insatser det handlar om \u00e4r givetvis n\u00e5got som \u00e4r av intresse f\u00f6r v\u00e5ra regioner.<\/p>\n<p>Att gasens framtida roll \u00e4r en fr\u00e5ga som v\u00e4cker intresse och stor debatt i Bryssel \u00e4r tydligt. Under h\u00f6sten har det bl.a. varit artikelserier och seminarium med fokus p\u00e5 just gasens framtida roll i \u00f6verg\u00e5ngen till ett fossilfritt Europa. N\u00e4sta EU-kommission och dess ordf\u00f6rande Ursula von der Leyens viktigaste uppgift kommer att vara att leverera p\u00e5 klimatm\u00e5len. F\u00f6r att uppn\u00e5 v.d. Leyens klimatm\u00e5l beh\u00f6vs nya innovationer som \u00e4ven \u00e4r kostnadseffektiva \u2013 h\u00e4r spelar energisektorn en avg\u00f6rande roll. F\u00f6r nuvarande kan elektrifieringen t\u00e4cka 50% av dagens energibehov, men f\u00f6r att resterande 50% ska t\u00e4ckas kr\u00e4vs det att vi kan integrera f\u00f6rnybara energik\u00e4llor. Dock menar vissa intressenter att vad som verkligen beh\u00f6vs nu \u00e4r en \u201dglobal push\u201d f\u00f6r biogas, d\u00e5 den kommer vara avg\u00f6rande f\u00f6r omst\u00e4llningen till fossilfri energi. Under n\u00e4stkommande mandatperiod kan vi f\u00f6rv\u00e4nta oss investeringar inom f\u00f6rnybar energi som \u00e4r b\u00e5de kostnadseffektiv och gr\u00f6n. EU:s \u201dClean Energy Package\u201d som varit fokus de senaste \u00e5ren var en bra b\u00f6rjan, men m\u00e5nga menar nu att det beh\u00f6vs nya och mer ambiti\u00f6sa krafttag f\u00f6r l\u00f6sa klimatfr\u00e5gan. D\u00e4rf\u00f6r anser m\u00e5nga att gr\u00f6n v\u00e4tgas \u00e4r b\u00e5de en chans och en m\u00f6jlighet f\u00f6r EU att bli v\u00e4rldsledande inom nya l\u00f6sningar och ny teknologi. De allra flesta verkar vara positivt inst\u00e4llda till f\u00f6rnybar energi och satsningar inom omr\u00e5det, det finns dock en oro om hur \u201dthe green deal\u201d kommer att utformas och implementeras i EU.<\/p>\n<p>F\u00f6r tillf\u00e4llet \u00e4r gaspaketet och satsningar inom f\u00f6rnybar energi endast spekulationer, och det \u00e4r sv\u00e5rt att konkret att s\u00e4ga vad som ske innan \u201dthe green deal\u201d sl\u00e4pps. D\u00e5 det r\u00e5der os\u00e4kerheter kring datumet f\u00f6r tilltr\u00e4dandet av den nya EU-kommissionen \u00e4r det \u00e4ven oklart n\u00e4r detta bli, men en m\u00f6jlig bed\u00f6mning \u00e4r f\u00f6rsta halv\u00e5ret 2020.&nbsp;<\/p>\n","protected":false},"excerpt":{"rendered":"<p>Kommande EU-kommission har uttryckt stora ambitioner p\u00e5 klimatomr\u00e5det och f\u00f6rv\u00e4ntas sl\u00e4ppa ett gaspaket inom de f\u00f6rsta 100 dagar efter sitt tilltr\u00e4de, detta som del av \u201dthe European Green Deal\u201d. Gaspaketet g\u00e5r inofficiellt under namnet \u201dGas 2020\u201d och fokuserar framf\u00f6r allt p\u00e5 naturgasens framtid, men det v\u00e4ntas \u00e4ven omfatta f\u00f6rnybar energi s\u00e5som v\u00e4t- och biogas. Just [&hellip;]<\/p>\n","protected":false},"author":3,"featured_media":0,"comment_status":"open","ping_status":"open","sticky":false,"template":"","format":"standard","meta":{"_acf_changed":false,"footnotes":""},"categories":[11],"tags":[],"class_list":["post-1064","post","type-post","status-publish","format-standard","hentry","category-hem"],"acf":[],"yoast_head":"<!-- This site is optimized with the Yoast SEO plugin v27.5 - https:\/\/yoast.com\/product\/yoast-seo-wordpress\/ -->\n<title>Biogas \u2013 en del av EU:s gaspaket - SBHSS<\/title>\n<meta name=\"robots\" content=\"index, follow, max-snippet:-1, max-image-preview:large, max-video-preview:-1\" \/>\n<link rel=\"canonical\" href=\"https:\/\/www.sbhss.eu\/sv\/biogas-en-del-av-eu-s-gaspaket\/\" \/>\n<meta property=\"og:locale\" content=\"sv_SE\" \/>\n<meta property=\"og:type\" content=\"article\" \/>\n<meta property=\"og:title\" content=\"Biogas \u2013 en del av EU:s gaspaket - SBHSS\" \/>\n<meta property=\"og:description\" content=\"Kommande EU-kommission har uttryckt stora ambitioner p\u00e5 klimatomr\u00e5det och f\u00f6rv\u00e4ntas sl\u00e4ppa ett gaspaket inom de f\u00f6rsta 100 dagar efter sitt tilltr\u00e4de, detta som del av \u201dthe European Green Deal\u201d. Gaspaketet g\u00e5r inofficiellt under namnet \u201dGas 2020\u201d och fokuserar framf\u00f6r allt p\u00e5 naturgasens framtid, men det v\u00e4ntas \u00e4ven omfatta f\u00f6rnybar energi s\u00e5som v\u00e4t- och biogas. Just [&hellip;]\" \/>\n<meta property=\"og:url\" content=\"https:\/\/www.sbhss.eu\/sv\/biogas-en-del-av-eu-s-gaspaket\/\" \/>\n<meta property=\"og:site_name\" content=\"SBHSS\" \/>\n<meta property=\"article:published_time\" content=\"2019-11-13T15:21:02+00:00\" \/>\n<meta name=\"author\" content=\"Sven Kast\u00f6\" \/>\n<meta name=\"twitter:card\" content=\"summary_large_image\" \/>\n<meta name=\"twitter:label1\" content=\"Skriven av\" \/>\n\t<meta name=\"twitter:data1\" content=\"Sven Kast\u00f6\" \/>\n\t<meta name=\"twitter:label2\" content=\"Ber\u00e4knad l\u00e4stid\" \/>\n\t<meta name=\"twitter:data2\" content=\"3 minuter\" \/>\n<script type=\"application\/ld+json\" class=\"yoast-schema-graph\">{\"@context\":\"https:\\\/\\\/schema.org\",\"@graph\":[{\"@type\":\"Article\",\"@id\":\"https:\\\/\\\/www.sbhss.eu\\\/sv\\\/biogas-en-del-av-eu-s-gaspaket\\\/#article\",\"isPartOf\":{\"@id\":\"https:\\\/\\\/www.sbhss.eu\\\/sv\\\/biogas-en-del-av-eu-s-gaspaket\\\/\"},\"author\":{\"name\":\"Sven Kast\u00f6\",\"@id\":\"https:\\\/\\\/www.sbhss.eu\\\/#\\\/schema\\\/person\\\/b8d8eb4c1088a05ed50ecff9b2bf643f\"},\"headline\":\"Biogas \u2013 en del av EU:s gaspaket\",\"datePublished\":\"2019-11-13T15:21:02+00:00\",\"mainEntityOfPage\":{\"@id\":\"https:\\\/\\\/www.sbhss.eu\\\/sv\\\/biogas-en-del-av-eu-s-gaspaket\\\/\"},\"wordCount\":516,\"commentCount\":0,\"articleSection\":[\"Hem - Startsidan\"],\"inLanguage\":\"sv-SE\"},{\"@type\":\"WebPage\",\"@id\":\"https:\\\/\\\/www.sbhss.eu\\\/sv\\\/biogas-en-del-av-eu-s-gaspaket\\\/\",\"url\":\"https:\\\/\\\/www.sbhss.eu\\\/sv\\\/biogas-en-del-av-eu-s-gaspaket\\\/\",\"name\":\"Biogas \u2013 en del av EU:s gaspaket - SBHSS\",\"isPartOf\":{\"@id\":\"https:\\\/\\\/www.sbhss.eu\\\/#website\"},\"datePublished\":\"2019-11-13T15:21:02+00:00\",\"author\":{\"@id\":\"https:\\\/\\\/www.sbhss.eu\\\/#\\\/schema\\\/person\\\/b8d8eb4c1088a05ed50ecff9b2bf643f\"},\"breadcrumb\":{\"@id\":\"https:\\\/\\\/www.sbhss.eu\\\/sv\\\/biogas-en-del-av-eu-s-gaspaket\\\/#breadcrumb\"},\"inLanguage\":\"sv-SE\",\"potentialAction\":[{\"@type\":\"ReadAction\",\"target\":[\"https:\\\/\\\/www.sbhss.eu\\\/sv\\\/biogas-en-del-av-eu-s-gaspaket\\\/\"]}]},{\"@type\":\"BreadcrumbList\",\"@id\":\"https:\\\/\\\/www.sbhss.eu\\\/sv\\\/biogas-en-del-av-eu-s-gaspaket\\\/#breadcrumb\",\"itemListElement\":[{\"@type\":\"ListItem\",\"position\":1,\"name\":\"Hem\",\"item\":\"https:\\\/\\\/www.sbhss.eu\\\/sv\\\/\"},{\"@type\":\"ListItem\",\"position\":2,\"name\":\"Biogas \u2013 en del av EU:s gaspaket\"}]},{\"@type\":\"WebSite\",\"@id\":\"https:\\\/\\\/www.sbhss.eu\\\/#website\",\"url\":\"https:\\\/\\\/www.sbhss.eu\\\/\",\"name\":\"SBHSS\",\"description\":\"\",\"potentialAction\":[{\"@type\":\"SearchAction\",\"target\":{\"@type\":\"EntryPoint\",\"urlTemplate\":\"https:\\\/\\\/www.sbhss.eu\\\/?s={search_term_string}\"},\"query-input\":{\"@type\":\"PropertyValueSpecification\",\"valueRequired\":true,\"valueName\":\"search_term_string\"}}],\"inLanguage\":\"sv-SE\"},{\"@type\":\"Person\",\"@id\":\"https:\\\/\\\/www.sbhss.eu\\\/#\\\/schema\\\/person\\\/b8d8eb4c1088a05ed50ecff9b2bf643f\",\"name\":\"Sven Kast\u00f6\",\"image\":{\"@type\":\"ImageObject\",\"inLanguage\":\"sv-SE\",\"@id\":\"https:\\\/\\\/secure.gravatar.com\\\/avatar\\\/4ce3985fbe5a36073e6a0cbba2acaad0da794332aeb9a944eca4c7548361a263?s=96&d=mm&r=g\",\"url\":\"https:\\\/\\\/secure.gravatar.com\\\/avatar\\\/4ce3985fbe5a36073e6a0cbba2acaad0da794332aeb9a944eca4c7548361a263?s=96&d=mm&r=g\",\"contentUrl\":\"https:\\\/\\\/secure.gravatar.com\\\/avatar\\\/4ce3985fbe5a36073e6a0cbba2acaad0da794332aeb9a944eca4c7548361a263?s=96&d=mm&r=g\",\"caption\":\"Sven Kast\u00f6\"},\"url\":\"https:\\\/\\\/www.sbhss.eu\\\/sv\\\/author\\\/sven-kastosbhss-eu\\\/\"}]}<\/script>\n<!-- \/ Yoast SEO plugin. -->","yoast_head_json":{"title":"Biogas \u2013 en del av EU:s gaspaket - SBHSS","robots":{"index":"index","follow":"follow","max-snippet":"max-snippet:-1","max-image-preview":"max-image-preview:large","max-video-preview":"max-video-preview:-1"},"canonical":"https:\/\/www.sbhss.eu\/sv\/biogas-en-del-av-eu-s-gaspaket\/","og_locale":"sv_SE","og_type":"article","og_title":"Biogas \u2013 en del av EU:s gaspaket - SBHSS","og_description":"Kommande EU-kommission har uttryckt stora ambitioner p\u00e5 klimatomr\u00e5det och f\u00f6rv\u00e4ntas sl\u00e4ppa ett gaspaket inom de f\u00f6rsta 100 dagar efter sitt tilltr\u00e4de, detta som del av \u201dthe European Green Deal\u201d. Gaspaketet g\u00e5r inofficiellt under namnet \u201dGas 2020\u201d och fokuserar framf\u00f6r allt p\u00e5 naturgasens framtid, men det v\u00e4ntas \u00e4ven omfatta f\u00f6rnybar energi s\u00e5som v\u00e4t- och biogas. Just [&hellip;]","og_url":"https:\/\/www.sbhss.eu\/sv\/biogas-en-del-av-eu-s-gaspaket\/","og_site_name":"SBHSS","article_published_time":"2019-11-13T15:21:02+00:00","author":"Sven Kast\u00f6","twitter_card":"summary_large_image","twitter_misc":{"Skriven av":"Sven Kast\u00f6","Ber\u00e4knad l\u00e4stid":"3 minuter"},"schema":{"@context":"https:\/\/schema.org","@graph":[{"@type":"Article","@id":"https:\/\/www.sbhss.eu\/sv\/biogas-en-del-av-eu-s-gaspaket\/#article","isPartOf":{"@id":"https:\/\/www.sbhss.eu\/sv\/biogas-en-del-av-eu-s-gaspaket\/"},"author":{"name":"Sven Kast\u00f6","@id":"https:\/\/www.sbhss.eu\/#\/schema\/person\/b8d8eb4c1088a05ed50ecff9b2bf643f"},"headline":"Biogas \u2013 en del av EU:s gaspaket","datePublished":"2019-11-13T15:21:02+00:00","mainEntityOfPage":{"@id":"https:\/\/www.sbhss.eu\/sv\/biogas-en-del-av-eu-s-gaspaket\/"},"wordCount":516,"commentCount":0,"articleSection":["Hem - Startsidan"],"inLanguage":"sv-SE"},{"@type":"WebPage","@id":"https:\/\/www.sbhss.eu\/sv\/biogas-en-del-av-eu-s-gaspaket\/","url":"https:\/\/www.sbhss.eu\/sv\/biogas-en-del-av-eu-s-gaspaket\/","name":"Biogas \u2013 en del av EU:s gaspaket - SBHSS","isPartOf":{"@id":"https:\/\/www.sbhss.eu\/#website"},"datePublished":"2019-11-13T15:21:02+00:00","author":{"@id":"https:\/\/www.sbhss.eu\/#\/schema\/person\/b8d8eb4c1088a05ed50ecff9b2bf643f"},"breadcrumb":{"@id":"https:\/\/www.sbhss.eu\/sv\/biogas-en-del-av-eu-s-gaspaket\/#breadcrumb"},"inLanguage":"sv-SE","potentialAction":[{"@type":"ReadAction","target":["https:\/\/www.sbhss.eu\/sv\/biogas-en-del-av-eu-s-gaspaket\/"]}]},{"@type":"BreadcrumbList","@id":"https:\/\/www.sbhss.eu\/sv\/biogas-en-del-av-eu-s-gaspaket\/#breadcrumb","itemListElement":[{"@type":"ListItem","position":1,"name":"Hem","item":"https:\/\/www.sbhss.eu\/sv\/"},{"@type":"ListItem","position":2,"name":"Biogas \u2013 en del av EU:s gaspaket"}]},{"@type":"WebSite","@id":"https:\/\/www.sbhss.eu\/#website","url":"https:\/\/www.sbhss.eu\/","name":"SBHSS","description":"","potentialAction":[{"@type":"SearchAction","target":{"@type":"EntryPoint","urlTemplate":"https:\/\/www.sbhss.eu\/?s={search_term_string}"},"query-input":{"@type":"PropertyValueSpecification","valueRequired":true,"valueName":"search_term_string"}}],"inLanguage":"sv-SE"},{"@type":"Person","@id":"https:\/\/www.sbhss.eu\/#\/schema\/person\/b8d8eb4c1088a05ed50ecff9b2bf643f","name":"Sven Kast\u00f6","image":{"@type":"ImageObject","inLanguage":"sv-SE","@id":"https:\/\/secure.gravatar.com\/avatar\/4ce3985fbe5a36073e6a0cbba2acaad0da794332aeb9a944eca4c7548361a263?s=96&d=mm&r=g","url":"https:\/\/secure.gravatar.com\/avatar\/4ce3985fbe5a36073e6a0cbba2acaad0da794332aeb9a944eca4c7548361a263?s=96&d=mm&r=g","contentUrl":"https:\/\/secure.gravatar.com\/avatar\/4ce3985fbe5a36073e6a0cbba2acaad0da794332aeb9a944eca4c7548361a263?s=96&d=mm&r=g","caption":"Sven Kast\u00f6"},"url":"https:\/\/www.sbhss.eu\/sv\/author\/sven-kastosbhss-eu\/"}]}},"_links":{"self":[{"href":"https:\/\/www.sbhss.eu\/sv\/wp-json\/wp\/v2\/posts\/1064","targetHints":{"allow":["GET"]}}],"collection":[{"href":"https:\/\/www.sbhss.eu\/sv\/wp-json\/wp\/v2\/posts"}],"about":[{"href":"https:\/\/www.sbhss.eu\/sv\/wp-json\/wp\/v2\/types\/post"}],"author":[{"embeddable":true,"href":"https:\/\/www.sbhss.eu\/sv\/wp-json\/wp\/v2\/users\/3"}],"replies":[{"embeddable":true,"href":"https:\/\/www.sbhss.eu\/sv\/wp-json\/wp\/v2\/comments?post=1064"}],"version-history":[{"count":0,"href":"https:\/\/www.sbhss.eu\/sv\/wp-json\/wp\/v2\/posts\/1064\/revisions"}],"wp:attachment":[{"href":"https:\/\/www.sbhss.eu\/sv\/wp-json\/wp\/v2\/media?parent=1064"}],"wp:term":[{"taxonomy":"category","embeddable":true,"href":"https:\/\/www.sbhss.eu\/sv\/wp-json\/wp\/v2\/categories?post=1064"},{"taxonomy":"post_tag","embeddable":true,"href":"https:\/\/www.sbhss.eu\/sv\/wp-json\/wp\/v2\/tags?post=1064"}],"curies":[{"name":"wp","href":"https:\/\/api.w.org\/{rel}","templated":true}]}}