{"id":1076,"date":"2019-12-12T15:09:41","date_gmt":"2019-12-12T14:09:41","guid":{"rendered":"http:\/\/wp.sbhss.eu\/?p=1076"},"modified":"2019-12-12T15:09:41","modified_gmt":"2019-12-12T14:09:41","slug":"it-s-a-green-deal","status":"publish","type":"post","link":"https:\/\/www.sbhss.eu\/sv\/it-s-a-green-deal\/","title":{"rendered":"EU:s gr\u00f6na deal &#8211; \u00e5tg\u00e4rder f\u00f6r ett klimatneutralt EU 2050"},"content":{"rendered":"<p style=\"text-align: justify;\">Den 11 december presenterade EU-kommissionens ordf\u00f6rande, Ursula von der Leyen, Europas gr\u00f6na giv &#8211; <em>The Green Deal<\/em>. Europa ska bli den f\u00f6rsta klimatneutrala v\u00e4rldsdelen och den gr\u00f6na dealen stakar ut v\u00e4gen f\u00f6r att n\u00e5 det ambiti\u00f6sa m\u00e5let. Redan i b\u00f6rjan av n\u00e4sta \u00e5r kan vi r\u00e4kna med dialoger och samr\u00e5d som ber\u00f6r den regionala niv\u00e5n kopplat till de m\u00e5nga \u00e5tg\u00e4rdsf\u00f6rslagen som f\u00f6resl\u00e5s.<\/p>\n<p><!--more--><\/p>\n<p style=\"text-align: justify;\">EU:s gr\u00f6na deal kan f\u00f6rklaras som ett paket med \u00e5tg\u00e4rder och f\u00f6rslag p\u00e5 hur Europa ska n\u00e5 klimatneutralitet till 2050.&nbsp; Kommissionens ordf\u00f6rande, Von der Leyen, betonade att dealen utg\u00f6r en ny europeisk tillv\u00e4xtstrategi d\u00e4r fokus bl.a. \u00e4r riktat mot innovation, cirkul\u00e4r ekonomi och bioekonomi. Insatser inom de n\u00e4mnda omr\u00e5dena ska bidra till h\u00e5llbar ekonomisk tillv\u00e4xt, och h\u00e4r spelar den lokala och regionala niv\u00e5n en betydande roll. S\u00e4rskilt intressant f\u00f6r regional utveckling \u00e4r till exempel att von der Leyen n\u00e4mnde de <a href=\"https:\/\/errin.eu\/news\/european-commission-unveils-european-green-deal\">gr\u00f6na uppdragen i Horisont Europa<\/a>, med f\u00f6rhoppning om en bred lokal och regional f\u00f6rankring.<\/p>\n<p>Under 2020 och 2021 kommer Kommissionen att l\u00e4gga fram f\u00f6rslag, uppdatera eller revidera policys kopplat till EU:s gr\u00f6na deal och hela <a href=\"https:\/\/ec.europa.eu\/info\/sites\/info\/files\/european-green-deal-communication-annex-roadmap_en.pdf\">47 \u00e5tg\u00e4rder<\/a> st\u00e5r p\u00e5 listan (varav majoriteten planeras l\u00e4ggas fram under 2020). D\u00e4rf\u00f6r kan vi inom kort f\u00f6rv\u00e4nta oss dialoger och samr\u00e5d kopplat till \u00e5tg\u00e4rdsf\u00f6rslagen. S\u00e4rskilt intressant f\u00f6r Sm\u00e5land-Blekinge-Halland \u00e4r bland annat uppdateringar av EU:s skogsstrategi (2020), ny jord-till-bordstrategi (2020 \u2013 2021) och en ny handlingsplan f\u00f6r cirkul\u00e4r ekonomi (2020) bland m\u00e5nga fler!<\/p>\n<p>F\u00f6r att ge ett smakprov p\u00e5 vad den gr\u00f6na dealen kan komma att inneb\u00e4ra har vi tittat n\u00e4rmare p\u00e5 f\u00f6ljande:<\/p>\n<p><strong>Ny livsmedelsstrategi \u2013 fr\u00e5n jord till bord:<\/strong><\/p>\n<p>I von der Leyens avsiktsf\u00f6rklaring <a href=\"http:\/\/www.sbhss.eu\/926-vad-kan-vi-foervaenta-oss-av-eu-s-nya-ledarskap\"><em>My agenda for Europe<\/em><\/a> uttrycktes ambitionen att ta fram en ny strategi f\u00f6r att vidareutveckla en h\u00e5llbar och s\u00e4ker livsmedelskedja i Europa. I den gr\u00f6na dealen lyftes f\u00f6rslaget om en ny europeisk \u201dfr\u00e5n-jord-till-bord\u201d-strategi (From farm to fork). Strategin kommer att inkludera hela livsmedelskedjan med fokus p\u00e5 cirkul\u00e4ra processer. Vidare kommer strategin att se \u00f6ver anv\u00e4ndandet av och riskerna med kemiska bek\u00e4mpningsmedel, g\u00f6dselmedel och antibiotika. Inom dessa omr\u00e5den har kommissionen uttalat en ambition att ta till \u00e5tg\u00e4rder, \u00e4ven lagstiftningsm\u00e4ssigt, f\u00f6r att minska anv\u00e4ndning av kemiska substanser.<\/p>\n<p><strong>Ny handlingsplan f\u00f6r Cirkul\u00e4r ekonomi:<\/strong><\/p>\n<p>Kommissionen vill ta fram en ny handlingsplan f\u00f6r cirkul\u00e4r ekonomi med syfte att bland annat stimulera utvecklingen av cirkul\u00e4ra produktionsprocesser. Fokus kommer bl.a. riktas mot cirkul\u00e4r design och \u00e5teranv\u00e4ndning av material. \u00c4ven om flera sektorer kommer att omfattas av handlingsplanen f\u00f6r den cirkul\u00e4r ekonomin s\u00e5 kommer s\u00e4rskilt stort fokus att riktas mot textil-, konstruktion-, elektronik- och plastsektorer.<\/p>\n<p><strong>Ny europeisk skogsstrategi:&nbsp; <\/strong><\/p>\n<p>Kommission vill ge resurser till att EU: skogsomr\u00e5den f\u00f6rb\u00e4ttras, b\u00e5de i kvalit\u00e9 och kvantitet. Med utg\u00e5ngspunkt i den biologiska m\u00e5ngfaldsstrategin 2030 kommer kommissionen att utarbeta en ny europeisk skogsstrategi som t\u00e4cker hela skogscykeln vilket ska fr\u00e4mja de m\u00e5nga tj\u00e4nster som skogarna tillhandah\u00e5ller samt den cirkul\u00e4ra bioekonomin.<\/p>\n<p>Kommissionens huvudm\u00e5l g\u00e4llande EU:s skogsstrategi \u00e4r att ha en effektiv skogssk\u00f6tsel och skogsbevarande samt restaurering f\u00f6r att \u00f6ka absorptionen av koldioxid. D\u00e4rmed syftar strategin till att minska f\u00f6rekomsten och omfattningen av skogsbr\u00e4nder och fr\u00e4mjande bioekonomin.<\/p>\n<p><strong>H\u00e5llbart byggande:<\/strong><\/p>\n<p>Kommissionen vill skapa ett europiskt ramverk f\u00f6r h\u00e5llbart byggande, vilket ska fr\u00e4mja utbyggnaden av innovativ teknik, infrastruktur och gr\u00f6n energi. Kommissionen vill se \u00f6ver f\u00f6rordningen om byggprodukter och material f\u00f6r att s\u00e4kerst\u00e4lla den cirkul\u00e4ra ekonomins behov g\u00e4llande renoveringar, nybygge och andra typer av konstruktion.&nbsp;<\/p>\n<p>Ut\u00f6ver ovan n\u00e4mnda strategier kommer den gr\u00f6na dealen kunna leverera en ny industristrategi, en strategi f\u00f6r biologisk m\u00e5ngfald, en strategi f\u00f6r gr\u00f6na finanser, en strategi f\u00f6r att skydda medborgare mot milj\u00f6f\u00f6rst\u00f6ring och en strategi f\u00f6r hantering av kemikalier.<\/p>\n<p>Se kommissionens <a href=\"https:\/\/ec.europa.eu\/info\/sites\/info\/files\/european-green-deal-communication-annex-roadmap_en.pdf\">f\u00e4rdplan f\u00f6r \u00e5tg\u00e4rder h\u00e4r!<\/a> och l\u00e4s mer om kommissionen <a href=\"https:\/\/ec.europa.eu\/info\/sites\/info\/files\/european-green-deal-communication_en.pdf\">m\u00e5ls\u00e4ttningar med \u00e5tg\u00e4rderna h\u00e4r!<\/a><\/p>\n","protected":false},"excerpt":{"rendered":"<p>Den 11 december presenterade EU-kommissionens ordf\u00f6rande, Ursula von der Leyen, Europas gr\u00f6na giv &#8211; The Green Deal. Europa ska bli den f\u00f6rsta klimatneutrala v\u00e4rldsdelen och den gr\u00f6na dealen stakar ut v\u00e4gen f\u00f6r att n\u00e5 det ambiti\u00f6sa m\u00e5let. Redan i b\u00f6rjan av n\u00e4sta \u00e5r kan vi r\u00e4kna med dialoger och samr\u00e5d som ber\u00f6r den regionala niv\u00e5n [&hellip;]<\/p>\n","protected":false},"author":3,"featured_media":0,"comment_status":"open","ping_status":"open","sticky":false,"template":"","format":"standard","meta":{"_acf_changed":false,"footnotes":""},"categories":[11],"tags":[],"class_list":["post-1076","post","type-post","status-publish","format-standard","hentry","category-hem"],"acf":[],"yoast_head":"<!-- This site is optimized with the Yoast SEO plugin v27.5 - https:\/\/yoast.com\/product\/yoast-seo-wordpress\/ -->\n<title>EU:s gr\u00f6na deal - \u00e5tg\u00e4rder f\u00f6r ett klimatneutralt EU 2050 - SBHSS<\/title>\n<meta name=\"robots\" content=\"index, follow, max-snippet:-1, max-image-preview:large, max-video-preview:-1\" \/>\n<link rel=\"canonical\" href=\"https:\/\/www.sbhss.eu\/sv\/it-s-a-green-deal\/\" \/>\n<meta property=\"og:locale\" content=\"sv_SE\" \/>\n<meta property=\"og:type\" content=\"article\" \/>\n<meta property=\"og:title\" content=\"EU:s gr\u00f6na deal - \u00e5tg\u00e4rder f\u00f6r ett klimatneutralt EU 2050 - SBHSS\" \/>\n<meta property=\"og:description\" content=\"Den 11 december presenterade EU-kommissionens ordf\u00f6rande, Ursula von der Leyen, Europas gr\u00f6na giv &#8211; The Green Deal. Europa ska bli den f\u00f6rsta klimatneutrala v\u00e4rldsdelen och den gr\u00f6na dealen stakar ut v\u00e4gen f\u00f6r att n\u00e5 det ambiti\u00f6sa m\u00e5let. Redan i b\u00f6rjan av n\u00e4sta \u00e5r kan vi r\u00e4kna med dialoger och samr\u00e5d som ber\u00f6r den regionala niv\u00e5n [&hellip;]\" \/>\n<meta property=\"og:url\" content=\"https:\/\/www.sbhss.eu\/sv\/it-s-a-green-deal\/\" \/>\n<meta property=\"og:site_name\" content=\"SBHSS\" \/>\n<meta property=\"article:published_time\" content=\"2019-12-12T14:09:41+00:00\" \/>\n<meta name=\"author\" content=\"Sven Kast\u00f6\" \/>\n<meta name=\"twitter:card\" content=\"summary_large_image\" \/>\n<meta name=\"twitter:label1\" content=\"Skriven av\" \/>\n\t<meta name=\"twitter:data1\" content=\"Sven Kast\u00f6\" \/>\n\t<meta name=\"twitter:label2\" content=\"Ber\u00e4knad l\u00e4stid\" \/>\n\t<meta name=\"twitter:data2\" content=\"4 minuter\" \/>\n<script type=\"application\/ld+json\" class=\"yoast-schema-graph\">{\"@context\":\"https:\\\/\\\/schema.org\",\"@graph\":[{\"@type\":\"Article\",\"@id\":\"https:\\\/\\\/www.sbhss.eu\\\/sv\\\/it-s-a-green-deal\\\/#article\",\"isPartOf\":{\"@id\":\"https:\\\/\\\/www.sbhss.eu\\\/sv\\\/it-s-a-green-deal\\\/\"},\"author\":{\"name\":\"Sven Kast\u00f6\",\"@id\":\"https:\\\/\\\/www.sbhss.eu\\\/#\\\/schema\\\/person\\\/b8d8eb4c1088a05ed50ecff9b2bf643f\"},\"headline\":\"EU:s gr\u00f6na deal &#8211; \u00e5tg\u00e4rder f\u00f6r ett klimatneutralt EU 2050\",\"datePublished\":\"2019-12-12T14:09:41+00:00\",\"mainEntityOfPage\":{\"@id\":\"https:\\\/\\\/www.sbhss.eu\\\/sv\\\/it-s-a-green-deal\\\/\"},\"wordCount\":746,\"commentCount\":0,\"articleSection\":[\"Hem - Startsidan\"],\"inLanguage\":\"sv-SE\"},{\"@type\":\"WebPage\",\"@id\":\"https:\\\/\\\/www.sbhss.eu\\\/sv\\\/it-s-a-green-deal\\\/\",\"url\":\"https:\\\/\\\/www.sbhss.eu\\\/sv\\\/it-s-a-green-deal\\\/\",\"name\":\"EU:s gr\u00f6na deal - \u00e5tg\u00e4rder f\u00f6r ett klimatneutralt EU 2050 - SBHSS\",\"isPartOf\":{\"@id\":\"https:\\\/\\\/www.sbhss.eu\\\/#website\"},\"datePublished\":\"2019-12-12T14:09:41+00:00\",\"author\":{\"@id\":\"https:\\\/\\\/www.sbhss.eu\\\/#\\\/schema\\\/person\\\/b8d8eb4c1088a05ed50ecff9b2bf643f\"},\"breadcrumb\":{\"@id\":\"https:\\\/\\\/www.sbhss.eu\\\/sv\\\/it-s-a-green-deal\\\/#breadcrumb\"},\"inLanguage\":\"sv-SE\",\"potentialAction\":[{\"@type\":\"ReadAction\",\"target\":[\"https:\\\/\\\/www.sbhss.eu\\\/sv\\\/it-s-a-green-deal\\\/\"]}]},{\"@type\":\"BreadcrumbList\",\"@id\":\"https:\\\/\\\/www.sbhss.eu\\\/sv\\\/it-s-a-green-deal\\\/#breadcrumb\",\"itemListElement\":[{\"@type\":\"ListItem\",\"position\":1,\"name\":\"Hem\",\"item\":\"https:\\\/\\\/www.sbhss.eu\\\/sv\\\/\"},{\"@type\":\"ListItem\",\"position\":2,\"name\":\"EU:s gr\u00f6na deal &#8211; \u00e5tg\u00e4rder f\u00f6r ett klimatneutralt EU 2050\"}]},{\"@type\":\"WebSite\",\"@id\":\"https:\\\/\\\/www.sbhss.eu\\\/#website\",\"url\":\"https:\\\/\\\/www.sbhss.eu\\\/\",\"name\":\"SBHSS\",\"description\":\"\",\"potentialAction\":[{\"@type\":\"SearchAction\",\"target\":{\"@type\":\"EntryPoint\",\"urlTemplate\":\"https:\\\/\\\/www.sbhss.eu\\\/?s={search_term_string}\"},\"query-input\":{\"@type\":\"PropertyValueSpecification\",\"valueRequired\":true,\"valueName\":\"search_term_string\"}}],\"inLanguage\":\"sv-SE\"},{\"@type\":\"Person\",\"@id\":\"https:\\\/\\\/www.sbhss.eu\\\/#\\\/schema\\\/person\\\/b8d8eb4c1088a05ed50ecff9b2bf643f\",\"name\":\"Sven Kast\u00f6\",\"image\":{\"@type\":\"ImageObject\",\"inLanguage\":\"sv-SE\",\"@id\":\"https:\\\/\\\/secure.gravatar.com\\\/avatar\\\/4ce3985fbe5a36073e6a0cbba2acaad0da794332aeb9a944eca4c7548361a263?s=96&d=mm&r=g\",\"url\":\"https:\\\/\\\/secure.gravatar.com\\\/avatar\\\/4ce3985fbe5a36073e6a0cbba2acaad0da794332aeb9a944eca4c7548361a263?s=96&d=mm&r=g\",\"contentUrl\":\"https:\\\/\\\/secure.gravatar.com\\\/avatar\\\/4ce3985fbe5a36073e6a0cbba2acaad0da794332aeb9a944eca4c7548361a263?s=96&d=mm&r=g\",\"caption\":\"Sven Kast\u00f6\"},\"url\":\"https:\\\/\\\/www.sbhss.eu\\\/sv\\\/author\\\/sven-kastosbhss-eu\\\/\"}]}<\/script>\n<!-- \/ Yoast SEO plugin. -->","yoast_head_json":{"title":"EU:s gr\u00f6na deal - \u00e5tg\u00e4rder f\u00f6r ett klimatneutralt EU 2050 - SBHSS","robots":{"index":"index","follow":"follow","max-snippet":"max-snippet:-1","max-image-preview":"max-image-preview:large","max-video-preview":"max-video-preview:-1"},"canonical":"https:\/\/www.sbhss.eu\/sv\/it-s-a-green-deal\/","og_locale":"sv_SE","og_type":"article","og_title":"EU:s gr\u00f6na deal - \u00e5tg\u00e4rder f\u00f6r ett klimatneutralt EU 2050 - SBHSS","og_description":"Den 11 december presenterade EU-kommissionens ordf\u00f6rande, Ursula von der Leyen, Europas gr\u00f6na giv &#8211; The Green Deal. Europa ska bli den f\u00f6rsta klimatneutrala v\u00e4rldsdelen och den gr\u00f6na dealen stakar ut v\u00e4gen f\u00f6r att n\u00e5 det ambiti\u00f6sa m\u00e5let. Redan i b\u00f6rjan av n\u00e4sta \u00e5r kan vi r\u00e4kna med dialoger och samr\u00e5d som ber\u00f6r den regionala niv\u00e5n [&hellip;]","og_url":"https:\/\/www.sbhss.eu\/sv\/it-s-a-green-deal\/","og_site_name":"SBHSS","article_published_time":"2019-12-12T14:09:41+00:00","author":"Sven Kast\u00f6","twitter_card":"summary_large_image","twitter_misc":{"Skriven av":"Sven Kast\u00f6","Ber\u00e4knad l\u00e4stid":"4 minuter"},"schema":{"@context":"https:\/\/schema.org","@graph":[{"@type":"Article","@id":"https:\/\/www.sbhss.eu\/sv\/it-s-a-green-deal\/#article","isPartOf":{"@id":"https:\/\/www.sbhss.eu\/sv\/it-s-a-green-deal\/"},"author":{"name":"Sven Kast\u00f6","@id":"https:\/\/www.sbhss.eu\/#\/schema\/person\/b8d8eb4c1088a05ed50ecff9b2bf643f"},"headline":"EU:s gr\u00f6na deal &#8211; \u00e5tg\u00e4rder f\u00f6r ett klimatneutralt EU 2050","datePublished":"2019-12-12T14:09:41+00:00","mainEntityOfPage":{"@id":"https:\/\/www.sbhss.eu\/sv\/it-s-a-green-deal\/"},"wordCount":746,"commentCount":0,"articleSection":["Hem - Startsidan"],"inLanguage":"sv-SE"},{"@type":"WebPage","@id":"https:\/\/www.sbhss.eu\/sv\/it-s-a-green-deal\/","url":"https:\/\/www.sbhss.eu\/sv\/it-s-a-green-deal\/","name":"EU:s gr\u00f6na deal - \u00e5tg\u00e4rder f\u00f6r ett klimatneutralt EU 2050 - SBHSS","isPartOf":{"@id":"https:\/\/www.sbhss.eu\/#website"},"datePublished":"2019-12-12T14:09:41+00:00","author":{"@id":"https:\/\/www.sbhss.eu\/#\/schema\/person\/b8d8eb4c1088a05ed50ecff9b2bf643f"},"breadcrumb":{"@id":"https:\/\/www.sbhss.eu\/sv\/it-s-a-green-deal\/#breadcrumb"},"inLanguage":"sv-SE","potentialAction":[{"@type":"ReadAction","target":["https:\/\/www.sbhss.eu\/sv\/it-s-a-green-deal\/"]}]},{"@type":"BreadcrumbList","@id":"https:\/\/www.sbhss.eu\/sv\/it-s-a-green-deal\/#breadcrumb","itemListElement":[{"@type":"ListItem","position":1,"name":"Hem","item":"https:\/\/www.sbhss.eu\/sv\/"},{"@type":"ListItem","position":2,"name":"EU:s gr\u00f6na deal &#8211; \u00e5tg\u00e4rder f\u00f6r ett klimatneutralt EU 2050"}]},{"@type":"WebSite","@id":"https:\/\/www.sbhss.eu\/#website","url":"https:\/\/www.sbhss.eu\/","name":"SBHSS","description":"","potentialAction":[{"@type":"SearchAction","target":{"@type":"EntryPoint","urlTemplate":"https:\/\/www.sbhss.eu\/?s={search_term_string}"},"query-input":{"@type":"PropertyValueSpecification","valueRequired":true,"valueName":"search_term_string"}}],"inLanguage":"sv-SE"},{"@type":"Person","@id":"https:\/\/www.sbhss.eu\/#\/schema\/person\/b8d8eb4c1088a05ed50ecff9b2bf643f","name":"Sven Kast\u00f6","image":{"@type":"ImageObject","inLanguage":"sv-SE","@id":"https:\/\/secure.gravatar.com\/avatar\/4ce3985fbe5a36073e6a0cbba2acaad0da794332aeb9a944eca4c7548361a263?s=96&d=mm&r=g","url":"https:\/\/secure.gravatar.com\/avatar\/4ce3985fbe5a36073e6a0cbba2acaad0da794332aeb9a944eca4c7548361a263?s=96&d=mm&r=g","contentUrl":"https:\/\/secure.gravatar.com\/avatar\/4ce3985fbe5a36073e6a0cbba2acaad0da794332aeb9a944eca4c7548361a263?s=96&d=mm&r=g","caption":"Sven Kast\u00f6"},"url":"https:\/\/www.sbhss.eu\/sv\/author\/sven-kastosbhss-eu\/"}]}},"_links":{"self":[{"href":"https:\/\/www.sbhss.eu\/sv\/wp-json\/wp\/v2\/posts\/1076","targetHints":{"allow":["GET"]}}],"collection":[{"href":"https:\/\/www.sbhss.eu\/sv\/wp-json\/wp\/v2\/posts"}],"about":[{"href":"https:\/\/www.sbhss.eu\/sv\/wp-json\/wp\/v2\/types\/post"}],"author":[{"embeddable":true,"href":"https:\/\/www.sbhss.eu\/sv\/wp-json\/wp\/v2\/users\/3"}],"replies":[{"embeddable":true,"href":"https:\/\/www.sbhss.eu\/sv\/wp-json\/wp\/v2\/comments?post=1076"}],"version-history":[{"count":0,"href":"https:\/\/www.sbhss.eu\/sv\/wp-json\/wp\/v2\/posts\/1076\/revisions"}],"wp:attachment":[{"href":"https:\/\/www.sbhss.eu\/sv\/wp-json\/wp\/v2\/media?parent=1076"}],"wp:term":[{"taxonomy":"category","embeddable":true,"href":"https:\/\/www.sbhss.eu\/sv\/wp-json\/wp\/v2\/categories?post=1076"},{"taxonomy":"post_tag","embeddable":true,"href":"https:\/\/www.sbhss.eu\/sv\/wp-json\/wp\/v2\/tags?post=1076"}],"curies":[{"name":"wp","href":"https:\/\/api.w.org\/{rel}","templated":true}]}}