{"id":1083,"date":"2020-01-29T16:12:47","date_gmt":"2020-01-29T15:12:47","guid":{"rendered":"http:\/\/wp.sbhss.eu\/?p=1083"},"modified":"2020-01-29T16:12:47","modified_gmt":"2020-01-29T15:12:47","slug":"euroregion-baltic-traeffas-i-bryssel-intressanta-insikter-och-spaennande-framtidsplaner","status":"publish","type":"post","link":"https:\/\/www.sbhss.eu\/sv\/euroregion-baltic-traeffas-i-bryssel-intressanta-insikter-och-spaennande-framtidsplaner\/","title":{"rendered":"Euroregion Baltic tr\u00e4ffas i Bryssel &#8211; intressanta insikter och sp\u00e4nnande framtidsplaner"},"content":{"rendered":"<p>I veckan tr\u00e4ffades Euroregion Baltic (ERB) representanter p\u00e5 Sm\u00e5land-Blekinge-Hallands v\u00e5ningsplan i Nordic House Bryssel. P\u00e5 plats fanns representanter fr\u00e5n EU-kommissionen och respektive regions Brysselkontor. Tillsammans diskuterades bland annat framtida aktiviteter och potentiella f\u00f6r\u00e4ndringar.&nbsp;<\/p>\n<p><!--more--><\/p>\n<p>Under m\u00f6tet diskuterades ERB:s handlingsplan f\u00f6r perioden 2019\u20132020, men \u00e4ven framtida m\u00e5l, beslut och potentiella f\u00f6r\u00e4ndringar. Vidare redogjordes det f\u00f6r involveringen av EU-kontoren och deras samarbete med ERB. Avslutningsvis diskuterades \u00e4ven f\u00f6ruts\u00e4ttningarna f\u00f6r gemensamma handlingar och hur det \u00e4r m\u00f6jligt att p\u00e5verka inom EU institutionerna. P\u00e5 m\u00f6tet deltog \u00e4ven en representant fr\u00e5n EU-kommissionen, Egle Spudulyte som \u00e4r fr\u00e5n generaldirektoratet f\u00f6r regional och stadspolitik och \u00e4ven ansvarig f\u00f6r S\u00f6dra \u00d6stersj\u00f6programmet. &nbsp; &nbsp;<\/p>\n<p><img loading=\"lazy\" decoding=\"async\" class=\" size-full wp-image-1081\" alt=\"\" src=\"https:\/\/www.sbhss.eu\/wp-content\/uploads\/2020\/01\/Grafika-Euroregion-ostateczna-wersja-1024x758.png\" style=\"width: 596px; height: 443px;\" width=\"1024\" height=\"758\" \/> &nbsp;<\/p>\n<p>Det \u00e4r viktigt att v\u00e5ra regioner har m\u00f6jligheten att tr\u00e4ffa samarbetspartners h\u00e4r i Bryssel. Brysselkontoret utg\u00f6r en bra plattform d\u00e4r viktiga organisationer och akt\u00f6rer kan m\u00f6tas, vilket i sin tur gynnar samarbeten och utveckling. Sm\u00e5land-Blekinge-Halland str\u00e4var efter att vara en \u00f6ppen arena d\u00e4r det sker ett effektivt utbyte av id\u00e9er och diskussioner.&nbsp; ERB:s m\u00f6te \u00e4r ett gott exempel p\u00e5 detta.&nbsp;<\/p>\n<p><a href=\"http:\/\/www.eurobalt.org\/background\/\" title=\"\">H\u00e4r kan ni l\u00e4sa mer om ERB<\/a><\/p>\n<p>&nbsp;&nbsp; <img loading=\"lazy\" decoding=\"async\" class=\" size-full wp-image-1082\" alt=\"\" src=\"https:\/\/www.sbhss.eu\/wp-content\/uploads\/2020\/01\/IMG_0524-002.jpg\" style=\"width: 572px; height: 429px;\" width=\"640\" height=\"480\" \/>&nbsp;&nbsp;&nbsp;&nbsp;&nbsp;&nbsp;<\/p>\n","protected":false},"excerpt":{"rendered":"<p>I veckan tr\u00e4ffades Euroregion Baltic (ERB) representanter p\u00e5 Sm\u00e5land-Blekinge-Hallands v\u00e5ningsplan i Nordic House Bryssel. P\u00e5 plats fanns representanter fr\u00e5n EU-kommissionen och respektive regions Brysselkontor. Tillsammans diskuterades bland annat framtida aktiviteter och potentiella f\u00f6r\u00e4ndringar.&nbsp;<\/p>\n","protected":false},"author":3,"featured_media":1081,"comment_status":"open","ping_status":"open","sticky":false,"template":"","format":"standard","meta":{"_acf_changed":false,"footnotes":""},"categories":[11],"tags":[],"class_list":["post-1083","post","type-post","status-publish","format-standard","has-post-thumbnail","hentry","category-hem"],"acf":[],"yoast_head":"<!-- This site is optimized with the Yoast SEO plugin v27.5 - https:\/\/yoast.com\/product\/yoast-seo-wordpress\/ -->\n<title>Euroregion Baltic tr\u00e4ffas i Bryssel - intressanta insikter och sp\u00e4nnande framtidsplaner - SBHSS<\/title>\n<meta name=\"robots\" content=\"index, follow, max-snippet:-1, max-image-preview:large, max-video-preview:-1\" \/>\n<link rel=\"canonical\" href=\"https:\/\/www.sbhss.eu\/sv\/euroregion-baltic-traeffas-i-bryssel-intressanta-insikter-och-spaennande-framtidsplaner\/\" \/>\n<meta property=\"og:locale\" content=\"sv_SE\" \/>\n<meta property=\"og:type\" content=\"article\" \/>\n<meta property=\"og:title\" content=\"Euroregion Baltic tr\u00e4ffas i Bryssel - intressanta insikter och sp\u00e4nnande framtidsplaner - SBHSS\" \/>\n<meta property=\"og:description\" content=\"I veckan tr\u00e4ffades Euroregion Baltic (ERB) representanter p\u00e5 Sm\u00e5land-Blekinge-Hallands v\u00e5ningsplan i Nordic House Bryssel. P\u00e5 plats fanns representanter fr\u00e5n EU-kommissionen och respektive regions Brysselkontor. Tillsammans diskuterades bland annat framtida aktiviteter och potentiella f\u00f6r\u00e4ndringar.&nbsp;\" \/>\n<meta property=\"og:url\" content=\"https:\/\/www.sbhss.eu\/sv\/euroregion-baltic-traeffas-i-bryssel-intressanta-insikter-och-spaennande-framtidsplaner\/\" \/>\n<meta property=\"og:site_name\" content=\"SBHSS\" \/>\n<meta property=\"article:published_time\" content=\"2020-01-29T15:12:47+00:00\" \/>\n<meta name=\"author\" content=\"Sven Kast\u00f6\" \/>\n<meta name=\"twitter:card\" content=\"summary_large_image\" \/>\n<meta name=\"twitter:label1\" content=\"Skriven av\" \/>\n\t<meta name=\"twitter:data1\" content=\"Sven Kast\u00f6\" \/>\n\t<meta name=\"twitter:label2\" content=\"Ber\u00e4knad l\u00e4stid\" \/>\n\t<meta name=\"twitter:data2\" content=\"1 minut\" \/>\n<script type=\"application\/ld+json\" class=\"yoast-schema-graph\">{\"@context\":\"https:\\\/\\\/schema.org\",\"@graph\":[{\"@type\":\"Article\",\"@id\":\"https:\\\/\\\/www.sbhss.eu\\\/sv\\\/euroregion-baltic-traeffas-i-bryssel-intressanta-insikter-och-spaennande-framtidsplaner\\\/#article\",\"isPartOf\":{\"@id\":\"https:\\\/\\\/www.sbhss.eu\\\/sv\\\/euroregion-baltic-traeffas-i-bryssel-intressanta-insikter-och-spaennande-framtidsplaner\\\/\"},\"author\":{\"name\":\"Sven Kast\u00f6\",\"@id\":\"https:\\\/\\\/www.sbhss.eu\\\/#\\\/schema\\\/person\\\/b8d8eb4c1088a05ed50ecff9b2bf643f\"},\"headline\":\"Euroregion Baltic tr\u00e4ffas i Bryssel &#8211; intressanta insikter och sp\u00e4nnande framtidsplaner\",\"datePublished\":\"2020-01-29T15:12:47+00:00\",\"mainEntityOfPage\":{\"@id\":\"https:\\\/\\\/www.sbhss.eu\\\/sv\\\/euroregion-baltic-traeffas-i-bryssel-intressanta-insikter-och-spaennande-framtidsplaner\\\/\"},\"wordCount\":236,\"commentCount\":0,\"image\":{\"@id\":\"https:\\\/\\\/www.sbhss.eu\\\/sv\\\/euroregion-baltic-traeffas-i-bryssel-intressanta-insikter-och-spaennande-framtidsplaner\\\/#primaryimage\"},\"thumbnailUrl\":\"\",\"articleSection\":[\"Hem - Startsidan\"],\"inLanguage\":\"sv-SE\"},{\"@type\":\"WebPage\",\"@id\":\"https:\\\/\\\/www.sbhss.eu\\\/sv\\\/euroregion-baltic-traeffas-i-bryssel-intressanta-insikter-och-spaennande-framtidsplaner\\\/\",\"url\":\"https:\\\/\\\/www.sbhss.eu\\\/sv\\\/euroregion-baltic-traeffas-i-bryssel-intressanta-insikter-och-spaennande-framtidsplaner\\\/\",\"name\":\"Euroregion Baltic tr\u00e4ffas i Bryssel - intressanta insikter och sp\u00e4nnande framtidsplaner - SBHSS\",\"isPartOf\":{\"@id\":\"https:\\\/\\\/www.sbhss.eu\\\/#website\"},\"primaryImageOfPage\":{\"@id\":\"https:\\\/\\\/www.sbhss.eu\\\/sv\\\/euroregion-baltic-traeffas-i-bryssel-intressanta-insikter-och-spaennande-framtidsplaner\\\/#primaryimage\"},\"image\":{\"@id\":\"https:\\\/\\\/www.sbhss.eu\\\/sv\\\/euroregion-baltic-traeffas-i-bryssel-intressanta-insikter-och-spaennande-framtidsplaner\\\/#primaryimage\"},\"thumbnailUrl\":\"\",\"datePublished\":\"2020-01-29T15:12:47+00:00\",\"author\":{\"@id\":\"https:\\\/\\\/www.sbhss.eu\\\/#\\\/schema\\\/person\\\/b8d8eb4c1088a05ed50ecff9b2bf643f\"},\"breadcrumb\":{\"@id\":\"https:\\\/\\\/www.sbhss.eu\\\/sv\\\/euroregion-baltic-traeffas-i-bryssel-intressanta-insikter-och-spaennande-framtidsplaner\\\/#breadcrumb\"},\"inLanguage\":\"sv-SE\",\"potentialAction\":[{\"@type\":\"ReadAction\",\"target\":[\"https:\\\/\\\/www.sbhss.eu\\\/sv\\\/euroregion-baltic-traeffas-i-bryssel-intressanta-insikter-och-spaennande-framtidsplaner\\\/\"]}]},{\"@type\":\"ImageObject\",\"inLanguage\":\"sv-SE\",\"@id\":\"https:\\\/\\\/www.sbhss.eu\\\/sv\\\/euroregion-baltic-traeffas-i-bryssel-intressanta-insikter-och-spaennande-framtidsplaner\\\/#primaryimage\",\"url\":\"\",\"contentUrl\":\"\"},{\"@type\":\"BreadcrumbList\",\"@id\":\"https:\\\/\\\/www.sbhss.eu\\\/sv\\\/euroregion-baltic-traeffas-i-bryssel-intressanta-insikter-och-spaennande-framtidsplaner\\\/#breadcrumb\",\"itemListElement\":[{\"@type\":\"ListItem\",\"position\":1,\"name\":\"Hem\",\"item\":\"https:\\\/\\\/www.sbhss.eu\\\/sv\\\/\"},{\"@type\":\"ListItem\",\"position\":2,\"name\":\"Euroregion Baltic tr\u00e4ffas i Bryssel &#8211; intressanta insikter och sp\u00e4nnande framtidsplaner\"}]},{\"@type\":\"WebSite\",\"@id\":\"https:\\\/\\\/www.sbhss.eu\\\/#website\",\"url\":\"https:\\\/\\\/www.sbhss.eu\\\/\",\"name\":\"SBHSS\",\"description\":\"\",\"potentialAction\":[{\"@type\":\"SearchAction\",\"target\":{\"@type\":\"EntryPoint\",\"urlTemplate\":\"https:\\\/\\\/www.sbhss.eu\\\/?s={search_term_string}\"},\"query-input\":{\"@type\":\"PropertyValueSpecification\",\"valueRequired\":true,\"valueName\":\"search_term_string\"}}],\"inLanguage\":\"sv-SE\"},{\"@type\":\"Person\",\"@id\":\"https:\\\/\\\/www.sbhss.eu\\\/#\\\/schema\\\/person\\\/b8d8eb4c1088a05ed50ecff9b2bf643f\",\"name\":\"Sven Kast\u00f6\",\"image\":{\"@type\":\"ImageObject\",\"inLanguage\":\"sv-SE\",\"@id\":\"https:\\\/\\\/secure.gravatar.com\\\/avatar\\\/4ce3985fbe5a36073e6a0cbba2acaad0da794332aeb9a944eca4c7548361a263?s=96&d=mm&r=g\",\"url\":\"https:\\\/\\\/secure.gravatar.com\\\/avatar\\\/4ce3985fbe5a36073e6a0cbba2acaad0da794332aeb9a944eca4c7548361a263?s=96&d=mm&r=g\",\"contentUrl\":\"https:\\\/\\\/secure.gravatar.com\\\/avatar\\\/4ce3985fbe5a36073e6a0cbba2acaad0da794332aeb9a944eca4c7548361a263?s=96&d=mm&r=g\",\"caption\":\"Sven Kast\u00f6\"},\"url\":\"https:\\\/\\\/www.sbhss.eu\\\/sv\\\/author\\\/sven-kastosbhss-eu\\\/\"}]}<\/script>\n<!-- \/ Yoast SEO plugin. -->","yoast_head_json":{"title":"Euroregion Baltic tr\u00e4ffas i Bryssel - intressanta insikter och sp\u00e4nnande framtidsplaner - SBHSS","robots":{"index":"index","follow":"follow","max-snippet":"max-snippet:-1","max-image-preview":"max-image-preview:large","max-video-preview":"max-video-preview:-1"},"canonical":"https:\/\/www.sbhss.eu\/sv\/euroregion-baltic-traeffas-i-bryssel-intressanta-insikter-och-spaennande-framtidsplaner\/","og_locale":"sv_SE","og_type":"article","og_title":"Euroregion Baltic tr\u00e4ffas i Bryssel - intressanta insikter och sp\u00e4nnande framtidsplaner - SBHSS","og_description":"I veckan tr\u00e4ffades Euroregion Baltic (ERB) representanter p\u00e5 Sm\u00e5land-Blekinge-Hallands v\u00e5ningsplan i Nordic House Bryssel. P\u00e5 plats fanns representanter fr\u00e5n EU-kommissionen och respektive regions Brysselkontor. Tillsammans diskuterades bland annat framtida aktiviteter och potentiella f\u00f6r\u00e4ndringar.&nbsp;","og_url":"https:\/\/www.sbhss.eu\/sv\/euroregion-baltic-traeffas-i-bryssel-intressanta-insikter-och-spaennande-framtidsplaner\/","og_site_name":"SBHSS","article_published_time":"2020-01-29T15:12:47+00:00","author":"Sven Kast\u00f6","twitter_card":"summary_large_image","twitter_misc":{"Skriven av":"Sven Kast\u00f6","Ber\u00e4knad l\u00e4stid":"1 minut"},"schema":{"@context":"https:\/\/schema.org","@graph":[{"@type":"Article","@id":"https:\/\/www.sbhss.eu\/sv\/euroregion-baltic-traeffas-i-bryssel-intressanta-insikter-och-spaennande-framtidsplaner\/#article","isPartOf":{"@id":"https:\/\/www.sbhss.eu\/sv\/euroregion-baltic-traeffas-i-bryssel-intressanta-insikter-och-spaennande-framtidsplaner\/"},"author":{"name":"Sven Kast\u00f6","@id":"https:\/\/www.sbhss.eu\/#\/schema\/person\/b8d8eb4c1088a05ed50ecff9b2bf643f"},"headline":"Euroregion Baltic tr\u00e4ffas i Bryssel &#8211; intressanta insikter och sp\u00e4nnande framtidsplaner","datePublished":"2020-01-29T15:12:47+00:00","mainEntityOfPage":{"@id":"https:\/\/www.sbhss.eu\/sv\/euroregion-baltic-traeffas-i-bryssel-intressanta-insikter-och-spaennande-framtidsplaner\/"},"wordCount":236,"commentCount":0,"image":{"@id":"https:\/\/www.sbhss.eu\/sv\/euroregion-baltic-traeffas-i-bryssel-intressanta-insikter-och-spaennande-framtidsplaner\/#primaryimage"},"thumbnailUrl":"","articleSection":["Hem - Startsidan"],"inLanguage":"sv-SE"},{"@type":"WebPage","@id":"https:\/\/www.sbhss.eu\/sv\/euroregion-baltic-traeffas-i-bryssel-intressanta-insikter-och-spaennande-framtidsplaner\/","url":"https:\/\/www.sbhss.eu\/sv\/euroregion-baltic-traeffas-i-bryssel-intressanta-insikter-och-spaennande-framtidsplaner\/","name":"Euroregion Baltic tr\u00e4ffas i Bryssel - intressanta insikter och sp\u00e4nnande framtidsplaner - SBHSS","isPartOf":{"@id":"https:\/\/www.sbhss.eu\/#website"},"primaryImageOfPage":{"@id":"https:\/\/www.sbhss.eu\/sv\/euroregion-baltic-traeffas-i-bryssel-intressanta-insikter-och-spaennande-framtidsplaner\/#primaryimage"},"image":{"@id":"https:\/\/www.sbhss.eu\/sv\/euroregion-baltic-traeffas-i-bryssel-intressanta-insikter-och-spaennande-framtidsplaner\/#primaryimage"},"thumbnailUrl":"","datePublished":"2020-01-29T15:12:47+00:00","author":{"@id":"https:\/\/www.sbhss.eu\/#\/schema\/person\/b8d8eb4c1088a05ed50ecff9b2bf643f"},"breadcrumb":{"@id":"https:\/\/www.sbhss.eu\/sv\/euroregion-baltic-traeffas-i-bryssel-intressanta-insikter-och-spaennande-framtidsplaner\/#breadcrumb"},"inLanguage":"sv-SE","potentialAction":[{"@type":"ReadAction","target":["https:\/\/www.sbhss.eu\/sv\/euroregion-baltic-traeffas-i-bryssel-intressanta-insikter-och-spaennande-framtidsplaner\/"]}]},{"@type":"ImageObject","inLanguage":"sv-SE","@id":"https:\/\/www.sbhss.eu\/sv\/euroregion-baltic-traeffas-i-bryssel-intressanta-insikter-och-spaennande-framtidsplaner\/#primaryimage","url":"","contentUrl":""},{"@type":"BreadcrumbList","@id":"https:\/\/www.sbhss.eu\/sv\/euroregion-baltic-traeffas-i-bryssel-intressanta-insikter-och-spaennande-framtidsplaner\/#breadcrumb","itemListElement":[{"@type":"ListItem","position":1,"name":"Hem","item":"https:\/\/www.sbhss.eu\/sv\/"},{"@type":"ListItem","position":2,"name":"Euroregion Baltic tr\u00e4ffas i Bryssel &#8211; intressanta insikter och sp\u00e4nnande framtidsplaner"}]},{"@type":"WebSite","@id":"https:\/\/www.sbhss.eu\/#website","url":"https:\/\/www.sbhss.eu\/","name":"SBHSS","description":"","potentialAction":[{"@type":"SearchAction","target":{"@type":"EntryPoint","urlTemplate":"https:\/\/www.sbhss.eu\/?s={search_term_string}"},"query-input":{"@type":"PropertyValueSpecification","valueRequired":true,"valueName":"search_term_string"}}],"inLanguage":"sv-SE"},{"@type":"Person","@id":"https:\/\/www.sbhss.eu\/#\/schema\/person\/b8d8eb4c1088a05ed50ecff9b2bf643f","name":"Sven Kast\u00f6","image":{"@type":"ImageObject","inLanguage":"sv-SE","@id":"https:\/\/secure.gravatar.com\/avatar\/4ce3985fbe5a36073e6a0cbba2acaad0da794332aeb9a944eca4c7548361a263?s=96&d=mm&r=g","url":"https:\/\/secure.gravatar.com\/avatar\/4ce3985fbe5a36073e6a0cbba2acaad0da794332aeb9a944eca4c7548361a263?s=96&d=mm&r=g","contentUrl":"https:\/\/secure.gravatar.com\/avatar\/4ce3985fbe5a36073e6a0cbba2acaad0da794332aeb9a944eca4c7548361a263?s=96&d=mm&r=g","caption":"Sven Kast\u00f6"},"url":"https:\/\/www.sbhss.eu\/sv\/author\/sven-kastosbhss-eu\/"}]}},"_links":{"self":[{"href":"https:\/\/www.sbhss.eu\/sv\/wp-json\/wp\/v2\/posts\/1083","targetHints":{"allow":["GET"]}}],"collection":[{"href":"https:\/\/www.sbhss.eu\/sv\/wp-json\/wp\/v2\/posts"}],"about":[{"href":"https:\/\/www.sbhss.eu\/sv\/wp-json\/wp\/v2\/types\/post"}],"author":[{"embeddable":true,"href":"https:\/\/www.sbhss.eu\/sv\/wp-json\/wp\/v2\/users\/3"}],"replies":[{"embeddable":true,"href":"https:\/\/www.sbhss.eu\/sv\/wp-json\/wp\/v2\/comments?post=1083"}],"version-history":[{"count":0,"href":"https:\/\/www.sbhss.eu\/sv\/wp-json\/wp\/v2\/posts\/1083\/revisions"}],"wp:featuredmedia":[{"embeddable":true,"href":"https:\/\/www.sbhss.eu\/sv\/wp-json\/"}],"wp:attachment":[{"href":"https:\/\/www.sbhss.eu\/sv\/wp-json\/wp\/v2\/media?parent=1083"}],"wp:term":[{"taxonomy":"category","embeddable":true,"href":"https:\/\/www.sbhss.eu\/sv\/wp-json\/wp\/v2\/categories?post=1083"},{"taxonomy":"post_tag","embeddable":true,"href":"https:\/\/www.sbhss.eu\/sv\/wp-json\/wp\/v2\/tags?post=1083"}],"curies":[{"name":"wp","href":"https:\/\/api.w.org\/{rel}","templated":true}]}}