{"id":1087,"date":"2020-02-07T15:00:11","date_gmt":"2020-02-07T14:00:11","guid":{"rendered":"http:\/\/wp.sbhss.eu\/?p=1087"},"modified":"2020-02-07T15:00:11","modified_gmt":"2020-02-07T14:00:11","slug":"klimatet-digitalisering-och-ett-europa-som-straevar-efter-mer-viktiga-komponenter-i-eu-kommissionens-arbetsprogram-2020","status":"publish","type":"post","link":"https:\/\/www.sbhss.eu\/sv\/klimatet-digitalisering-och-ett-europa-som-straevar-efter-mer-viktiga-komponenter-i-eu-kommissionens-arbetsprogram-2020\/","title":{"rendered":"Klimatet, digitalisering och ett Europa som str\u00e4var efter mer &#8211; viktiga komponenter i EU-kommissionens arbetsprogram 2020."},"content":{"rendered":"<p>Kommissionens ordf\u00f6rande, Ursula Von der Leyen, har i b\u00f6rjan av \u00e5ret antagit arbetsprogrammet inf\u00f6r 2020, som ska f\u00f6rvandla kommissionens politiska riktlinjer till konkreta \u00e5tg\u00e4rder f\u00f6r europeiska medborgare, f\u00f6retag och samh\u00e4llen. H\u00f6gt upp p\u00e5 agendan \u00e4r klimatfr\u00e5gor, digitalisering och migration.&nbsp;&nbsp;<\/p>\n<p><!--more--><\/p>\n<p>Von der Leyen, som sedan december \u00e4r kommissionens nya ordf\u00f6rande, har presenterat arbetsprogrammet som kommer att pr\u00e4gla kommissionens arbete fram\u00f6ver. I samband med lanseringen av arbetsprogrammet kommenterade Von der Leyen: <em>\u201dDenna kommission har \u00e5tagit sig att ta itu med v\u00e5ra generella utmaningar som klimatf\u00f6r\u00e4ndringar, digitalisering och migration. Vi har \u00e5tagit oss att leverera till European Green Deal och att f\u00f6rb\u00e4ttra chansen f\u00f6r europeiska medborgare och f\u00f6retag i den digitala omvandlingen. Detta arbetsprogram kommer att hj\u00e4lpa till att bygga en union som str\u00e4var efter mer.\u201d<\/em><\/p>\n<p>De politiska riktlinjer som Von der Leyen har presenterat sammanfattas i sex olika prioriteringsomr\u00e5den:<\/p>\n<ul>\n<li>En europeisk gr\u00f6n giv<\/li>\n<li>Ett Europa rustat f\u00f6r den digitala tids\u00e5ldern<\/li>\n<li>En ekonomi f\u00f6r m\u00e4nniskor<\/li>\n<li>Ett starkare Europa i v\u00e4rlden<\/li>\n<li>En ny satsning p\u00e5 demokrati i Europa<\/li>\n<li>Fr\u00e4mjande av v\u00e5r europeiska livsstil<\/li>\n<\/ul>\n<p><strong>Den europeiska gr\u00f6na given<\/strong> ska bli EU:s nya tillv\u00e4xtstrategi, d\u00e4r klimat- och milj\u00f6\u00e5tg\u00e4rder ska integreras p\u00e5 alla omr\u00e5den. Initiativet syftar till att f\u00f6rankra klimatneutralitetsm\u00e5let f\u00f6r 2050 i lagstiftningen. Given ska skapa en \u201cklimatpakt\u201d d\u00e4r regioner, lokalsamh\u00e4llen, civilsamh\u00e4llet, skolor och industrier ska ing\u00e5 &#8211; vilket skapar ett ramverk av initiativ, lagstiftning och strategier som ska bidra till klimatm\u00e5len. En tillv\u00e4xtstrategi som fokuserar p\u00e5 klimatet kommer ocks\u00e5 bidra till \u00f6kad syssels\u00e4ttning och global konkurrenskraft, menar kommissionen.<\/p>\n<p>F\u00f6r att f\u00f6rbereda Europa inf\u00f6r morgondagens digitala utmaningar presenterar kommissionen <strong>ett Europa rustat f\u00f6r den digitala tids\u00e5ldern. <\/strong>I arbetsprogrammet presenteras b.la. ambitionen om en s\u00e4rskild strategi f\u00f6r sm\u00e5 och medelstora f\u00f6retag som ska st\u00f6tta f\u00f6retagare att l\u00e4ttare f\u00f6lja utvecklingen. Den digitala ekonomin \u00e4r en viktig komponent i Europa. Den nya datastrategin ska m\u00f6jligg\u00f6ra utveckling och anv\u00e4ndning av artificiell intelligens. Kommissionen hoppas p\u00e5 att kunna ta fram en vitbok f\u00f6r att kunna utnyttja teknologin med full respekt f\u00f6r europeiska v\u00e4rden och grundl\u00e4ggande r\u00e4ttigheter. \u00c4ven ny industristrategi ska st\u00e4rka den industriella kapaciteten och fr\u00e4mja innovation.<\/p>\n<p>Dessutom presenterar kommissionen id\u00e9er om ett starkt socialt Europa genom <strong>en ekonomi f\u00f6r m\u00e4nniskor<\/strong>. Europa har en unik, social marknadsekonomi och kommissionen vill vidta \u00e5tg\u00e4rder f\u00f6r att integrera ekonomin med den digitala \u00f6verg\u00e5ngen och klimatomst\u00e4llningen vi st\u00e5r inf\u00f6r. F\u00f6r att utveckla den europeiska pelaren f\u00f6r sociala r\u00e4ttigheter vill EU l\u00e4gga fram f\u00f6rslag om bl.a. r\u00e4ttvis minimil\u00f6n f\u00f6r arbetstagare samt initiativ f\u00f6r att s\u00e4kerst\u00e4lla r\u00e4ttvis och effektiv beskattning &#8211; samtidigt som medlemsl\u00e4ndernas egna traditioner ska respekteras.<\/p>\n<p>EU vill \u00e4ven st\u00e4rka sina samarbeten med grannl\u00e4nder i Afrika och p\u00e5 V\u00e4stra Balkan. D\u00e4rf\u00f6r ska kommissionen ta fram nya strategier f\u00f6r samarbete. F\u00f6rhandlingarna om anslutning till unionen med Albanien och Nordmakedonien ska forts\u00e4tta men processen ska ocks\u00e5 f\u00f6rb\u00e4ttras. Kommissionen str\u00e4var efter att st\u00e4rka sin geopolitiska roll &#8211; <strong>f\u00f6r ett starkare Europa i v\u00e4rlden<\/strong>.<\/p>\n<p>Kommissionen ska ocks\u00e5, tillsammans med \u00f6vriga EU-institutioner och partners, lansera en konferens om Europas framtid. Konferensen ska uppmuntra inv\u00e5narna att vara en del av EU:s arbete och \u00e5tg\u00e4rder. <strong>En ny satsning p\u00e5 demokrati i Europa<\/strong> g\u00f6rs genom att st\u00e4rka r\u00e4ttstatskulturen i EU, unders\u00f6ka hur Europas skiftande demografi p\u00e5verkar alla aspekter (allt fr\u00e5n syssels\u00e4ttning till folkh\u00e4lsa) och \u00e4ven presentera en j\u00e4mst\u00e4lldhetsstrategi.<\/p>\n<p>I den sista punkten tas solidaritet, j\u00e4mst\u00e4lldhet och r\u00e4ttvisa upp. Det \u00e4r v\u00e4rden som ska pr\u00e4gla Europa. Kommissionen vill, via arbetsprogrammet, v\u00e4rna dessa v\u00e4rden och p\u00e5 s\u00e5 vis <strong>fr\u00e4mja v\u00e5r europeiska livsstil<\/strong>. Ambitionen \u00e4r att skapa starka och sammanh\u00e5llna samh\u00e4llen. Mer konkret vill kommissionen ge st\u00f6d till medlemsl\u00e4nder f\u00f6r arbetet mot cancer, f\u00f6resl\u00e5 en ny strategi f\u00f6r en s\u00e4krare union och nya metoder f\u00f6r kompetensf\u00f6rs\u00f6rjning. EU vill investera mera f\u00f6r att unionen ska h\u00e4nga med i digitaliseringen men ocks\u00e5 den ekologiska omst\u00e4llningen. \u00c4ven en ny migrations- och asylpakt ska l\u00e4ggas fram &#8211; som \u00e4r en del av den reform som ska f\u00f6r\u00e4ndra asylpolitiken.<\/p>\n<p>F\u00f6r att dessa punkter ska kunna genomf\u00f6ras har kommissionen f\u00f6reslagit tillbakadragandet av 34 lagf\u00f6rslag som v\u00e4ntat beslut i Europaparlamentet och r\u00e5det. Detta sker n\u00e4r lagf\u00f6rslag inte st\u00e4mmer \u00f6verens med det nya ordf\u00f6randeskapets prioriteringar.<\/p>\n<p>&nbsp;<\/p>\n<p><a href=\"https:\/\/ec.europa.eu\/commission\/presscorner\/detail\/sv\/ip_20_124\" title=\"\">Klicka h\u00e4r<\/a> f\u00f6r&nbsp;att l\u00e4sa kommissionens pressmeddelande.<br \/>\n<a href=\"https:\/\/ec.europa.eu\/info\/sites\/info\/files\/cwp-2020-annex-4_en.pdf\" title=\"\">Klicka h\u00e4r<\/a> f\u00f6r att se listan \u00f6ver lagf\u00f6rslag som kommissionen f\u00f6resl\u00e5r att dra tillbaka.<br \/>\n<a href=\"https:\/\/ec.europa.eu\/info\/sites\/info\/files\/cwp-2020-annex-4_en.pdf\" title=\"\">Klicka h\u00e4r<\/a> f\u00f6r att se listan \u00f6ver lagf\u00f6rslag som kommissionen anser b\u00f6r ha h\u00f6g prioritet.<\/p>\n","protected":false},"excerpt":{"rendered":"<p>Kommissionens ordf\u00f6rande, Ursula Von der Leyen, har i b\u00f6rjan av \u00e5ret antagit arbetsprogrammet inf\u00f6r 2020, som ska f\u00f6rvandla kommissionens politiska riktlinjer till konkreta \u00e5tg\u00e4rder f\u00f6r europeiska medborgare, f\u00f6retag och samh\u00e4llen. H\u00f6gt upp p\u00e5 agendan \u00e4r klimatfr\u00e5gor, digitalisering och migration.&nbsp;&nbsp;<\/p>\n","protected":false},"author":3,"featured_media":0,"comment_status":"open","ping_status":"open","sticky":false,"template":"","format":"standard","meta":{"_acf_changed":false,"footnotes":""},"categories":[11],"tags":[],"class_list":["post-1087","post","type-post","status-publish","format-standard","hentry","category-hem"],"acf":[],"yoast_head":"<!-- This site is optimized with the Yoast SEO plugin v27.5 - https:\/\/yoast.com\/product\/yoast-seo-wordpress\/ -->\n<title>Klimatet, digitalisering och ett Europa som str\u00e4var efter mer - viktiga komponenter i EU-kommissionens arbetsprogram 2020. - SBHSS<\/title>\n<meta name=\"robots\" content=\"index, follow, max-snippet:-1, max-image-preview:large, max-video-preview:-1\" \/>\n<link rel=\"canonical\" href=\"https:\/\/www.sbhss.eu\/sv\/klimatet-digitalisering-och-ett-europa-som-straevar-efter-mer-viktiga-komponenter-i-eu-kommissionens-arbetsprogram-2020\/\" \/>\n<meta property=\"og:locale\" content=\"sv_SE\" \/>\n<meta property=\"og:type\" content=\"article\" \/>\n<meta property=\"og:title\" content=\"Klimatet, digitalisering och ett Europa som str\u00e4var efter mer - viktiga komponenter i EU-kommissionens arbetsprogram 2020. - SBHSS\" \/>\n<meta property=\"og:description\" content=\"Kommissionens ordf\u00f6rande, Ursula Von der Leyen, har i b\u00f6rjan av \u00e5ret antagit arbetsprogrammet inf\u00f6r 2020, som ska f\u00f6rvandla kommissionens politiska riktlinjer till konkreta \u00e5tg\u00e4rder f\u00f6r europeiska medborgare, f\u00f6retag och samh\u00e4llen. H\u00f6gt upp p\u00e5 agendan \u00e4r klimatfr\u00e5gor, digitalisering och migration.&nbsp;&nbsp;\" \/>\n<meta property=\"og:url\" content=\"https:\/\/www.sbhss.eu\/sv\/klimatet-digitalisering-och-ett-europa-som-straevar-efter-mer-viktiga-komponenter-i-eu-kommissionens-arbetsprogram-2020\/\" \/>\n<meta property=\"og:site_name\" content=\"SBHSS\" \/>\n<meta property=\"article:published_time\" content=\"2020-02-07T14:00:11+00:00\" \/>\n<meta name=\"author\" content=\"Sven Kast\u00f6\" \/>\n<meta name=\"twitter:card\" content=\"summary_large_image\" \/>\n<meta name=\"twitter:label1\" content=\"Skriven av\" \/>\n\t<meta name=\"twitter:data1\" content=\"Sven Kast\u00f6\" \/>\n\t<meta name=\"twitter:label2\" content=\"Ber\u00e4knad l\u00e4stid\" \/>\n\t<meta name=\"twitter:data2\" content=\"4 minuter\" \/>\n<script type=\"application\/ld+json\" class=\"yoast-schema-graph\">{\"@context\":\"https:\\\/\\\/schema.org\",\"@graph\":[{\"@type\":\"Article\",\"@id\":\"https:\\\/\\\/www.sbhss.eu\\\/sv\\\/klimatet-digitalisering-och-ett-europa-som-straevar-efter-mer-viktiga-komponenter-i-eu-kommissionens-arbetsprogram-2020\\\/#article\",\"isPartOf\":{\"@id\":\"https:\\\/\\\/www.sbhss.eu\\\/sv\\\/klimatet-digitalisering-och-ett-europa-som-straevar-efter-mer-viktiga-komponenter-i-eu-kommissionens-arbetsprogram-2020\\\/\"},\"author\":{\"name\":\"Sven Kast\u00f6\",\"@id\":\"https:\\\/\\\/www.sbhss.eu\\\/#\\\/schema\\\/person\\\/b8d8eb4c1088a05ed50ecff9b2bf643f\"},\"headline\":\"Klimatet, digitalisering och ett Europa som str\u00e4var efter mer &#8211; viktiga komponenter i EU-kommissionens arbetsprogram 2020.\",\"datePublished\":\"2020-02-07T14:00:11+00:00\",\"mainEntityOfPage\":{\"@id\":\"https:\\\/\\\/www.sbhss.eu\\\/sv\\\/klimatet-digitalisering-och-ett-europa-som-straevar-efter-mer-viktiga-komponenter-i-eu-kommissionens-arbetsprogram-2020\\\/\"},\"wordCount\":883,\"commentCount\":0,\"articleSection\":[\"Hem - Startsidan\"],\"inLanguage\":\"sv-SE\"},{\"@type\":\"WebPage\",\"@id\":\"https:\\\/\\\/www.sbhss.eu\\\/sv\\\/klimatet-digitalisering-och-ett-europa-som-straevar-efter-mer-viktiga-komponenter-i-eu-kommissionens-arbetsprogram-2020\\\/\",\"url\":\"https:\\\/\\\/www.sbhss.eu\\\/sv\\\/klimatet-digitalisering-och-ett-europa-som-straevar-efter-mer-viktiga-komponenter-i-eu-kommissionens-arbetsprogram-2020\\\/\",\"name\":\"Klimatet, digitalisering och ett Europa som str\u00e4var efter mer - viktiga komponenter i EU-kommissionens arbetsprogram 2020. - SBHSS\",\"isPartOf\":{\"@id\":\"https:\\\/\\\/www.sbhss.eu\\\/#website\"},\"datePublished\":\"2020-02-07T14:00:11+00:00\",\"author\":{\"@id\":\"https:\\\/\\\/www.sbhss.eu\\\/#\\\/schema\\\/person\\\/b8d8eb4c1088a05ed50ecff9b2bf643f\"},\"breadcrumb\":{\"@id\":\"https:\\\/\\\/www.sbhss.eu\\\/sv\\\/klimatet-digitalisering-och-ett-europa-som-straevar-efter-mer-viktiga-komponenter-i-eu-kommissionens-arbetsprogram-2020\\\/#breadcrumb\"},\"inLanguage\":\"sv-SE\",\"potentialAction\":[{\"@type\":\"ReadAction\",\"target\":[\"https:\\\/\\\/www.sbhss.eu\\\/sv\\\/klimatet-digitalisering-och-ett-europa-som-straevar-efter-mer-viktiga-komponenter-i-eu-kommissionens-arbetsprogram-2020\\\/\"]}]},{\"@type\":\"BreadcrumbList\",\"@id\":\"https:\\\/\\\/www.sbhss.eu\\\/sv\\\/klimatet-digitalisering-och-ett-europa-som-straevar-efter-mer-viktiga-komponenter-i-eu-kommissionens-arbetsprogram-2020\\\/#breadcrumb\",\"itemListElement\":[{\"@type\":\"ListItem\",\"position\":1,\"name\":\"Hem\",\"item\":\"https:\\\/\\\/www.sbhss.eu\\\/sv\\\/\"},{\"@type\":\"ListItem\",\"position\":2,\"name\":\"Klimatet, digitalisering och ett Europa som str\u00e4var efter mer &#8211; viktiga komponenter i EU-kommissionens arbetsprogram 2020.\"}]},{\"@type\":\"WebSite\",\"@id\":\"https:\\\/\\\/www.sbhss.eu\\\/#website\",\"url\":\"https:\\\/\\\/www.sbhss.eu\\\/\",\"name\":\"SBHSS\",\"description\":\"\",\"potentialAction\":[{\"@type\":\"SearchAction\",\"target\":{\"@type\":\"EntryPoint\",\"urlTemplate\":\"https:\\\/\\\/www.sbhss.eu\\\/?s={search_term_string}\"},\"query-input\":{\"@type\":\"PropertyValueSpecification\",\"valueRequired\":true,\"valueName\":\"search_term_string\"}}],\"inLanguage\":\"sv-SE\"},{\"@type\":\"Person\",\"@id\":\"https:\\\/\\\/www.sbhss.eu\\\/#\\\/schema\\\/person\\\/b8d8eb4c1088a05ed50ecff9b2bf643f\",\"name\":\"Sven Kast\u00f6\",\"image\":{\"@type\":\"ImageObject\",\"inLanguage\":\"sv-SE\",\"@id\":\"https:\\\/\\\/secure.gravatar.com\\\/avatar\\\/4ce3985fbe5a36073e6a0cbba2acaad0da794332aeb9a944eca4c7548361a263?s=96&d=mm&r=g\",\"url\":\"https:\\\/\\\/secure.gravatar.com\\\/avatar\\\/4ce3985fbe5a36073e6a0cbba2acaad0da794332aeb9a944eca4c7548361a263?s=96&d=mm&r=g\",\"contentUrl\":\"https:\\\/\\\/secure.gravatar.com\\\/avatar\\\/4ce3985fbe5a36073e6a0cbba2acaad0da794332aeb9a944eca4c7548361a263?s=96&d=mm&r=g\",\"caption\":\"Sven Kast\u00f6\"},\"url\":\"https:\\\/\\\/www.sbhss.eu\\\/sv\\\/author\\\/sven-kastosbhss-eu\\\/\"}]}<\/script>\n<!-- \/ Yoast SEO plugin. -->","yoast_head_json":{"title":"Klimatet, digitalisering och ett Europa som str\u00e4var efter mer - viktiga komponenter i EU-kommissionens arbetsprogram 2020. - SBHSS","robots":{"index":"index","follow":"follow","max-snippet":"max-snippet:-1","max-image-preview":"max-image-preview:large","max-video-preview":"max-video-preview:-1"},"canonical":"https:\/\/www.sbhss.eu\/sv\/klimatet-digitalisering-och-ett-europa-som-straevar-efter-mer-viktiga-komponenter-i-eu-kommissionens-arbetsprogram-2020\/","og_locale":"sv_SE","og_type":"article","og_title":"Klimatet, digitalisering och ett Europa som str\u00e4var efter mer - viktiga komponenter i EU-kommissionens arbetsprogram 2020. - SBHSS","og_description":"Kommissionens ordf\u00f6rande, Ursula Von der Leyen, har i b\u00f6rjan av \u00e5ret antagit arbetsprogrammet inf\u00f6r 2020, som ska f\u00f6rvandla kommissionens politiska riktlinjer till konkreta \u00e5tg\u00e4rder f\u00f6r europeiska medborgare, f\u00f6retag och samh\u00e4llen. H\u00f6gt upp p\u00e5 agendan \u00e4r klimatfr\u00e5gor, digitalisering och migration.&nbsp;&nbsp;","og_url":"https:\/\/www.sbhss.eu\/sv\/klimatet-digitalisering-och-ett-europa-som-straevar-efter-mer-viktiga-komponenter-i-eu-kommissionens-arbetsprogram-2020\/","og_site_name":"SBHSS","article_published_time":"2020-02-07T14:00:11+00:00","author":"Sven Kast\u00f6","twitter_card":"summary_large_image","twitter_misc":{"Skriven av":"Sven Kast\u00f6","Ber\u00e4knad l\u00e4stid":"4 minuter"},"schema":{"@context":"https:\/\/schema.org","@graph":[{"@type":"Article","@id":"https:\/\/www.sbhss.eu\/sv\/klimatet-digitalisering-och-ett-europa-som-straevar-efter-mer-viktiga-komponenter-i-eu-kommissionens-arbetsprogram-2020\/#article","isPartOf":{"@id":"https:\/\/www.sbhss.eu\/sv\/klimatet-digitalisering-och-ett-europa-som-straevar-efter-mer-viktiga-komponenter-i-eu-kommissionens-arbetsprogram-2020\/"},"author":{"name":"Sven Kast\u00f6","@id":"https:\/\/www.sbhss.eu\/#\/schema\/person\/b8d8eb4c1088a05ed50ecff9b2bf643f"},"headline":"Klimatet, digitalisering och ett Europa som str\u00e4var efter mer &#8211; viktiga komponenter i EU-kommissionens arbetsprogram 2020.","datePublished":"2020-02-07T14:00:11+00:00","mainEntityOfPage":{"@id":"https:\/\/www.sbhss.eu\/sv\/klimatet-digitalisering-och-ett-europa-som-straevar-efter-mer-viktiga-komponenter-i-eu-kommissionens-arbetsprogram-2020\/"},"wordCount":883,"commentCount":0,"articleSection":["Hem - Startsidan"],"inLanguage":"sv-SE"},{"@type":"WebPage","@id":"https:\/\/www.sbhss.eu\/sv\/klimatet-digitalisering-och-ett-europa-som-straevar-efter-mer-viktiga-komponenter-i-eu-kommissionens-arbetsprogram-2020\/","url":"https:\/\/www.sbhss.eu\/sv\/klimatet-digitalisering-och-ett-europa-som-straevar-efter-mer-viktiga-komponenter-i-eu-kommissionens-arbetsprogram-2020\/","name":"Klimatet, digitalisering och ett Europa som str\u00e4var efter mer - viktiga komponenter i EU-kommissionens arbetsprogram 2020. - SBHSS","isPartOf":{"@id":"https:\/\/www.sbhss.eu\/#website"},"datePublished":"2020-02-07T14:00:11+00:00","author":{"@id":"https:\/\/www.sbhss.eu\/#\/schema\/person\/b8d8eb4c1088a05ed50ecff9b2bf643f"},"breadcrumb":{"@id":"https:\/\/www.sbhss.eu\/sv\/klimatet-digitalisering-och-ett-europa-som-straevar-efter-mer-viktiga-komponenter-i-eu-kommissionens-arbetsprogram-2020\/#breadcrumb"},"inLanguage":"sv-SE","potentialAction":[{"@type":"ReadAction","target":["https:\/\/www.sbhss.eu\/sv\/klimatet-digitalisering-och-ett-europa-som-straevar-efter-mer-viktiga-komponenter-i-eu-kommissionens-arbetsprogram-2020\/"]}]},{"@type":"BreadcrumbList","@id":"https:\/\/www.sbhss.eu\/sv\/klimatet-digitalisering-och-ett-europa-som-straevar-efter-mer-viktiga-komponenter-i-eu-kommissionens-arbetsprogram-2020\/#breadcrumb","itemListElement":[{"@type":"ListItem","position":1,"name":"Hem","item":"https:\/\/www.sbhss.eu\/sv\/"},{"@type":"ListItem","position":2,"name":"Klimatet, digitalisering och ett Europa som str\u00e4var efter mer &#8211; viktiga komponenter i EU-kommissionens arbetsprogram 2020."}]},{"@type":"WebSite","@id":"https:\/\/www.sbhss.eu\/#website","url":"https:\/\/www.sbhss.eu\/","name":"SBHSS","description":"","potentialAction":[{"@type":"SearchAction","target":{"@type":"EntryPoint","urlTemplate":"https:\/\/www.sbhss.eu\/?s={search_term_string}"},"query-input":{"@type":"PropertyValueSpecification","valueRequired":true,"valueName":"search_term_string"}}],"inLanguage":"sv-SE"},{"@type":"Person","@id":"https:\/\/www.sbhss.eu\/#\/schema\/person\/b8d8eb4c1088a05ed50ecff9b2bf643f","name":"Sven Kast\u00f6","image":{"@type":"ImageObject","inLanguage":"sv-SE","@id":"https:\/\/secure.gravatar.com\/avatar\/4ce3985fbe5a36073e6a0cbba2acaad0da794332aeb9a944eca4c7548361a263?s=96&d=mm&r=g","url":"https:\/\/secure.gravatar.com\/avatar\/4ce3985fbe5a36073e6a0cbba2acaad0da794332aeb9a944eca4c7548361a263?s=96&d=mm&r=g","contentUrl":"https:\/\/secure.gravatar.com\/avatar\/4ce3985fbe5a36073e6a0cbba2acaad0da794332aeb9a944eca4c7548361a263?s=96&d=mm&r=g","caption":"Sven Kast\u00f6"},"url":"https:\/\/www.sbhss.eu\/sv\/author\/sven-kastosbhss-eu\/"}]}},"_links":{"self":[{"href":"https:\/\/www.sbhss.eu\/sv\/wp-json\/wp\/v2\/posts\/1087","targetHints":{"allow":["GET"]}}],"collection":[{"href":"https:\/\/www.sbhss.eu\/sv\/wp-json\/wp\/v2\/posts"}],"about":[{"href":"https:\/\/www.sbhss.eu\/sv\/wp-json\/wp\/v2\/types\/post"}],"author":[{"embeddable":true,"href":"https:\/\/www.sbhss.eu\/sv\/wp-json\/wp\/v2\/users\/3"}],"replies":[{"embeddable":true,"href":"https:\/\/www.sbhss.eu\/sv\/wp-json\/wp\/v2\/comments?post=1087"}],"version-history":[{"count":0,"href":"https:\/\/www.sbhss.eu\/sv\/wp-json\/wp\/v2\/posts\/1087\/revisions"}],"wp:attachment":[{"href":"https:\/\/www.sbhss.eu\/sv\/wp-json\/wp\/v2\/media?parent=1087"}],"wp:term":[{"taxonomy":"category","embeddable":true,"href":"https:\/\/www.sbhss.eu\/sv\/wp-json\/wp\/v2\/categories?post=1087"},{"taxonomy":"post_tag","embeddable":true,"href":"https:\/\/www.sbhss.eu\/sv\/wp-json\/wp\/v2\/tags?post=1087"}],"curies":[{"name":"wp","href":"https:\/\/api.w.org\/{rel}","templated":true}]}}