{"id":1092,"date":"2020-02-14T15:38:50","date_gmt":"2020-02-14T14:38:50","guid":{"rendered":"http:\/\/wp.sbhss.eu\/?p=1092"},"modified":"2020-02-14T15:38:50","modified_gmt":"2020-02-14T14:38:50","slug":"priser-och-utmaerkelser-foerdelar-med-att-ansoeka-om-eu-utmaerkelser-foer-smaland-blekinge-halland","status":"publish","type":"post","link":"https:\/\/www.sbhss.eu\/sv\/priser-och-utmaerkelser-foerdelar-med-att-ansoeka-om-eu-utmaerkelser-foer-smaland-blekinge-halland\/","title":{"rendered":"Priser och utm\u00e4rkelser &#8211; f\u00f6rdelar med att ans\u00f6ka om EU utm\u00e4rkelser f\u00f6r Sm\u00e5land-Blekinge-Halland."},"content":{"rendered":"<p>Varje \u00e5r tilldelas lokala och regionala akt\u00f6rer utm\u00e4rkelser f\u00f6r insatser som har bidragit till regional men \u00e4ven europeisk utveckling inom olika tematiska omr\u00e5den. Sm\u00e5land-Blekinge-Hallands medlemmar har goda m\u00f6jligheter att konkurrera om europeiska utm\u00e4rkelser. Att titulera sig som Europas \u201cexempel\u201d kan bland annat bidra till ytterligare regional (eller kommunal) kraftsamling&nbsp;inom omr\u00e5det och europeisk marknadsf\u00f6ring. Vi har d\u00e4rf\u00f6r tagit en&nbsp;n\u00e4rmare titt p\u00e5 vilka utm\u00e4rkelser som skulle kunna vara intressanta f\u00f6r&nbsp;kommuner och regioner i Sm\u00e5land-Blekinge-Halland &#8211; lycka till!<\/p>\n<p><!--more--><\/p>\n<p><meta charset=\"utf-8\" \/><b id=\"docs-internal-guid-c85cd279-7fff-5536-8edf-31ae27028505\"><\/b><\/p>\n<p dir=\"ltr\"><b id=\"docs-internal-guid-c85cd279-7fff-5536-8edf-31ae27028505\"><\/b><\/p>\n<p>Den europeiska arenan erbjuder regioner flera olika priser att ans\u00f6ka om. Regioner som med hj\u00e4lp av EU-medel utvecklat s\u00e4rskilda projekt som syftar till att \u00f6ka tillv\u00e4xten och v\u00e4lst\u00e5ndet (p\u00e5 en regional, nationell och\/eller europeisk niv\u00e5) har m\u00f6jlighet att ans\u00f6ka om pris f\u00f6r sin insats.<\/p>\n<p>Att vinna en utm\u00e4rkelse ger regionen\/staden god marknadsf\u00f6ring p\u00e5 den europeiska arenan. Nya m\u00f6jligheter kan \u00f6ppnas f\u00f6r att ytterligare st\u00e4rka den inomregionala kapaciteten och tillv\u00e4xten. Initiativ som blir nominerade&nbsp;f\u00e5r st\u00f6rre chans till att hitta v\u00e4rdefulla kontakter, partnerskap och \u00e4ven f\u00e5 ett st\u00f6rre medialt intresse vilket kan bidra till ytterligare n\u00e4tverksm\u00f6jligheter, \u00e4ven om man inte tar hem f\u00f6rstaplatsen. Europeiska utm\u00e4rkelser kan anv\u00e4ndas i marknadsf\u00f6ringssyfte och bidra till regionens egen kraftsamling inom omr\u00e5det, vilket ocks\u00e5 kan bidra till att uppn\u00e5 de m\u00e5l och ambitioner som framf\u00f6rs i de l\u00e4nsspecifika dokumenten.<\/p>\n<p>N\u00e4r det kommer till ans\u00f6kan, handlar det inte om att hitta p\u00e5 hjulet p\u00e5 nytt, utan att anv\u00e4nda redan befintliga strategier. SBH:s medlemmar h\u00e5ller h\u00f6g europeisk klass inom flera omr\u00e5den, en befintlig strategi eller genomf\u00f6rt projekt, kan anv\u00e4ndas som underlag f\u00f6r en eller flera ans\u00f6kningar. F\u00f6r att \u00f6ka sin chans till att vinna ett pris m\u00e5ste regionen visa p\u00e5 vilket s\u00e4tt de bidragit till ett merv\u00e4rde f\u00f6r EU genom sitt projekt. Brysselkontoret kan hj\u00e4lpa till med att kartl\u00e4gga och upplysa om de priser och utm\u00e4rkelser som finns att s\u00f6ka men ocks\u00e5 assistera med skrivningar och s\u00e4rskilda formuleringar g\u00e4llande kopplingen till EU.<\/p>\n<p>&nbsp;<\/p>\n<p dir=\"ltr\"><b id=\"docs-internal-guid-c85cd279-7fff-5536-8edf-31ae27028505\"><\/b><\/p>\n<p>Klicka nedan f\u00f6r mer information samt ett par exempel av de priser som kan vara av intresse att s\u00f6ka.<\/p>\n<p><a href=\"https:\/\/www.sbhss.eu\/wp-content\/uploads\/2020\/02\/Awards-sammanstllning-21-10-17.pdf\" target=\"\" rel=\"noopener\">KLICKA H\u00c4R<\/a><\/p>\n","protected":false},"excerpt":{"rendered":"<p>Varje \u00e5r tilldelas lokala och regionala akt\u00f6rer utm\u00e4rkelser f\u00f6r insatser som har bidragit till regional men \u00e4ven europeisk utveckling inom olika tematiska omr\u00e5den. Sm\u00e5land-Blekinge-Hallands medlemmar har goda m\u00f6jligheter att konkurrera om europeiska utm\u00e4rkelser. Att titulera sig som Europas \u201cexempel\u201d kan bland annat bidra till ytterligare regional (eller kommunal) kraftsamling&nbsp;inom omr\u00e5det och europeisk marknadsf\u00f6ring. Vi har [&hellip;]<\/p>\n","protected":false},"author":3,"featured_media":0,"comment_status":"open","ping_status":"open","sticky":false,"template":"","format":"standard","meta":{"_acf_changed":false,"footnotes":""},"categories":[11],"tags":[],"class_list":["post-1092","post","type-post","status-publish","format-standard","hentry","category-hem"],"acf":[],"yoast_head":"<!-- This site is optimized with the Yoast SEO plugin v27.2 - https:\/\/yoast.com\/product\/yoast-seo-wordpress\/ -->\n<title>Priser och utm\u00e4rkelser - f\u00f6rdelar med att ans\u00f6ka om EU utm\u00e4rkelser f\u00f6r Sm\u00e5land-Blekinge-Halland. - SBHSS<\/title>\n<meta name=\"robots\" content=\"index, follow, max-snippet:-1, max-image-preview:large, max-video-preview:-1\" \/>\n<link rel=\"canonical\" href=\"https:\/\/www.sbhss.eu\/sv\/priser-och-utmaerkelser-foerdelar-med-att-ansoeka-om-eu-utmaerkelser-foer-smaland-blekinge-halland\/\" \/>\n<meta property=\"og:locale\" content=\"sv_SE\" \/>\n<meta property=\"og:type\" content=\"article\" \/>\n<meta property=\"og:title\" content=\"Priser och utm\u00e4rkelser - f\u00f6rdelar med att ans\u00f6ka om EU utm\u00e4rkelser f\u00f6r Sm\u00e5land-Blekinge-Halland. - SBHSS\" \/>\n<meta property=\"og:description\" content=\"Varje \u00e5r tilldelas lokala och regionala akt\u00f6rer utm\u00e4rkelser f\u00f6r insatser som har bidragit till regional men \u00e4ven europeisk utveckling inom olika tematiska omr\u00e5den. Sm\u00e5land-Blekinge-Hallands medlemmar har goda m\u00f6jligheter att konkurrera om europeiska utm\u00e4rkelser. Att titulera sig som Europas \u201cexempel\u201d kan bland annat bidra till ytterligare regional (eller kommunal) kraftsamling&nbsp;inom omr\u00e5det och europeisk marknadsf\u00f6ring. Vi har [&hellip;]\" \/>\n<meta property=\"og:url\" content=\"https:\/\/www.sbhss.eu\/sv\/priser-och-utmaerkelser-foerdelar-med-att-ansoeka-om-eu-utmaerkelser-foer-smaland-blekinge-halland\/\" \/>\n<meta property=\"og:site_name\" content=\"SBHSS\" \/>\n<meta property=\"article:published_time\" content=\"2020-02-14T14:38:50+00:00\" \/>\n<meta name=\"author\" content=\"Sven Kast\u00f6\" \/>\n<meta name=\"twitter:card\" content=\"summary_large_image\" \/>\n<meta name=\"twitter:label1\" content=\"Skriven av\" \/>\n\t<meta name=\"twitter:data1\" content=\"Sven Kast\u00f6\" \/>\n\t<meta name=\"twitter:label2\" content=\"Ber\u00e4knad l\u00e4stid\" \/>\n\t<meta name=\"twitter:data2\" content=\"2 minuter\" \/>\n<script type=\"application\/ld+json\" class=\"yoast-schema-graph\">{\"@context\":\"https:\/\/schema.org\",\"@graph\":[{\"@type\":\"Article\",\"@id\":\"https:\/\/www.sbhss.eu\/sv\/priser-och-utmaerkelser-foerdelar-med-att-ansoeka-om-eu-utmaerkelser-foer-smaland-blekinge-halland\/#article\",\"isPartOf\":{\"@id\":\"https:\/\/www.sbhss.eu\/sv\/priser-och-utmaerkelser-foerdelar-med-att-ansoeka-om-eu-utmaerkelser-foer-smaland-blekinge-halland\/\"},\"author\":{\"name\":\"Sven Kast\u00f6\",\"@id\":\"https:\/\/www.sbhss.eu\/#\/schema\/person\/b8d8eb4c1088a05ed50ecff9b2bf643f\"},\"headline\":\"Priser och utm\u00e4rkelser &#8211; f\u00f6rdelar med att ans\u00f6ka om EU utm\u00e4rkelser f\u00f6r Sm\u00e5land-Blekinge-Halland.\",\"datePublished\":\"2020-02-14T14:38:50+00:00\",\"mainEntityOfPage\":{\"@id\":\"https:\/\/www.sbhss.eu\/sv\/priser-och-utmaerkelser-foerdelar-med-att-ansoeka-om-eu-utmaerkelser-foer-smaland-blekinge-halland\/\"},\"wordCount\":428,\"commentCount\":0,\"articleSection\":[\"Hem - Startsidan\"],\"inLanguage\":\"sv-SE\"},{\"@type\":\"WebPage\",\"@id\":\"https:\/\/www.sbhss.eu\/sv\/priser-och-utmaerkelser-foerdelar-med-att-ansoeka-om-eu-utmaerkelser-foer-smaland-blekinge-halland\/\",\"url\":\"https:\/\/www.sbhss.eu\/sv\/priser-och-utmaerkelser-foerdelar-med-att-ansoeka-om-eu-utmaerkelser-foer-smaland-blekinge-halland\/\",\"name\":\"Priser och utm\u00e4rkelser - f\u00f6rdelar med att ans\u00f6ka om EU utm\u00e4rkelser f\u00f6r Sm\u00e5land-Blekinge-Halland. - SBHSS\",\"isPartOf\":{\"@id\":\"https:\/\/www.sbhss.eu\/#website\"},\"datePublished\":\"2020-02-14T14:38:50+00:00\",\"author\":{\"@id\":\"https:\/\/www.sbhss.eu\/#\/schema\/person\/b8d8eb4c1088a05ed50ecff9b2bf643f\"},\"breadcrumb\":{\"@id\":\"https:\/\/www.sbhss.eu\/sv\/priser-och-utmaerkelser-foerdelar-med-att-ansoeka-om-eu-utmaerkelser-foer-smaland-blekinge-halland\/#breadcrumb\"},\"inLanguage\":\"sv-SE\",\"potentialAction\":[{\"@type\":\"ReadAction\",\"target\":[\"https:\/\/www.sbhss.eu\/sv\/priser-och-utmaerkelser-foerdelar-med-att-ansoeka-om-eu-utmaerkelser-foer-smaland-blekinge-halland\/\"]}]},{\"@type\":\"BreadcrumbList\",\"@id\":\"https:\/\/www.sbhss.eu\/sv\/priser-och-utmaerkelser-foerdelar-med-att-ansoeka-om-eu-utmaerkelser-foer-smaland-blekinge-halland\/#breadcrumb\",\"itemListElement\":[{\"@type\":\"ListItem\",\"position\":1,\"name\":\"Hem\",\"item\":\"https:\/\/www.sbhss.eu\/sv\/\"},{\"@type\":\"ListItem\",\"position\":2,\"name\":\"Priser och utm\u00e4rkelser &#8211; f\u00f6rdelar med att ans\u00f6ka om EU utm\u00e4rkelser f\u00f6r Sm\u00e5land-Blekinge-Halland.\"}]},{\"@type\":\"WebSite\",\"@id\":\"https:\/\/www.sbhss.eu\/#website\",\"url\":\"https:\/\/www.sbhss.eu\/\",\"name\":\"SBHSS\",\"description\":\"\",\"potentialAction\":[{\"@type\":\"SearchAction\",\"target\":{\"@type\":\"EntryPoint\",\"urlTemplate\":\"https:\/\/www.sbhss.eu\/?s={search_term_string}\"},\"query-input\":{\"@type\":\"PropertyValueSpecification\",\"valueRequired\":true,\"valueName\":\"search_term_string\"}}],\"inLanguage\":\"sv-SE\"},{\"@type\":\"Person\",\"@id\":\"https:\/\/www.sbhss.eu\/#\/schema\/person\/b8d8eb4c1088a05ed50ecff9b2bf643f\",\"name\":\"Sven Kast\u00f6\",\"image\":{\"@type\":\"ImageObject\",\"inLanguage\":\"sv-SE\",\"@id\":\"https:\/\/secure.gravatar.com\/avatar\/4ce3985fbe5a36073e6a0cbba2acaad0da794332aeb9a944eca4c7548361a263?s=96&d=mm&r=g\",\"url\":\"https:\/\/secure.gravatar.com\/avatar\/4ce3985fbe5a36073e6a0cbba2acaad0da794332aeb9a944eca4c7548361a263?s=96&d=mm&r=g\",\"contentUrl\":\"https:\/\/secure.gravatar.com\/avatar\/4ce3985fbe5a36073e6a0cbba2acaad0da794332aeb9a944eca4c7548361a263?s=96&d=mm&r=g\",\"caption\":\"Sven Kast\u00f6\"},\"url\":\"https:\/\/www.sbhss.eu\/sv\/author\/sven-kastosbhss-eu\/\"}]}<\/script>\n<!-- \/ Yoast SEO plugin. -->","yoast_head_json":{"title":"Priser och utm\u00e4rkelser - f\u00f6rdelar med att ans\u00f6ka om EU utm\u00e4rkelser f\u00f6r Sm\u00e5land-Blekinge-Halland. - SBHSS","robots":{"index":"index","follow":"follow","max-snippet":"max-snippet:-1","max-image-preview":"max-image-preview:large","max-video-preview":"max-video-preview:-1"},"canonical":"https:\/\/www.sbhss.eu\/sv\/priser-och-utmaerkelser-foerdelar-med-att-ansoeka-om-eu-utmaerkelser-foer-smaland-blekinge-halland\/","og_locale":"sv_SE","og_type":"article","og_title":"Priser och utm\u00e4rkelser - f\u00f6rdelar med att ans\u00f6ka om EU utm\u00e4rkelser f\u00f6r Sm\u00e5land-Blekinge-Halland. - SBHSS","og_description":"Varje \u00e5r tilldelas lokala och regionala akt\u00f6rer utm\u00e4rkelser f\u00f6r insatser som har bidragit till regional men \u00e4ven europeisk utveckling inom olika tematiska omr\u00e5den. Sm\u00e5land-Blekinge-Hallands medlemmar har goda m\u00f6jligheter att konkurrera om europeiska utm\u00e4rkelser. Att titulera sig som Europas \u201cexempel\u201d kan bland annat bidra till ytterligare regional (eller kommunal) kraftsamling&nbsp;inom omr\u00e5det och europeisk marknadsf\u00f6ring. Vi har [&hellip;]","og_url":"https:\/\/www.sbhss.eu\/sv\/priser-och-utmaerkelser-foerdelar-med-att-ansoeka-om-eu-utmaerkelser-foer-smaland-blekinge-halland\/","og_site_name":"SBHSS","article_published_time":"2020-02-14T14:38:50+00:00","author":"Sven Kast\u00f6","twitter_card":"summary_large_image","twitter_misc":{"Skriven av":"Sven Kast\u00f6","Ber\u00e4knad l\u00e4stid":"2 minuter"},"schema":{"@context":"https:\/\/schema.org","@graph":[{"@type":"Article","@id":"https:\/\/www.sbhss.eu\/sv\/priser-och-utmaerkelser-foerdelar-med-att-ansoeka-om-eu-utmaerkelser-foer-smaland-blekinge-halland\/#article","isPartOf":{"@id":"https:\/\/www.sbhss.eu\/sv\/priser-och-utmaerkelser-foerdelar-med-att-ansoeka-om-eu-utmaerkelser-foer-smaland-blekinge-halland\/"},"author":{"name":"Sven Kast\u00f6","@id":"https:\/\/www.sbhss.eu\/#\/schema\/person\/b8d8eb4c1088a05ed50ecff9b2bf643f"},"headline":"Priser och utm\u00e4rkelser &#8211; f\u00f6rdelar med att ans\u00f6ka om EU utm\u00e4rkelser f\u00f6r Sm\u00e5land-Blekinge-Halland.","datePublished":"2020-02-14T14:38:50+00:00","mainEntityOfPage":{"@id":"https:\/\/www.sbhss.eu\/sv\/priser-och-utmaerkelser-foerdelar-med-att-ansoeka-om-eu-utmaerkelser-foer-smaland-blekinge-halland\/"},"wordCount":428,"commentCount":0,"articleSection":["Hem - Startsidan"],"inLanguage":"sv-SE"},{"@type":"WebPage","@id":"https:\/\/www.sbhss.eu\/sv\/priser-och-utmaerkelser-foerdelar-med-att-ansoeka-om-eu-utmaerkelser-foer-smaland-blekinge-halland\/","url":"https:\/\/www.sbhss.eu\/sv\/priser-och-utmaerkelser-foerdelar-med-att-ansoeka-om-eu-utmaerkelser-foer-smaland-blekinge-halland\/","name":"Priser och utm\u00e4rkelser - f\u00f6rdelar med att ans\u00f6ka om EU utm\u00e4rkelser f\u00f6r Sm\u00e5land-Blekinge-Halland. - SBHSS","isPartOf":{"@id":"https:\/\/www.sbhss.eu\/#website"},"datePublished":"2020-02-14T14:38:50+00:00","author":{"@id":"https:\/\/www.sbhss.eu\/#\/schema\/person\/b8d8eb4c1088a05ed50ecff9b2bf643f"},"breadcrumb":{"@id":"https:\/\/www.sbhss.eu\/sv\/priser-och-utmaerkelser-foerdelar-med-att-ansoeka-om-eu-utmaerkelser-foer-smaland-blekinge-halland\/#breadcrumb"},"inLanguage":"sv-SE","potentialAction":[{"@type":"ReadAction","target":["https:\/\/www.sbhss.eu\/sv\/priser-och-utmaerkelser-foerdelar-med-att-ansoeka-om-eu-utmaerkelser-foer-smaland-blekinge-halland\/"]}]},{"@type":"BreadcrumbList","@id":"https:\/\/www.sbhss.eu\/sv\/priser-och-utmaerkelser-foerdelar-med-att-ansoeka-om-eu-utmaerkelser-foer-smaland-blekinge-halland\/#breadcrumb","itemListElement":[{"@type":"ListItem","position":1,"name":"Hem","item":"https:\/\/www.sbhss.eu\/sv\/"},{"@type":"ListItem","position":2,"name":"Priser och utm\u00e4rkelser &#8211; f\u00f6rdelar med att ans\u00f6ka om EU utm\u00e4rkelser f\u00f6r Sm\u00e5land-Blekinge-Halland."}]},{"@type":"WebSite","@id":"https:\/\/www.sbhss.eu\/#website","url":"https:\/\/www.sbhss.eu\/","name":"SBHSS","description":"","potentialAction":[{"@type":"SearchAction","target":{"@type":"EntryPoint","urlTemplate":"https:\/\/www.sbhss.eu\/?s={search_term_string}"},"query-input":{"@type":"PropertyValueSpecification","valueRequired":true,"valueName":"search_term_string"}}],"inLanguage":"sv-SE"},{"@type":"Person","@id":"https:\/\/www.sbhss.eu\/#\/schema\/person\/b8d8eb4c1088a05ed50ecff9b2bf643f","name":"Sven Kast\u00f6","image":{"@type":"ImageObject","inLanguage":"sv-SE","@id":"https:\/\/secure.gravatar.com\/avatar\/4ce3985fbe5a36073e6a0cbba2acaad0da794332aeb9a944eca4c7548361a263?s=96&d=mm&r=g","url":"https:\/\/secure.gravatar.com\/avatar\/4ce3985fbe5a36073e6a0cbba2acaad0da794332aeb9a944eca4c7548361a263?s=96&d=mm&r=g","contentUrl":"https:\/\/secure.gravatar.com\/avatar\/4ce3985fbe5a36073e6a0cbba2acaad0da794332aeb9a944eca4c7548361a263?s=96&d=mm&r=g","caption":"Sven Kast\u00f6"},"url":"https:\/\/www.sbhss.eu\/sv\/author\/sven-kastosbhss-eu\/"}]}},"_links":{"self":[{"href":"https:\/\/www.sbhss.eu\/sv\/wp-json\/wp\/v2\/posts\/1092","targetHints":{"allow":["GET"]}}],"collection":[{"href":"https:\/\/www.sbhss.eu\/sv\/wp-json\/wp\/v2\/posts"}],"about":[{"href":"https:\/\/www.sbhss.eu\/sv\/wp-json\/wp\/v2\/types\/post"}],"author":[{"embeddable":true,"href":"https:\/\/www.sbhss.eu\/sv\/wp-json\/wp\/v2\/users\/3"}],"replies":[{"embeddable":true,"href":"https:\/\/www.sbhss.eu\/sv\/wp-json\/wp\/v2\/comments?post=1092"}],"version-history":[{"count":0,"href":"https:\/\/www.sbhss.eu\/sv\/wp-json\/wp\/v2\/posts\/1092\/revisions"}],"wp:attachment":[{"href":"https:\/\/www.sbhss.eu\/sv\/wp-json\/wp\/v2\/media?parent=1092"}],"wp:term":[{"taxonomy":"category","embeddable":true,"href":"https:\/\/www.sbhss.eu\/sv\/wp-json\/wp\/v2\/categories?post=1092"},{"taxonomy":"post_tag","embeddable":true,"href":"https:\/\/www.sbhss.eu\/sv\/wp-json\/wp\/v2\/tags?post=1092"}],"curies":[{"name":"wp","href":"https:\/\/api.w.org\/{rel}","templated":true}]}}