{"id":1108,"date":"2020-03-25T18:00:15","date_gmt":"2020-03-25T17:00:15","guid":{"rendered":"http:\/\/wp.sbhss.eu\/?p=1108"},"modified":"2020-03-25T18:00:15","modified_gmt":"2020-03-25T17:00:15","slug":"kommissionen-foreslar-att-37-miljarder-euro-kanaliseras-for-att-hantera-coronakrisen","status":"publish","type":"post","link":"https:\/\/www.sbhss.eu\/sv\/kommissionen-foreslar-att-37-miljarder-euro-kanaliseras-for-att-hantera-coronakrisen\/","title":{"rendered":"(Uppdaterad 3\/4) EU:s insatser mot Corona"},"content":{"rendered":"<p><strong>H\u00e4r uppdaterar vi l\u00f6pande kring det senaste om bek\u00e4mpningen av de ekonomiska konsekvenserna som uppst\u00e5r till f\u00f6ljd av Corona.&nbsp;<\/strong><br \/>\nEU-kommissionen meddelande den 13 mars att det planerades ett nytt investeringsinitiativ f\u00f6r att hantera krisen som har uppst\u00e5tt p\u00e5 grund av Coronaviruset. Investeringsinitiativet kan potentiellt bli ett viktigt verktyg f\u00f6r m\u00e5nga regioner, inkluderat Sm\u00e5land-Blekinge-Halland. Med dessa investeringar ska sjukv\u00e5rdssystemen avlastas, arbetsmarknader samt sm\u00e5 och medelstora f\u00f6retag (SME) st\u00f6djas, men insatser riktas \u00e4ven till andra k\u00e4nsliga omr\u00e5den inom EU-l\u00e4ndernas ekonomier.&nbsp;<strong>&nbsp;<\/strong><\/p>\n<p><!--more--><\/p>\n<p>Bland de samordnande insatserna som EU-kommissionen f\u00f6resl\u00e5r finner vi investeringsinitiativet <em>Coronavirus Response Investment Initiative <\/em>(CRII). F\u00f6r att bek\u00e4mpa de konsekvenser som har och kommer att uppst\u00e5 som f\u00f6ljd av Coronaviruset f\u00f6resl\u00e5r kommissionen, som det ser ut nu, att 29 miljarder euro fr\u00e5n sammanh\u00e5llningspolitiken (programperiod 2014\u20132020) ska omf\u00f6rdelas. Sammanh\u00e5llningspolitiska medel som inte utnyttjas inom programperioden betalas vanligtvis tillbaka till EU \u2013 men nu tar EU tillf\u00e4lligt&nbsp;bort \u00e5terbetalningskravet, d\u00e4rmed kan dessa medel anv\u00e4ndas f\u00f6r att bek\u00e4mpa Coronaviruset. Detta inneb\u00e4r \u00e4ven att det inte r\u00f6r sig om n\u00e5gra \u201dnya\u201d pengar. Ut\u00f6ver hanteringen av Coronaviruset f\u00f6rv\u00e4ntas anv\u00e4ndandet av outnyttjade medel fr\u00e5n sammanh\u00e5llningspolitiken ge \u00f6vergripande positiva effekter f\u00f6r ekonomin.&nbsp;<\/p>\n<p>Pengarna kommer fr\u00e4mst fr\u00e5n struktur- och investeringsfonderna ERUF (Europeiska regionala utvecklingsfonden) och ESF (Europeiska socialfonden). F\u00f6r att kunna anv\u00e4nda struktur- och investeringsfonderna f\u00f6resl\u00e5r EU-kommissionen att Coronarelaterade insatser blir ers\u00e4ttningsber\u00e4ttigade \u2013 detta leder till att medlemsl\u00e4nderna kan anv\u00e4nda dessa medel inom h\u00e4lso- och sjukv\u00e5rd (v\u00e5rd- och skyddsutrustning, sjukdomsf\u00f6rebyggande \u00e5tg\u00e4rder, e-h\u00e4lsa, medicintekniska produkter, s\u00e4ker arbetsmilj\u00f6 och s\u00e4kerst\u00e4llandet av v\u00e5rd f\u00f6r utsatta grupper). ERUF kommer ocks\u00e5 kunna anv\u00e4ndas till att st\u00f6tta f\u00f6retag som p\u00e5verkats negativt utav Coronakrisen (t.ex. bidra med r\u00f6relsekapital till sm\u00e5 och medelstora f\u00f6retag (SME) i form av l\u00e5n och garantier. Det \u00e4r v\u00e4rt att p\u00e5peka att det inte finns n\u00e5got som hindrar fr\u00e5n att anv\u00e4nda ERUF f\u00f6r fondens &#8221;vanliga&#8221; prioriteringsomr\u00e5den, det vill s\u00e4ga&nbsp;forskning, teknikutveckling och innovation.<\/p>\n<p>EU-kommissionen kommer st\u00e4lla en miljard euro fr\u00e5n EU:s budget till f\u00f6rfogande som en garanti f\u00f6r Europeiska investeringsfonden. Med st\u00f6d av den ytterligare EU-garantin kommer Europeiska investeringsfonden att uppmuntra bankerna att tillhandah\u00e5lla likviditet till sm\u00e5 och medelstora f\u00f6retag samt medelstora b\u00f6rsnoterade f\u00f6retag. Detta f\u00f6rv\u00e4ntas mobilisera 8 miljarder euro f\u00f6r finansiering av r\u00f6relsekapital till st\u00f6d f\u00f6r minst 100 000 sm\u00e5 och medelstora f\u00f6retag samt medelstora b\u00f6rsnoterade f\u00f6retag i EU. I kombination med de 29 miljarder euro fr\u00e5n sammanh\u00e5llningspolitiken ser vi allts\u00e5 totalt 37 miljarder euro.<\/p>\n<p>EU-kommissionen f\u00f6resl\u00e5r \u00e4ven att anv\u00e4ndningsomr\u00e5det f\u00f6r EU:s solidaritetsfond breddas. Fonden anv\u00e4nds vanligtvis enbart vid naturkatastrofer &#8211; nu f\u00f6resl\u00e5r kommissionen att den ska kunna anv\u00e4ndas \u00e4ven vid allvarliga folkh\u00e4lsokriser. Detta skulle inneb\u00e4ra att upp till 800 miljoner euro frig\u00f6rs f\u00f6r att hantera Coronaviruset. Det \u00e4r dock oklart vilka kriterier regioner\/medlemsl\u00e4nder m\u00e5ste uppfylla f\u00f6r att ta del utav detta st\u00f6d.&nbsp;<\/p>\n<p>F\u00f6r att EU-kommissionen inte ska beh\u00f6va godk\u00e4nna de \u00e4ndringar som kan beh\u00f6va g\u00f6ras (inom t.ex. ERUF och ESF) menar kommissionen att dessa \u00e4ndringar \u00e4r av \u201dicke-betydande karakt\u00e4r\u201d. Detta g\u00f6rs i syfte att maximera flexibiliteten samt snabba p\u00e5 processen. Insatser som medlemsl\u00e4nderna utf\u00f6r fr\u00e5n och med 1 februari 2020 blir ocks\u00e5 st\u00f6dber\u00e4ttigade d\u00e5 f\u00f6rslaget innefattar \u00e4ven dessa retroaktivt.<\/p>\n<p><strong>Vad h\u00e4nder h\u00e4rn\u00e4st?<\/strong><br \/>\nEU-r\u00e5det och Europaparlamentet m\u00e5ste gemensamt fatta ett beslut och m\u00e5let \u00e4r att kunna implementera initiativet inom tv\u00e5 veckor.<\/p>\n<ul>\n<li>EU-r\u00e5det: Den 23 mars kommunicerade EU-r\u00e5det och medlemsl\u00e4ndernas finansministrar att man delar kommissionens bed\u00f6mning och d\u00e4rmed st\u00e4ller sig bakom f\u00f6rslaget. Dock m\u00e5ste r\u00e5det formellt anta beslutet, vilket f\u00f6rv\u00e4ntas g\u00f6ras efter att Europaparlamentet r\u00f6stat om f\u00f6rslaget.<br \/>\n\t&nbsp;<\/li>\n<li>Europaparlamentet<strong>:<\/strong> talmannen (David Sassoli) och ledarna f\u00f6r de politiska grupperna h\u00f6ll f\u00f6rra veckan ett informellt m\u00f6te. De godk\u00e4nde genom ett skriftligt f\u00f6rfarande David Sassolis f\u00f6rslag att kalla till ett extraordin\u00e4rt plenarsammantr\u00e4de den 26 mars f\u00f6r att debattera och r\u00f6sta om lagf\u00f6rslagen som EU-kommissionen har lagt fram sen \u00e5terst\u00e5r det att se hur Sverige v\u00e4ljer att hantera m\u00f6jligheten till akuta st\u00f6d\u00e5tg\u00e4rder via strukturfonderna.<\/li>\n<\/ul>\n<p>Kommissionen har \u00e4ven \u00f6ppnat ett offentligt samr\u00e5d om investeringsinitiativet som \u00e4r \u00f6ppet fram till 11 maj 2020<\/p>\n<p><strong>Uppdatering 27\/3:&nbsp;<\/strong><br \/>\nEuropaparlamentet har med stor majoritet r\u00f6stat igenom investeringsinitiativet. Nu v\u00e4ntas ett formellt beslut av EU-r\u00e5det.<\/p>\n<p><strong>Uppdatering 1\/4:<\/strong><br \/>\n\u00c4ven r\u00e5det har godk\u00e4nt \u00e4ndringarna. Investeringsinitiativet kr\u00e4ver d\u00e4rmed i kraft fr\u00e5n och med idag 1\/4.&nbsp;<\/p>\n<p><strong>Uppdatering 2\/4:<\/strong><br \/>\nEU-kommissionen presenterar ytterligare ett instrument f\u00f6r att lindra de ekonomiska effekterna av Corona. Instrumentet kallas f\u00f6r&nbsp;<em><strong>SURE<\/strong>&nbsp;<\/em>(Supporting Member States to help protect people in work and jobs).&nbsp;<i>&nbsp;SURE <\/i>\u00e4r ett&nbsp;instrumentet f\u00f6r tillf\u00e4lligt st\u00f6d i syfte att mildra riskerna f\u00f6r \u00f6kad arbetsl\u00f6shet i en n\u00f6dsituation\/kris som den vi ser idag, genom att st\u00f6dja de&nbsp;branscher\/arbeten som p\u00e5verkas mest.&nbsp;Upp till 100 miljarder \u20ac finns tillg\u00e4ngliga i form av l\u00e5n.<\/p>\n<ul>\n<li>Hur fungerar SURE?<\/li>\n<\/ul>\n<ol>\n<li>F\u00f6retag tvingas att (tillf\u00e4lligt) minska sin verksamhet och arbetstid f\u00f6r anst\u00e4llda, p\u00e5 grund av krisen.<\/li>\n<li>Medlemsstaterna inf\u00f6r m\u00f6jligheter f\u00f6r korttidsarbete i syfte att bevara syssels\u00e4ttningen och st\u00f6tta f\u00f6retag\/egenf\u00f6retagare. Detta leder till pl\u00f6tsliga \u00f6kningar av de offentliga utgifterna.<\/li>\n<li>Medlemsstaterna g\u00f6r en beg\u00e4ran till EU-kommissionen om ekonomiskt st\u00f6d genom SURE f\u00f6r att finansiera dessa utgifter.<\/li>\n<li>Kommissionen konsulterar medlemsstaten i syfte att definiera l\u00e5nevillkoren baserat p\u00e5 en utv\u00e4rdering av de h\u00f6jda offentliga utgifterna.<\/li>\n<li>Kommissionen l\u00e4gger fram ett f\u00f6rslag till ett beslut f\u00f6r EU-r\u00e5det<\/li>\n<li>N\u00e4r f\u00f6rslaget godk\u00e4nts kommer det ekonomiska st\u00f6det att ges i form av ett l\u00e5n fr\u00e5n EU till medlemsstatern<\/li>\n<\/ol>\n<ul>\n<li>N\u00e4sta steg \u00e4r att EU-r\u00e5det m\u00e5ste godk\u00e4nna instrumentet.<\/li>\n<\/ul>\n<p><strong>H\u00e4r kan ni l\u00e4sa mer om SURE:<\/strong><\/p>\n<p><a href=\"https:\/\/ec.europa.eu\/commission\/presscorner\/detail\/en\/ip_20_582\">Press release<\/a><\/p>\n<p><a href=\"https:\/\/ec.europa.eu\/info\/sites\/info\/files\/economy-finance\/sure_factsheet.pdf\">Fact-sheet<\/a><\/p>\n<p><a href=\"https:\/\/ec.europa.eu\/commission\/presscorner\/detail\/en\/qanda_20_572\">Fr\u00e5gor och svar<\/a><\/p>\n<p><i><\/i><\/p>\n<p><strong>Uppdatering 3\/4<\/strong><br \/>\nEU-kommissionen har godk\u00e4nt ett <strong>svenskt st\u00f6dprogram p\u00e5 100 miljarder SEK<\/strong> (9.1 miljarder euro) f\u00f6r att st\u00f6dja den svenska ekonomin i samband med Coronavirusets utbrott. St\u00f6dprogrammet antogs inom ramen f\u00f6r det tillf\u00e4lliga ramverket f\u00f6r statsst\u00f6d som presenterades den 19 mars 2020.<\/p>\n<p>St\u00f6det syftar till att begr\u00e4nsa riskerna som uppst\u00e5r i samband med att emittera l\u00e5n till de f\u00f6retag som \u00e4r h\u00e5rdast drabbade av den nuvarande krisen och d\u00e4rmed f\u00f6rhoppningsvis kunna s\u00e4kerst\u00e4lla en fortsatt verksamhet.<\/p>\n<p>Kommissionen finner att den svenska insatsen \u00f6verensst\u00e4mmer med villkoren i den tillf\u00e4lliga ramen. Dessa villkor \u00e4r:<\/p>\n<ol>\n<li>Det underliggande l\u00e5nebeloppet per f\u00f6retag \u00e4r begr\u00e4nsat till vad som kr\u00e4vs f\u00f6r att t\u00e4cka dess likviditetsbehov under \u00f6versk\u00e5dlig framtid.<\/li>\n<li>Garantierna kan tillhandah\u00e5llas till den 30 september 2020,<\/li>\n<li>Garantierna \u00e4r begr\u00e4nsade till tre \u00e5r och kan enbart i s\u00e4rskilda fall f\u00f6rl\u00e4ngas i ytterligare tre \u00e5r, och\u2026<\/li>\n<li>risken som staten tar \u00e4r begr\u00e4nsad till h\u00f6gst 70%<\/li>\n<\/ol>\n<p><a href=\"https:\/\/ec.europa.eu\/commission\/presscorner\/detail\/en\/ip_20_579\">Ni finner pressmeddelandet h\u00e4r<\/a>.<\/p>\n<p>\n&nbsp;<\/p>\n<p>&nbsp;<\/p>\n","protected":false},"excerpt":{"rendered":"<p>H\u00e4r uppdaterar vi l\u00f6pande kring det senaste om bek\u00e4mpningen av de ekonomiska konsekvenserna som uppst\u00e5r till f\u00f6ljd av Corona.&nbsp; EU-kommissionen meddelande den 13 mars att det planerades ett nytt investeringsinitiativ f\u00f6r att hantera krisen som har uppst\u00e5tt p\u00e5 grund av Coronaviruset. Investeringsinitiativet kan potentiellt bli ett viktigt verktyg f\u00f6r m\u00e5nga regioner, inkluderat Sm\u00e5land-Blekinge-Halland. Med dessa [&hellip;]<\/p>\n","protected":false},"author":3,"featured_media":0,"comment_status":"open","ping_status":"open","sticky":false,"template":"","format":"standard","meta":{"_acf_changed":false,"footnotes":""},"categories":[11],"tags":[],"class_list":["post-1108","post","type-post","status-publish","format-standard","hentry","category-hem"],"acf":[],"yoast_head":"<!-- This site is optimized with the Yoast SEO plugin v27.5 - https:\/\/yoast.com\/product\/yoast-seo-wordpress\/ -->\n<title>(Uppdaterad 3\/4) EU:s insatser mot Corona - SBHSS<\/title>\n<meta name=\"robots\" content=\"index, follow, max-snippet:-1, max-image-preview:large, max-video-preview:-1\" \/>\n<link rel=\"canonical\" href=\"https:\/\/www.sbhss.eu\/sv\/kommissionen-foreslar-att-37-miljarder-euro-kanaliseras-for-att-hantera-coronakrisen\/\" \/>\n<meta property=\"og:locale\" content=\"sv_SE\" \/>\n<meta property=\"og:type\" content=\"article\" \/>\n<meta property=\"og:title\" content=\"(Uppdaterad 3\/4) EU:s insatser mot Corona - SBHSS\" \/>\n<meta property=\"og:description\" content=\"H\u00e4r uppdaterar vi l\u00f6pande kring det senaste om bek\u00e4mpningen av de ekonomiska konsekvenserna som uppst\u00e5r till f\u00f6ljd av Corona.&nbsp; EU-kommissionen meddelande den 13 mars att det planerades ett nytt investeringsinitiativ f\u00f6r att hantera krisen som har uppst\u00e5tt p\u00e5 grund av Coronaviruset. Investeringsinitiativet kan potentiellt bli ett viktigt verktyg f\u00f6r m\u00e5nga regioner, inkluderat Sm\u00e5land-Blekinge-Halland. Med dessa [&hellip;]\" \/>\n<meta property=\"og:url\" content=\"https:\/\/www.sbhss.eu\/sv\/kommissionen-foreslar-att-37-miljarder-euro-kanaliseras-for-att-hantera-coronakrisen\/\" \/>\n<meta property=\"og:site_name\" content=\"SBHSS\" \/>\n<meta property=\"article:published_time\" content=\"2020-03-25T17:00:15+00:00\" \/>\n<meta name=\"author\" content=\"Sven Kast\u00f6\" \/>\n<meta name=\"twitter:card\" content=\"summary_large_image\" \/>\n<meta name=\"twitter:label1\" content=\"Skriven av\" \/>\n\t<meta name=\"twitter:data1\" content=\"Sven Kast\u00f6\" \/>\n\t<meta name=\"twitter:label2\" content=\"Ber\u00e4knad l\u00e4stid\" \/>\n\t<meta name=\"twitter:data2\" content=\"6 minuter\" \/>\n<script type=\"application\/ld+json\" class=\"yoast-schema-graph\">{\"@context\":\"https:\\\/\\\/schema.org\",\"@graph\":[{\"@type\":\"Article\",\"@id\":\"https:\\\/\\\/www.sbhss.eu\\\/sv\\\/kommissionen-foreslar-att-37-miljarder-euro-kanaliseras-for-att-hantera-coronakrisen\\\/#article\",\"isPartOf\":{\"@id\":\"https:\\\/\\\/www.sbhss.eu\\\/sv\\\/kommissionen-foreslar-att-37-miljarder-euro-kanaliseras-for-att-hantera-coronakrisen\\\/\"},\"author\":{\"name\":\"Sven Kast\u00f6\",\"@id\":\"https:\\\/\\\/www.sbhss.eu\\\/#\\\/schema\\\/person\\\/b8d8eb4c1088a05ed50ecff9b2bf643f\"},\"headline\":\"(Uppdaterad 3\\\/4) EU:s insatser mot Corona\",\"datePublished\":\"2020-03-25T17:00:15+00:00\",\"mainEntityOfPage\":{\"@id\":\"https:\\\/\\\/www.sbhss.eu\\\/sv\\\/kommissionen-foreslar-att-37-miljarder-euro-kanaliseras-for-att-hantera-coronakrisen\\\/\"},\"wordCount\":1271,\"commentCount\":0,\"articleSection\":[\"Hem - Startsidan\"],\"inLanguage\":\"sv-SE\"},{\"@type\":\"WebPage\",\"@id\":\"https:\\\/\\\/www.sbhss.eu\\\/sv\\\/kommissionen-foreslar-att-37-miljarder-euro-kanaliseras-for-att-hantera-coronakrisen\\\/\",\"url\":\"https:\\\/\\\/www.sbhss.eu\\\/sv\\\/kommissionen-foreslar-att-37-miljarder-euro-kanaliseras-for-att-hantera-coronakrisen\\\/\",\"name\":\"(Uppdaterad 3\\\/4) EU:s insatser mot Corona - SBHSS\",\"isPartOf\":{\"@id\":\"https:\\\/\\\/www.sbhss.eu\\\/#website\"},\"datePublished\":\"2020-03-25T17:00:15+00:00\",\"author\":{\"@id\":\"https:\\\/\\\/www.sbhss.eu\\\/#\\\/schema\\\/person\\\/b8d8eb4c1088a05ed50ecff9b2bf643f\"},\"breadcrumb\":{\"@id\":\"https:\\\/\\\/www.sbhss.eu\\\/sv\\\/kommissionen-foreslar-att-37-miljarder-euro-kanaliseras-for-att-hantera-coronakrisen\\\/#breadcrumb\"},\"inLanguage\":\"sv-SE\",\"potentialAction\":[{\"@type\":\"ReadAction\",\"target\":[\"https:\\\/\\\/www.sbhss.eu\\\/sv\\\/kommissionen-foreslar-att-37-miljarder-euro-kanaliseras-for-att-hantera-coronakrisen\\\/\"]}]},{\"@type\":\"BreadcrumbList\",\"@id\":\"https:\\\/\\\/www.sbhss.eu\\\/sv\\\/kommissionen-foreslar-att-37-miljarder-euro-kanaliseras-for-att-hantera-coronakrisen\\\/#breadcrumb\",\"itemListElement\":[{\"@type\":\"ListItem\",\"position\":1,\"name\":\"Hem\",\"item\":\"https:\\\/\\\/www.sbhss.eu\\\/sv\\\/\"},{\"@type\":\"ListItem\",\"position\":2,\"name\":\"(Uppdaterad 3\\\/4) EU:s insatser mot Corona\"}]},{\"@type\":\"WebSite\",\"@id\":\"https:\\\/\\\/www.sbhss.eu\\\/#website\",\"url\":\"https:\\\/\\\/www.sbhss.eu\\\/\",\"name\":\"SBHSS\",\"description\":\"\",\"potentialAction\":[{\"@type\":\"SearchAction\",\"target\":{\"@type\":\"EntryPoint\",\"urlTemplate\":\"https:\\\/\\\/www.sbhss.eu\\\/?s={search_term_string}\"},\"query-input\":{\"@type\":\"PropertyValueSpecification\",\"valueRequired\":true,\"valueName\":\"search_term_string\"}}],\"inLanguage\":\"sv-SE\"},{\"@type\":\"Person\",\"@id\":\"https:\\\/\\\/www.sbhss.eu\\\/#\\\/schema\\\/person\\\/b8d8eb4c1088a05ed50ecff9b2bf643f\",\"name\":\"Sven Kast\u00f6\",\"image\":{\"@type\":\"ImageObject\",\"inLanguage\":\"sv-SE\",\"@id\":\"https:\\\/\\\/secure.gravatar.com\\\/avatar\\\/4ce3985fbe5a36073e6a0cbba2acaad0da794332aeb9a944eca4c7548361a263?s=96&d=mm&r=g\",\"url\":\"https:\\\/\\\/secure.gravatar.com\\\/avatar\\\/4ce3985fbe5a36073e6a0cbba2acaad0da794332aeb9a944eca4c7548361a263?s=96&d=mm&r=g\",\"contentUrl\":\"https:\\\/\\\/secure.gravatar.com\\\/avatar\\\/4ce3985fbe5a36073e6a0cbba2acaad0da794332aeb9a944eca4c7548361a263?s=96&d=mm&r=g\",\"caption\":\"Sven Kast\u00f6\"},\"url\":\"https:\\\/\\\/www.sbhss.eu\\\/sv\\\/author\\\/sven-kastosbhss-eu\\\/\"}]}<\/script>\n<!-- \/ Yoast SEO plugin. -->","yoast_head_json":{"title":"(Uppdaterad 3\/4) EU:s insatser mot Corona - SBHSS","robots":{"index":"index","follow":"follow","max-snippet":"max-snippet:-1","max-image-preview":"max-image-preview:large","max-video-preview":"max-video-preview:-1"},"canonical":"https:\/\/www.sbhss.eu\/sv\/kommissionen-foreslar-att-37-miljarder-euro-kanaliseras-for-att-hantera-coronakrisen\/","og_locale":"sv_SE","og_type":"article","og_title":"(Uppdaterad 3\/4) EU:s insatser mot Corona - SBHSS","og_description":"H\u00e4r uppdaterar vi l\u00f6pande kring det senaste om bek\u00e4mpningen av de ekonomiska konsekvenserna som uppst\u00e5r till f\u00f6ljd av Corona.&nbsp; EU-kommissionen meddelande den 13 mars att det planerades ett nytt investeringsinitiativ f\u00f6r att hantera krisen som har uppst\u00e5tt p\u00e5 grund av Coronaviruset. Investeringsinitiativet kan potentiellt bli ett viktigt verktyg f\u00f6r m\u00e5nga regioner, inkluderat Sm\u00e5land-Blekinge-Halland. Med dessa [&hellip;]","og_url":"https:\/\/www.sbhss.eu\/sv\/kommissionen-foreslar-att-37-miljarder-euro-kanaliseras-for-att-hantera-coronakrisen\/","og_site_name":"SBHSS","article_published_time":"2020-03-25T17:00:15+00:00","author":"Sven Kast\u00f6","twitter_card":"summary_large_image","twitter_misc":{"Skriven av":"Sven Kast\u00f6","Ber\u00e4knad l\u00e4stid":"6 minuter"},"schema":{"@context":"https:\/\/schema.org","@graph":[{"@type":"Article","@id":"https:\/\/www.sbhss.eu\/sv\/kommissionen-foreslar-att-37-miljarder-euro-kanaliseras-for-att-hantera-coronakrisen\/#article","isPartOf":{"@id":"https:\/\/www.sbhss.eu\/sv\/kommissionen-foreslar-att-37-miljarder-euro-kanaliseras-for-att-hantera-coronakrisen\/"},"author":{"name":"Sven Kast\u00f6","@id":"https:\/\/www.sbhss.eu\/#\/schema\/person\/b8d8eb4c1088a05ed50ecff9b2bf643f"},"headline":"(Uppdaterad 3\/4) EU:s insatser mot Corona","datePublished":"2020-03-25T17:00:15+00:00","mainEntityOfPage":{"@id":"https:\/\/www.sbhss.eu\/sv\/kommissionen-foreslar-att-37-miljarder-euro-kanaliseras-for-att-hantera-coronakrisen\/"},"wordCount":1271,"commentCount":0,"articleSection":["Hem - Startsidan"],"inLanguage":"sv-SE"},{"@type":"WebPage","@id":"https:\/\/www.sbhss.eu\/sv\/kommissionen-foreslar-att-37-miljarder-euro-kanaliseras-for-att-hantera-coronakrisen\/","url":"https:\/\/www.sbhss.eu\/sv\/kommissionen-foreslar-att-37-miljarder-euro-kanaliseras-for-att-hantera-coronakrisen\/","name":"(Uppdaterad 3\/4) EU:s insatser mot Corona - SBHSS","isPartOf":{"@id":"https:\/\/www.sbhss.eu\/#website"},"datePublished":"2020-03-25T17:00:15+00:00","author":{"@id":"https:\/\/www.sbhss.eu\/#\/schema\/person\/b8d8eb4c1088a05ed50ecff9b2bf643f"},"breadcrumb":{"@id":"https:\/\/www.sbhss.eu\/sv\/kommissionen-foreslar-att-37-miljarder-euro-kanaliseras-for-att-hantera-coronakrisen\/#breadcrumb"},"inLanguage":"sv-SE","potentialAction":[{"@type":"ReadAction","target":["https:\/\/www.sbhss.eu\/sv\/kommissionen-foreslar-att-37-miljarder-euro-kanaliseras-for-att-hantera-coronakrisen\/"]}]},{"@type":"BreadcrumbList","@id":"https:\/\/www.sbhss.eu\/sv\/kommissionen-foreslar-att-37-miljarder-euro-kanaliseras-for-att-hantera-coronakrisen\/#breadcrumb","itemListElement":[{"@type":"ListItem","position":1,"name":"Hem","item":"https:\/\/www.sbhss.eu\/sv\/"},{"@type":"ListItem","position":2,"name":"(Uppdaterad 3\/4) EU:s insatser mot Corona"}]},{"@type":"WebSite","@id":"https:\/\/www.sbhss.eu\/#website","url":"https:\/\/www.sbhss.eu\/","name":"SBHSS","description":"","potentialAction":[{"@type":"SearchAction","target":{"@type":"EntryPoint","urlTemplate":"https:\/\/www.sbhss.eu\/?s={search_term_string}"},"query-input":{"@type":"PropertyValueSpecification","valueRequired":true,"valueName":"search_term_string"}}],"inLanguage":"sv-SE"},{"@type":"Person","@id":"https:\/\/www.sbhss.eu\/#\/schema\/person\/b8d8eb4c1088a05ed50ecff9b2bf643f","name":"Sven Kast\u00f6","image":{"@type":"ImageObject","inLanguage":"sv-SE","@id":"https:\/\/secure.gravatar.com\/avatar\/4ce3985fbe5a36073e6a0cbba2acaad0da794332aeb9a944eca4c7548361a263?s=96&d=mm&r=g","url":"https:\/\/secure.gravatar.com\/avatar\/4ce3985fbe5a36073e6a0cbba2acaad0da794332aeb9a944eca4c7548361a263?s=96&d=mm&r=g","contentUrl":"https:\/\/secure.gravatar.com\/avatar\/4ce3985fbe5a36073e6a0cbba2acaad0da794332aeb9a944eca4c7548361a263?s=96&d=mm&r=g","caption":"Sven Kast\u00f6"},"url":"https:\/\/www.sbhss.eu\/sv\/author\/sven-kastosbhss-eu\/"}]}},"_links":{"self":[{"href":"https:\/\/www.sbhss.eu\/sv\/wp-json\/wp\/v2\/posts\/1108","targetHints":{"allow":["GET"]}}],"collection":[{"href":"https:\/\/www.sbhss.eu\/sv\/wp-json\/wp\/v2\/posts"}],"about":[{"href":"https:\/\/www.sbhss.eu\/sv\/wp-json\/wp\/v2\/types\/post"}],"author":[{"embeddable":true,"href":"https:\/\/www.sbhss.eu\/sv\/wp-json\/wp\/v2\/users\/3"}],"replies":[{"embeddable":true,"href":"https:\/\/www.sbhss.eu\/sv\/wp-json\/wp\/v2\/comments?post=1108"}],"version-history":[{"count":0,"href":"https:\/\/www.sbhss.eu\/sv\/wp-json\/wp\/v2\/posts\/1108\/revisions"}],"wp:attachment":[{"href":"https:\/\/www.sbhss.eu\/sv\/wp-json\/wp\/v2\/media?parent=1108"}],"wp:term":[{"taxonomy":"category","embeddable":true,"href":"https:\/\/www.sbhss.eu\/sv\/wp-json\/wp\/v2\/categories?post=1108"},{"taxonomy":"post_tag","embeddable":true,"href":"https:\/\/www.sbhss.eu\/sv\/wp-json\/wp\/v2\/tags?post=1108"}],"curies":[{"name":"wp","href":"https:\/\/api.w.org\/{rel}","templated":true}]}}