{"id":1120,"date":"2020-04-24T15:07:14","date_gmt":"2020-04-24T13:07:14","guid":{"rendered":"http:\/\/wp.sbhss.eu\/?p=1120"},"modified":"2020-04-24T15:07:14","modified_gmt":"2020-04-24T13:07:14","slug":"eu-s-handlingsplan-ett-europa-som-visar-vagen-mot-en-cirkular-ekonomi","status":"publish","type":"post","link":"https:\/\/www.sbhss.eu\/sv\/eu-s-handlingsplan-ett-europa-som-visar-vagen-mot-en-cirkular-ekonomi\/","title":{"rendered":"Ett Europa som visar v\u00e4gen mot en cirkul\u00e4r ekonomi"},"content":{"rendered":"<p>Grundstenarna f\u00f6r cirkul\u00e4r ekonomi i EU lades 2015 n\u00e4r EU-kommissionen presenterade sin f\u00f6rsta handlingsplan. Kommissionen har i \u00e5r antagit en ny handlingsplan f\u00f6r cirkul\u00e4r ekonomi &#8211; en av de viktigaste pelarna inom den europeiska gr\u00f6na given och EU:s industristrategi. Handlingsplanen pekar ut en rad \u00e5tg\u00e4rder som kommer genomf\u00f6ras de n\u00e4rmsta par \u00e5ren, allt fr\u00e5n konkret lagstiftning till strategier. Vi ser att flera av dessa \u00e5tg\u00e4rder kan vara av stor vikt f\u00f6r v\u00e5ra regioner.<\/p>\n<p><!--more--><\/p>\n<p><a href=\"https:\/\/ec.europa.eu\/environment\/circular-economy\/pdf\/new_circular_economy_action_plan.pdf\">EU\u00b4s New Circular Economy Action Plan<\/a> utg\u00f6r en viktig del av den tillv\u00e4xtstrategi EU lanserade tidigare i \u00e5r, n\u00e4mligen den <a href=\"https:\/\/ec.europa.eu\/info\/strategy\/priorities-2019-2024\/european-green-deal_sv\">gr\u00f6na given<\/a>. I samma veva ing\u00e5r handlingsplanen f\u00f6r cirkul\u00e4r ekonomi \u00e4ven in i <a href=\"https:\/\/ec.europa.eu\/info\/strategy\/priorities-2019-2024\/europe-fit-digital-age\/european-industrial-strategy_sv\">industristrategin<\/a>. I handlingsplanen presenteras inte bara vackra ord, men ocks\u00e5 konkreta lagf\u00f6rslag som direkt och indirekt ber\u00f6r v\u00e5ra akt\u00f6rer p\u00e5 hemmaplan \u2013 bland annat planeras en strategi f\u00f6r h\u00e5llbar byggd milj\u00f6, policy f\u00f6r biobaserade plaster, och krav g\u00e4llande andelen gr\u00f6n upphandling i det offentliga.<\/p>\n<p>Handlingsplanen adresserar omr\u00e5den, via en rad \u00e5tg\u00e4rder inom varje omr\u00e5de:<\/p>\n<ul>\n<li>G\u00f6ra h\u00e5llbara produkter till normen i EU<\/li>\n<li>St\u00e4rka konsumenternas st\u00e4llning<\/li>\n<li>Fokus p\u00e5 de sektorer som anv\u00e4nder flest resurser och d\u00e4r potentialen f\u00f6r cirkularitet \u00e4r h\u00f6g<\/li>\n<li>S\u00e4kerst\u00e4lla mindre avfall<\/li>\n<li>En cirkul\u00e4r ekonomi som fungerat f\u00f6r m\u00e4nniskor, regioner och st\u00e4der<\/li>\n<li>Leda globala insatser f\u00f6r cirkul\u00e4r ekonomi<\/li>\n<\/ul>\n<p>Nedan presenterar vi ett urval av \u00e5tg\u00e4rder som vi bed\u00f6mer \u00e4r s\u00e4rskilt&nbsp; relevanta f\u00f6r akt\u00f6rer i v\u00e5ra regioner. SBHSS kommer att l\u00f6pande bevaka policyarbetet och vi v\u00e4lkomnar input kring vad ni anser \u00e4r relevant, om ni vill att vi tittar djupare p\u00e5 ett s\u00e4rskilt omr\u00e5de eller andra \u00f6nskem\u00e5l. Vi g\u00e5r igenom dem enligt den ordning de listas i handlingsplanen, inte utefter prioritet.<\/p>\n<p><strong>St\u00e4rka konsumenter och offentliga upphandlare<\/strong><br \/>\nOffentliga sektorns k\u00f6pkraft motsvarar cirka 14 % av EU:s BNP och kan d\u00e4rav fungera som en drivkraft f\u00f6r efterfr\u00e5gan p\u00e5 h\u00e5llbara produkter. Denna potential m\u00e5ste utnyttjas \u2013 d\u00e4rav kommer kommissionen att f\u00f6resl\u00e5 ett krav p\u00e5 andelen gr\u00f6n offentlig upphandling fr\u00e5n och med 2021 (Green Public Procurement = <strong>GPP<\/strong>) och \u00e4ven inf\u00f6ra krav p\u00e5 att andelen gr\u00f6n offentlig upphandling m\u00e5ste rapporteras \u2013 utan att skapa en administrativ b\u00f6rda f\u00f6r upphandlare. Kommissionen kommer \u00e4ven bidra med kunskapsst\u00f6d via v\u00e4gledning, utbildning, och spridning av god praxis genom att erbjuda offentliga upphandlare att delta i \u201d<strong><em>Public Buyers for Climate and Environment<\/em><\/strong><em>\u201d \u2013 <\/em>ett initiativ f\u00f6r att underl\u00e4tta utbyten mellan engagerade upphandlare som vill inf\u00f6ra st\u00f6rre andel <strong>GPP<\/strong>.&nbsp; D\u00e5 v\u00e5ra medlemmar \u00e4r stora offentligare upphandlare finns det direkt koppling till v\u00e5ras medlemmar. Det kan vara v\u00e4rt att fundera p\u00e5 hur detta p\u00e5verkar t.ex. h\u00e4lsa- och sjukv\u00e5rd och kollektivtrafiken.<\/p>\n<p><strong>Cirkularitet i prodoktionsprocesser<\/strong><\/p>\n<p>Det cirkul\u00e4ra t\u00e4nket \u00e4r en v\u00e4sentlig del av en bredare omvandling av industrin mot klimatneutralitet och l\u00e5ngsiktig konkurrenskraft. Den cirkul\u00e4ra ekonomin kan leda till betydande besparingar i v\u00e4rdekedjor, fr\u00e4mja produktionsprocesser och \u00f6ppna upp nya ekonomiska m\u00f6jligheter. Detta \u00e4r n\u00e5got som \u00e4r relevant \u00e4ven f\u00f6r v\u00e5rt regionala n\u00e4ringsliv, och redan idag bedriver SBHSS medlemmar projekt f\u00f6r att underl\u00e4tta denna omst\u00e4llning f\u00f6r just n\u00e4ringslivet. D\u00e4rmed kan de satsningar som sker vara av intresse f\u00f6r v\u00e5ra regioner i ett regionalt utvecklingsperspektiv. Kommissionen att fr\u00e4mja ett cirkul\u00e4rt t\u00e4nk inom industrin genom att:<\/p>\n<ul>\n<li>Underl\u00e4tta industriell symbios genom utvecklandet av ett branschledd rapporterings- &amp; certifieringssystem samt underl\u00e4tta implementeringen av industriell symbios<\/li>\n<li>Utv\u00e4rdera alternativ f\u00f6r att ytterligare fr\u00e4mja cirkularitet i industriella processer, \u00e4ven i samband med granskningen (uppdatering?) av direktivet f\u00f6r industriella utsl\u00e4pp. Integration av praxis f\u00f6r cirkul\u00e4r ekonomi i kommande referensdokument f\u00f6r <a href=\"https:\/\/eippcb.jrc.ec.europa.eu\/reference\/\">\u201dBest Available Techniques\u201d (BREF).<\/a><\/li>\n<li>Fr\u00e4mja anv\u00e4ndningen av digital teknik f\u00f6r sp\u00e5rning och kartl\u00e4ggning av resurser<\/li>\n<li>St\u00f6dja en h\u00e5llbar och cirkul\u00e4r biobaserad sektor genom implementeringen av den bioekonomiska handlingsplanen<\/li>\n<li>Den <a href=\"https:\/\/ec.europa.eu\/info\/sites\/info\/files\/communication-sme-strategy-march-2020_en.pdf\">nya SME-strategin<\/a> kommer att fr\u00e4mja cirkul\u00e4rt industriellt samarbete mellan sm\u00e5 och medelstora f\u00f6retag som bygger p\u00e5 utbildning och r\u00e5dgivning under <a href=\"https:\/\/enterpriseeurope.se\/\">Enterprise Europe Network<\/a> om klustersamarbete och kunskaps\u00f6verf\u00f6ring via <a href=\"https:\/\/www.resourceefficient.eu\/en\">European Resource Efficiency Knowledge Centre (EREK)<\/a>.<br \/>\n\t&nbsp;<\/li>\n<\/ul>\n<p><strong>Key product value chains<\/strong><\/p>\n<p>Det kr\u00e4vs omfattande och samordnade \u00e5tg\u00e4rder f\u00f6r att befintliga v\u00e4rdekedjor mer h\u00e5llbara. EU-kommissionen tar sig nu an sju s\u00e4rskilt avg\u00f6rande v\u00e4rdekedjor<a href=\"#_ftn1\" name=\"_ftnref1\" title=\"\">[1]<\/a>. Flera av dessa har direkt relevans f\u00f6r oss, inte minst byggnation och byggnader, livsmedel och plaster. Kommissionen kommer att samarbeta med intressenter inom dessa v\u00e4rdekedjor f\u00f6r att identifiera hinder som f\u00f6rsv\u00e5rar implementeringen av cirkul\u00e4ra produkter och \u00e4ven arbeta f\u00f6r att \u00f6verkomma dessa hinder.<br \/>\nNedan finner ni exempel p\u00e5 befintliga v\u00e4rdekedjor som handlingsplanen behandlar som vi bed\u00f6mer kan vara av s\u00e4rskilt intresse f\u00f6r v\u00e5ra medlemmar:<\/p>\n<ul>\n<li><em>Byggnation och byggnader<\/em><\/li>\n<\/ul>\n<p style=\"margin-left:18.0pt;\">Utifr\u00e5n v\u00e5ra styrkor inom h\u00e5llbart byggande i tr\u00e4, \u00e4r det s\u00e4rskilt relevant att EU-kommissionen under 2021 avser lansera en strategi f\u00f6r h\u00e5llbar byggd milj\u00f6. Strategin ska ta sig an sektorn ur flera olika policy-perspektiv, allt fr\u00e5n klimat till kompetens. En av de intressanta \u00e5tg\u00e4rderna som strategin f\u00f6rsl\u00e5s inneh\u00e5lla \u00e4r t.ex. att det europeiska LCA-ramverket Level(s) ska integreras i offentlig upphandling. Detta skulle s\u00e4rskilt kunna gynna tr\u00e4byggnadssektorn, d\u00e5 byggande i tr\u00e4 som regel \u00e4r mer h\u00e5llbart \u00e4n andra material i ett LCA-perspektiv. N\u00e4r strategin, och framf\u00f6r allt de konkreta \u00e5tg\u00e4rderna tas fram, kan det vara v\u00e4rt att h\u00e5lla ett vakande \u00f6ka p\u00e5 detaljer s\u00e5som definitioner och ber\u00e4kningsmetoder. Det finns \u00e4ven m\u00f6jlighet att agera mer proaktivt och ha kontakt med ansvariga p\u00e5 EU-kommissionen under deras tidiga tankeprocess. V\u00e4rt att n\u00e4mnas att det finns en stark n\u00e4rvaro av betongindustrin i Bryssel.<\/p>\n<p style=\"margin-left:18.0pt;\">Sist i handlingsplanen f\u00f6r cirkul\u00e4r ekonomi finns \u00e4ven ett antal horisontella \u00e5tg\u00e4rder. Bland dessa ett f\u00f6rlag om att ta fram certifiering av koldioxidupptag dvs. tydligg\u00f6ra vilka produkter som bidrar till ett \u00f6kat upptag av koldioxid. H\u00e4r n\u00e4mns b\u00e5de h\u00e5llbart skogsbruk och tr\u00e4byggnation. Ett s\u00e5dant system kan vara b\u00e5de vara en m\u00f6jlighet och ett hot f\u00f6r skog- och tr\u00e4baserad sektor, beroende p\u00e5 hur det utformas. Proaktivt p\u00e5verkansarbete \u00e4r nyckeln \u00e4ven h\u00e4r.<\/p>\n<ul>\n<li>Plast<\/li>\n<\/ul>\n<p style=\"margin-left:36.0pt;\">Som ett sista initiativ under f\u00f6reg\u00e5ende handlingsplan f\u00f6r cirkul\u00e4r ekonomi lanserades EU:s plaststrategi. Detta arbete tar man nu vidare. N\u00e5got som kan vara s\u00e4rskilt intressant att h\u00e5lla koll p\u00e5 \u00e4r det policyramverk som ska tas fram f\u00f6r biobaserade plaster. Genom detta vill man bland annat s\u00e4kerst\u00e4lla att biobaserade r\u00e5varor verkligen \u00e4r mer ekologiskt h\u00e5llbara. F\u00f6r den skoglig- och tr\u00e4baserade sektorn kan det vara relevant att bevaka hur diskussionerna kring plaster&nbsp; baserade p\u00e5 fr\u00e5n skoglig biomassa..<\/p>\n<ul>\n<li><em>Livsmedel, vatten och n\u00e4rings\u00e4mnen<\/em><\/li>\n<\/ul>\n<p style=\"margin-left:18.0pt;\">Kommissionen kommer \u00e4ven att f\u00f6resl\u00e5 ett m\u00e5l f\u00f6r minskning av matavfall som en nyckel\u00e5tg\u00e4rd under EU: s kommande <a href=\"https:\/\/ec.europa.eu\/food\/farm2fork_en\">Jord-till-bord-strategin<\/a>, som omfattar v\u00e4rdekedjan f\u00f6r livsmedel.<\/p>\n<p style=\"margin-left:18.0pt;\">EU-kommissionen har sedan tidigare f\u00f6reslagit en f\u00f6rordning om vattenanv\u00e4ndning (Water Reuse Regulation) som syftar till att uppmuntra cirkul\u00e4ra metoder f\u00f6r \u00e5teranv\u00e4ndning av vatten i jordbruket. F\u00f6rhandling om f\u00f6rslaget p\u00e5g\u00e5r och n\u00e4sta steg \u00e4r att den ska godk\u00e4nnas av Europaparlamentet. F\u00f6rordningen kommer att behandla \u00e5teranv\u00e4ndningen av vatten \u00e4ven i industriella processer. Dessutom ska en integrerad plan f\u00f6r n\u00e4ringshantering l\u00e4ggas fram f\u00f6r att s\u00e4kerst\u00e4lla en mer h\u00e5llbar anv\u00e4ndning av n\u00e4rings\u00e4mnen och stimulera marknaderna f\u00f6r \u00e5tervunna n\u00e4rings\u00e4mnen. Kommissionen kommer ocks\u00e5 att \u00f6verv\u00e4ga att se \u00f6ver direktiv om avloppsrening och avloppsslam och kommer att bed\u00f6ma naturliga metoder f\u00f6r att ta bort n\u00e4rings\u00e4mnen, s\u00e5som alger. D\u00e5 industriell symbios \u00e4r intressant f\u00f6r flera sektorer i SBH, s\u00e5 som m\u00f6jligheten att nyttja avfallsvatten fr\u00e5n livsmedelsproduktion, kan det vara intressant att f\u00f6lja de lagf\u00f6rslag och \u00e5tg\u00e4rder som l\u00e4ggs fram och se vilka m\u00f6jligheter som det \u00f6ppnar upp f\u00f6r oss.<\/p>\n<p style=\"margin-left:18.0pt;\">&nbsp;<\/p>\n<p><strong>Minskat avfall, \u00f6kat v\u00e4rde<\/strong><\/p>\n<p>Likt EU:s f\u00f6rsta handlingsplan f\u00f6r cirkul\u00e4r ekonomi, adresseras \u00e4ven avfall i den nya handlingsplanen. D\u00e5 avfall har betydelse f\u00f6r kommuner ur m\u00e5nga h\u00e4nseenden, kan det vara v\u00e4rt att vara observant p\u00e5 vilka f\u00f6rslag som finns i tidsplanen. Det n\u00e4mns t.ex. EU-harmonisering g\u00e4llande avfallssorteringsmodeller \u00e5r 2021 och sk\u00e4rpta avfallsminskningsm\u00e5l \u00e5r 2022.<\/p>\n<p>&nbsp;<\/p>\n<p><strong>En cirkul\u00e4r ekonomi som fungerar f\u00f6r m\u00e4nniskor, regioner och st\u00e4der <\/strong><\/p>\n<p>I handlingsplanen ber\u00f6rs ocks\u00e5 st\u00f6d f\u00f6r att skapa arbetstillf\u00e4llen och st\u00f6dja kompetens inom cirkul\u00e4r ekonomi. Bland annat vill kommissionen uppdatera Europas kompetensagenda (Skills Agenda), lansera partnerskap mellan stora akt\u00f6rer f\u00f6r kompetens inom cirkul\u00e4r ekonomi (Pact for Skills) och \u00e4ven en handlingsplan f\u00f6r social ekonomi, som g\u00e5r under den europeiska pelaren f\u00f6r sociala r\u00e4ttigheter. Investeringar inom utbildning, uppl\u00e4rning och livsl\u00e5ngt l\u00e4rande ska fr\u00e4mjas genom Europeiska Socialfonden Plus (ESF+). Kommissionen vill anv\u00e4nda sig av sammanh\u00e5llningspolitiken f\u00f6r att st\u00f6dja den regionala niv\u00e5n och g\u00f6ra s\u00e5 att \u00e4ven den regionala niv\u00e5n gynnas av \u00f6verg\u00e5ngen till en mer cirkul\u00e4r ekonomi. Fonden f\u00f6r r\u00e4ttvis omst\u00e4llning n\u00e4mns som en annanfinansieringsk\u00e4lla, i Sverige v\u00e4ntas den dock fr\u00e4mst st\u00f6dja regioner i norra Sverige).<\/p>\n<p><em>Driva omst\u00e4llningen genom forskning, innovation och digitalisering <\/em><\/p>\n<p>Europeiska regionala utvecklingsfonden (genom smart specialisering) LIFE-programmet och Horisont Europa ska alla st\u00f6dja innovation inom cirkul\u00e4r ekonomi i syfte att ta fram fler gr\u00f6na innovativa l\u00f6sningar till marknaden. Horisont Europa kommer att st\u00f6dja utvecklingen av indikatorer och data, nya material och produkter, substitution och eliminering av farliga \u00e4mnen baserade p\u00e5 \u201dsafe by design\u201d -metoden, cirkul\u00e4ra aff\u00e4rsmodeller och ny produktion &amp; \u00e5tervinningsteknologi, inkluderat utforskningen av potentialen f\u00f6r kemisk \u00e5tervinning. N\u00f6dv\u00e4ndigheten av digitala verktyg lyfts fram. Marie Sklodowska Curie Actions (under Horisont Europa) kan dessutom st\u00f6dja kompetensutveckling, utbildning och r\u00f6rlighet f\u00f6r forskare inom detta omr\u00e5de. Det finns med andra ord en rad k\u00e4llor f\u00f6r regioner, l\u00e4ros\u00e4ten och andra akt\u00f6rer, att nyttja i arbetet f\u00f6r en cirkul\u00e4r ekonomi. Dessa m\u00f6jligheter kan vara n\u00e5got att ta med sig i den strategiska planeringen f\u00f6r insatser p\u00e5 omr\u00e5det.<\/p>\n<p>&nbsp;<\/p>\n<p>Avslutande ord<\/p>\n<p>Handlingsplanen presenterar en v\u00e5g av f\u00f6rslag som p\u00e5verkar v\u00e5ra m\u00f6jligheter och som \u00e4r viktiga att ta med i den strategiska planering fram\u00f6ver. Det \u00e4r givetvis intressant f\u00f6r SBH att ha koll p\u00e5 de delarna som \u00e4r utpekade i detta dokument, men vi bed\u00f6mer uppmanar \u00e4ven att titta p\u00e5 handlingsplanen i dess helhet. Cirkul\u00e4r ekonomi genomsyrar EU:s arbete allt mer och v\u00e4vs in i \u00f6vergripande strategier, m\u00e5l och ambitionerna f\u00f6r EU fram\u00f6ver. Vi ser d\u00e4rf\u00f6r att det \u00e4r viktigt att f\u00f6rs\u00f6ka agera s\u00e5 proaktivt som m\u00f6jligt. Brysselkontoret tar g\u00e4rna upp en dialog kring detta och hj\u00e4lper till med att l\u00e4gga upp strategiska planer i syfte att navigera genom denna tunga handlingsplan.&nbsp;<\/p>\n<p><a href=\"https:\/\/ec.europa.eu\/environment\/circular-economy\/pdf\/new_circular_economy_action_plan_annex.pdf\">H\u00e4r n\u00e5r ni alla f\u00f6rslag och vilket \u00e5r de \u00e4r t\u00e4nkta att lanseras (annex)<\/a><\/p>\n<div>&nbsp;<\/p>\n<hr align=\"left\" size=\"1\" width=\"33%\" \/>\n<div id=\"ftn1\">\n<p><a href=\"#_ftnref1\" name=\"_ftn1\" title=\"\">[1]<\/a> F\u00f6ljande sju v\u00e4rdekedjor pekas ut: elektronik och IT, batterier och fordon, f\u00f6rpackningar, plaster, textilier, byggnation och byggnader, samt livsmedel, vatten och n\u00e4rings\u00e4mnen.&nbsp;&nbsp;<\/p>\n<\/div>\n<\/div>\n","protected":false},"excerpt":{"rendered":"<p>Grundstenarna f\u00f6r cirkul\u00e4r ekonomi i EU lades 2015 n\u00e4r EU-kommissionen presenterade sin f\u00f6rsta handlingsplan. Kommissionen har i \u00e5r antagit en ny handlingsplan f\u00f6r cirkul\u00e4r ekonomi &#8211; en av de viktigaste pelarna inom den europeiska gr\u00f6na given och EU:s industristrategi. Handlingsplanen pekar ut en rad \u00e5tg\u00e4rder som kommer genomf\u00f6ras de n\u00e4rmsta par \u00e5ren, allt fr\u00e5n konkret [&hellip;]<\/p>\n","protected":false},"author":3,"featured_media":0,"comment_status":"open","ping_status":"open","sticky":false,"template":"","format":"standard","meta":{"_acf_changed":false,"footnotes":""},"categories":[11],"tags":[],"class_list":["post-1120","post","type-post","status-publish","format-standard","hentry","category-hem"],"acf":[],"yoast_head":"<!-- This site is optimized with the Yoast SEO plugin v27.5 - https:\/\/yoast.com\/product\/yoast-seo-wordpress\/ -->\n<title>Ett Europa som visar v\u00e4gen mot en cirkul\u00e4r ekonomi - SBHSS<\/title>\n<meta name=\"robots\" content=\"index, follow, max-snippet:-1, max-image-preview:large, max-video-preview:-1\" \/>\n<link rel=\"canonical\" href=\"https:\/\/www.sbhss.eu\/sv\/eu-s-handlingsplan-ett-europa-som-visar-vagen-mot-en-cirkular-ekonomi\/\" \/>\n<meta property=\"og:locale\" content=\"sv_SE\" \/>\n<meta property=\"og:type\" content=\"article\" \/>\n<meta property=\"og:title\" content=\"Ett Europa som visar v\u00e4gen mot en cirkul\u00e4r ekonomi - SBHSS\" \/>\n<meta property=\"og:description\" content=\"Grundstenarna f\u00f6r cirkul\u00e4r ekonomi i EU lades 2015 n\u00e4r EU-kommissionen presenterade sin f\u00f6rsta handlingsplan. Kommissionen har i \u00e5r antagit en ny handlingsplan f\u00f6r cirkul\u00e4r ekonomi &#8211; en av de viktigaste pelarna inom den europeiska gr\u00f6na given och EU:s industristrategi. Handlingsplanen pekar ut en rad \u00e5tg\u00e4rder som kommer genomf\u00f6ras de n\u00e4rmsta par \u00e5ren, allt fr\u00e5n konkret [&hellip;]\" \/>\n<meta property=\"og:url\" content=\"https:\/\/www.sbhss.eu\/sv\/eu-s-handlingsplan-ett-europa-som-visar-vagen-mot-en-cirkular-ekonomi\/\" \/>\n<meta property=\"og:site_name\" content=\"SBHSS\" \/>\n<meta property=\"article:published_time\" content=\"2020-04-24T13:07:14+00:00\" \/>\n<meta name=\"author\" content=\"Sven Kast\u00f6\" \/>\n<meta name=\"twitter:card\" content=\"summary_large_image\" \/>\n<meta name=\"twitter:label1\" content=\"Skriven av\" \/>\n\t<meta name=\"twitter:data1\" content=\"Sven Kast\u00f6\" \/>\n\t<meta name=\"twitter:label2\" content=\"Ber\u00e4knad l\u00e4stid\" \/>\n\t<meta name=\"twitter:data2\" content=\"10 minuter\" \/>\n<script type=\"application\/ld+json\" class=\"yoast-schema-graph\">{\"@context\":\"https:\\\/\\\/schema.org\",\"@graph\":[{\"@type\":\"Article\",\"@id\":\"https:\\\/\\\/www.sbhss.eu\\\/sv\\\/eu-s-handlingsplan-ett-europa-som-visar-vagen-mot-en-cirkular-ekonomi\\\/#article\",\"isPartOf\":{\"@id\":\"https:\\\/\\\/www.sbhss.eu\\\/sv\\\/eu-s-handlingsplan-ett-europa-som-visar-vagen-mot-en-cirkular-ekonomi\\\/\"},\"author\":{\"name\":\"Sven Kast\u00f6\",\"@id\":\"https:\\\/\\\/www.sbhss.eu\\\/#\\\/schema\\\/person\\\/b8d8eb4c1088a05ed50ecff9b2bf643f\"},\"headline\":\"Ett Europa som visar v\u00e4gen mot en cirkul\u00e4r ekonomi\",\"datePublished\":\"2020-04-24T13:07:14+00:00\",\"mainEntityOfPage\":{\"@id\":\"https:\\\/\\\/www.sbhss.eu\\\/sv\\\/eu-s-handlingsplan-ett-europa-som-visar-vagen-mot-en-cirkular-ekonomi\\\/\"},\"wordCount\":2017,\"commentCount\":0,\"articleSection\":[\"Hem - Startsidan\"],\"inLanguage\":\"sv-SE\"},{\"@type\":\"WebPage\",\"@id\":\"https:\\\/\\\/www.sbhss.eu\\\/sv\\\/eu-s-handlingsplan-ett-europa-som-visar-vagen-mot-en-cirkular-ekonomi\\\/\",\"url\":\"https:\\\/\\\/www.sbhss.eu\\\/sv\\\/eu-s-handlingsplan-ett-europa-som-visar-vagen-mot-en-cirkular-ekonomi\\\/\",\"name\":\"Ett Europa som visar v\u00e4gen mot en cirkul\u00e4r ekonomi - SBHSS\",\"isPartOf\":{\"@id\":\"https:\\\/\\\/www.sbhss.eu\\\/#website\"},\"datePublished\":\"2020-04-24T13:07:14+00:00\",\"author\":{\"@id\":\"https:\\\/\\\/www.sbhss.eu\\\/#\\\/schema\\\/person\\\/b8d8eb4c1088a05ed50ecff9b2bf643f\"},\"breadcrumb\":{\"@id\":\"https:\\\/\\\/www.sbhss.eu\\\/sv\\\/eu-s-handlingsplan-ett-europa-som-visar-vagen-mot-en-cirkular-ekonomi\\\/#breadcrumb\"},\"inLanguage\":\"sv-SE\",\"potentialAction\":[{\"@type\":\"ReadAction\",\"target\":[\"https:\\\/\\\/www.sbhss.eu\\\/sv\\\/eu-s-handlingsplan-ett-europa-som-visar-vagen-mot-en-cirkular-ekonomi\\\/\"]}]},{\"@type\":\"BreadcrumbList\",\"@id\":\"https:\\\/\\\/www.sbhss.eu\\\/sv\\\/eu-s-handlingsplan-ett-europa-som-visar-vagen-mot-en-cirkular-ekonomi\\\/#breadcrumb\",\"itemListElement\":[{\"@type\":\"ListItem\",\"position\":1,\"name\":\"Hem\",\"item\":\"https:\\\/\\\/www.sbhss.eu\\\/sv\\\/\"},{\"@type\":\"ListItem\",\"position\":2,\"name\":\"Ett Europa som visar v\u00e4gen mot en cirkul\u00e4r ekonomi\"}]},{\"@type\":\"WebSite\",\"@id\":\"https:\\\/\\\/www.sbhss.eu\\\/#website\",\"url\":\"https:\\\/\\\/www.sbhss.eu\\\/\",\"name\":\"SBHSS\",\"description\":\"\",\"potentialAction\":[{\"@type\":\"SearchAction\",\"target\":{\"@type\":\"EntryPoint\",\"urlTemplate\":\"https:\\\/\\\/www.sbhss.eu\\\/?s={search_term_string}\"},\"query-input\":{\"@type\":\"PropertyValueSpecification\",\"valueRequired\":true,\"valueName\":\"search_term_string\"}}],\"inLanguage\":\"sv-SE\"},{\"@type\":\"Person\",\"@id\":\"https:\\\/\\\/www.sbhss.eu\\\/#\\\/schema\\\/person\\\/b8d8eb4c1088a05ed50ecff9b2bf643f\",\"name\":\"Sven Kast\u00f6\",\"image\":{\"@type\":\"ImageObject\",\"inLanguage\":\"sv-SE\",\"@id\":\"https:\\\/\\\/secure.gravatar.com\\\/avatar\\\/4ce3985fbe5a36073e6a0cbba2acaad0da794332aeb9a944eca4c7548361a263?s=96&d=mm&r=g\",\"url\":\"https:\\\/\\\/secure.gravatar.com\\\/avatar\\\/4ce3985fbe5a36073e6a0cbba2acaad0da794332aeb9a944eca4c7548361a263?s=96&d=mm&r=g\",\"contentUrl\":\"https:\\\/\\\/secure.gravatar.com\\\/avatar\\\/4ce3985fbe5a36073e6a0cbba2acaad0da794332aeb9a944eca4c7548361a263?s=96&d=mm&r=g\",\"caption\":\"Sven Kast\u00f6\"},\"url\":\"https:\\\/\\\/www.sbhss.eu\\\/sv\\\/author\\\/sven-kastosbhss-eu\\\/\"}]}<\/script>\n<!-- \/ Yoast SEO plugin. -->","yoast_head_json":{"title":"Ett Europa som visar v\u00e4gen mot en cirkul\u00e4r ekonomi - SBHSS","robots":{"index":"index","follow":"follow","max-snippet":"max-snippet:-1","max-image-preview":"max-image-preview:large","max-video-preview":"max-video-preview:-1"},"canonical":"https:\/\/www.sbhss.eu\/sv\/eu-s-handlingsplan-ett-europa-som-visar-vagen-mot-en-cirkular-ekonomi\/","og_locale":"sv_SE","og_type":"article","og_title":"Ett Europa som visar v\u00e4gen mot en cirkul\u00e4r ekonomi - SBHSS","og_description":"Grundstenarna f\u00f6r cirkul\u00e4r ekonomi i EU lades 2015 n\u00e4r EU-kommissionen presenterade sin f\u00f6rsta handlingsplan. Kommissionen har i \u00e5r antagit en ny handlingsplan f\u00f6r cirkul\u00e4r ekonomi &#8211; en av de viktigaste pelarna inom den europeiska gr\u00f6na given och EU:s industristrategi. Handlingsplanen pekar ut en rad \u00e5tg\u00e4rder som kommer genomf\u00f6ras de n\u00e4rmsta par \u00e5ren, allt fr\u00e5n konkret [&hellip;]","og_url":"https:\/\/www.sbhss.eu\/sv\/eu-s-handlingsplan-ett-europa-som-visar-vagen-mot-en-cirkular-ekonomi\/","og_site_name":"SBHSS","article_published_time":"2020-04-24T13:07:14+00:00","author":"Sven Kast\u00f6","twitter_card":"summary_large_image","twitter_misc":{"Skriven av":"Sven Kast\u00f6","Ber\u00e4knad l\u00e4stid":"10 minuter"},"schema":{"@context":"https:\/\/schema.org","@graph":[{"@type":"Article","@id":"https:\/\/www.sbhss.eu\/sv\/eu-s-handlingsplan-ett-europa-som-visar-vagen-mot-en-cirkular-ekonomi\/#article","isPartOf":{"@id":"https:\/\/www.sbhss.eu\/sv\/eu-s-handlingsplan-ett-europa-som-visar-vagen-mot-en-cirkular-ekonomi\/"},"author":{"name":"Sven Kast\u00f6","@id":"https:\/\/www.sbhss.eu\/#\/schema\/person\/b8d8eb4c1088a05ed50ecff9b2bf643f"},"headline":"Ett Europa som visar v\u00e4gen mot en cirkul\u00e4r ekonomi","datePublished":"2020-04-24T13:07:14+00:00","mainEntityOfPage":{"@id":"https:\/\/www.sbhss.eu\/sv\/eu-s-handlingsplan-ett-europa-som-visar-vagen-mot-en-cirkular-ekonomi\/"},"wordCount":2017,"commentCount":0,"articleSection":["Hem - Startsidan"],"inLanguage":"sv-SE"},{"@type":"WebPage","@id":"https:\/\/www.sbhss.eu\/sv\/eu-s-handlingsplan-ett-europa-som-visar-vagen-mot-en-cirkular-ekonomi\/","url":"https:\/\/www.sbhss.eu\/sv\/eu-s-handlingsplan-ett-europa-som-visar-vagen-mot-en-cirkular-ekonomi\/","name":"Ett Europa som visar v\u00e4gen mot en cirkul\u00e4r ekonomi - SBHSS","isPartOf":{"@id":"https:\/\/www.sbhss.eu\/#website"},"datePublished":"2020-04-24T13:07:14+00:00","author":{"@id":"https:\/\/www.sbhss.eu\/#\/schema\/person\/b8d8eb4c1088a05ed50ecff9b2bf643f"},"breadcrumb":{"@id":"https:\/\/www.sbhss.eu\/sv\/eu-s-handlingsplan-ett-europa-som-visar-vagen-mot-en-cirkular-ekonomi\/#breadcrumb"},"inLanguage":"sv-SE","potentialAction":[{"@type":"ReadAction","target":["https:\/\/www.sbhss.eu\/sv\/eu-s-handlingsplan-ett-europa-som-visar-vagen-mot-en-cirkular-ekonomi\/"]}]},{"@type":"BreadcrumbList","@id":"https:\/\/www.sbhss.eu\/sv\/eu-s-handlingsplan-ett-europa-som-visar-vagen-mot-en-cirkular-ekonomi\/#breadcrumb","itemListElement":[{"@type":"ListItem","position":1,"name":"Hem","item":"https:\/\/www.sbhss.eu\/sv\/"},{"@type":"ListItem","position":2,"name":"Ett Europa som visar v\u00e4gen mot en cirkul\u00e4r ekonomi"}]},{"@type":"WebSite","@id":"https:\/\/www.sbhss.eu\/#website","url":"https:\/\/www.sbhss.eu\/","name":"SBHSS","description":"","potentialAction":[{"@type":"SearchAction","target":{"@type":"EntryPoint","urlTemplate":"https:\/\/www.sbhss.eu\/?s={search_term_string}"},"query-input":{"@type":"PropertyValueSpecification","valueRequired":true,"valueName":"search_term_string"}}],"inLanguage":"sv-SE"},{"@type":"Person","@id":"https:\/\/www.sbhss.eu\/#\/schema\/person\/b8d8eb4c1088a05ed50ecff9b2bf643f","name":"Sven Kast\u00f6","image":{"@type":"ImageObject","inLanguage":"sv-SE","@id":"https:\/\/secure.gravatar.com\/avatar\/4ce3985fbe5a36073e6a0cbba2acaad0da794332aeb9a944eca4c7548361a263?s=96&d=mm&r=g","url":"https:\/\/secure.gravatar.com\/avatar\/4ce3985fbe5a36073e6a0cbba2acaad0da794332aeb9a944eca4c7548361a263?s=96&d=mm&r=g","contentUrl":"https:\/\/secure.gravatar.com\/avatar\/4ce3985fbe5a36073e6a0cbba2acaad0da794332aeb9a944eca4c7548361a263?s=96&d=mm&r=g","caption":"Sven Kast\u00f6"},"url":"https:\/\/www.sbhss.eu\/sv\/author\/sven-kastosbhss-eu\/"}]}},"_links":{"self":[{"href":"https:\/\/www.sbhss.eu\/sv\/wp-json\/wp\/v2\/posts\/1120","targetHints":{"allow":["GET"]}}],"collection":[{"href":"https:\/\/www.sbhss.eu\/sv\/wp-json\/wp\/v2\/posts"}],"about":[{"href":"https:\/\/www.sbhss.eu\/sv\/wp-json\/wp\/v2\/types\/post"}],"author":[{"embeddable":true,"href":"https:\/\/www.sbhss.eu\/sv\/wp-json\/wp\/v2\/users\/3"}],"replies":[{"embeddable":true,"href":"https:\/\/www.sbhss.eu\/sv\/wp-json\/wp\/v2\/comments?post=1120"}],"version-history":[{"count":0,"href":"https:\/\/www.sbhss.eu\/sv\/wp-json\/wp\/v2\/posts\/1120\/revisions"}],"wp:attachment":[{"href":"https:\/\/www.sbhss.eu\/sv\/wp-json\/wp\/v2\/media?parent=1120"}],"wp:term":[{"taxonomy":"category","embeddable":true,"href":"https:\/\/www.sbhss.eu\/sv\/wp-json\/wp\/v2\/categories?post=1120"},{"taxonomy":"post_tag","embeddable":true,"href":"https:\/\/www.sbhss.eu\/sv\/wp-json\/wp\/v2\/tags?post=1120"}],"curies":[{"name":"wp","href":"https:\/\/api.w.org\/{rel}","templated":true}]}}