{"id":1130,"date":"2020-05-25T19:01:56","date_gmt":"2020-05-25T17:01:56","guid":{"rendered":"http:\/\/wp.sbhss.eu\/?p=1130"},"modified":"2020-05-25T19:01:56","modified_gmt":"2020-05-25T17:01:56","slug":"ny-eu-strategi-for-biologisk-mangfald","status":"publish","type":"post","link":"https:\/\/www.sbhss.eu\/sv\/ny-eu-strategi-for-biologisk-mangfald\/","title":{"rendered":"Ny EU-strategi f\u00f6r biologisk m\u00e5ngfald"},"content":{"rendered":"<p style=\"text-align: justify;\">F\u00f6rra veckan sl\u00e4pptes <a href=\"https:\/\/ec.europa.eu\/commission\/presscorner\/detail\/en\/ip_20_884\">EU:s strategi f\u00f6r biologisk m\u00e5ngfald 2030<\/a>, vilken&nbsp;ers\u00e4tter tidigare strategi som tog sikte p\u00e5 2020. Med den nya strategin vill man se att insatserna&nbsp;och ambitionerna h\u00f6js betydligt&nbsp;j\u00e4mf\u00f6rt med tidigare. 30% av all mark i EU ska vara skyddad och bindande m\u00e5l f\u00f6r <em>nature restoration <\/em>ska inf\u00f6ras. Strategin \u00e4r&nbsp;en&nbsp;h\u00f6gt prioriterad \u00e5tg\u00e4rd&nbsp;i EU:s gr\u00f6na giv&nbsp;och siktar \u00e4ven p\u00e5 att utg\u00f6ra&nbsp;EU:s position inf\u00f6r&nbsp;den kommande internationella konferensen om biologisk m\u00e5ngfald som skulle \u00e4gt rum i Kina i h\u00f6st, men som pga. Covid-19 skjutits fram.<\/p>\n<p><!--more--><\/p>\n<p style=\"text-align: justify;\">Covid-19 har \u00e4ven p\u00e5verkat formuleringen av sj\u00e4lva strategin, allt fr\u00e5n&nbsp;behovet av st\u00e4rkt biologisk m\u00e5ngfald f\u00f6r att undvika att virus sprids fr\u00e5n djur till m\u00e4nniskor (zoonoser), till&nbsp;biologisk m\u00e5ngfald som en f\u00f6ruts\u00e4ttning f\u00f6r viktiga europeiska n\u00e4ringar. Utifr\u00e5n att den gr\u00f6na given \u00e4r EU:s tillv\u00e4xtstrategi och utifr\u00e5n de socioekonomiska effekterna av Covid-19 som v\u00e4ntas, \u00e4r det logiskt att man nu framh\u00e5ller att biologisk m\u00e5ngfald bidrar till ekonomisk tillv\u00e4xt, minskar utgifter (t.ex. f\u00f6r \u00e5tg\u00e4rder kopplat till skogsbr\u00e4nder), och bidrar till \u00f6kad syssels\u00e4ttning.&nbsp;<\/p>\n<p style=\"text-align: justify;\">Strategin \u00e4r bred och adresserar de viktigaste orsakerna till minskad biologisk m\u00e5ngfald. Den kommer \u00e5tf\u00f6ljas av en rad \u00e5tg\u00e4rder under de kommande \u00e5ren. Bland dessa \u00e4r det framf\u00f6rallt&nbsp;\u00e5tg\u00e4rder kopplat till skog, biomassa till energi som \u00e4r relevanta. Men \u00e4ven satsningar p\u00e5 forskning och utbildning och \u00e5tg\u00e4rder kopplat till jordbruk kan vara av intresse. EU-kommissionen uppmanar intressenter att engagera sig i den \u00f6ppna debatten kring dessa strategier.&nbsp;<\/p>\n<p style=\"text-align: justify;\"><strong>Skog och mark<\/strong><\/p>\n<p style=\"text-align: justify;\">Friska skogar pekas ut som ett eget omr\u00e5de i strategin. Som tidigare n\u00e4mnts \u00e4r strategins m\u00e5l att 30% av all mark i EU ska vara skyddad. Av detta ska en tredjeden, dvs. 10%, vara strikt skyddat&nbsp;och man pekar ut att all&nbsp;<em>primary and old growth forests<\/em> ska omfattas av det&nbsp;strikta&nbsp;skyddet. Detta m\u00e5l g\u00e4ller p\u00e5 EU-niv\u00e5 och det kommer vara upp till medlemsstaterna att komma fram till vad detta inneb\u00e4r f\u00f6r varje land. Det kommer \u00e4ven vara upp till varje medlemsstat att identifiera vilka omr\u00e5den som ska skyddas och som ska vara strikt skyddade. EU-kommissionen kommer ta fram riktlinjer och kriterier under 2021. Vad detta kommer inneb\u00e4ra f\u00f6r Sverige \u00e4r d\u00e4rmed en fr\u00e5ga som \u00e5terst\u00e5r och det kan vara relevant att ha dialog med s\u00e5 v\u00e4l svenska nationella myndigheter som EU-kommissionen om dessa fr\u00e5gor. &nbsp;<\/p>\n<p style=\"text-align: justify;\">En annan nyhet i strategin \u00e4r f\u00f6reslaget om&nbsp;bindande EU-m\u00e5l f\u00f6r <em>nature restoration<\/em>. F\u00f6utom ovann\u00e4mnda skydds\u00e5tg\u00e4rder, pekar man p\u00e5 behovet av h\u00e5llbart skogsbruk och till\u00e4mpning av metoder som fr\u00e4mjar biologisk m\u00e5ngfald s\u00e5som <em>close to nature forestry<\/em>. Riktlinjer f\u00f6r detta kommer tas fram 2021. Dessutom vill man se att alla statliga skogs\u00e4gare och ett \u00f6kat antal privata skogs\u00e4gare ska ha <em>mamagement plans<\/em>. Exakt vad detta inneb\u00e4r f\u00f6r de sm\u00e5 privata skogsbruken i v\u00e5ra regioner kan vara v\u00e4rt att unders\u00f6ka.&nbsp;<\/p>\n<p style=\"text-align: justify;\">I b\u00f6rjan av 2021 v\u00e4ntas EU-kommissionen dessutom presentera en uppdaterad europeisk skogsstrategi.&nbsp;Som en del av skogsstraegin kommer \u00e4ven ett intitativ f\u00f6r att plantera minst 3 miljarder tr\u00e4d inom EU att lanseras.<\/p>\n<p style=\"text-align: justify;\">Det lyfts \u00e4ven att st\u00e4der beh\u00f6ver bli gr\u00f6nare och f\u00f6r att fr\u00e4mja detta f\u00f6rsl\u00e5s <em>urban greening plans<\/em> f\u00f6r st\u00e4der med minst&nbsp;20&nbsp;000 innv\u00e5nare, samt att lansera en <em>urban greening plattform<\/em>. Detta kan vara av intresse f\u00f6r kommuner i v\u00e5ra regioner att engagera sig i.<\/p>\n<p style=\"text-align: justify;\"><strong>Biomassa<\/strong><\/p>\n<p style=\"text-align: justify;\">Huruvida biomassa \u00e4r en h\u00e5llbar energik\u00e4lla har varit uppe f\u00f6r diskussion inom EU flera&nbsp;g\u00e5nger tidigare, inte minst i samband med uppdateringen av f\u00f6rnybarhetsdirektivet 2018. D\u00e5 var det stora diskussioner om h\u00e5llbarhetskriterier f\u00f6r biomassa och vilka k\u00e4llor som kan anses vara f\u00f6rnybara. I strategin f\u00f6r biologisk m\u00e5ngfald tas dessa diskussioner upp igen, och man pekar p\u00e5 att hela tr\u00e4d eller gr\u00f6dor ej b\u00f6r anv\u00e4ndas till energi. Operativa riktlinjer kring h\u00e5llbarhetskriterierna v\u00e4ntas 2021. Just nu genomf\u00f6r EU-kommissionen \u00e4ven en studie om h\u00e5llbarhet f\u00f6r&nbsp;att anv\u00e4nda skoglig biomassa till&nbsp;energiproduktion. Resultaten kommer man ta med sig till den \u00f6versyn av lagsttiftning p\u00e5 klimatomr\u00e5det, s\u00e5som f\u00f6rnybarhetsdirektivet och LULUCF (markanv\u00e4ndning), som ska genomf\u00f6ras 2021. Hur riktlinjer och lagstiftning kopplat till biomassa utformas har p\u00e5verkan f\u00f6r biomassa- och energiproducenter och f\u00f6r offentliga akt\u00f6rer som biodrivmedelskonsumeter. &nbsp;&nbsp;&nbsp;<\/p>\n<p><strong>Tidsplan \u00e5tg\u00e4rder i urval:<\/strong><\/p>\n<ul>\n<li>Kriterier och riktlinjer f\u00f6r utpekandet av ytterligare skyddade omr\u00e5den, 2020<\/li>\n<li>F\u00f6rslag EU-m\u00e5l f\u00f6r <em>nature resortation<\/em>, 2021<\/li>\n<li>Uppdaterad EU skogsstrategi, inkl. &#8221;3 miljarder tr\u00e4d&#8221;-plan, 2021<\/li>\n<li>Riktlinjer f\u00f6r skogsbruksmetoder, t.ex. close-to-nature-forestry, 2021<\/li>\n<li>Utv\u00e4rdering EU och global biomassas utbud och eftr\u00e5gan relaterat till h\u00e5llbarthet, p\u00e5g\u00e5ende<\/li>\n<li>Studie av h\u00e5llbarhet f\u00f6r anv\u00e4ndning av skoglig biomassa till energiproduktion, 2020<\/li>\n<li>Operativa riktlinjer f\u00f6r de nya h\u00e5llbarhetskriterierna f\u00f6r skoglig bioemassa, 2021<\/li>\n<li>\u00d6versyn biodrivmedel med h\u00f6g indirekt markanvn\u00e4ndningsgrad och utfasning, 2021<\/li>\n<li>Etablera EU Urban Greening Platform, 2021<\/li>\n<li>St\u00f6tta uppbyggnaden av EU Business for biodiversitet<\/li>\n<li>H\u00e5llbar finansiering-taxonomi relaterat till biologisk m\u00e5ngfald, 2021<\/li>\n<\/ul>\n<p>Strategin i sin helhet inkl. tidsplan f\u00f6r \u00e5tg\u00e4rder <a href=\"https:\/\/ec.europa.eu\/info\/files\/communication-eu-biodiversity-strategy-2030-bringing-nature-back-our-lives_en\">hittar du h\u00e4r<\/a>.<\/p>\n","protected":false},"excerpt":{"rendered":"<p>F\u00f6rra veckan sl\u00e4pptes EU:s strategi f\u00f6r biologisk m\u00e5ngfald 2030, vilken&nbsp;ers\u00e4tter tidigare strategi som tog sikte p\u00e5 2020. Med den nya strategin vill man se att insatserna&nbsp;och ambitionerna h\u00f6js betydligt&nbsp;j\u00e4mf\u00f6rt med tidigare. 30% av all mark i EU ska vara skyddad och bindande m\u00e5l f\u00f6r nature restoration ska inf\u00f6ras. Strategin \u00e4r&nbsp;en&nbsp;h\u00f6gt prioriterad \u00e5tg\u00e4rd&nbsp;i EU:s gr\u00f6na giv&nbsp;och [&hellip;]<\/p>\n","protected":false},"author":3,"featured_media":0,"comment_status":"open","ping_status":"open","sticky":false,"template":"","format":"standard","meta":{"_acf_changed":false,"footnotes":""},"categories":[11],"tags":[],"class_list":["post-1130","post","type-post","status-publish","format-standard","hentry","category-hem"],"acf":[],"yoast_head":"<!-- This site is optimized with the Yoast SEO plugin v27.5 - https:\/\/yoast.com\/product\/yoast-seo-wordpress\/ -->\n<title>Ny EU-strategi f\u00f6r biologisk m\u00e5ngfald - SBHSS<\/title>\n<meta name=\"robots\" content=\"index, follow, max-snippet:-1, max-image-preview:large, max-video-preview:-1\" \/>\n<link rel=\"canonical\" href=\"https:\/\/www.sbhss.eu\/sv\/ny-eu-strategi-for-biologisk-mangfald\/\" \/>\n<meta property=\"og:locale\" content=\"sv_SE\" \/>\n<meta property=\"og:type\" content=\"article\" \/>\n<meta property=\"og:title\" content=\"Ny EU-strategi f\u00f6r biologisk m\u00e5ngfald - SBHSS\" \/>\n<meta property=\"og:description\" content=\"F\u00f6rra veckan sl\u00e4pptes EU:s strategi f\u00f6r biologisk m\u00e5ngfald 2030, vilken&nbsp;ers\u00e4tter tidigare strategi som tog sikte p\u00e5 2020. Med den nya strategin vill man se att insatserna&nbsp;och ambitionerna h\u00f6js betydligt&nbsp;j\u00e4mf\u00f6rt med tidigare. 30% av all mark i EU ska vara skyddad och bindande m\u00e5l f\u00f6r nature restoration ska inf\u00f6ras. Strategin \u00e4r&nbsp;en&nbsp;h\u00f6gt prioriterad \u00e5tg\u00e4rd&nbsp;i EU:s gr\u00f6na giv&nbsp;och [&hellip;]\" \/>\n<meta property=\"og:url\" content=\"https:\/\/www.sbhss.eu\/sv\/ny-eu-strategi-for-biologisk-mangfald\/\" \/>\n<meta property=\"og:site_name\" content=\"SBHSS\" \/>\n<meta property=\"article:published_time\" content=\"2020-05-25T17:01:56+00:00\" \/>\n<meta name=\"author\" content=\"Sven Kast\u00f6\" \/>\n<meta name=\"twitter:card\" content=\"summary_large_image\" \/>\n<meta name=\"twitter:label1\" content=\"Skriven av\" \/>\n\t<meta name=\"twitter:data1\" content=\"Sven Kast\u00f6\" \/>\n\t<meta name=\"twitter:label2\" content=\"Ber\u00e4knad l\u00e4stid\" \/>\n\t<meta name=\"twitter:data2\" content=\"5 minuter\" \/>\n<script type=\"application\/ld+json\" class=\"yoast-schema-graph\">{\"@context\":\"https:\\\/\\\/schema.org\",\"@graph\":[{\"@type\":\"Article\",\"@id\":\"https:\\\/\\\/www.sbhss.eu\\\/sv\\\/ny-eu-strategi-for-biologisk-mangfald\\\/#article\",\"isPartOf\":{\"@id\":\"https:\\\/\\\/www.sbhss.eu\\\/sv\\\/ny-eu-strategi-for-biologisk-mangfald\\\/\"},\"author\":{\"name\":\"Sven Kast\u00f6\",\"@id\":\"https:\\\/\\\/www.sbhss.eu\\\/#\\\/schema\\\/person\\\/b8d8eb4c1088a05ed50ecff9b2bf643f\"},\"headline\":\"Ny EU-strategi f\u00f6r biologisk m\u00e5ngfald\",\"datePublished\":\"2020-05-25T17:01:56+00:00\",\"mainEntityOfPage\":{\"@id\":\"https:\\\/\\\/www.sbhss.eu\\\/sv\\\/ny-eu-strategi-for-biologisk-mangfald\\\/\"},\"wordCount\":947,\"commentCount\":0,\"articleSection\":[\"Hem - Startsidan\"],\"inLanguage\":\"sv-SE\"},{\"@type\":\"WebPage\",\"@id\":\"https:\\\/\\\/www.sbhss.eu\\\/sv\\\/ny-eu-strategi-for-biologisk-mangfald\\\/\",\"url\":\"https:\\\/\\\/www.sbhss.eu\\\/sv\\\/ny-eu-strategi-for-biologisk-mangfald\\\/\",\"name\":\"Ny EU-strategi f\u00f6r biologisk m\u00e5ngfald - SBHSS\",\"isPartOf\":{\"@id\":\"https:\\\/\\\/www.sbhss.eu\\\/#website\"},\"datePublished\":\"2020-05-25T17:01:56+00:00\",\"author\":{\"@id\":\"https:\\\/\\\/www.sbhss.eu\\\/#\\\/schema\\\/person\\\/b8d8eb4c1088a05ed50ecff9b2bf643f\"},\"breadcrumb\":{\"@id\":\"https:\\\/\\\/www.sbhss.eu\\\/sv\\\/ny-eu-strategi-for-biologisk-mangfald\\\/#breadcrumb\"},\"inLanguage\":\"sv-SE\",\"potentialAction\":[{\"@type\":\"ReadAction\",\"target\":[\"https:\\\/\\\/www.sbhss.eu\\\/sv\\\/ny-eu-strategi-for-biologisk-mangfald\\\/\"]}]},{\"@type\":\"BreadcrumbList\",\"@id\":\"https:\\\/\\\/www.sbhss.eu\\\/sv\\\/ny-eu-strategi-for-biologisk-mangfald\\\/#breadcrumb\",\"itemListElement\":[{\"@type\":\"ListItem\",\"position\":1,\"name\":\"Hem\",\"item\":\"https:\\\/\\\/www.sbhss.eu\\\/sv\\\/\"},{\"@type\":\"ListItem\",\"position\":2,\"name\":\"Ny EU-strategi f\u00f6r biologisk m\u00e5ngfald\"}]},{\"@type\":\"WebSite\",\"@id\":\"https:\\\/\\\/www.sbhss.eu\\\/#website\",\"url\":\"https:\\\/\\\/www.sbhss.eu\\\/\",\"name\":\"SBHSS\",\"description\":\"\",\"potentialAction\":[{\"@type\":\"SearchAction\",\"target\":{\"@type\":\"EntryPoint\",\"urlTemplate\":\"https:\\\/\\\/www.sbhss.eu\\\/?s={search_term_string}\"},\"query-input\":{\"@type\":\"PropertyValueSpecification\",\"valueRequired\":true,\"valueName\":\"search_term_string\"}}],\"inLanguage\":\"sv-SE\"},{\"@type\":\"Person\",\"@id\":\"https:\\\/\\\/www.sbhss.eu\\\/#\\\/schema\\\/person\\\/b8d8eb4c1088a05ed50ecff9b2bf643f\",\"name\":\"Sven Kast\u00f6\",\"image\":{\"@type\":\"ImageObject\",\"inLanguage\":\"sv-SE\",\"@id\":\"https:\\\/\\\/secure.gravatar.com\\\/avatar\\\/4ce3985fbe5a36073e6a0cbba2acaad0da794332aeb9a944eca4c7548361a263?s=96&d=mm&r=g\",\"url\":\"https:\\\/\\\/secure.gravatar.com\\\/avatar\\\/4ce3985fbe5a36073e6a0cbba2acaad0da794332aeb9a944eca4c7548361a263?s=96&d=mm&r=g\",\"contentUrl\":\"https:\\\/\\\/secure.gravatar.com\\\/avatar\\\/4ce3985fbe5a36073e6a0cbba2acaad0da794332aeb9a944eca4c7548361a263?s=96&d=mm&r=g\",\"caption\":\"Sven Kast\u00f6\"},\"url\":\"https:\\\/\\\/www.sbhss.eu\\\/sv\\\/author\\\/sven-kastosbhss-eu\\\/\"}]}<\/script>\n<!-- \/ Yoast SEO plugin. -->","yoast_head_json":{"title":"Ny EU-strategi f\u00f6r biologisk m\u00e5ngfald - SBHSS","robots":{"index":"index","follow":"follow","max-snippet":"max-snippet:-1","max-image-preview":"max-image-preview:large","max-video-preview":"max-video-preview:-1"},"canonical":"https:\/\/www.sbhss.eu\/sv\/ny-eu-strategi-for-biologisk-mangfald\/","og_locale":"sv_SE","og_type":"article","og_title":"Ny EU-strategi f\u00f6r biologisk m\u00e5ngfald - SBHSS","og_description":"F\u00f6rra veckan sl\u00e4pptes EU:s strategi f\u00f6r biologisk m\u00e5ngfald 2030, vilken&nbsp;ers\u00e4tter tidigare strategi som tog sikte p\u00e5 2020. Med den nya strategin vill man se att insatserna&nbsp;och ambitionerna h\u00f6js betydligt&nbsp;j\u00e4mf\u00f6rt med tidigare. 30% av all mark i EU ska vara skyddad och bindande m\u00e5l f\u00f6r nature restoration ska inf\u00f6ras. Strategin \u00e4r&nbsp;en&nbsp;h\u00f6gt prioriterad \u00e5tg\u00e4rd&nbsp;i EU:s gr\u00f6na giv&nbsp;och [&hellip;]","og_url":"https:\/\/www.sbhss.eu\/sv\/ny-eu-strategi-for-biologisk-mangfald\/","og_site_name":"SBHSS","article_published_time":"2020-05-25T17:01:56+00:00","author":"Sven Kast\u00f6","twitter_card":"summary_large_image","twitter_misc":{"Skriven av":"Sven Kast\u00f6","Ber\u00e4knad l\u00e4stid":"5 minuter"},"schema":{"@context":"https:\/\/schema.org","@graph":[{"@type":"Article","@id":"https:\/\/www.sbhss.eu\/sv\/ny-eu-strategi-for-biologisk-mangfald\/#article","isPartOf":{"@id":"https:\/\/www.sbhss.eu\/sv\/ny-eu-strategi-for-biologisk-mangfald\/"},"author":{"name":"Sven Kast\u00f6","@id":"https:\/\/www.sbhss.eu\/#\/schema\/person\/b8d8eb4c1088a05ed50ecff9b2bf643f"},"headline":"Ny EU-strategi f\u00f6r biologisk m\u00e5ngfald","datePublished":"2020-05-25T17:01:56+00:00","mainEntityOfPage":{"@id":"https:\/\/www.sbhss.eu\/sv\/ny-eu-strategi-for-biologisk-mangfald\/"},"wordCount":947,"commentCount":0,"articleSection":["Hem - Startsidan"],"inLanguage":"sv-SE"},{"@type":"WebPage","@id":"https:\/\/www.sbhss.eu\/sv\/ny-eu-strategi-for-biologisk-mangfald\/","url":"https:\/\/www.sbhss.eu\/sv\/ny-eu-strategi-for-biologisk-mangfald\/","name":"Ny EU-strategi f\u00f6r biologisk m\u00e5ngfald - SBHSS","isPartOf":{"@id":"https:\/\/www.sbhss.eu\/#website"},"datePublished":"2020-05-25T17:01:56+00:00","author":{"@id":"https:\/\/www.sbhss.eu\/#\/schema\/person\/b8d8eb4c1088a05ed50ecff9b2bf643f"},"breadcrumb":{"@id":"https:\/\/www.sbhss.eu\/sv\/ny-eu-strategi-for-biologisk-mangfald\/#breadcrumb"},"inLanguage":"sv-SE","potentialAction":[{"@type":"ReadAction","target":["https:\/\/www.sbhss.eu\/sv\/ny-eu-strategi-for-biologisk-mangfald\/"]}]},{"@type":"BreadcrumbList","@id":"https:\/\/www.sbhss.eu\/sv\/ny-eu-strategi-for-biologisk-mangfald\/#breadcrumb","itemListElement":[{"@type":"ListItem","position":1,"name":"Hem","item":"https:\/\/www.sbhss.eu\/sv\/"},{"@type":"ListItem","position":2,"name":"Ny EU-strategi f\u00f6r biologisk m\u00e5ngfald"}]},{"@type":"WebSite","@id":"https:\/\/www.sbhss.eu\/#website","url":"https:\/\/www.sbhss.eu\/","name":"SBHSS","description":"","potentialAction":[{"@type":"SearchAction","target":{"@type":"EntryPoint","urlTemplate":"https:\/\/www.sbhss.eu\/?s={search_term_string}"},"query-input":{"@type":"PropertyValueSpecification","valueRequired":true,"valueName":"search_term_string"}}],"inLanguage":"sv-SE"},{"@type":"Person","@id":"https:\/\/www.sbhss.eu\/#\/schema\/person\/b8d8eb4c1088a05ed50ecff9b2bf643f","name":"Sven Kast\u00f6","image":{"@type":"ImageObject","inLanguage":"sv-SE","@id":"https:\/\/secure.gravatar.com\/avatar\/4ce3985fbe5a36073e6a0cbba2acaad0da794332aeb9a944eca4c7548361a263?s=96&d=mm&r=g","url":"https:\/\/secure.gravatar.com\/avatar\/4ce3985fbe5a36073e6a0cbba2acaad0da794332aeb9a944eca4c7548361a263?s=96&d=mm&r=g","contentUrl":"https:\/\/secure.gravatar.com\/avatar\/4ce3985fbe5a36073e6a0cbba2acaad0da794332aeb9a944eca4c7548361a263?s=96&d=mm&r=g","caption":"Sven Kast\u00f6"},"url":"https:\/\/www.sbhss.eu\/sv\/author\/sven-kastosbhss-eu\/"}]}},"_links":{"self":[{"href":"https:\/\/www.sbhss.eu\/sv\/wp-json\/wp\/v2\/posts\/1130","targetHints":{"allow":["GET"]}}],"collection":[{"href":"https:\/\/www.sbhss.eu\/sv\/wp-json\/wp\/v2\/posts"}],"about":[{"href":"https:\/\/www.sbhss.eu\/sv\/wp-json\/wp\/v2\/types\/post"}],"author":[{"embeddable":true,"href":"https:\/\/www.sbhss.eu\/sv\/wp-json\/wp\/v2\/users\/3"}],"replies":[{"embeddable":true,"href":"https:\/\/www.sbhss.eu\/sv\/wp-json\/wp\/v2\/comments?post=1130"}],"version-history":[{"count":0,"href":"https:\/\/www.sbhss.eu\/sv\/wp-json\/wp\/v2\/posts\/1130\/revisions"}],"wp:attachment":[{"href":"https:\/\/www.sbhss.eu\/sv\/wp-json\/wp\/v2\/media?parent=1130"}],"wp:term":[{"taxonomy":"category","embeddable":true,"href":"https:\/\/www.sbhss.eu\/sv\/wp-json\/wp\/v2\/categories?post=1130"},{"taxonomy":"post_tag","embeddable":true,"href":"https:\/\/www.sbhss.eu\/sv\/wp-json\/wp\/v2\/tags?post=1130"}],"curies":[{"name":"wp","href":"https:\/\/api.w.org\/{rel}","templated":true}]}}