{"id":1159,"date":"2020-09-02T16:33:43","date_gmt":"2020-09-02T14:33:43","guid":{"rendered":"http:\/\/wp.sbhss.eu\/?p=1159"},"modified":"2020-09-02T16:33:43","modified_gmt":"2020-09-02T14:33:43","slug":"save-the-date-webinar-about-buildning-in-wood-in-the-context-of-the-green-deal-on-the-8th-of-october","status":"publish","type":"post","link":"https:\/\/www.sbhss.eu\/sv\/save-the-date-webinar-about-buildning-in-wood-in-the-context-of-the-green-deal-on-the-8th-of-october\/","title":{"rendered":"Save the date: Webinar about buildning in wood in the context of the Green Deal on the 8th of October"},"content":{"rendered":"<div>\n<p style=\"font-size:11pt;font-family:Calibri,sans-serif;margin:0;\">Sm\u00e5land Blekinge Halland South Sweden EU Office, East and North Finland EU Office, Helsinki EU Office and ERIAFF Network will organise a webinar:<em> Can buildning in wood contribute to deliviering the Green Deal<\/em>? <em>&#8211; a regional and city perspective,<\/em> on the 8th of October, 2020 9:30-11:30 CET.<\/p>\n<p style=\"font-size:11pt;font-family:Calibri,sans-serif;margin:0;\">&nbsp;<\/p>\n<p style=\"font-size:11pt;font-family:Calibri,sans-serif;margin:0;\">Invited participants from institutions, research institues, municipalities and regions will discuss the opportunities and challanges for buildning in wood in the context of the Green Deal.<\/p>\n<p style=\"font-size:11pt;font-family:Calibri,sans-serif;margin:0;\">&nbsp;<\/p>\n<p style=\"font-size:11pt;font-family:Calibri,sans-serif;margin:0;\">Please see the attached document <a href=\"https:\/\/www.sbhss.eu\/wp-content\/uploads\/2020\/09\/SAVE_THE_DATE_-_Building_in_Wood_webinar__sent.pdf\" title=\"\">here<\/a> for an introduction to the webinar and a provisional programme.<\/p>\n<p style=\"font-size:11pt;font-family:Calibri,sans-serif;margin:0;\">&nbsp;<\/p>\n<p style=\"font-size:11pt;font-family:Calibri,sans-serif;margin:0;\">Save the date and stay tuned for more information coming soon!<\/p>\n<\/div>\n","protected":false},"excerpt":{"rendered":"<p>Sm\u00e5land Blekinge Halland South Sweden EU Office, East and North Finland EU Office, Helsinki EU Office and ERIAFF Network will organise a webinar: Can buildning in wood contribute to deliviering the Green Deal? &#8211; a regional and city perspective, on the 8th of October, 2020 9:30-11:30 CET. &nbsp; Invited participants from institutions, research institues, municipalities [&hellip;]<\/p>\n","protected":false},"author":3,"featured_media":0,"comment_status":"open","ping_status":"open","sticky":false,"template":"","format":"standard","meta":{"_acf_changed":false,"footnotes":""},"categories":[11],"tags":[],"class_list":["post-1159","post","type-post","status-publish","format-standard","hentry","category-hem"],"acf":[],"yoast_head":"<!-- This site is optimized with the Yoast SEO plugin v27.5 - https:\/\/yoast.com\/product\/yoast-seo-wordpress\/ -->\n<title>Save the date: Webinar about buildning in wood in the context of the Green Deal on the 8th of October - SBHSS<\/title>\n<meta name=\"robots\" content=\"index, follow, max-snippet:-1, max-image-preview:large, max-video-preview:-1\" \/>\n<link rel=\"canonical\" href=\"https:\/\/www.sbhss.eu\/sv\/save-the-date-webinar-about-buildning-in-wood-in-the-context-of-the-green-deal-on-the-8th-of-october\/\" \/>\n<meta property=\"og:locale\" content=\"sv_SE\" \/>\n<meta property=\"og:type\" content=\"article\" \/>\n<meta property=\"og:title\" content=\"Save the date: Webinar about buildning in wood in the context of the Green Deal on the 8th of October - SBHSS\" \/>\n<meta property=\"og:description\" content=\"Sm\u00e5land Blekinge Halland South Sweden EU Office, East and North Finland EU Office, Helsinki EU Office and ERIAFF Network will organise a webinar: Can buildning in wood contribute to deliviering the Green Deal? &#8211; a regional and city perspective, on the 8th of October, 2020 9:30-11:30 CET. &nbsp; Invited participants from institutions, research institues, municipalities [&hellip;]\" \/>\n<meta property=\"og:url\" content=\"https:\/\/www.sbhss.eu\/sv\/save-the-date-webinar-about-buildning-in-wood-in-the-context-of-the-green-deal-on-the-8th-of-october\/\" \/>\n<meta property=\"og:site_name\" content=\"SBHSS\" \/>\n<meta property=\"article:published_time\" content=\"2020-09-02T14:33:43+00:00\" \/>\n<meta name=\"author\" content=\"Sven Kast\u00f6\" \/>\n<meta name=\"twitter:card\" content=\"summary_large_image\" \/>\n<meta name=\"twitter:label1\" content=\"Skriven av\" \/>\n\t<meta name=\"twitter:data1\" content=\"Sven Kast\u00f6\" \/>\n\t<meta name=\"twitter:label2\" content=\"Ber\u00e4knad l\u00e4stid\" \/>\n\t<meta name=\"twitter:data2\" content=\"1 minut\" \/>\n<script type=\"application\/ld+json\" class=\"yoast-schema-graph\">{\"@context\":\"https:\\\/\\\/schema.org\",\"@graph\":[{\"@type\":\"Article\",\"@id\":\"https:\\\/\\\/www.sbhss.eu\\\/sv\\\/save-the-date-webinar-about-buildning-in-wood-in-the-context-of-the-green-deal-on-the-8th-of-october\\\/#article\",\"isPartOf\":{\"@id\":\"https:\\\/\\\/www.sbhss.eu\\\/sv\\\/save-the-date-webinar-about-buildning-in-wood-in-the-context-of-the-green-deal-on-the-8th-of-october\\\/\"},\"author\":{\"name\":\"Sven Kast\u00f6\",\"@id\":\"https:\\\/\\\/www.sbhss.eu\\\/#\\\/schema\\\/person\\\/b8d8eb4c1088a05ed50ecff9b2bf643f\"},\"headline\":\"Save the date: Webinar about buildning in wood in the context of the Green Deal on the 8th of October\",\"datePublished\":\"2020-09-02T14:33:43+00:00\",\"mainEntityOfPage\":{\"@id\":\"https:\\\/\\\/www.sbhss.eu\\\/sv\\\/save-the-date-webinar-about-buildning-in-wood-in-the-context-of-the-green-deal-on-the-8th-of-october\\\/\"},\"wordCount\":123,\"commentCount\":0,\"articleSection\":[\"Hem - Startsidan\"],\"inLanguage\":\"sv-SE\"},{\"@type\":\"WebPage\",\"@id\":\"https:\\\/\\\/www.sbhss.eu\\\/sv\\\/save-the-date-webinar-about-buildning-in-wood-in-the-context-of-the-green-deal-on-the-8th-of-october\\\/\",\"url\":\"https:\\\/\\\/www.sbhss.eu\\\/sv\\\/save-the-date-webinar-about-buildning-in-wood-in-the-context-of-the-green-deal-on-the-8th-of-october\\\/\",\"name\":\"Save the date: Webinar about buildning in wood in the context of the Green Deal on the 8th of October - SBHSS\",\"isPartOf\":{\"@id\":\"https:\\\/\\\/www.sbhss.eu\\\/#website\"},\"datePublished\":\"2020-09-02T14:33:43+00:00\",\"author\":{\"@id\":\"https:\\\/\\\/www.sbhss.eu\\\/#\\\/schema\\\/person\\\/b8d8eb4c1088a05ed50ecff9b2bf643f\"},\"breadcrumb\":{\"@id\":\"https:\\\/\\\/www.sbhss.eu\\\/sv\\\/save-the-date-webinar-about-buildning-in-wood-in-the-context-of-the-green-deal-on-the-8th-of-october\\\/#breadcrumb\"},\"inLanguage\":\"sv-SE\",\"potentialAction\":[{\"@type\":\"ReadAction\",\"target\":[\"https:\\\/\\\/www.sbhss.eu\\\/sv\\\/save-the-date-webinar-about-buildning-in-wood-in-the-context-of-the-green-deal-on-the-8th-of-october\\\/\"]}]},{\"@type\":\"BreadcrumbList\",\"@id\":\"https:\\\/\\\/www.sbhss.eu\\\/sv\\\/save-the-date-webinar-about-buildning-in-wood-in-the-context-of-the-green-deal-on-the-8th-of-october\\\/#breadcrumb\",\"itemListElement\":[{\"@type\":\"ListItem\",\"position\":1,\"name\":\"Hem\",\"item\":\"https:\\\/\\\/www.sbhss.eu\\\/sv\\\/\"},{\"@type\":\"ListItem\",\"position\":2,\"name\":\"Save the date: Webinar about buildning in wood in the context of the Green Deal on the 8th of October\"}]},{\"@type\":\"WebSite\",\"@id\":\"https:\\\/\\\/www.sbhss.eu\\\/#website\",\"url\":\"https:\\\/\\\/www.sbhss.eu\\\/\",\"name\":\"SBHSS\",\"description\":\"\",\"potentialAction\":[{\"@type\":\"SearchAction\",\"target\":{\"@type\":\"EntryPoint\",\"urlTemplate\":\"https:\\\/\\\/www.sbhss.eu\\\/?s={search_term_string}\"},\"query-input\":{\"@type\":\"PropertyValueSpecification\",\"valueRequired\":true,\"valueName\":\"search_term_string\"}}],\"inLanguage\":\"sv-SE\"},{\"@type\":\"Person\",\"@id\":\"https:\\\/\\\/www.sbhss.eu\\\/#\\\/schema\\\/person\\\/b8d8eb4c1088a05ed50ecff9b2bf643f\",\"name\":\"Sven Kast\u00f6\",\"image\":{\"@type\":\"ImageObject\",\"inLanguage\":\"sv-SE\",\"@id\":\"https:\\\/\\\/secure.gravatar.com\\\/avatar\\\/4ce3985fbe5a36073e6a0cbba2acaad0da794332aeb9a944eca4c7548361a263?s=96&d=mm&r=g\",\"url\":\"https:\\\/\\\/secure.gravatar.com\\\/avatar\\\/4ce3985fbe5a36073e6a0cbba2acaad0da794332aeb9a944eca4c7548361a263?s=96&d=mm&r=g\",\"contentUrl\":\"https:\\\/\\\/secure.gravatar.com\\\/avatar\\\/4ce3985fbe5a36073e6a0cbba2acaad0da794332aeb9a944eca4c7548361a263?s=96&d=mm&r=g\",\"caption\":\"Sven Kast\u00f6\"},\"url\":\"https:\\\/\\\/www.sbhss.eu\\\/sv\\\/author\\\/sven-kastosbhss-eu\\\/\"}]}<\/script>\n<!-- \/ Yoast SEO plugin. -->","yoast_head_json":{"title":"Save the date: Webinar about buildning in wood in the context of the Green Deal on the 8th of October - SBHSS","robots":{"index":"index","follow":"follow","max-snippet":"max-snippet:-1","max-image-preview":"max-image-preview:large","max-video-preview":"max-video-preview:-1"},"canonical":"https:\/\/www.sbhss.eu\/sv\/save-the-date-webinar-about-buildning-in-wood-in-the-context-of-the-green-deal-on-the-8th-of-october\/","og_locale":"sv_SE","og_type":"article","og_title":"Save the date: Webinar about buildning in wood in the context of the Green Deal on the 8th of October - SBHSS","og_description":"Sm\u00e5land Blekinge Halland South Sweden EU Office, East and North Finland EU Office, Helsinki EU Office and ERIAFF Network will organise a webinar: Can buildning in wood contribute to deliviering the Green Deal? &#8211; a regional and city perspective, on the 8th of October, 2020 9:30-11:30 CET. &nbsp; Invited participants from institutions, research institues, municipalities [&hellip;]","og_url":"https:\/\/www.sbhss.eu\/sv\/save-the-date-webinar-about-buildning-in-wood-in-the-context-of-the-green-deal-on-the-8th-of-october\/","og_site_name":"SBHSS","article_published_time":"2020-09-02T14:33:43+00:00","author":"Sven Kast\u00f6","twitter_card":"summary_large_image","twitter_misc":{"Skriven av":"Sven Kast\u00f6","Ber\u00e4knad l\u00e4stid":"1 minut"},"schema":{"@context":"https:\/\/schema.org","@graph":[{"@type":"Article","@id":"https:\/\/www.sbhss.eu\/sv\/save-the-date-webinar-about-buildning-in-wood-in-the-context-of-the-green-deal-on-the-8th-of-october\/#article","isPartOf":{"@id":"https:\/\/www.sbhss.eu\/sv\/save-the-date-webinar-about-buildning-in-wood-in-the-context-of-the-green-deal-on-the-8th-of-october\/"},"author":{"name":"Sven Kast\u00f6","@id":"https:\/\/www.sbhss.eu\/#\/schema\/person\/b8d8eb4c1088a05ed50ecff9b2bf643f"},"headline":"Save the date: Webinar about buildning in wood in the context of the Green Deal on the 8th of October","datePublished":"2020-09-02T14:33:43+00:00","mainEntityOfPage":{"@id":"https:\/\/www.sbhss.eu\/sv\/save-the-date-webinar-about-buildning-in-wood-in-the-context-of-the-green-deal-on-the-8th-of-october\/"},"wordCount":123,"commentCount":0,"articleSection":["Hem - Startsidan"],"inLanguage":"sv-SE"},{"@type":"WebPage","@id":"https:\/\/www.sbhss.eu\/sv\/save-the-date-webinar-about-buildning-in-wood-in-the-context-of-the-green-deal-on-the-8th-of-october\/","url":"https:\/\/www.sbhss.eu\/sv\/save-the-date-webinar-about-buildning-in-wood-in-the-context-of-the-green-deal-on-the-8th-of-october\/","name":"Save the date: Webinar about buildning in wood in the context of the Green Deal on the 8th of October - SBHSS","isPartOf":{"@id":"https:\/\/www.sbhss.eu\/#website"},"datePublished":"2020-09-02T14:33:43+00:00","author":{"@id":"https:\/\/www.sbhss.eu\/#\/schema\/person\/b8d8eb4c1088a05ed50ecff9b2bf643f"},"breadcrumb":{"@id":"https:\/\/www.sbhss.eu\/sv\/save-the-date-webinar-about-buildning-in-wood-in-the-context-of-the-green-deal-on-the-8th-of-october\/#breadcrumb"},"inLanguage":"sv-SE","potentialAction":[{"@type":"ReadAction","target":["https:\/\/www.sbhss.eu\/sv\/save-the-date-webinar-about-buildning-in-wood-in-the-context-of-the-green-deal-on-the-8th-of-october\/"]}]},{"@type":"BreadcrumbList","@id":"https:\/\/www.sbhss.eu\/sv\/save-the-date-webinar-about-buildning-in-wood-in-the-context-of-the-green-deal-on-the-8th-of-october\/#breadcrumb","itemListElement":[{"@type":"ListItem","position":1,"name":"Hem","item":"https:\/\/www.sbhss.eu\/sv\/"},{"@type":"ListItem","position":2,"name":"Save the date: Webinar about buildning in wood in the context of the Green Deal on the 8th of October"}]},{"@type":"WebSite","@id":"https:\/\/www.sbhss.eu\/#website","url":"https:\/\/www.sbhss.eu\/","name":"SBHSS","description":"","potentialAction":[{"@type":"SearchAction","target":{"@type":"EntryPoint","urlTemplate":"https:\/\/www.sbhss.eu\/?s={search_term_string}"},"query-input":{"@type":"PropertyValueSpecification","valueRequired":true,"valueName":"search_term_string"}}],"inLanguage":"sv-SE"},{"@type":"Person","@id":"https:\/\/www.sbhss.eu\/#\/schema\/person\/b8d8eb4c1088a05ed50ecff9b2bf643f","name":"Sven Kast\u00f6","image":{"@type":"ImageObject","inLanguage":"sv-SE","@id":"https:\/\/secure.gravatar.com\/avatar\/4ce3985fbe5a36073e6a0cbba2acaad0da794332aeb9a944eca4c7548361a263?s=96&d=mm&r=g","url":"https:\/\/secure.gravatar.com\/avatar\/4ce3985fbe5a36073e6a0cbba2acaad0da794332aeb9a944eca4c7548361a263?s=96&d=mm&r=g","contentUrl":"https:\/\/secure.gravatar.com\/avatar\/4ce3985fbe5a36073e6a0cbba2acaad0da794332aeb9a944eca4c7548361a263?s=96&d=mm&r=g","caption":"Sven Kast\u00f6"},"url":"https:\/\/www.sbhss.eu\/sv\/author\/sven-kastosbhss-eu\/"}]}},"_links":{"self":[{"href":"https:\/\/www.sbhss.eu\/sv\/wp-json\/wp\/v2\/posts\/1159","targetHints":{"allow":["GET"]}}],"collection":[{"href":"https:\/\/www.sbhss.eu\/sv\/wp-json\/wp\/v2\/posts"}],"about":[{"href":"https:\/\/www.sbhss.eu\/sv\/wp-json\/wp\/v2\/types\/post"}],"author":[{"embeddable":true,"href":"https:\/\/www.sbhss.eu\/sv\/wp-json\/wp\/v2\/users\/3"}],"replies":[{"embeddable":true,"href":"https:\/\/www.sbhss.eu\/sv\/wp-json\/wp\/v2\/comments?post=1159"}],"version-history":[{"count":0,"href":"https:\/\/www.sbhss.eu\/sv\/wp-json\/wp\/v2\/posts\/1159\/revisions"}],"wp:attachment":[{"href":"https:\/\/www.sbhss.eu\/sv\/wp-json\/wp\/v2\/media?parent=1159"}],"wp:term":[{"taxonomy":"category","embeddable":true,"href":"https:\/\/www.sbhss.eu\/sv\/wp-json\/wp\/v2\/categories?post=1159"},{"taxonomy":"post_tag","embeddable":true,"href":"https:\/\/www.sbhss.eu\/sv\/wp-json\/wp\/v2\/tags?post=1159"}],"curies":[{"name":"wp","href":"https:\/\/api.w.org\/{rel}","templated":true}]}}