{"id":1165,"date":"2020-09-17T23:19:57","date_gmt":"2020-09-17T21:19:57","guid":{"rendered":"http:\/\/wp.sbhss.eu\/?p=1165"},"modified":"2020-09-17T23:19:57","modified_gmt":"2020-09-17T21:19:57","slug":"ursula-von-der-leyens-ambition-det-kommande-aret","status":"publish","type":"post","link":"https:\/\/www.sbhss.eu\/sv\/ursula-von-der-leyens-ambition-det-kommande-aret\/","title":{"rendered":"Ursula von der Leyens ambitioner det kommande \u00e5ret"},"content":{"rendered":"<p>Under onsdag f\u00f6rmiddag h\u00f6ll Ursula von der Leyen, ordf\u00f6rande f\u00f6r EU kommissionen sitt f\u00f6rsta State of the Union tal.&nbsp;Det n\u00e4rmsta \u00e5ret kommer det l\u00e4ggas s\u00e4rskilt fokus p\u00e5 digitalisering, klimat, migration men ocks\u00e5 p\u00e5 specifika omr\u00e5den s\u00e5 som minimil\u00f6n.<\/p>\n<p><!--more--><\/p>\n<p>&nbsp;<\/p>\n<p><strong>Digitalisering centralt i EU<\/strong><\/p>\n<p>\u201cDet kommande \u00e5rtiondet m\u00e5ste bli EU:s&nbsp;digitala decennium\u201d sade von der Leyen klart och tydligt. F\u00f6r att n\u00e5 dit beh\u00f6vs inte enbart investeringar utan \u00e4ven nya lagar som s\u00e4krar EU medborgares digitala identitet. Som en del av satsningen p\u00e5 digitalisering b\u00f6r \u00e4ven 5G, 6G och fiber byggas ut och d\u00e4rav avs\u00e4tter kommissionen 8 miljarder euro till superdatorer som ska bidra till att ny teknik utvecklas och tillverkas i Europa.<\/p>\n<p><strong>Fokus p\u00e5 klimat<\/strong><\/p>\n<p>F\u00f6r att st\u00e4lla om till ett mer h\u00e5llbart levnadss\u00e4tt avs\u00e4tter kommissionen 37% av NextGenerationEU till <a href=\"https:\/\/ec.europa.eu\/info\/strategy\/priorities-2019-2024\/european-green-deal_sv\" title=\"\">den gr\u00f6na given<\/a>. Samt ytligare 30% till s\u00e5 kallade gr\u00f6na obligationer, d\u00e4r kapitalet \u00e4r \u00f6ronm\u00e4rkt \u00e5t olika former av milj\u00f6projekt. Mer specifikt inom klimatomr\u00e5det adresserade von der Leyen bland annat organiska byggmaterial som tr\u00e4 f\u00f6r att bidra till omst\u00e4llningen, s\u00e4nkta energiskatter och mer satsning p\u00e5 laddstationer f\u00f6r elbilar.<\/p>\n<p><strong>Migration en gemensam utmaning <\/strong><\/p>\n<p>I migrationsfr\u00e5gan, belyste von de Leyen hur Europa alltid varit p\u00e5verkad av migration och influerat samh\u00e4llen och berikat kulturer. Migrationskrisen 2015 ledde till stora slitningar inom EU. Redan n\u00e4sta vecka ska kommissionen l\u00e4gga fram en ny migrationspakt. Den ska ta \u00f6ver eftersom Dublinf\u00f6rordningens skrivningar om asylr\u00e4tt inte fungerar n\u00e4r ett f\u00e5tal l\u00e4nder tar emot en majoritet av flyktingar. Migration \u00e4r en europeisk utmaning, hela EU m\u00e5ste g\u00f6ra sin del betonade von der Leyen. Vad detta de facto inneb\u00e4r gick ordf\u00f6rande inte in p\u00e5. I n\u00e4sta vecka v\u00e4ntas Ylva Johansson, EU:s migrationskommission\u00e4r presentera f\u00f6rslaget p\u00e5 en ny europeisk migrationspolitik.<\/p>\n<p><strong>Minimil\u00f6n ett krav<\/strong><\/p>\n<p>Bland de kanske hetaste EU-fr\u00e5gorna i Sverige \u00e4r fr\u00e5gan om europeisk minimil\u00f6n. F\u00f6r m\u00e5nga m\u00e4nniskor l\u00f6nar det sig inte att arbeta&nbsp;p\u00e5pekade von der Leyen. \u201dAlla m\u00e5ste ha tillg\u00e5ng till minimil\u00f6n, antingen genom kollektivavtal eller lagstadgade kollektivavtal\u201d. Med anledning av detta avser&nbsp;nu kommissionen att l\u00e4gga fram ett lagf\u00f6rslag som hj\u00e4lper medlemsl\u00e4nderna att s\u00e4tta upp ett ramverk f\u00f6r minimil\u00f6ner. F\u00f6rslaget, sade von der Leyen, ska till fullo respektera nationella traditioner och befogenheter.<\/p>\n<p><strong>Svenska parlamentariker kommenterar<\/strong><\/p>\n<p>Svenska EU-parlamentariker kommenterade talet i den efterf\u00f6ljande debatten. Hel\u00e9n Fritzon (S) menar att von der Leyens tal betonade vikten av EU-samarbete, men riktar kritik mot f\u00f6rslaget om minimil\u00f6ner, d\u00e5 kollektivavtal har ett starkare f\u00e4ste i Norden till skillnaden fr\u00e5n \u00f6vriga l\u00e4nder i Europa.&nbsp; Alice Bah Kuhnke (MP) menar p\u00e5 att von der Leyen \u00e4r den kommission\u00e4r som faktiskt b\u00f6rjar leva efter de ord som finns i f\u00f6redragen, men hon \u00e4r kritisk till migrationsdelen. Vackra ord men f\u00e5 konkreta f\u00f6rslag sade Malin Bj\u00f6rk (V). F\u00f6rb\u00e4ttrade arbetsvillkor och l\u00f6ner f\u00f6r v\u00e5rdpersonal n\u00e4mndes inte vilket Bj\u00f6rk saknade. Tomas Tob\u00e9 (M) var positiv till id\u00e9n om en mer kontrollerad migrationspolitisk i Europa och n\u00f6jd \u00f6ver satsningarna inom klimatomr\u00e5det.<\/p>\n<p>&nbsp;<\/p>\n<p>L\u00e4s mer om talet <a href=\"https:\/\/www.europaportalen.se\/2020\/09\/von-der-leyen-eu-fokus-pa-klimat-och-digitalisering\" title=\"\">h\u00e4r<\/a>.<\/p>\n","protected":false},"excerpt":{"rendered":"<p>Under onsdag f\u00f6rmiddag h\u00f6ll Ursula von der Leyen, ordf\u00f6rande f\u00f6r EU kommissionen sitt f\u00f6rsta State of the Union tal.&nbsp;Det n\u00e4rmsta \u00e5ret kommer det l\u00e4ggas s\u00e4rskilt fokus p\u00e5 digitalisering, klimat, migration men ocks\u00e5 p\u00e5 specifika omr\u00e5den s\u00e5 som minimil\u00f6n.<\/p>\n","protected":false},"author":3,"featured_media":0,"comment_status":"open","ping_status":"open","sticky":false,"template":"","format":"standard","meta":{"_acf_changed":false,"footnotes":""},"categories":[11],"tags":[],"class_list":["post-1165","post","type-post","status-publish","format-standard","hentry","category-hem"],"acf":[],"yoast_head":"<!-- This site is optimized with the Yoast SEO plugin v27.5 - https:\/\/yoast.com\/product\/yoast-seo-wordpress\/ -->\n<title>Ursula von der Leyens ambitioner det kommande \u00e5ret - SBHSS<\/title>\n<meta name=\"robots\" content=\"index, follow, max-snippet:-1, max-image-preview:large, max-video-preview:-1\" \/>\n<link rel=\"canonical\" href=\"https:\/\/www.sbhss.eu\/sv\/ursula-von-der-leyens-ambition-det-kommande-aret\/\" \/>\n<meta property=\"og:locale\" content=\"sv_SE\" \/>\n<meta property=\"og:type\" content=\"article\" \/>\n<meta property=\"og:title\" content=\"Ursula von der Leyens ambitioner det kommande \u00e5ret - SBHSS\" \/>\n<meta property=\"og:description\" content=\"Under onsdag f\u00f6rmiddag h\u00f6ll Ursula von der Leyen, ordf\u00f6rande f\u00f6r EU kommissionen sitt f\u00f6rsta State of the Union tal.&nbsp;Det n\u00e4rmsta \u00e5ret kommer det l\u00e4ggas s\u00e4rskilt fokus p\u00e5 digitalisering, klimat, migration men ocks\u00e5 p\u00e5 specifika omr\u00e5den s\u00e5 som minimil\u00f6n.\" \/>\n<meta property=\"og:url\" content=\"https:\/\/www.sbhss.eu\/sv\/ursula-von-der-leyens-ambition-det-kommande-aret\/\" \/>\n<meta property=\"og:site_name\" content=\"SBHSS\" \/>\n<meta property=\"article:published_time\" content=\"2020-09-17T21:19:57+00:00\" \/>\n<meta name=\"author\" content=\"Sven Kast\u00f6\" \/>\n<meta name=\"twitter:card\" content=\"summary_large_image\" \/>\n<meta name=\"twitter:label1\" content=\"Skriven av\" \/>\n\t<meta name=\"twitter:data1\" content=\"Sven Kast\u00f6\" \/>\n\t<meta name=\"twitter:label2\" content=\"Ber\u00e4knad l\u00e4stid\" \/>\n\t<meta name=\"twitter:data2\" content=\"3 minuter\" \/>\n<script type=\"application\/ld+json\" class=\"yoast-schema-graph\">{\"@context\":\"https:\\\/\\\/schema.org\",\"@graph\":[{\"@type\":\"Article\",\"@id\":\"https:\\\/\\\/www.sbhss.eu\\\/sv\\\/ursula-von-der-leyens-ambition-det-kommande-aret\\\/#article\",\"isPartOf\":{\"@id\":\"https:\\\/\\\/www.sbhss.eu\\\/sv\\\/ursula-von-der-leyens-ambition-det-kommande-aret\\\/\"},\"author\":{\"name\":\"Sven Kast\u00f6\",\"@id\":\"https:\\\/\\\/www.sbhss.eu\\\/#\\\/schema\\\/person\\\/b8d8eb4c1088a05ed50ecff9b2bf643f\"},\"headline\":\"Ursula von der Leyens ambitioner det kommande \u00e5ret\",\"datePublished\":\"2020-09-17T21:19:57+00:00\",\"mainEntityOfPage\":{\"@id\":\"https:\\\/\\\/www.sbhss.eu\\\/sv\\\/ursula-von-der-leyens-ambition-det-kommande-aret\\\/\"},\"wordCount\":584,\"commentCount\":0,\"articleSection\":[\"Hem - Startsidan\"],\"inLanguage\":\"sv-SE\"},{\"@type\":\"WebPage\",\"@id\":\"https:\\\/\\\/www.sbhss.eu\\\/sv\\\/ursula-von-der-leyens-ambition-det-kommande-aret\\\/\",\"url\":\"https:\\\/\\\/www.sbhss.eu\\\/sv\\\/ursula-von-der-leyens-ambition-det-kommande-aret\\\/\",\"name\":\"Ursula von der Leyens ambitioner det kommande \u00e5ret - SBHSS\",\"isPartOf\":{\"@id\":\"https:\\\/\\\/www.sbhss.eu\\\/#website\"},\"datePublished\":\"2020-09-17T21:19:57+00:00\",\"author\":{\"@id\":\"https:\\\/\\\/www.sbhss.eu\\\/#\\\/schema\\\/person\\\/b8d8eb4c1088a05ed50ecff9b2bf643f\"},\"breadcrumb\":{\"@id\":\"https:\\\/\\\/www.sbhss.eu\\\/sv\\\/ursula-von-der-leyens-ambition-det-kommande-aret\\\/#breadcrumb\"},\"inLanguage\":\"sv-SE\",\"potentialAction\":[{\"@type\":\"ReadAction\",\"target\":[\"https:\\\/\\\/www.sbhss.eu\\\/sv\\\/ursula-von-der-leyens-ambition-det-kommande-aret\\\/\"]}]},{\"@type\":\"BreadcrumbList\",\"@id\":\"https:\\\/\\\/www.sbhss.eu\\\/sv\\\/ursula-von-der-leyens-ambition-det-kommande-aret\\\/#breadcrumb\",\"itemListElement\":[{\"@type\":\"ListItem\",\"position\":1,\"name\":\"Hem\",\"item\":\"https:\\\/\\\/www.sbhss.eu\\\/sv\\\/\"},{\"@type\":\"ListItem\",\"position\":2,\"name\":\"Ursula von der Leyens ambitioner det kommande \u00e5ret\"}]},{\"@type\":\"WebSite\",\"@id\":\"https:\\\/\\\/www.sbhss.eu\\\/#website\",\"url\":\"https:\\\/\\\/www.sbhss.eu\\\/\",\"name\":\"SBHSS\",\"description\":\"\",\"potentialAction\":[{\"@type\":\"SearchAction\",\"target\":{\"@type\":\"EntryPoint\",\"urlTemplate\":\"https:\\\/\\\/www.sbhss.eu\\\/?s={search_term_string}\"},\"query-input\":{\"@type\":\"PropertyValueSpecification\",\"valueRequired\":true,\"valueName\":\"search_term_string\"}}],\"inLanguage\":\"sv-SE\"},{\"@type\":\"Person\",\"@id\":\"https:\\\/\\\/www.sbhss.eu\\\/#\\\/schema\\\/person\\\/b8d8eb4c1088a05ed50ecff9b2bf643f\",\"name\":\"Sven Kast\u00f6\",\"image\":{\"@type\":\"ImageObject\",\"inLanguage\":\"sv-SE\",\"@id\":\"https:\\\/\\\/secure.gravatar.com\\\/avatar\\\/4ce3985fbe5a36073e6a0cbba2acaad0da794332aeb9a944eca4c7548361a263?s=96&d=mm&r=g\",\"url\":\"https:\\\/\\\/secure.gravatar.com\\\/avatar\\\/4ce3985fbe5a36073e6a0cbba2acaad0da794332aeb9a944eca4c7548361a263?s=96&d=mm&r=g\",\"contentUrl\":\"https:\\\/\\\/secure.gravatar.com\\\/avatar\\\/4ce3985fbe5a36073e6a0cbba2acaad0da794332aeb9a944eca4c7548361a263?s=96&d=mm&r=g\",\"caption\":\"Sven Kast\u00f6\"},\"url\":\"https:\\\/\\\/www.sbhss.eu\\\/sv\\\/author\\\/sven-kastosbhss-eu\\\/\"}]}<\/script>\n<!-- \/ Yoast SEO plugin. -->","yoast_head_json":{"title":"Ursula von der Leyens ambitioner det kommande \u00e5ret - SBHSS","robots":{"index":"index","follow":"follow","max-snippet":"max-snippet:-1","max-image-preview":"max-image-preview:large","max-video-preview":"max-video-preview:-1"},"canonical":"https:\/\/www.sbhss.eu\/sv\/ursula-von-der-leyens-ambition-det-kommande-aret\/","og_locale":"sv_SE","og_type":"article","og_title":"Ursula von der Leyens ambitioner det kommande \u00e5ret - SBHSS","og_description":"Under onsdag f\u00f6rmiddag h\u00f6ll Ursula von der Leyen, ordf\u00f6rande f\u00f6r EU kommissionen sitt f\u00f6rsta State of the Union tal.&nbsp;Det n\u00e4rmsta \u00e5ret kommer det l\u00e4ggas s\u00e4rskilt fokus p\u00e5 digitalisering, klimat, migration men ocks\u00e5 p\u00e5 specifika omr\u00e5den s\u00e5 som minimil\u00f6n.","og_url":"https:\/\/www.sbhss.eu\/sv\/ursula-von-der-leyens-ambition-det-kommande-aret\/","og_site_name":"SBHSS","article_published_time":"2020-09-17T21:19:57+00:00","author":"Sven Kast\u00f6","twitter_card":"summary_large_image","twitter_misc":{"Skriven av":"Sven Kast\u00f6","Ber\u00e4knad l\u00e4stid":"3 minuter"},"schema":{"@context":"https:\/\/schema.org","@graph":[{"@type":"Article","@id":"https:\/\/www.sbhss.eu\/sv\/ursula-von-der-leyens-ambition-det-kommande-aret\/#article","isPartOf":{"@id":"https:\/\/www.sbhss.eu\/sv\/ursula-von-der-leyens-ambition-det-kommande-aret\/"},"author":{"name":"Sven Kast\u00f6","@id":"https:\/\/www.sbhss.eu\/#\/schema\/person\/b8d8eb4c1088a05ed50ecff9b2bf643f"},"headline":"Ursula von der Leyens ambitioner det kommande \u00e5ret","datePublished":"2020-09-17T21:19:57+00:00","mainEntityOfPage":{"@id":"https:\/\/www.sbhss.eu\/sv\/ursula-von-der-leyens-ambition-det-kommande-aret\/"},"wordCount":584,"commentCount":0,"articleSection":["Hem - Startsidan"],"inLanguage":"sv-SE"},{"@type":"WebPage","@id":"https:\/\/www.sbhss.eu\/sv\/ursula-von-der-leyens-ambition-det-kommande-aret\/","url":"https:\/\/www.sbhss.eu\/sv\/ursula-von-der-leyens-ambition-det-kommande-aret\/","name":"Ursula von der Leyens ambitioner det kommande \u00e5ret - SBHSS","isPartOf":{"@id":"https:\/\/www.sbhss.eu\/#website"},"datePublished":"2020-09-17T21:19:57+00:00","author":{"@id":"https:\/\/www.sbhss.eu\/#\/schema\/person\/b8d8eb4c1088a05ed50ecff9b2bf643f"},"breadcrumb":{"@id":"https:\/\/www.sbhss.eu\/sv\/ursula-von-der-leyens-ambition-det-kommande-aret\/#breadcrumb"},"inLanguage":"sv-SE","potentialAction":[{"@type":"ReadAction","target":["https:\/\/www.sbhss.eu\/sv\/ursula-von-der-leyens-ambition-det-kommande-aret\/"]}]},{"@type":"BreadcrumbList","@id":"https:\/\/www.sbhss.eu\/sv\/ursula-von-der-leyens-ambition-det-kommande-aret\/#breadcrumb","itemListElement":[{"@type":"ListItem","position":1,"name":"Hem","item":"https:\/\/www.sbhss.eu\/sv\/"},{"@type":"ListItem","position":2,"name":"Ursula von der Leyens ambitioner det kommande \u00e5ret"}]},{"@type":"WebSite","@id":"https:\/\/www.sbhss.eu\/#website","url":"https:\/\/www.sbhss.eu\/","name":"SBHSS","description":"","potentialAction":[{"@type":"SearchAction","target":{"@type":"EntryPoint","urlTemplate":"https:\/\/www.sbhss.eu\/?s={search_term_string}"},"query-input":{"@type":"PropertyValueSpecification","valueRequired":true,"valueName":"search_term_string"}}],"inLanguage":"sv-SE"},{"@type":"Person","@id":"https:\/\/www.sbhss.eu\/#\/schema\/person\/b8d8eb4c1088a05ed50ecff9b2bf643f","name":"Sven Kast\u00f6","image":{"@type":"ImageObject","inLanguage":"sv-SE","@id":"https:\/\/secure.gravatar.com\/avatar\/4ce3985fbe5a36073e6a0cbba2acaad0da794332aeb9a944eca4c7548361a263?s=96&d=mm&r=g","url":"https:\/\/secure.gravatar.com\/avatar\/4ce3985fbe5a36073e6a0cbba2acaad0da794332aeb9a944eca4c7548361a263?s=96&d=mm&r=g","contentUrl":"https:\/\/secure.gravatar.com\/avatar\/4ce3985fbe5a36073e6a0cbba2acaad0da794332aeb9a944eca4c7548361a263?s=96&d=mm&r=g","caption":"Sven Kast\u00f6"},"url":"https:\/\/www.sbhss.eu\/sv\/author\/sven-kastosbhss-eu\/"}]}},"_links":{"self":[{"href":"https:\/\/www.sbhss.eu\/sv\/wp-json\/wp\/v2\/posts\/1165","targetHints":{"allow":["GET"]}}],"collection":[{"href":"https:\/\/www.sbhss.eu\/sv\/wp-json\/wp\/v2\/posts"}],"about":[{"href":"https:\/\/www.sbhss.eu\/sv\/wp-json\/wp\/v2\/types\/post"}],"author":[{"embeddable":true,"href":"https:\/\/www.sbhss.eu\/sv\/wp-json\/wp\/v2\/users\/3"}],"replies":[{"embeddable":true,"href":"https:\/\/www.sbhss.eu\/sv\/wp-json\/wp\/v2\/comments?post=1165"}],"version-history":[{"count":0,"href":"https:\/\/www.sbhss.eu\/sv\/wp-json\/wp\/v2\/posts\/1165\/revisions"}],"wp:attachment":[{"href":"https:\/\/www.sbhss.eu\/sv\/wp-json\/wp\/v2\/media?parent=1165"}],"wp:term":[{"taxonomy":"category","embeddable":true,"href":"https:\/\/www.sbhss.eu\/sv\/wp-json\/wp\/v2\/categories?post=1165"},{"taxonomy":"post_tag","embeddable":true,"href":"https:\/\/www.sbhss.eu\/sv\/wp-json\/wp\/v2\/tags?post=1165"}],"curies":[{"name":"wp","href":"https:\/\/api.w.org\/{rel}","templated":true}]}}