{"id":1172,"date":"2020-09-30T13:36:15","date_gmt":"2020-09-30T11:36:15","guid":{"rendered":"http:\/\/wp.sbhss.eu\/?p=1172"},"modified":"2020-09-30T13:36:15","modified_gmt":"2020-09-30T11:36:15","slug":"ar-du-nasta-praktikant-pa-smaland-blekinge-hallands-brysselkontor-2","status":"publish","type":"post","link":"https:\/\/www.sbhss.eu\/sv\/ar-du-nasta-praktikant-pa-smaland-blekinge-hallands-brysselkontor-2\/","title":{"rendered":"\u00c4r du n\u00e4sta praktikant p\u00e5 Sm\u00e5land-Blekinge-Hallands Brysselkontor?"},"content":{"rendered":"<p>Sm\u00e5land Blekinge Halland South Sweden (SBHSS) erbjuder under v\u00e5rterminen 2021 en praktikplats p\u00e5 kontoret i Bryssel till dig som har m\u00f6jlighet att g\u00f6ra praktik som&nbsp;en integrerad del av studieprogrammet. En praktikplats p\u00e5 Brysselkontoret inneb\u00e4r att du deltar i kontorets dagliga verksamhet med arbetsuppgifter som omv\u00e4rldsbevakning, rapport\/analys och kontakter p\u00e5 den europeiska arenan.<\/p>\n<p><!--more--><\/p>\n<p><strong>Vem s\u00f6ker vi?<\/strong> Vi s\u00f6ker dig som trivs i en internationell milj\u00f6. Du har med f\u00f6rdel anknytning till regionen (men \u00e4r inget krav), vara bekv\u00e4m med att arbete b\u00e5de p\u00e5 svenska och engelska och framf\u00f6rallt ska du ha ett stort intresse f\u00f6r europeiska fr\u00e5gor och regional utveckling.<\/p>\n<p><strong>Var \u00e4r praktiken? <\/strong>Kontoret&nbsp;\u00e4r strategiskt placerat i Nordic House som \u00e4r v\u00e4ldigt n\u00e4ra EU:s institutioner i Bryssel.<\/p>\n<p><strong>N\u00e4r b\u00f6rjar praktiken? <\/strong>Praktiken \u00e4r 20 veckor och vi ser att du \u00e4r p\u00e5 plats i slutet av januari eller i b\u00f6rjan av februari.<\/p>\n<p><strong>Arbetsuppgifter<\/strong> &#8211; som praktikant f\u00e5r du arbeta med en rad olika arbetsuppgifter, t.ex. delta och rapportera fr\u00e5n seminarium, skriva artiklar och f\u00f6rdjupningar inom olika politikomr\u00e5den och hj\u00e4lpa till med att arrangera webinarium. Du blir en del i teamet p\u00e5 SBHSS Brysselkontor och vill du veta mer om vilka fr\u00e5gor vi arbetar med s\u00e5 kolla in v\u00e5r <a href=\"https:\/\/www.sbhss.eu\/\">hemsida<\/a>.<\/p>\n<p><strong>Skicka in din ans\u00f6kan&nbsp;(personligt brev + CV) till Adam Andersson,&nbsp;<\/strong><a href=\"mailto:adam.andersson@sbhss.eu\">adam.andersson@sbhss.eu<\/a>&nbsp;<strong>,<\/strong>&nbsp;<strong>senast den 18 oktober <\/strong><\/p>\n<p><strong>Covid information &#8211; <\/strong>I skrivande stund \u00e4r det om\u00f6jligt att veta hur Covid kommer att p\u00e5verka r\u00f6rligheten och s\u00e5ledes m\u00f6jligheten f\u00f6r praktik i Bryssel. D\u00e4rf\u00f6r sker praktiken f\u00f6rutsatt att ditt universitet godk\u00e4nner utomlandspraktik och det inte r\u00e5der resef\u00f6rbud mellan Sverige och Belgien.<\/p>\n<p>Praktiken&nbsp;\u00e4r oavl\u00f6nad, vilket f\u00f6ruts\u00e4tter egen finansiering, exempelvis genom studiemedel och eventuella stipendier (Erasmus). Bostad ordnar praktikanten sj\u00e4lv d\u00e5 utbudet \u00e4r stort. Brysselkontoret bidrar g\u00e4rna med tips! F\u00f6r mer information g\u00e5r det bra att h\u00f6ra av sig till&nbsp;Adam eller v\u00e5r nuvarande praktikant <a href=\"mailto:sofia.florez.klingenstierna@sbhss.eu\" title=\"\">Sofia Florez Klingenstierna<\/a>.<\/p>\n<p>&#8230;. och kolla g\u00e4rna in v\u00e5r tidigare praktikants video (v\u00e5r 2020)&nbsp;om hur det \u00e4r att vara praktikant p\u00e5 SBHSS:&nbsp;<\/p>\n<p><iframe loading=\"lazy\" allow=\"accelerometer; autoplay; encrypted-media; gyroscope; picture-in-picture\" allowfullscreen=\"\" frameborder=\"0\" height=\"315\" src=\"https:\/\/www.youtube.com\/embed\/eCSBdBh4q7g\" width=\"560\"><\/iframe><br \/>\n&nbsp;<\/p>\n","protected":false},"excerpt":{"rendered":"<p>Sm\u00e5land Blekinge Halland South Sweden (SBHSS) erbjuder under v\u00e5rterminen 2021 en praktikplats p\u00e5 kontoret i Bryssel till dig som har m\u00f6jlighet att g\u00f6ra praktik som&nbsp;en integrerad del av studieprogrammet. En praktikplats p\u00e5 Brysselkontoret inneb\u00e4r att du deltar i kontorets dagliga verksamhet med arbetsuppgifter som omv\u00e4rldsbevakning, rapport\/analys och kontakter p\u00e5 den europeiska arenan.<\/p>\n","protected":false},"author":3,"featured_media":0,"comment_status":"open","ping_status":"open","sticky":false,"template":"","format":"standard","meta":{"_acf_changed":false,"footnotes":""},"categories":[11],"tags":[],"class_list":["post-1172","post","type-post","status-publish","format-standard","hentry","category-hem"],"acf":[],"yoast_head":"<!-- This site is optimized with the Yoast SEO plugin v27.5 - https:\/\/yoast.com\/product\/yoast-seo-wordpress\/ -->\n<title>\u00c4r du n\u00e4sta praktikant p\u00e5 Sm\u00e5land-Blekinge-Hallands Brysselkontor? - SBHSS<\/title>\n<meta name=\"robots\" content=\"index, follow, max-snippet:-1, max-image-preview:large, max-video-preview:-1\" \/>\n<link rel=\"canonical\" href=\"https:\/\/www.sbhss.eu\/sv\/ar-du-nasta-praktikant-pa-smaland-blekinge-hallands-brysselkontor-2\/\" \/>\n<meta property=\"og:locale\" content=\"sv_SE\" \/>\n<meta property=\"og:type\" content=\"article\" \/>\n<meta property=\"og:title\" content=\"\u00c4r du n\u00e4sta praktikant p\u00e5 Sm\u00e5land-Blekinge-Hallands Brysselkontor? - SBHSS\" \/>\n<meta property=\"og:description\" content=\"Sm\u00e5land Blekinge Halland South Sweden (SBHSS) erbjuder under v\u00e5rterminen 2021 en praktikplats p\u00e5 kontoret i Bryssel till dig som har m\u00f6jlighet att g\u00f6ra praktik som&nbsp;en integrerad del av studieprogrammet. En praktikplats p\u00e5 Brysselkontoret inneb\u00e4r att du deltar i kontorets dagliga verksamhet med arbetsuppgifter som omv\u00e4rldsbevakning, rapport\/analys och kontakter p\u00e5 den europeiska arenan.\" \/>\n<meta property=\"og:url\" content=\"https:\/\/www.sbhss.eu\/sv\/ar-du-nasta-praktikant-pa-smaland-blekinge-hallands-brysselkontor-2\/\" \/>\n<meta property=\"og:site_name\" content=\"SBHSS\" \/>\n<meta property=\"article:published_time\" content=\"2020-09-30T11:36:15+00:00\" \/>\n<meta name=\"author\" content=\"Sven Kast\u00f6\" \/>\n<meta name=\"twitter:card\" content=\"summary_large_image\" \/>\n<meta name=\"twitter:label1\" content=\"Skriven av\" \/>\n\t<meta name=\"twitter:data1\" content=\"Sven Kast\u00f6\" \/>\n\t<meta name=\"twitter:label2\" content=\"Ber\u00e4knad l\u00e4stid\" \/>\n\t<meta name=\"twitter:data2\" content=\"2 minuter\" \/>\n<script type=\"application\/ld+json\" class=\"yoast-schema-graph\">{\"@context\":\"https:\\\/\\\/schema.org\",\"@graph\":[{\"@type\":\"Article\",\"@id\":\"https:\\\/\\\/www.sbhss.eu\\\/sv\\\/ar-du-nasta-praktikant-pa-smaland-blekinge-hallands-brysselkontor-2\\\/#article\",\"isPartOf\":{\"@id\":\"https:\\\/\\\/www.sbhss.eu\\\/sv\\\/ar-du-nasta-praktikant-pa-smaland-blekinge-hallands-brysselkontor-2\\\/\"},\"author\":{\"name\":\"Sven Kast\u00f6\",\"@id\":\"https:\\\/\\\/www.sbhss.eu\\\/#\\\/schema\\\/person\\\/b8d8eb4c1088a05ed50ecff9b2bf643f\"},\"headline\":\"\u00c4r du n\u00e4sta praktikant p\u00e5 Sm\u00e5land-Blekinge-Hallands Brysselkontor?\",\"datePublished\":\"2020-09-30T11:36:15+00:00\",\"mainEntityOfPage\":{\"@id\":\"https:\\\/\\\/www.sbhss.eu\\\/sv\\\/ar-du-nasta-praktikant-pa-smaland-blekinge-hallands-brysselkontor-2\\\/\"},\"wordCount\":394,\"commentCount\":0,\"articleSection\":[\"Hem - Startsidan\"],\"inLanguage\":\"sv-SE\"},{\"@type\":\"WebPage\",\"@id\":\"https:\\\/\\\/www.sbhss.eu\\\/sv\\\/ar-du-nasta-praktikant-pa-smaland-blekinge-hallands-brysselkontor-2\\\/\",\"url\":\"https:\\\/\\\/www.sbhss.eu\\\/sv\\\/ar-du-nasta-praktikant-pa-smaland-blekinge-hallands-brysselkontor-2\\\/\",\"name\":\"\u00c4r du n\u00e4sta praktikant p\u00e5 Sm\u00e5land-Blekinge-Hallands Brysselkontor? - SBHSS\",\"isPartOf\":{\"@id\":\"https:\\\/\\\/www.sbhss.eu\\\/#website\"},\"datePublished\":\"2020-09-30T11:36:15+00:00\",\"author\":{\"@id\":\"https:\\\/\\\/www.sbhss.eu\\\/#\\\/schema\\\/person\\\/b8d8eb4c1088a05ed50ecff9b2bf643f\"},\"breadcrumb\":{\"@id\":\"https:\\\/\\\/www.sbhss.eu\\\/sv\\\/ar-du-nasta-praktikant-pa-smaland-blekinge-hallands-brysselkontor-2\\\/#breadcrumb\"},\"inLanguage\":\"sv-SE\",\"potentialAction\":[{\"@type\":\"ReadAction\",\"target\":[\"https:\\\/\\\/www.sbhss.eu\\\/sv\\\/ar-du-nasta-praktikant-pa-smaland-blekinge-hallands-brysselkontor-2\\\/\"]}]},{\"@type\":\"BreadcrumbList\",\"@id\":\"https:\\\/\\\/www.sbhss.eu\\\/sv\\\/ar-du-nasta-praktikant-pa-smaland-blekinge-hallands-brysselkontor-2\\\/#breadcrumb\",\"itemListElement\":[{\"@type\":\"ListItem\",\"position\":1,\"name\":\"Hem\",\"item\":\"https:\\\/\\\/www.sbhss.eu\\\/sv\\\/\"},{\"@type\":\"ListItem\",\"position\":2,\"name\":\"\u00c4r du n\u00e4sta praktikant p\u00e5 Sm\u00e5land-Blekinge-Hallands Brysselkontor?\"}]},{\"@type\":\"WebSite\",\"@id\":\"https:\\\/\\\/www.sbhss.eu\\\/#website\",\"url\":\"https:\\\/\\\/www.sbhss.eu\\\/\",\"name\":\"SBHSS\",\"description\":\"\",\"potentialAction\":[{\"@type\":\"SearchAction\",\"target\":{\"@type\":\"EntryPoint\",\"urlTemplate\":\"https:\\\/\\\/www.sbhss.eu\\\/?s={search_term_string}\"},\"query-input\":{\"@type\":\"PropertyValueSpecification\",\"valueRequired\":true,\"valueName\":\"search_term_string\"}}],\"inLanguage\":\"sv-SE\"},{\"@type\":\"Person\",\"@id\":\"https:\\\/\\\/www.sbhss.eu\\\/#\\\/schema\\\/person\\\/b8d8eb4c1088a05ed50ecff9b2bf643f\",\"name\":\"Sven Kast\u00f6\",\"image\":{\"@type\":\"ImageObject\",\"inLanguage\":\"sv-SE\",\"@id\":\"https:\\\/\\\/secure.gravatar.com\\\/avatar\\\/4ce3985fbe5a36073e6a0cbba2acaad0da794332aeb9a944eca4c7548361a263?s=96&d=mm&r=g\",\"url\":\"https:\\\/\\\/secure.gravatar.com\\\/avatar\\\/4ce3985fbe5a36073e6a0cbba2acaad0da794332aeb9a944eca4c7548361a263?s=96&d=mm&r=g\",\"contentUrl\":\"https:\\\/\\\/secure.gravatar.com\\\/avatar\\\/4ce3985fbe5a36073e6a0cbba2acaad0da794332aeb9a944eca4c7548361a263?s=96&d=mm&r=g\",\"caption\":\"Sven Kast\u00f6\"},\"url\":\"https:\\\/\\\/www.sbhss.eu\\\/sv\\\/author\\\/sven-kastosbhss-eu\\\/\"}]}<\/script>\n<!-- \/ Yoast SEO plugin. -->","yoast_head_json":{"title":"\u00c4r du n\u00e4sta praktikant p\u00e5 Sm\u00e5land-Blekinge-Hallands Brysselkontor? - SBHSS","robots":{"index":"index","follow":"follow","max-snippet":"max-snippet:-1","max-image-preview":"max-image-preview:large","max-video-preview":"max-video-preview:-1"},"canonical":"https:\/\/www.sbhss.eu\/sv\/ar-du-nasta-praktikant-pa-smaland-blekinge-hallands-brysselkontor-2\/","og_locale":"sv_SE","og_type":"article","og_title":"\u00c4r du n\u00e4sta praktikant p\u00e5 Sm\u00e5land-Blekinge-Hallands Brysselkontor? - SBHSS","og_description":"Sm\u00e5land Blekinge Halland South Sweden (SBHSS) erbjuder under v\u00e5rterminen 2021 en praktikplats p\u00e5 kontoret i Bryssel till dig som har m\u00f6jlighet att g\u00f6ra praktik som&nbsp;en integrerad del av studieprogrammet. En praktikplats p\u00e5 Brysselkontoret inneb\u00e4r att du deltar i kontorets dagliga verksamhet med arbetsuppgifter som omv\u00e4rldsbevakning, rapport\/analys och kontakter p\u00e5 den europeiska arenan.","og_url":"https:\/\/www.sbhss.eu\/sv\/ar-du-nasta-praktikant-pa-smaland-blekinge-hallands-brysselkontor-2\/","og_site_name":"SBHSS","article_published_time":"2020-09-30T11:36:15+00:00","author":"Sven Kast\u00f6","twitter_card":"summary_large_image","twitter_misc":{"Skriven av":"Sven Kast\u00f6","Ber\u00e4knad l\u00e4stid":"2 minuter"},"schema":{"@context":"https:\/\/schema.org","@graph":[{"@type":"Article","@id":"https:\/\/www.sbhss.eu\/sv\/ar-du-nasta-praktikant-pa-smaland-blekinge-hallands-brysselkontor-2\/#article","isPartOf":{"@id":"https:\/\/www.sbhss.eu\/sv\/ar-du-nasta-praktikant-pa-smaland-blekinge-hallands-brysselkontor-2\/"},"author":{"name":"Sven Kast\u00f6","@id":"https:\/\/www.sbhss.eu\/#\/schema\/person\/b8d8eb4c1088a05ed50ecff9b2bf643f"},"headline":"\u00c4r du n\u00e4sta praktikant p\u00e5 Sm\u00e5land-Blekinge-Hallands Brysselkontor?","datePublished":"2020-09-30T11:36:15+00:00","mainEntityOfPage":{"@id":"https:\/\/www.sbhss.eu\/sv\/ar-du-nasta-praktikant-pa-smaland-blekinge-hallands-brysselkontor-2\/"},"wordCount":394,"commentCount":0,"articleSection":["Hem - Startsidan"],"inLanguage":"sv-SE"},{"@type":"WebPage","@id":"https:\/\/www.sbhss.eu\/sv\/ar-du-nasta-praktikant-pa-smaland-blekinge-hallands-brysselkontor-2\/","url":"https:\/\/www.sbhss.eu\/sv\/ar-du-nasta-praktikant-pa-smaland-blekinge-hallands-brysselkontor-2\/","name":"\u00c4r du n\u00e4sta praktikant p\u00e5 Sm\u00e5land-Blekinge-Hallands Brysselkontor? - SBHSS","isPartOf":{"@id":"https:\/\/www.sbhss.eu\/#website"},"datePublished":"2020-09-30T11:36:15+00:00","author":{"@id":"https:\/\/www.sbhss.eu\/#\/schema\/person\/b8d8eb4c1088a05ed50ecff9b2bf643f"},"breadcrumb":{"@id":"https:\/\/www.sbhss.eu\/sv\/ar-du-nasta-praktikant-pa-smaland-blekinge-hallands-brysselkontor-2\/#breadcrumb"},"inLanguage":"sv-SE","potentialAction":[{"@type":"ReadAction","target":["https:\/\/www.sbhss.eu\/sv\/ar-du-nasta-praktikant-pa-smaland-blekinge-hallands-brysselkontor-2\/"]}]},{"@type":"BreadcrumbList","@id":"https:\/\/www.sbhss.eu\/sv\/ar-du-nasta-praktikant-pa-smaland-blekinge-hallands-brysselkontor-2\/#breadcrumb","itemListElement":[{"@type":"ListItem","position":1,"name":"Hem","item":"https:\/\/www.sbhss.eu\/sv\/"},{"@type":"ListItem","position":2,"name":"\u00c4r du n\u00e4sta praktikant p\u00e5 Sm\u00e5land-Blekinge-Hallands Brysselkontor?"}]},{"@type":"WebSite","@id":"https:\/\/www.sbhss.eu\/#website","url":"https:\/\/www.sbhss.eu\/","name":"SBHSS","description":"","potentialAction":[{"@type":"SearchAction","target":{"@type":"EntryPoint","urlTemplate":"https:\/\/www.sbhss.eu\/?s={search_term_string}"},"query-input":{"@type":"PropertyValueSpecification","valueRequired":true,"valueName":"search_term_string"}}],"inLanguage":"sv-SE"},{"@type":"Person","@id":"https:\/\/www.sbhss.eu\/#\/schema\/person\/b8d8eb4c1088a05ed50ecff9b2bf643f","name":"Sven Kast\u00f6","image":{"@type":"ImageObject","inLanguage":"sv-SE","@id":"https:\/\/secure.gravatar.com\/avatar\/4ce3985fbe5a36073e6a0cbba2acaad0da794332aeb9a944eca4c7548361a263?s=96&d=mm&r=g","url":"https:\/\/secure.gravatar.com\/avatar\/4ce3985fbe5a36073e6a0cbba2acaad0da794332aeb9a944eca4c7548361a263?s=96&d=mm&r=g","contentUrl":"https:\/\/secure.gravatar.com\/avatar\/4ce3985fbe5a36073e6a0cbba2acaad0da794332aeb9a944eca4c7548361a263?s=96&d=mm&r=g","caption":"Sven Kast\u00f6"},"url":"https:\/\/www.sbhss.eu\/sv\/author\/sven-kastosbhss-eu\/"}]}},"_links":{"self":[{"href":"https:\/\/www.sbhss.eu\/sv\/wp-json\/wp\/v2\/posts\/1172","targetHints":{"allow":["GET"]}}],"collection":[{"href":"https:\/\/www.sbhss.eu\/sv\/wp-json\/wp\/v2\/posts"}],"about":[{"href":"https:\/\/www.sbhss.eu\/sv\/wp-json\/wp\/v2\/types\/post"}],"author":[{"embeddable":true,"href":"https:\/\/www.sbhss.eu\/sv\/wp-json\/wp\/v2\/users\/3"}],"replies":[{"embeddable":true,"href":"https:\/\/www.sbhss.eu\/sv\/wp-json\/wp\/v2\/comments?post=1172"}],"version-history":[{"count":0,"href":"https:\/\/www.sbhss.eu\/sv\/wp-json\/wp\/v2\/posts\/1172\/revisions"}],"wp:attachment":[{"href":"https:\/\/www.sbhss.eu\/sv\/wp-json\/wp\/v2\/media?parent=1172"}],"wp:term":[{"taxonomy":"category","embeddable":true,"href":"https:\/\/www.sbhss.eu\/sv\/wp-json\/wp\/v2\/categories?post=1172"},{"taxonomy":"post_tag","embeddable":true,"href":"https:\/\/www.sbhss.eu\/sv\/wp-json\/wp\/v2\/tags?post=1172"}],"curies":[{"name":"wp","href":"https:\/\/api.w.org\/{rel}","templated":true}]}}