{"id":1174,"date":"2020-10-02T14:11:51","date_gmt":"2020-10-02T12:11:51","guid":{"rendered":"http:\/\/wp.sbhss.eu\/?p=1174"},"modified":"2020-10-02T14:11:51","modified_gmt":"2020-10-02T12:11:51","slug":"skogens-roll-i-eu-s-nya-klimatmalsforslag-for-2030","status":"publish","type":"post","link":"https:\/\/www.sbhss.eu\/sv\/skogens-roll-i-eu-s-nya-klimatmalsforslag-for-2030\/","title":{"rendered":"Skogens roll i EU:s nya klimatm\u00e5lsf\u00f6rslag f\u00f6r 2030"},"content":{"rendered":"<p>EU-kommissionen f\u00f6resl\u00e5r nu ytterligare sk\u00e4rpningar av klimatm\u00e5len i den f\u00f6rslagna europeisk klimatlag som nu f\u00f6rhandlas. Sedan tidigare har man satt m\u00e5l om klimatneutralitet till \u00e5r 2050, men <a href=\"https:\/\/ec.europa.eu\/commission\/presscorner\/detail\/en\/ip_20_1599\">nu introducerar kommissionen<\/a> i detta f\u00f6rslag \u00e4ven delm\u00e5l om nettoutsl\u00e4ppsminskning med 55% till \u00e5r 2030 j\u00e4mf\u00f6rt med 1990 niv\u00e5er. Det kommer kr\u00e4va \u00f6kade insatser och sk\u00e4rpta regelverk inom EU f\u00f6r att n\u00e5 dessa m\u00e5l. Sm\u00e5land Blekingen Halland kan bidra till detta b\u00e5de i genomf\u00f6randet och i utveckling av policy, inte minst utifr\u00e5n den skogliga bioekonomins roll i klimatomst\u00e4llningen.<\/p>\n<p><!--more--><\/p>\n<p>&nbsp;<\/p>\n<p><strong>EU:s klimatlag och klimatm\u00e5l <\/strong><\/p>\n<p>Klimatlagen \u00e4r en av fler\u00e5tg\u00e4rder inom EU:s Gr\u00f6na giv som syftar till att m\u00f6ta ambitionen om ett klimatneutralt Europa till \u00e5r 2050. Som den f\u00f6rsta klimatlagen p\u00e5 EU-niv\u00e5 spelar den en mycket central roll d\u00e5 det inneb\u00e4r att man nu introducerar bindande utsl\u00e4ppsm\u00e5l och krav p\u00e5 uppf\u00f6ljning av EU:s klimatarbete. Kommissionen avser att var femte \u00e5r se \u00f6ver medlemsl\u00e4nderna \u00e5tg\u00e4rder och utf\u00e4rda rekommendationer till dem vars \u00e5tg\u00e4rder inte \u00e4r f\u00f6renliga med klimatneutralitetsm\u00e5let.<\/p>\n<p>B\u00e5de delm\u00e5let f\u00f6r \u00e5r 2030 och m\u00e5let f\u00f6r \u00e5r 2050 f\u00f6rhandlas just nu och det finns m\u00e5nga detaljer och kompromisser att reda ut, allt fr\u00e5n utsl\u00e4ppsm\u00e5len i sig till hur de ska f\u00f6ljas upp Dock \u00e4r det klart att med nya klimatm\u00e5l kommer EU:s klimatrelaterade policy beh\u00f6va ses \u00f6ver. I samband med till\u00e4ggsf\u00f6rslaget presenterade EU-kommissionen en klimatplan f\u00f6r 2030-m\u00e5len och senast i juni 2021 avser kommissionen ha inlett en revidering av f\u00f6ljande policyakter:<\/p>\n<p>&nbsp;<\/p>\n<ul>\n<li>EU:s system f\u00f6r handel med utsl\u00e4ppsr\u00e4tter (ETS)<\/li>\n<li>Ansvarsf\u00f6rdelning mellan medlemsl\u00e4nderna<\/li>\n<li>Utsl\u00e4pp fr\u00e5n markanv\u00e4ndning lant- och skogsbruk (LULUCF)<\/li>\n<li>Direktiv f\u00f6rnybar energi<\/li>\n<li>Direktiv energieffektivisering<\/li>\n<li>Utsl\u00e4ppskrav f\u00f6r v\u00e4gfordon (och utfasning av bensin och diesel).<\/li>\n<\/ul>\n<p>&nbsp;<\/p>\n<p>EU-kommissionen kommer \u00e4ven anta en ny och ambiti\u00f6sare EU-strategi om klimatanpassningar f\u00f6r att st\u00e4rka insatserna f\u00f6r klimats\u00e4kring, \u00f6ka resiliens och f\u00f6rebyggande \u00e5tg\u00e4rder. Det kan vara relevant att ytterligare unders\u00f6ka vilka m\u00f6jligheter till st\u00f6d detta inneb\u00e4r.<\/p>\n<p>F\u00f6r Sm\u00e5land Blekinge Halland \u00e4r det annars s\u00e4rskilt intressant att bevaka den lagstiftning som p\u00e5verkar energi och skog- och tr\u00e4baserad sektor. Tidigare f\u00f6rhandlingar om LULUCF och direktiv f\u00f6r f\u00f6rnybar energi har skapade stor oro och diskussioner kring m\u00f6jligheterna att nyttja skogens resurser. Det har framf\u00f6rallt g\u00e4llt referensniv\u00e5er respektive h\u00e5llbarhetkriterier f\u00f6r skoglig biomassa. &nbsp;Dessa diskussioner aktualiseras nu igen. Det finns en inte helt positiv syn fr\u00e5n EU-kommissionen vad g\u00e4ller nyttjandet av biomassa till energi. Detta grundar sig bland annat i en oro f\u00f6r biologisk m\u00e5ngfald och minskadeskogsbest\u00e5nd.&nbsp;<\/p>\n<p>&nbsp;<\/p>\n<p><strong>En inblick i diskussioner om skogens roll<\/strong><\/p>\n<p>EU:s f\u00f6rslag till klimatlag och klimatplan 2030 har uppm\u00e4rksammats av intresseorganisationer f\u00f6r skogs\u00e4gare och skogsindustrin organisationer. \u00c4ven om man som regel \u00e4r positiva till de h\u00f6ga ambitionerna, finnas vissa oklarheter vad g\u00e4ller synen p\u00e5 skogens roll f\u00f6r att n\u00e5 m\u00e5len. Medan Ursula von der Leyen lyft fram det klimatpositiva med att bygga i tr\u00e4, i sitt tal till Europeiska unionen i september 2020, menar <a href=\"https:\/\/www.skogsindustrierna.se\/aktuellt\/nyheter\/2020\/09\/eu-kommissionen-skarper-klimatmalet\/\">representanter fr\u00e5n <em>Skogsindustrierna<\/em><\/a> att det inte varit lika positiva tong\u00e5ngar till tr\u00e4 i kommissionens klimatm\u00e5lsf\u00f6rslag. De menar att kommissionen har ett alltf\u00f6r stort fokus p\u00e5 att n\u00e5 delm\u00e5let genom att st\u00e4lla om energianv\u00e4ndningen och p\u00e5pekar att man \u00e4ven borde se klimatnyttan i att ers\u00e4tta fossila material med f\u00f6rnybara. Det vill s\u00e4ga att anv\u00e4nda tr\u00e4 vid renovering och som byggmaterial vid nybyggnation, snarare \u00e4n att stirra sig blind p\u00e5 behovet av att minska energif\u00f6rbrukningen inom bost\u00e4der och fastigheter.<\/p>\n<p>\u00c4ven f\u00f6retr\u00e4dare fr\u00e5n <a href=\"https:\/\/www.euractiv.com\/section\/biomass\/news\/eu-climate-plan-blows-hot-and-cold-on-forestry-biomass\/\"><em>Confederation of European Forest Owners<\/em><\/a> anser att det finns sk\u00e4l till att vara uppm\u00e4rksam p\u00e5 kommissionens f\u00f6rslag. Enligt dem l\u00e4ggs f\u00f6r stor vikt vid att se skog och tr\u00e4d som en k\u00e4lla f\u00f6r koldioxidupptag ist\u00e4llet f\u00f6r att se f\u00f6rdelen med tr\u00e4 som en klimatpositiv materialsubstitution. Om skogens fr\u00e4msta roll betraktas vara att f\u00e5nga upp koldioxid, med andra ord fungera som s\u00e4nka, skulle det exempelvis kunna inneb\u00e4ra att ett tak inf\u00f6rdes p\u00e5 hur m\u00e5nga tr\u00e4d som f\u00e5r f\u00e4llas per \u00e5r menar <em>Confederation of European Forest Owners<\/em>.<\/p>\n<p>&nbsp;<\/p>\n<p><strong>N\u00e4sta steg<\/strong><\/p>\n<p>F\u00f6rhandlingar p\u00e5g\u00e5r f\u00f6r fullt. I Europaparlamentets milj\u00f6utskott har man r\u00f6stat f\u00f6r 2030-m\u00e5l p\u00e5 60%. F\u00f6r det tyska ordf\u00f6randeskapet \u00e4r klimatlagen en prioriterad fr\u00e5ga som man hoppas ro i land innan \u00e5ret \u00e4r slut.<\/p>\n<p>F\u00f6r Sm\u00e5land Blekinge Halland kan det som sagt var vara relevant att redan nu engagera sig i f\u00f6rarbetet g\u00e4llande revideringen av lagstiftningen 2021. Redan under h\u00f6sten har initiala offentliga samr\u00e5d \u00e4gt rum och det kommer komma fler fram\u00f6ver. Med r\u00e4tt utformad policy kan vi bidra b\u00e5de till att n\u00e5 klimatm\u00e5l och utveckling i v\u00e5ra regioner. Utifr\u00e5n Sm\u00e5land Blekinge Hallands styrkor och kompetenser kan det \u00e4ven vara relevant att unders\u00f6ka vilket st\u00f6d som det finns f\u00f6r att utveckla innovativa l\u00f6sningar f\u00f6r att n\u00e5 EU:s klimatm\u00e5l.<\/p>\n<p>&nbsp;<\/p>\n<p><strong>Bakgrundsmaterial:<\/strong><\/p>\n<p><a href=\"https:\/\/ec.europa.eu\/commission\/presscorner\/detail\/en\/ip_20_1599\">Press release: Commission raises climate ambition and proposes 55% cut in emissions by 2030<\/a><\/p>\n<p><a href=\"https:\/\/ec.europa.eu\/commission\/presscorner\/detail\/en\/qanda_20_1598\">Memo (Q&amp;A) on the 2030 Climate Target Plan<\/a><\/p>\n<p><a href=\"https:\/\/ec.europa.eu\/clima\/sites\/clima\/files\/eu-climate-action\/docs\/com_2030_ctp_en.pdf\">Communication on Stepping up Europe&#8217;s 2030 Climate Ambition<\/a><\/p>\n<p>Impact Assessment on Stepping up Europe&#8217;s 2030 Climate Ambition (<a href=\"https:\/\/ec.europa.eu\/clima\/sites\/clima\/files\/eu-climate-action\/docs\/impact_en.pdf\">part 1<\/a>) &#8211; (<a href=\"https:\/\/ec.europa.eu\/clima\/sites\/clima\/files\/eu-climate-action\/docs\/impact_part2_en.pdf\">part 2<\/a>)<\/p>\n<p><a href=\"https:\/\/eur-lex.europa.eu\/legal-content\/EN\/TXT\/?qid=1600339004657&amp;uri=COM:2020:564:FIN\">EU-wide Assessment of National Energy and Climate Plans<\/a><\/p>\n<p><a href=\"https:\/\/ec.europa.eu\/commission\/presscorner\/detail\/en\/fs_20_1609\">Factsheet &#8211; The 2030 Climate Target Plan: A Vision for Europe<\/a><\/p>\n<p><a href=\"https:\/\/ec.europa.eu\/commission\/presscorner\/detail\/en\/fs_20_1610\">Factsheet &#8211; Policy Tools for the 2030 Climate Target Plan<\/a><\/p>\n<p><a href=\"https:\/\/ec.europa.eu\/commission\/presscorner\/detail\/en\/fs_20_1611\">Factsheet \u2013 National Energy and Climate Plans Assessment<\/a><\/p>\n<p><a href=\"https:\/\/ec.europa.eu\/commission\/presscorner\/detail\/en\/SPEECH_20_1655\">State of the Union Address<\/a><\/p>\n<p>&nbsp;<\/p>\n","protected":false},"excerpt":{"rendered":"<p>EU-kommissionen f\u00f6resl\u00e5r nu ytterligare sk\u00e4rpningar av klimatm\u00e5len i den f\u00f6rslagna europeisk klimatlag som nu f\u00f6rhandlas. Sedan tidigare har man satt m\u00e5l om klimatneutralitet till \u00e5r 2050, men nu introducerar kommissionen i detta f\u00f6rslag \u00e4ven delm\u00e5l om nettoutsl\u00e4ppsminskning med 55% till \u00e5r 2030 j\u00e4mf\u00f6rt med 1990 niv\u00e5er. Det kommer kr\u00e4va \u00f6kade insatser och sk\u00e4rpta regelverk inom [&hellip;]<\/p>\n","protected":false},"author":3,"featured_media":0,"comment_status":"open","ping_status":"open","sticky":false,"template":"","format":"standard","meta":{"_acf_changed":false,"footnotes":""},"categories":[11],"tags":[],"class_list":["post-1174","post","type-post","status-publish","format-standard","hentry","category-hem"],"acf":[],"yoast_head":"<!-- This site is optimized with the Yoast SEO plugin v27.5 - https:\/\/yoast.com\/product\/yoast-seo-wordpress\/ -->\n<title>Skogens roll i EU:s nya klimatm\u00e5lsf\u00f6rslag f\u00f6r 2030 - SBHSS<\/title>\n<meta name=\"robots\" content=\"index, follow, max-snippet:-1, max-image-preview:large, max-video-preview:-1\" \/>\n<link rel=\"canonical\" href=\"https:\/\/www.sbhss.eu\/sv\/skogens-roll-i-eu-s-nya-klimatmalsforslag-for-2030\/\" \/>\n<meta property=\"og:locale\" content=\"sv_SE\" \/>\n<meta property=\"og:type\" content=\"article\" \/>\n<meta property=\"og:title\" content=\"Skogens roll i EU:s nya klimatm\u00e5lsf\u00f6rslag f\u00f6r 2030 - SBHSS\" \/>\n<meta property=\"og:description\" content=\"EU-kommissionen f\u00f6resl\u00e5r nu ytterligare sk\u00e4rpningar av klimatm\u00e5len i den f\u00f6rslagna europeisk klimatlag som nu f\u00f6rhandlas. Sedan tidigare har man satt m\u00e5l om klimatneutralitet till \u00e5r 2050, men nu introducerar kommissionen i detta f\u00f6rslag \u00e4ven delm\u00e5l om nettoutsl\u00e4ppsminskning med 55% till \u00e5r 2030 j\u00e4mf\u00f6rt med 1990 niv\u00e5er. Det kommer kr\u00e4va \u00f6kade insatser och sk\u00e4rpta regelverk inom [&hellip;]\" \/>\n<meta property=\"og:url\" content=\"https:\/\/www.sbhss.eu\/sv\/skogens-roll-i-eu-s-nya-klimatmalsforslag-for-2030\/\" \/>\n<meta property=\"og:site_name\" content=\"SBHSS\" \/>\n<meta property=\"article:published_time\" content=\"2020-10-02T12:11:51+00:00\" \/>\n<meta name=\"author\" content=\"Sven Kast\u00f6\" \/>\n<meta name=\"twitter:card\" content=\"summary_large_image\" \/>\n<meta name=\"twitter:label1\" content=\"Skriven av\" \/>\n\t<meta name=\"twitter:data1\" content=\"Sven Kast\u00f6\" \/>\n\t<meta name=\"twitter:label2\" content=\"Ber\u00e4knad l\u00e4stid\" \/>\n\t<meta name=\"twitter:data2\" content=\"5 minuter\" \/>\n<script type=\"application\/ld+json\" class=\"yoast-schema-graph\">{\"@context\":\"https:\\\/\\\/schema.org\",\"@graph\":[{\"@type\":\"Article\",\"@id\":\"https:\\\/\\\/www.sbhss.eu\\\/sv\\\/skogens-roll-i-eu-s-nya-klimatmalsforslag-for-2030\\\/#article\",\"isPartOf\":{\"@id\":\"https:\\\/\\\/www.sbhss.eu\\\/sv\\\/skogens-roll-i-eu-s-nya-klimatmalsforslag-for-2030\\\/\"},\"author\":{\"name\":\"Sven Kast\u00f6\",\"@id\":\"https:\\\/\\\/www.sbhss.eu\\\/#\\\/schema\\\/person\\\/b8d8eb4c1088a05ed50ecff9b2bf643f\"},\"headline\":\"Skogens roll i EU:s nya klimatm\u00e5lsf\u00f6rslag f\u00f6r 2030\",\"datePublished\":\"2020-10-02T12:11:51+00:00\",\"mainEntityOfPage\":{\"@id\":\"https:\\\/\\\/www.sbhss.eu\\\/sv\\\/skogens-roll-i-eu-s-nya-klimatmalsforslag-for-2030\\\/\"},\"wordCount\":1012,\"commentCount\":0,\"articleSection\":[\"Hem - Startsidan\"],\"inLanguage\":\"sv-SE\"},{\"@type\":\"WebPage\",\"@id\":\"https:\\\/\\\/www.sbhss.eu\\\/sv\\\/skogens-roll-i-eu-s-nya-klimatmalsforslag-for-2030\\\/\",\"url\":\"https:\\\/\\\/www.sbhss.eu\\\/sv\\\/skogens-roll-i-eu-s-nya-klimatmalsforslag-for-2030\\\/\",\"name\":\"Skogens roll i EU:s nya klimatm\u00e5lsf\u00f6rslag f\u00f6r 2030 - SBHSS\",\"isPartOf\":{\"@id\":\"https:\\\/\\\/www.sbhss.eu\\\/#website\"},\"datePublished\":\"2020-10-02T12:11:51+00:00\",\"author\":{\"@id\":\"https:\\\/\\\/www.sbhss.eu\\\/#\\\/schema\\\/person\\\/b8d8eb4c1088a05ed50ecff9b2bf643f\"},\"breadcrumb\":{\"@id\":\"https:\\\/\\\/www.sbhss.eu\\\/sv\\\/skogens-roll-i-eu-s-nya-klimatmalsforslag-for-2030\\\/#breadcrumb\"},\"inLanguage\":\"sv-SE\",\"potentialAction\":[{\"@type\":\"ReadAction\",\"target\":[\"https:\\\/\\\/www.sbhss.eu\\\/sv\\\/skogens-roll-i-eu-s-nya-klimatmalsforslag-for-2030\\\/\"]}]},{\"@type\":\"BreadcrumbList\",\"@id\":\"https:\\\/\\\/www.sbhss.eu\\\/sv\\\/skogens-roll-i-eu-s-nya-klimatmalsforslag-for-2030\\\/#breadcrumb\",\"itemListElement\":[{\"@type\":\"ListItem\",\"position\":1,\"name\":\"Hem\",\"item\":\"https:\\\/\\\/www.sbhss.eu\\\/sv\\\/\"},{\"@type\":\"ListItem\",\"position\":2,\"name\":\"Skogens roll i EU:s nya klimatm\u00e5lsf\u00f6rslag f\u00f6r 2030\"}]},{\"@type\":\"WebSite\",\"@id\":\"https:\\\/\\\/www.sbhss.eu\\\/#website\",\"url\":\"https:\\\/\\\/www.sbhss.eu\\\/\",\"name\":\"SBHSS\",\"description\":\"\",\"potentialAction\":[{\"@type\":\"SearchAction\",\"target\":{\"@type\":\"EntryPoint\",\"urlTemplate\":\"https:\\\/\\\/www.sbhss.eu\\\/?s={search_term_string}\"},\"query-input\":{\"@type\":\"PropertyValueSpecification\",\"valueRequired\":true,\"valueName\":\"search_term_string\"}}],\"inLanguage\":\"sv-SE\"},{\"@type\":\"Person\",\"@id\":\"https:\\\/\\\/www.sbhss.eu\\\/#\\\/schema\\\/person\\\/b8d8eb4c1088a05ed50ecff9b2bf643f\",\"name\":\"Sven Kast\u00f6\",\"image\":{\"@type\":\"ImageObject\",\"inLanguage\":\"sv-SE\",\"@id\":\"https:\\\/\\\/secure.gravatar.com\\\/avatar\\\/4ce3985fbe5a36073e6a0cbba2acaad0da794332aeb9a944eca4c7548361a263?s=96&d=mm&r=g\",\"url\":\"https:\\\/\\\/secure.gravatar.com\\\/avatar\\\/4ce3985fbe5a36073e6a0cbba2acaad0da794332aeb9a944eca4c7548361a263?s=96&d=mm&r=g\",\"contentUrl\":\"https:\\\/\\\/secure.gravatar.com\\\/avatar\\\/4ce3985fbe5a36073e6a0cbba2acaad0da794332aeb9a944eca4c7548361a263?s=96&d=mm&r=g\",\"caption\":\"Sven Kast\u00f6\"},\"url\":\"https:\\\/\\\/www.sbhss.eu\\\/sv\\\/author\\\/sven-kastosbhss-eu\\\/\"}]}<\/script>\n<!-- \/ Yoast SEO plugin. -->","yoast_head_json":{"title":"Skogens roll i EU:s nya klimatm\u00e5lsf\u00f6rslag f\u00f6r 2030 - SBHSS","robots":{"index":"index","follow":"follow","max-snippet":"max-snippet:-1","max-image-preview":"max-image-preview:large","max-video-preview":"max-video-preview:-1"},"canonical":"https:\/\/www.sbhss.eu\/sv\/skogens-roll-i-eu-s-nya-klimatmalsforslag-for-2030\/","og_locale":"sv_SE","og_type":"article","og_title":"Skogens roll i EU:s nya klimatm\u00e5lsf\u00f6rslag f\u00f6r 2030 - SBHSS","og_description":"EU-kommissionen f\u00f6resl\u00e5r nu ytterligare sk\u00e4rpningar av klimatm\u00e5len i den f\u00f6rslagna europeisk klimatlag som nu f\u00f6rhandlas. Sedan tidigare har man satt m\u00e5l om klimatneutralitet till \u00e5r 2050, men nu introducerar kommissionen i detta f\u00f6rslag \u00e4ven delm\u00e5l om nettoutsl\u00e4ppsminskning med 55% till \u00e5r 2030 j\u00e4mf\u00f6rt med 1990 niv\u00e5er. Det kommer kr\u00e4va \u00f6kade insatser och sk\u00e4rpta regelverk inom [&hellip;]","og_url":"https:\/\/www.sbhss.eu\/sv\/skogens-roll-i-eu-s-nya-klimatmalsforslag-for-2030\/","og_site_name":"SBHSS","article_published_time":"2020-10-02T12:11:51+00:00","author":"Sven Kast\u00f6","twitter_card":"summary_large_image","twitter_misc":{"Skriven av":"Sven Kast\u00f6","Ber\u00e4knad l\u00e4stid":"5 minuter"},"schema":{"@context":"https:\/\/schema.org","@graph":[{"@type":"Article","@id":"https:\/\/www.sbhss.eu\/sv\/skogens-roll-i-eu-s-nya-klimatmalsforslag-for-2030\/#article","isPartOf":{"@id":"https:\/\/www.sbhss.eu\/sv\/skogens-roll-i-eu-s-nya-klimatmalsforslag-for-2030\/"},"author":{"name":"Sven Kast\u00f6","@id":"https:\/\/www.sbhss.eu\/#\/schema\/person\/b8d8eb4c1088a05ed50ecff9b2bf643f"},"headline":"Skogens roll i EU:s nya klimatm\u00e5lsf\u00f6rslag f\u00f6r 2030","datePublished":"2020-10-02T12:11:51+00:00","mainEntityOfPage":{"@id":"https:\/\/www.sbhss.eu\/sv\/skogens-roll-i-eu-s-nya-klimatmalsforslag-for-2030\/"},"wordCount":1012,"commentCount":0,"articleSection":["Hem - Startsidan"],"inLanguage":"sv-SE"},{"@type":"WebPage","@id":"https:\/\/www.sbhss.eu\/sv\/skogens-roll-i-eu-s-nya-klimatmalsforslag-for-2030\/","url":"https:\/\/www.sbhss.eu\/sv\/skogens-roll-i-eu-s-nya-klimatmalsforslag-for-2030\/","name":"Skogens roll i EU:s nya klimatm\u00e5lsf\u00f6rslag f\u00f6r 2030 - SBHSS","isPartOf":{"@id":"https:\/\/www.sbhss.eu\/#website"},"datePublished":"2020-10-02T12:11:51+00:00","author":{"@id":"https:\/\/www.sbhss.eu\/#\/schema\/person\/b8d8eb4c1088a05ed50ecff9b2bf643f"},"breadcrumb":{"@id":"https:\/\/www.sbhss.eu\/sv\/skogens-roll-i-eu-s-nya-klimatmalsforslag-for-2030\/#breadcrumb"},"inLanguage":"sv-SE","potentialAction":[{"@type":"ReadAction","target":["https:\/\/www.sbhss.eu\/sv\/skogens-roll-i-eu-s-nya-klimatmalsforslag-for-2030\/"]}]},{"@type":"BreadcrumbList","@id":"https:\/\/www.sbhss.eu\/sv\/skogens-roll-i-eu-s-nya-klimatmalsforslag-for-2030\/#breadcrumb","itemListElement":[{"@type":"ListItem","position":1,"name":"Hem","item":"https:\/\/www.sbhss.eu\/sv\/"},{"@type":"ListItem","position":2,"name":"Skogens roll i EU:s nya klimatm\u00e5lsf\u00f6rslag f\u00f6r 2030"}]},{"@type":"WebSite","@id":"https:\/\/www.sbhss.eu\/#website","url":"https:\/\/www.sbhss.eu\/","name":"SBHSS","description":"","potentialAction":[{"@type":"SearchAction","target":{"@type":"EntryPoint","urlTemplate":"https:\/\/www.sbhss.eu\/?s={search_term_string}"},"query-input":{"@type":"PropertyValueSpecification","valueRequired":true,"valueName":"search_term_string"}}],"inLanguage":"sv-SE"},{"@type":"Person","@id":"https:\/\/www.sbhss.eu\/#\/schema\/person\/b8d8eb4c1088a05ed50ecff9b2bf643f","name":"Sven Kast\u00f6","image":{"@type":"ImageObject","inLanguage":"sv-SE","@id":"https:\/\/secure.gravatar.com\/avatar\/4ce3985fbe5a36073e6a0cbba2acaad0da794332aeb9a944eca4c7548361a263?s=96&d=mm&r=g","url":"https:\/\/secure.gravatar.com\/avatar\/4ce3985fbe5a36073e6a0cbba2acaad0da794332aeb9a944eca4c7548361a263?s=96&d=mm&r=g","contentUrl":"https:\/\/secure.gravatar.com\/avatar\/4ce3985fbe5a36073e6a0cbba2acaad0da794332aeb9a944eca4c7548361a263?s=96&d=mm&r=g","caption":"Sven Kast\u00f6"},"url":"https:\/\/www.sbhss.eu\/sv\/author\/sven-kastosbhss-eu\/"}]}},"_links":{"self":[{"href":"https:\/\/www.sbhss.eu\/sv\/wp-json\/wp\/v2\/posts\/1174","targetHints":{"allow":["GET"]}}],"collection":[{"href":"https:\/\/www.sbhss.eu\/sv\/wp-json\/wp\/v2\/posts"}],"about":[{"href":"https:\/\/www.sbhss.eu\/sv\/wp-json\/wp\/v2\/types\/post"}],"author":[{"embeddable":true,"href":"https:\/\/www.sbhss.eu\/sv\/wp-json\/wp\/v2\/users\/3"}],"replies":[{"embeddable":true,"href":"https:\/\/www.sbhss.eu\/sv\/wp-json\/wp\/v2\/comments?post=1174"}],"version-history":[{"count":0,"href":"https:\/\/www.sbhss.eu\/sv\/wp-json\/wp\/v2\/posts\/1174\/revisions"}],"wp:attachment":[{"href":"https:\/\/www.sbhss.eu\/sv\/wp-json\/wp\/v2\/media?parent=1174"}],"wp:term":[{"taxonomy":"category","embeddable":true,"href":"https:\/\/www.sbhss.eu\/sv\/wp-json\/wp\/v2\/categories?post=1174"},{"taxonomy":"post_tag","embeddable":true,"href":"https:\/\/www.sbhss.eu\/sv\/wp-json\/wp\/v2\/tags?post=1174"}],"curies":[{"name":"wp","href":"https:\/\/api.w.org\/{rel}","templated":true}]}}