{"id":1209,"date":"2014-03-24T14:15:01","date_gmt":"2014-03-24T13:15:01","guid":{"rendered":"http:\/\/wp.sbhss.eu\/?p=183"},"modified":"2014-03-24T14:15:01","modified_gmt":"2014-03-24T13:15:01","slug":"vernissage-fran-ostersjoregionen","status":"publish","type":"post","link":"https:\/\/www.sbhss.eu\/sv\/vernissage-fran-ostersjoregionen\/","title":{"rendered":"Vernissage fr\u00e5n \u00d6stersj\u00f6regionen"},"content":{"rendered":"<p>\n\tDen 18 mars h&ouml;ll Art Line vernissage hos <em>iMAL Center for Digital Cultures and Technology<\/em> i Bryssel. Projektledare Torun Ekstrand bj&ouml;d in till utst&auml;llningen som en sista del av det tre &aring;r l&aring;nga internationella konstsamarbetsprojektet.<\/p>\n<p>\n\tI projektet ingick konstn&auml;rer fr&aring;n fem olika &Ouml;stersj&ouml;l&auml;nder; Polen, Sverige, Litauen, Tyskland och Ryssland. Sammanlagt var 14 olika partners involverade i projektet som skapar n&auml;tverk och infrastruktur genom konst. Gemensamt f&ouml;r alla projekt &auml;r en nyfikenhet p&aring; hur det offentliga rummet kan anv&auml;ndas som plattform f&ouml;r tillf&auml;llig konst. Projektet fokuserar p&aring; hur teknologi kan anv&auml;ndas f&ouml;r att skapa konstyttringar kring v&aring;rt f&ouml;rflutna och samtid kring livet vid havet i &Ouml;stersj&ouml;n.<\/p>\n<p>\n\tTotalt har Art Line haft 16 vernissager, 20 workshops, 16 seminarier och 18 utst&auml;llningar i de fem olika l&auml;nderna, samt p&aring; fartyg mellan l&auml;nderna. P&aring; utst&auml;llningen i Bryssel presenterades 9 av dessa projekt.<\/p>\n<p>\n\tArt Line har en omfattande webbaserad katalog d&auml;r samtiga konstprojekt finns dokumenterade. F&ouml;r mer information om Art Line, <a href=\"http:\/\/artline-southbaltic.eu\/sv\/\">klicka h&auml;r<\/a>.&nbsp;<\/p>\n","protected":false},"excerpt":{"rendered":"<p>Den 18 mars h&ouml;ll Art Line vernissage hos iMAL Center for Digital Cultures and Technology i Bryssel. Projektledare Torun Ekstrand bj&ouml;d in till utst&auml;llningen som en sista del av det tre &aring;r l&aring;nga internationella konstsamarbetsprojektet. I projektet ingick konstn&auml;rer fr&aring;n fem olika &Ouml;stersj&ouml;l&auml;nder; Polen, Sverige, Litauen, Tyskland och Ryssland. Sammanlagt var 14 olika partners involverade [&hellip;]<\/p>\n","protected":false},"author":3,"featured_media":0,"comment_status":"open","ping_status":"open","sticky":false,"template":"","format":"standard","meta":{"_acf_changed":false,"footnotes":""},"categories":[11],"tags":[],"class_list":["post-1209","post","type-post","status-publish","format-standard","hentry","category-hem"],"acf":[],"yoast_head":"<!-- This site is optimized with the Yoast SEO plugin v27.5 - https:\/\/yoast.com\/product\/yoast-seo-wordpress\/ -->\n<title>Vernissage fr\u00e5n \u00d6stersj\u00f6regionen - SBHSS<\/title>\n<meta name=\"robots\" content=\"index, follow, max-snippet:-1, max-image-preview:large, max-video-preview:-1\" \/>\n<link rel=\"canonical\" href=\"https:\/\/www.sbhss.eu\/sv\/vernissage-fran-ostersjoregionen\/\" \/>\n<meta property=\"og:locale\" content=\"sv_SE\" \/>\n<meta property=\"og:type\" content=\"article\" \/>\n<meta property=\"og:title\" content=\"Vernissage fr\u00e5n \u00d6stersj\u00f6regionen - SBHSS\" \/>\n<meta property=\"og:description\" content=\"Den 18 mars h&ouml;ll Art Line vernissage hos iMAL Center for Digital Cultures and Technology i Bryssel. Projektledare Torun Ekstrand bj&ouml;d in till utst&auml;llningen som en sista del av det tre &aring;r l&aring;nga internationella konstsamarbetsprojektet. I projektet ingick konstn&auml;rer fr&aring;n fem olika &Ouml;stersj&ouml;l&auml;nder; Polen, Sverige, Litauen, Tyskland och Ryssland. Sammanlagt var 14 olika partners involverade [&hellip;]\" \/>\n<meta property=\"og:url\" content=\"https:\/\/www.sbhss.eu\/sv\/vernissage-fran-ostersjoregionen\/\" \/>\n<meta property=\"og:site_name\" content=\"SBHSS\" \/>\n<meta property=\"article:published_time\" content=\"2014-03-24T13:15:01+00:00\" \/>\n<meta name=\"author\" content=\"Sven Kast\u00f6\" \/>\n<meta name=\"twitter:card\" content=\"summary_large_image\" \/>\n<meta name=\"twitter:label1\" content=\"Skriven av\" \/>\n\t<meta name=\"twitter:data1\" content=\"Sven Kast\u00f6\" \/>\n\t<meta name=\"twitter:label2\" content=\"Ber\u00e4knad l\u00e4stid\" \/>\n\t<meta name=\"twitter:data2\" content=\"1 minut\" \/>\n<script type=\"application\/ld+json\" class=\"yoast-schema-graph\">{\"@context\":\"https:\\\/\\\/schema.org\",\"@graph\":[{\"@type\":\"Article\",\"@id\":\"https:\\\/\\\/www.sbhss.eu\\\/sv\\\/vernissage-fran-ostersjoregionen\\\/#article\",\"isPartOf\":{\"@id\":\"https:\\\/\\\/www.sbhss.eu\\\/sv\\\/vernissage-fran-ostersjoregionen\\\/\"},\"author\":{\"name\":\"Sven Kast\u00f6\",\"@id\":\"https:\\\/\\\/www.sbhss.eu\\\/#\\\/schema\\\/person\\\/b8d8eb4c1088a05ed50ecff9b2bf643f\"},\"headline\":\"Vernissage fr\u00e5n \u00d6stersj\u00f6regionen\",\"datePublished\":\"2014-03-24T13:15:01+00:00\",\"mainEntityOfPage\":{\"@id\":\"https:\\\/\\\/www.sbhss.eu\\\/sv\\\/vernissage-fran-ostersjoregionen\\\/\"},\"wordCount\":215,\"commentCount\":0,\"articleSection\":[\"Hem - Startsidan\"],\"inLanguage\":\"sv-SE\"},{\"@type\":\"WebPage\",\"@id\":\"https:\\\/\\\/www.sbhss.eu\\\/sv\\\/vernissage-fran-ostersjoregionen\\\/\",\"url\":\"https:\\\/\\\/www.sbhss.eu\\\/sv\\\/vernissage-fran-ostersjoregionen\\\/\",\"name\":\"Vernissage fr\u00e5n \u00d6stersj\u00f6regionen - SBHSS\",\"isPartOf\":{\"@id\":\"https:\\\/\\\/www.sbhss.eu\\\/#website\"},\"datePublished\":\"2014-03-24T13:15:01+00:00\",\"author\":{\"@id\":\"https:\\\/\\\/www.sbhss.eu\\\/#\\\/schema\\\/person\\\/b8d8eb4c1088a05ed50ecff9b2bf643f\"},\"breadcrumb\":{\"@id\":\"https:\\\/\\\/www.sbhss.eu\\\/sv\\\/vernissage-fran-ostersjoregionen\\\/#breadcrumb\"},\"inLanguage\":\"sv-SE\",\"potentialAction\":[{\"@type\":\"ReadAction\",\"target\":[\"https:\\\/\\\/www.sbhss.eu\\\/sv\\\/vernissage-fran-ostersjoregionen\\\/\"]}]},{\"@type\":\"BreadcrumbList\",\"@id\":\"https:\\\/\\\/www.sbhss.eu\\\/sv\\\/vernissage-fran-ostersjoregionen\\\/#breadcrumb\",\"itemListElement\":[{\"@type\":\"ListItem\",\"position\":1,\"name\":\"Hem\",\"item\":\"https:\\\/\\\/www.sbhss.eu\\\/sv\\\/\"},{\"@type\":\"ListItem\",\"position\":2,\"name\":\"Vernissage fr\u00e5n \u00d6stersj\u00f6regionen\"}]},{\"@type\":\"WebSite\",\"@id\":\"https:\\\/\\\/www.sbhss.eu\\\/#website\",\"url\":\"https:\\\/\\\/www.sbhss.eu\\\/\",\"name\":\"SBHSS\",\"description\":\"\",\"potentialAction\":[{\"@type\":\"SearchAction\",\"target\":{\"@type\":\"EntryPoint\",\"urlTemplate\":\"https:\\\/\\\/www.sbhss.eu\\\/?s={search_term_string}\"},\"query-input\":{\"@type\":\"PropertyValueSpecification\",\"valueRequired\":true,\"valueName\":\"search_term_string\"}}],\"inLanguage\":\"sv-SE\"},{\"@type\":\"Person\",\"@id\":\"https:\\\/\\\/www.sbhss.eu\\\/#\\\/schema\\\/person\\\/b8d8eb4c1088a05ed50ecff9b2bf643f\",\"name\":\"Sven Kast\u00f6\",\"image\":{\"@type\":\"ImageObject\",\"inLanguage\":\"sv-SE\",\"@id\":\"https:\\\/\\\/secure.gravatar.com\\\/avatar\\\/4ce3985fbe5a36073e6a0cbba2acaad0da794332aeb9a944eca4c7548361a263?s=96&d=mm&r=g\",\"url\":\"https:\\\/\\\/secure.gravatar.com\\\/avatar\\\/4ce3985fbe5a36073e6a0cbba2acaad0da794332aeb9a944eca4c7548361a263?s=96&d=mm&r=g\",\"contentUrl\":\"https:\\\/\\\/secure.gravatar.com\\\/avatar\\\/4ce3985fbe5a36073e6a0cbba2acaad0da794332aeb9a944eca4c7548361a263?s=96&d=mm&r=g\",\"caption\":\"Sven Kast\u00f6\"},\"url\":\"https:\\\/\\\/www.sbhss.eu\\\/sv\\\/author\\\/sven-kastosbhss-eu\\\/\"}]}<\/script>\n<!-- \/ Yoast SEO plugin. -->","yoast_head_json":{"title":"Vernissage fr\u00e5n \u00d6stersj\u00f6regionen - SBHSS","robots":{"index":"index","follow":"follow","max-snippet":"max-snippet:-1","max-image-preview":"max-image-preview:large","max-video-preview":"max-video-preview:-1"},"canonical":"https:\/\/www.sbhss.eu\/sv\/vernissage-fran-ostersjoregionen\/","og_locale":"sv_SE","og_type":"article","og_title":"Vernissage fr\u00e5n \u00d6stersj\u00f6regionen - SBHSS","og_description":"Den 18 mars h&ouml;ll Art Line vernissage hos iMAL Center for Digital Cultures and Technology i Bryssel. Projektledare Torun Ekstrand bj&ouml;d in till utst&auml;llningen som en sista del av det tre &aring;r l&aring;nga internationella konstsamarbetsprojektet. I projektet ingick konstn&auml;rer fr&aring;n fem olika &Ouml;stersj&ouml;l&auml;nder; Polen, Sverige, Litauen, Tyskland och Ryssland. Sammanlagt var 14 olika partners involverade [&hellip;]","og_url":"https:\/\/www.sbhss.eu\/sv\/vernissage-fran-ostersjoregionen\/","og_site_name":"SBHSS","article_published_time":"2014-03-24T13:15:01+00:00","author":"Sven Kast\u00f6","twitter_card":"summary_large_image","twitter_misc":{"Skriven av":"Sven Kast\u00f6","Ber\u00e4knad l\u00e4stid":"1 minut"},"schema":{"@context":"https:\/\/schema.org","@graph":[{"@type":"Article","@id":"https:\/\/www.sbhss.eu\/sv\/vernissage-fran-ostersjoregionen\/#article","isPartOf":{"@id":"https:\/\/www.sbhss.eu\/sv\/vernissage-fran-ostersjoregionen\/"},"author":{"name":"Sven Kast\u00f6","@id":"https:\/\/www.sbhss.eu\/#\/schema\/person\/b8d8eb4c1088a05ed50ecff9b2bf643f"},"headline":"Vernissage fr\u00e5n \u00d6stersj\u00f6regionen","datePublished":"2014-03-24T13:15:01+00:00","mainEntityOfPage":{"@id":"https:\/\/www.sbhss.eu\/sv\/vernissage-fran-ostersjoregionen\/"},"wordCount":215,"commentCount":0,"articleSection":["Hem - Startsidan"],"inLanguage":"sv-SE"},{"@type":"WebPage","@id":"https:\/\/www.sbhss.eu\/sv\/vernissage-fran-ostersjoregionen\/","url":"https:\/\/www.sbhss.eu\/sv\/vernissage-fran-ostersjoregionen\/","name":"Vernissage fr\u00e5n \u00d6stersj\u00f6regionen - SBHSS","isPartOf":{"@id":"https:\/\/www.sbhss.eu\/#website"},"datePublished":"2014-03-24T13:15:01+00:00","author":{"@id":"https:\/\/www.sbhss.eu\/#\/schema\/person\/b8d8eb4c1088a05ed50ecff9b2bf643f"},"breadcrumb":{"@id":"https:\/\/www.sbhss.eu\/sv\/vernissage-fran-ostersjoregionen\/#breadcrumb"},"inLanguage":"sv-SE","potentialAction":[{"@type":"ReadAction","target":["https:\/\/www.sbhss.eu\/sv\/vernissage-fran-ostersjoregionen\/"]}]},{"@type":"BreadcrumbList","@id":"https:\/\/www.sbhss.eu\/sv\/vernissage-fran-ostersjoregionen\/#breadcrumb","itemListElement":[{"@type":"ListItem","position":1,"name":"Hem","item":"https:\/\/www.sbhss.eu\/sv\/"},{"@type":"ListItem","position":2,"name":"Vernissage fr\u00e5n \u00d6stersj\u00f6regionen"}]},{"@type":"WebSite","@id":"https:\/\/www.sbhss.eu\/#website","url":"https:\/\/www.sbhss.eu\/","name":"SBHSS","description":"","potentialAction":[{"@type":"SearchAction","target":{"@type":"EntryPoint","urlTemplate":"https:\/\/www.sbhss.eu\/?s={search_term_string}"},"query-input":{"@type":"PropertyValueSpecification","valueRequired":true,"valueName":"search_term_string"}}],"inLanguage":"sv-SE"},{"@type":"Person","@id":"https:\/\/www.sbhss.eu\/#\/schema\/person\/b8d8eb4c1088a05ed50ecff9b2bf643f","name":"Sven Kast\u00f6","image":{"@type":"ImageObject","inLanguage":"sv-SE","@id":"https:\/\/secure.gravatar.com\/avatar\/4ce3985fbe5a36073e6a0cbba2acaad0da794332aeb9a944eca4c7548361a263?s=96&d=mm&r=g","url":"https:\/\/secure.gravatar.com\/avatar\/4ce3985fbe5a36073e6a0cbba2acaad0da794332aeb9a944eca4c7548361a263?s=96&d=mm&r=g","contentUrl":"https:\/\/secure.gravatar.com\/avatar\/4ce3985fbe5a36073e6a0cbba2acaad0da794332aeb9a944eca4c7548361a263?s=96&d=mm&r=g","caption":"Sven Kast\u00f6"},"url":"https:\/\/www.sbhss.eu\/sv\/author\/sven-kastosbhss-eu\/"}]}},"_links":{"self":[{"href":"https:\/\/www.sbhss.eu\/sv\/wp-json\/wp\/v2\/posts\/1209","targetHints":{"allow":["GET"]}}],"collection":[{"href":"https:\/\/www.sbhss.eu\/sv\/wp-json\/wp\/v2\/posts"}],"about":[{"href":"https:\/\/www.sbhss.eu\/sv\/wp-json\/wp\/v2\/types\/post"}],"author":[{"embeddable":true,"href":"https:\/\/www.sbhss.eu\/sv\/wp-json\/wp\/v2\/users\/3"}],"replies":[{"embeddable":true,"href":"https:\/\/www.sbhss.eu\/sv\/wp-json\/wp\/v2\/comments?post=1209"}],"version-history":[{"count":0,"href":"https:\/\/www.sbhss.eu\/sv\/wp-json\/wp\/v2\/posts\/1209\/revisions"}],"wp:attachment":[{"href":"https:\/\/www.sbhss.eu\/sv\/wp-json\/wp\/v2\/media?parent=1209"}],"wp:term":[{"taxonomy":"category","embeddable":true,"href":"https:\/\/www.sbhss.eu\/sv\/wp-json\/wp\/v2\/categories?post=1209"},{"taxonomy":"post_tag","embeddable":true,"href":"https:\/\/www.sbhss.eu\/sv\/wp-json\/wp\/v2\/tags?post=1209"}],"curies":[{"name":"wp","href":"https:\/\/api.w.org\/{rel}","templated":true}]}}