{"id":1239,"date":"2014-09-26T16:03:39","date_gmt":"2014-09-26T14:03:39","guid":{"rendered":"http:\/\/wp.sbhss.eu\/?p=222"},"modified":"2014-09-26T16:03:39","modified_gmt":"2014-09-26T14:03:39","slug":"samrad-var-chans-att-gora-var-rost-hord","status":"publish","type":"post","link":"https:\/\/www.sbhss.eu\/sv\/samrad-var-chans-att-gora-var-rost-hord\/","title":{"rendered":"Samr\u00e5d \u2013 v\u00e5r chans att g\u00f6ra v\u00e5r r\u00f6st h\u00f6rd"},"content":{"rendered":"<p style=\"text-align: justify;\">\n\tJust nu svarar Sm&aring;land-Blekinge gemensamt p&aring; ett samr&aring;d om Europa2020-strategin. Europa2020-strategin s&auml;tter ramarna f&ouml;r det gemensamma arbetet i EU och p&aring;verkar i h&ouml;g grad v&aring;ra egna regionala strategier. Med det &ouml;ppna samr&aring;det vill EU-kommissionen ge m&ouml;jligheten till akt&ouml;rerna som arbetar aktivt med strategin att uttrycka sina synpunkter p&aring; hur den framtida utvecklingen kan se ut. Att Sm&aring;land-Blekinge gemensamt svarar p&aring; detta samr&aring;d &auml;r en viktig del av arbetet f&ouml;r regionen att g&ouml;ra sin r&ouml;st h&ouml;rd p&aring; den europeiska arenan.<\/p>\n<p><!--more--><\/p>\n<p>\n\tMer information om det <a href=\"http:\/\/ec.europa.eu\/europe2020\/public-consultation\/index_en.htm\">&ouml;ppna samr&aring;det f&ouml;r Europa 2020-strategin.<\/a><\/p>\n<p style=\"text-align: justify;\">\n\t&Ouml;ppna samr&aring;d &auml;r vanliga fr&aring;n EU-kommissionen och just nu finns det &auml;ven m&ouml;jligheter att g&ouml;ra sin r&ouml;st h&ouml;rd inom flera politikomr&aring;den. N&aring;gra av dessa &auml;r:<\/p>\n<p>\n\t&#8211;&nbsp;&nbsp;&nbsp;&nbsp;&nbsp;&nbsp;&nbsp;&nbsp;&nbsp; <a href=\"https:\/\/ec.europa.eu\/digital-agenda\/en\/news\/public-consultation-cloud-computing-and-software\">Molntj&auml;nster och mjukvaror<\/a><\/p>\n<p style=\"margin-left: 36pt; text-align: justify;\">\n\tI denna konsultation vill EU-kommissionen f&aring; synpunkter p&aring; vilka omr&aring;den inom &auml;mnet som skall prioriteras. Fram till 10 oktober v&auml;lkomnar EU-kommissionen akt&ouml;rer som forskningscenter, sm&aring;- och medelstora f&ouml;retag och anv&auml;ndare vilka arbetar med molntj&auml;nster och mjukvaror att delta.<\/p>\n<p>\n\t&#8211;&nbsp;&nbsp;&nbsp;&nbsp;&nbsp;&nbsp;&nbsp;&nbsp;&nbsp; <a href=\"http:\/\/ec.europa.eu\/enterprise\/policies\/sme\/small-business-act\/public-consultation-sba\/index_en.htm\">Fr&auml;mjande av SMFs och entrepren&ouml;rer inom Small Business Act<\/a><\/p>\n<p style=\"margin-left: 36pt; text-align: justify;\">\n\tSyftet &auml;r att samla id&eacute;er f&ouml;r hur <a href=\"http:\/\/www.tillvaxtverket.se\/huvudmeny\/insatserfortillvaxt\/flerochvaxandeforetag\/cosme\/eusnaringspolitik\/smallbusinessact.4.3c4088c81204cca906180006304.html\">Small Business Act&nbsp;<\/a> kan utvecklas f&ouml;r att st&auml;rka f&ouml;ruts&auml;ttningarna f&ouml;r SMFs och entrepren&ouml;rer. Samr&aring;det riktar sig mot f&ouml;retag, SMFs, myndigheter och andra relevanta akt&ouml;rer. Delta senast 15 december.<\/p>\n<p>\n\t&#8211;&nbsp;&nbsp;&nbsp;&nbsp;&nbsp;&nbsp;&nbsp;&nbsp;&nbsp; <a href=\"http:\/\/ec.europa.eu\/internal_market\/consultations\/2014\/geo-indications-non-agri\/index_en.htm\">M&ouml;jligheten att vidga omfattningen av det geografiska skyddet till produkter &auml;ven utanf&ouml;r jordbrukssektorn<\/a><\/p>\n<p style=\"margin-left: 36pt; text-align: justify;\">\n\tEU-kommissionen &auml;r intresserad av medborgares och organisationers &aring;sikter om att bredda skyddet f&ouml;r geografiskt specifika produkter f&ouml;r att ta vara p&aring; kunskaperna som finns i Europa. Skyddet kan &auml;ven eventuellt d&auml;rmed &auml;ven innefatta produkter som har ett kulturellt och historiskt v&auml;rde. Det finns m&ouml;jlighet att delta fram till 28 oktober.<\/p>\n<p>\n\t&#8211;&nbsp;&nbsp;&nbsp;&nbsp;&nbsp;&nbsp;&nbsp;&nbsp;&nbsp; <a href=\"http:\/\/ec.europa.eu\/environment\/consultations\/water_reuse_en.htm\">Alternativ f&ouml;r att optimera &aring;teranv&auml;ndning av vatten i EU<\/a><\/p>\n<p style=\"margin-left: 36pt; text-align: justify;\">\n\tM&aring;let med detta samr&aring;d &auml;r att utv&auml;rdera det b&auml;st l&auml;mpade verktyget f&ouml;r att fr&auml;mja &aring;teranv&auml;ndning av vatten inom alla ber&ouml;rda omr&aring;den. Fram till 7 november finns det m&ouml;jlighet f&ouml;r medborgare och intressenter att g&ouml;ra sina r&ouml;ster h&ouml;rda.<\/p>\n<p>\n\t<a href=\"http:\/\/ec.europa.eu\/yourvoice\/consultations\/index_en.htm\">Klicka h&auml;r f&ouml;r fler &ouml;ppna samr&aring;d <\/a><\/p>\n<p>\n\t&nbsp;<\/p>\n","protected":false},"excerpt":{"rendered":"<p>Just nu svarar Sm&aring;land-Blekinge gemensamt p&aring; ett samr&aring;d om Europa2020-strategin. Europa2020-strategin s&auml;tter ramarna f&ouml;r det gemensamma arbetet i EU och p&aring;verkar i h&ouml;g grad v&aring;ra egna regionala strategier. Med det &ouml;ppna samr&aring;det vill EU-kommissionen ge m&ouml;jligheten till akt&ouml;rerna som arbetar aktivt med strategin att uttrycka sina synpunkter p&aring; hur den framtida utvecklingen kan se ut. [&hellip;]<\/p>\n","protected":false},"author":3,"featured_media":0,"comment_status":"open","ping_status":"open","sticky":false,"template":"","format":"standard","meta":{"_acf_changed":false,"footnotes":""},"categories":[11],"tags":[],"class_list":["post-1239","post","type-post","status-publish","format-standard","hentry","category-hem"],"acf":[],"yoast_head":"<!-- This site is optimized with the Yoast SEO plugin v27.5 - https:\/\/yoast.com\/product\/yoast-seo-wordpress\/ -->\n<title>Samr\u00e5d \u2013 v\u00e5r chans att g\u00f6ra v\u00e5r r\u00f6st h\u00f6rd - SBHSS<\/title>\n<meta name=\"robots\" content=\"index, follow, max-snippet:-1, max-image-preview:large, max-video-preview:-1\" \/>\n<link rel=\"canonical\" href=\"https:\/\/www.sbhss.eu\/sv\/samrad-var-chans-att-gora-var-rost-hord\/\" \/>\n<meta property=\"og:locale\" content=\"sv_SE\" \/>\n<meta property=\"og:type\" content=\"article\" \/>\n<meta property=\"og:title\" content=\"Samr\u00e5d \u2013 v\u00e5r chans att g\u00f6ra v\u00e5r r\u00f6st h\u00f6rd - SBHSS\" \/>\n<meta property=\"og:description\" content=\"Just nu svarar Sm&aring;land-Blekinge gemensamt p&aring; ett samr&aring;d om Europa2020-strategin. Europa2020-strategin s&auml;tter ramarna f&ouml;r det gemensamma arbetet i EU och p&aring;verkar i h&ouml;g grad v&aring;ra egna regionala strategier. Med det &ouml;ppna samr&aring;det vill EU-kommissionen ge m&ouml;jligheten till akt&ouml;rerna som arbetar aktivt med strategin att uttrycka sina synpunkter p&aring; hur den framtida utvecklingen kan se ut. [&hellip;]\" \/>\n<meta property=\"og:url\" content=\"https:\/\/www.sbhss.eu\/sv\/samrad-var-chans-att-gora-var-rost-hord\/\" \/>\n<meta property=\"og:site_name\" content=\"SBHSS\" \/>\n<meta property=\"article:published_time\" content=\"2014-09-26T14:03:39+00:00\" \/>\n<meta name=\"author\" content=\"Sven Kast\u00f6\" \/>\n<meta name=\"twitter:card\" content=\"summary_large_image\" \/>\n<meta name=\"twitter:label1\" content=\"Skriven av\" \/>\n\t<meta name=\"twitter:data1\" content=\"Sven Kast\u00f6\" \/>\n\t<meta name=\"twitter:label2\" content=\"Ber\u00e4knad l\u00e4stid\" \/>\n\t<meta name=\"twitter:data2\" content=\"3 minuter\" \/>\n<script type=\"application\/ld+json\" class=\"yoast-schema-graph\">{\"@context\":\"https:\\\/\\\/schema.org\",\"@graph\":[{\"@type\":\"Article\",\"@id\":\"https:\\\/\\\/www.sbhss.eu\\\/sv\\\/samrad-var-chans-att-gora-var-rost-hord\\\/#article\",\"isPartOf\":{\"@id\":\"https:\\\/\\\/www.sbhss.eu\\\/sv\\\/samrad-var-chans-att-gora-var-rost-hord\\\/\"},\"author\":{\"name\":\"Sven Kast\u00f6\",\"@id\":\"https:\\\/\\\/www.sbhss.eu\\\/#\\\/schema\\\/person\\\/b8d8eb4c1088a05ed50ecff9b2bf643f\"},\"headline\":\"Samr\u00e5d \u2013 v\u00e5r chans att g\u00f6ra v\u00e5r r\u00f6st h\u00f6rd\",\"datePublished\":\"2014-09-26T14:03:39+00:00\",\"mainEntityOfPage\":{\"@id\":\"https:\\\/\\\/www.sbhss.eu\\\/sv\\\/samrad-var-chans-att-gora-var-rost-hord\\\/\"},\"wordCount\":540,\"commentCount\":0,\"articleSection\":[\"Hem - Startsidan\"],\"inLanguage\":\"sv-SE\"},{\"@type\":\"WebPage\",\"@id\":\"https:\\\/\\\/www.sbhss.eu\\\/sv\\\/samrad-var-chans-att-gora-var-rost-hord\\\/\",\"url\":\"https:\\\/\\\/www.sbhss.eu\\\/sv\\\/samrad-var-chans-att-gora-var-rost-hord\\\/\",\"name\":\"Samr\u00e5d \u2013 v\u00e5r chans att g\u00f6ra v\u00e5r r\u00f6st h\u00f6rd - SBHSS\",\"isPartOf\":{\"@id\":\"https:\\\/\\\/www.sbhss.eu\\\/#website\"},\"datePublished\":\"2014-09-26T14:03:39+00:00\",\"author\":{\"@id\":\"https:\\\/\\\/www.sbhss.eu\\\/#\\\/schema\\\/person\\\/b8d8eb4c1088a05ed50ecff9b2bf643f\"},\"breadcrumb\":{\"@id\":\"https:\\\/\\\/www.sbhss.eu\\\/sv\\\/samrad-var-chans-att-gora-var-rost-hord\\\/#breadcrumb\"},\"inLanguage\":\"sv-SE\",\"potentialAction\":[{\"@type\":\"ReadAction\",\"target\":[\"https:\\\/\\\/www.sbhss.eu\\\/sv\\\/samrad-var-chans-att-gora-var-rost-hord\\\/\"]}]},{\"@type\":\"BreadcrumbList\",\"@id\":\"https:\\\/\\\/www.sbhss.eu\\\/sv\\\/samrad-var-chans-att-gora-var-rost-hord\\\/#breadcrumb\",\"itemListElement\":[{\"@type\":\"ListItem\",\"position\":1,\"name\":\"Hem\",\"item\":\"https:\\\/\\\/www.sbhss.eu\\\/sv\\\/\"},{\"@type\":\"ListItem\",\"position\":2,\"name\":\"Samr\u00e5d \u2013 v\u00e5r chans att g\u00f6ra v\u00e5r r\u00f6st h\u00f6rd\"}]},{\"@type\":\"WebSite\",\"@id\":\"https:\\\/\\\/www.sbhss.eu\\\/#website\",\"url\":\"https:\\\/\\\/www.sbhss.eu\\\/\",\"name\":\"SBHSS\",\"description\":\"\",\"potentialAction\":[{\"@type\":\"SearchAction\",\"target\":{\"@type\":\"EntryPoint\",\"urlTemplate\":\"https:\\\/\\\/www.sbhss.eu\\\/?s={search_term_string}\"},\"query-input\":{\"@type\":\"PropertyValueSpecification\",\"valueRequired\":true,\"valueName\":\"search_term_string\"}}],\"inLanguage\":\"sv-SE\"},{\"@type\":\"Person\",\"@id\":\"https:\\\/\\\/www.sbhss.eu\\\/#\\\/schema\\\/person\\\/b8d8eb4c1088a05ed50ecff9b2bf643f\",\"name\":\"Sven Kast\u00f6\",\"image\":{\"@type\":\"ImageObject\",\"inLanguage\":\"sv-SE\",\"@id\":\"https:\\\/\\\/secure.gravatar.com\\\/avatar\\\/4ce3985fbe5a36073e6a0cbba2acaad0da794332aeb9a944eca4c7548361a263?s=96&d=mm&r=g\",\"url\":\"https:\\\/\\\/secure.gravatar.com\\\/avatar\\\/4ce3985fbe5a36073e6a0cbba2acaad0da794332aeb9a944eca4c7548361a263?s=96&d=mm&r=g\",\"contentUrl\":\"https:\\\/\\\/secure.gravatar.com\\\/avatar\\\/4ce3985fbe5a36073e6a0cbba2acaad0da794332aeb9a944eca4c7548361a263?s=96&d=mm&r=g\",\"caption\":\"Sven Kast\u00f6\"},\"url\":\"https:\\\/\\\/www.sbhss.eu\\\/sv\\\/author\\\/sven-kastosbhss-eu\\\/\"}]}<\/script>\n<!-- \/ Yoast SEO plugin. -->","yoast_head_json":{"title":"Samr\u00e5d \u2013 v\u00e5r chans att g\u00f6ra v\u00e5r r\u00f6st h\u00f6rd - SBHSS","robots":{"index":"index","follow":"follow","max-snippet":"max-snippet:-1","max-image-preview":"max-image-preview:large","max-video-preview":"max-video-preview:-1"},"canonical":"https:\/\/www.sbhss.eu\/sv\/samrad-var-chans-att-gora-var-rost-hord\/","og_locale":"sv_SE","og_type":"article","og_title":"Samr\u00e5d \u2013 v\u00e5r chans att g\u00f6ra v\u00e5r r\u00f6st h\u00f6rd - SBHSS","og_description":"Just nu svarar Sm&aring;land-Blekinge gemensamt p&aring; ett samr&aring;d om Europa2020-strategin. Europa2020-strategin s&auml;tter ramarna f&ouml;r det gemensamma arbetet i EU och p&aring;verkar i h&ouml;g grad v&aring;ra egna regionala strategier. Med det &ouml;ppna samr&aring;det vill EU-kommissionen ge m&ouml;jligheten till akt&ouml;rerna som arbetar aktivt med strategin att uttrycka sina synpunkter p&aring; hur den framtida utvecklingen kan se ut. [&hellip;]","og_url":"https:\/\/www.sbhss.eu\/sv\/samrad-var-chans-att-gora-var-rost-hord\/","og_site_name":"SBHSS","article_published_time":"2014-09-26T14:03:39+00:00","author":"Sven Kast\u00f6","twitter_card":"summary_large_image","twitter_misc":{"Skriven av":"Sven Kast\u00f6","Ber\u00e4knad l\u00e4stid":"3 minuter"},"schema":{"@context":"https:\/\/schema.org","@graph":[{"@type":"Article","@id":"https:\/\/www.sbhss.eu\/sv\/samrad-var-chans-att-gora-var-rost-hord\/#article","isPartOf":{"@id":"https:\/\/www.sbhss.eu\/sv\/samrad-var-chans-att-gora-var-rost-hord\/"},"author":{"name":"Sven Kast\u00f6","@id":"https:\/\/www.sbhss.eu\/#\/schema\/person\/b8d8eb4c1088a05ed50ecff9b2bf643f"},"headline":"Samr\u00e5d \u2013 v\u00e5r chans att g\u00f6ra v\u00e5r r\u00f6st h\u00f6rd","datePublished":"2014-09-26T14:03:39+00:00","mainEntityOfPage":{"@id":"https:\/\/www.sbhss.eu\/sv\/samrad-var-chans-att-gora-var-rost-hord\/"},"wordCount":540,"commentCount":0,"articleSection":["Hem - Startsidan"],"inLanguage":"sv-SE"},{"@type":"WebPage","@id":"https:\/\/www.sbhss.eu\/sv\/samrad-var-chans-att-gora-var-rost-hord\/","url":"https:\/\/www.sbhss.eu\/sv\/samrad-var-chans-att-gora-var-rost-hord\/","name":"Samr\u00e5d \u2013 v\u00e5r chans att g\u00f6ra v\u00e5r r\u00f6st h\u00f6rd - SBHSS","isPartOf":{"@id":"https:\/\/www.sbhss.eu\/#website"},"datePublished":"2014-09-26T14:03:39+00:00","author":{"@id":"https:\/\/www.sbhss.eu\/#\/schema\/person\/b8d8eb4c1088a05ed50ecff9b2bf643f"},"breadcrumb":{"@id":"https:\/\/www.sbhss.eu\/sv\/samrad-var-chans-att-gora-var-rost-hord\/#breadcrumb"},"inLanguage":"sv-SE","potentialAction":[{"@type":"ReadAction","target":["https:\/\/www.sbhss.eu\/sv\/samrad-var-chans-att-gora-var-rost-hord\/"]}]},{"@type":"BreadcrumbList","@id":"https:\/\/www.sbhss.eu\/sv\/samrad-var-chans-att-gora-var-rost-hord\/#breadcrumb","itemListElement":[{"@type":"ListItem","position":1,"name":"Hem","item":"https:\/\/www.sbhss.eu\/sv\/"},{"@type":"ListItem","position":2,"name":"Samr\u00e5d \u2013 v\u00e5r chans att g\u00f6ra v\u00e5r r\u00f6st h\u00f6rd"}]},{"@type":"WebSite","@id":"https:\/\/www.sbhss.eu\/#website","url":"https:\/\/www.sbhss.eu\/","name":"SBHSS","description":"","potentialAction":[{"@type":"SearchAction","target":{"@type":"EntryPoint","urlTemplate":"https:\/\/www.sbhss.eu\/?s={search_term_string}"},"query-input":{"@type":"PropertyValueSpecification","valueRequired":true,"valueName":"search_term_string"}}],"inLanguage":"sv-SE"},{"@type":"Person","@id":"https:\/\/www.sbhss.eu\/#\/schema\/person\/b8d8eb4c1088a05ed50ecff9b2bf643f","name":"Sven Kast\u00f6","image":{"@type":"ImageObject","inLanguage":"sv-SE","@id":"https:\/\/secure.gravatar.com\/avatar\/4ce3985fbe5a36073e6a0cbba2acaad0da794332aeb9a944eca4c7548361a263?s=96&d=mm&r=g","url":"https:\/\/secure.gravatar.com\/avatar\/4ce3985fbe5a36073e6a0cbba2acaad0da794332aeb9a944eca4c7548361a263?s=96&d=mm&r=g","contentUrl":"https:\/\/secure.gravatar.com\/avatar\/4ce3985fbe5a36073e6a0cbba2acaad0da794332aeb9a944eca4c7548361a263?s=96&d=mm&r=g","caption":"Sven Kast\u00f6"},"url":"https:\/\/www.sbhss.eu\/sv\/author\/sven-kastosbhss-eu\/"}]}},"_links":{"self":[{"href":"https:\/\/www.sbhss.eu\/sv\/wp-json\/wp\/v2\/posts\/1239","targetHints":{"allow":["GET"]}}],"collection":[{"href":"https:\/\/www.sbhss.eu\/sv\/wp-json\/wp\/v2\/posts"}],"about":[{"href":"https:\/\/www.sbhss.eu\/sv\/wp-json\/wp\/v2\/types\/post"}],"author":[{"embeddable":true,"href":"https:\/\/www.sbhss.eu\/sv\/wp-json\/wp\/v2\/users\/3"}],"replies":[{"embeddable":true,"href":"https:\/\/www.sbhss.eu\/sv\/wp-json\/wp\/v2\/comments?post=1239"}],"version-history":[{"count":0,"href":"https:\/\/www.sbhss.eu\/sv\/wp-json\/wp\/v2\/posts\/1239\/revisions"}],"wp:attachment":[{"href":"https:\/\/www.sbhss.eu\/sv\/wp-json\/wp\/v2\/media?parent=1239"}],"wp:term":[{"taxonomy":"category","embeddable":true,"href":"https:\/\/www.sbhss.eu\/sv\/wp-json\/wp\/v2\/categories?post=1239"},{"taxonomy":"post_tag","embeddable":true,"href":"https:\/\/www.sbhss.eu\/sv\/wp-json\/wp\/v2\/tags?post=1239"}],"curies":[{"name":"wp","href":"https:\/\/api.w.org\/{rel}","templated":true}]}}