{"id":1249,"date":"2014-10-22T12:15:42","date_gmt":"2014-10-22T10:15:42","guid":{"rendered":"http:\/\/wp.sbhss.eu\/?p=244"},"modified":"2014-10-22T12:15:42","modified_gmt":"2014-10-22T10:15:42","slug":"regionernas-arbete-med-kvinnligt-foretagande-i-framkant","status":"publish","type":"post","link":"https:\/\/www.sbhss.eu\/sv\/regionernas-arbete-med-kvinnligt-foretagande-i-framkant\/","title":{"rendered":"Regionernas arbete med kvinnligt f\u00f6retagande i framkant"},"content":{"rendered":"<p style=\"text-align: justify;\">\n\tVid eventet Young Women: a key target for rural development blev det tydligt att arbetet som l&auml;nen i Sm&aring;land-Blekinge utf&ouml;r i befolkningsfr&aring;gan ligger<a href=\"#_msocom_1\" id=\"_anchor_1\" name=\"_msoanchor_1\"><\/a> i framkant. Alla inv&aring;nare &auml;r lika viktiga f&ouml;r en regions utveckling men d&aring; fler kvinnor &auml;n m&auml;n tenderar att flytta till storst&auml;der &auml;r det viktigt att<a href=\"#_msocom_2\" id=\"_anchor_2\" name=\"_msoanchor_2\"><\/a> arbeta mot detta. En del av arbetet f&ouml;r att minska migrationen &auml;r att fr&auml;mja kvinnligt f&ouml;retagande vilket idag &auml;r aktuellt i Sm&aring;land-Blekinge och som talarna starkt f&ouml;respr&aring;kade.<\/p>\n<p><!--more--><\/p>\n<p style=\"text-align: justify;\">\n\tGenom de olika exempel som presenterades var det tydligt att f&ouml;retagande inte bara skapade fler arbetstillf&auml;llen utan st&auml;rkte &auml;ven banden till regionen. F&ouml;rhoppningarna med att st&auml;rka banden till kommuner, l&auml;n och regioner &auml;r att utflyttningen skall minska och befolkningen skall bli mer j&auml;mlik. Eftersom det vid detta event var unga kvinnor som stod i fokus fanns det en stark tro p&aring; att kvinnor vet vad kvinnor beh&ouml;ver, vilket snarare kan uttryckas som att m&aring;lgruppen vet vad de beh&ouml;ver. Att kvinnligt f&ouml;retagande inte bara ses som en j&auml;mst&auml;lldhetsfr&aring;ga utan &auml;ven som en tillv&auml;xtfaktor visar hur l&aring;ngt Sm&aring;land-Blekinge har kommit.<\/p>\n<p style=\"text-align: justify;\">\n\t&Auml;r du nyfiken p&aring; vad de andra g&ouml;r? L&auml;s mer och klicka dig vidare nedan!<\/p>\n<p style=\"text-align: justify;\">\n\tExempel hos <a href=\"http:\/\/regionblekinge.se\/region-blekinge-%28svenska%29.aspx\">Region Blekinge<\/a><\/p>\n<p style=\"text-align: justify;\">\n\t<a href=\"http:\/\/regionblekinge.se\/region-blekinge-%28svenska%29\/det-haer-goer-vi\/naeringslivsutveckling\/fraemja-kvinnors-foeretagande.aspx\"><em>Aff&auml;rsdrivna tjejer <\/em><\/a><\/p>\n<p style=\"text-align: justify;\">\n\tVill &ouml;ka f&ouml;retagandet bland unga kvinnor genom att exempelvis samarbeta med h&ouml;gskola eller landstinget f&ouml;r att unders&ouml;ka id&eacute;er som kan leda till nya f&ouml;retag,<\/p>\n<p style=\"text-align: justify;\">\n\t<a href=\"http:\/\/regionblekinge.se\/region-blekinge-%28svenska%29\/det-haer-goer-vi\/naeringslivsutveckling\/fraemja-kvinnors-foeretagande.aspx\"><em>Sociala medier &#8211; fr&aring;n ord till handling <\/em><\/a><\/p>\n<p style=\"text-align: justify;\">\n\tSyftar till att &ouml;ka aff&auml;rsutvecklingen genom sociala medier f&ouml;r att f&ouml;retaget skall kunna f&ouml;rb&auml;ttra sin verksamhet genom att, exempelvis, n&aring; ut till fler kunder.<\/p>\n<p style=\"text-align: justify;\">\n\tExempel hos <a href=\"http:\/\/www.regionjonkoping.se\/web\/hem.aspx\">Regionf&ouml;rbundet J&ouml;nk&ouml;pings l&auml;n<\/a><\/p>\n<p style=\"text-align: justify;\">\n\t<a href=\"http:\/\/www.tillvaxtverket.se\/huvudmeny\/insatserfortillvaxt\/flerochvaxandeforetag\/framjakvinnorsforetagande\/utvecklingsprogramforforetagare\/jonkoping.4.6a7dfe9a134cd71cae1800012068.html\"><em>Qraftfulla 2.0<\/em><\/a><\/p>\n<p style=\"text-align: justify;\">\n\tProjektet vill att deltagarna skall &ouml;ka kunskapen kring f&ouml;retagande och ledarskap f&ouml;r att kunna st&auml;rka kvinnor i deras f&ouml;retagande och ledarskap.<\/p>\n<p style=\"text-align: justify;\">\n\t<a href=\"http:\/\/www.tillvaxtverket.se\/huvudmeny\/insatserfortillvaxt\/flerochvaxandeforetag\/framjakvinnorsforetagande\/utvecklingsprogramforforetagare\/jonkoping.4.6a7dfe9a134cd71cae1800012068.html\"><em>Business by women<\/em><\/a><\/p>\n<p style=\"text-align: justify;\">\n\tGenom utbildningar, f&ouml;rel&auml;sningar och n&auml;tverkande skall projektet bidra till att utveckla f&ouml;retaget och &ouml;ka l&ouml;nsamheten vilket skall leda till &ouml;kat f&ouml;retagande och &ouml;kad syssels&auml;ttning.<\/p>\n<p style=\"text-align: justify;\">\n\tExempel hos <a href=\"http:\/\/www.rfkl.se\/\">Regionf&ouml;rbundet i Kalmar l&auml;n<\/a><\/p>\n<p style=\"text-align: justify;\">\n\t<a href=\"http:\/\/www.rfkl.se\/sv\/Projekt-Eu-stod\/Kvinnors-foretetagande\/Projekt-2013-2014\/\"><em>Tillv&auml;xt genom &auml;garv&auml;xling och styrelseutveckling<\/em><\/a><\/p>\n<p style=\"text-align: justify;\">\n\tProjektet vill erbjuda f&ouml;retagare att utveckla och &ouml;ka tillv&auml;xten av f&ouml;retaget genom analysera utvecklings- och kompetensbehoven och arbeta fram en utvecklingsplan.<\/p>\n<p style=\"text-align: justify;\">\n\t<a href=\"http:\/\/www.rfkl.se\/sv\/Projekt-Eu-stod\/Kvinnors-foretetagande\/Projekt-2013-2014\/\"><em>Free Friday 2<\/em><\/a><\/p>\n<p style=\"text-align: justify;\">\n\tProjektet v&auml;nder sig studenter som vill f&ouml;rverkliga id&eacute;er om att starta f&ouml;retag genom v&auml;gledning, f&ouml;rel&auml;sningar och workshops. Projektet vill inspirera kvinnligt entrepren&ouml;rskap och skapa ett n&auml;tverk f&ouml;r f&ouml;retagare<\/p>\n<p style=\"text-align: justify;\">\n\tExempel hos <a href=\"http:\/\/www.rfss.se\/\">Regionf&ouml;rbundet S&ouml;dra Sm&aring;land<\/a><\/p>\n<p style=\"text-align: justify;\">\n\t<a href=\"http:\/\/www.rfss.se\/naringsliv-projekt-framja-kvinnors-foretagande-projekt\"><em>Kvinna och Entrepren&ouml;r &ndash; Javisst! <\/em><\/a><\/p>\n<p style=\"text-align: justify;\">\n\tProjektet syftar till att &ouml;ka antalet nystartade f&ouml;retag, f&ouml;r&auml;ndra attityden mot entrepren&ouml;rskap och ut&ouml;ka aff&auml;rsn&auml;tverken genom f&ouml;rel&auml;sningar, workshops och koppla samman studenter med n&auml;ringslivet.<\/p>\n<p style=\"text-align: justify;\">\n\t<a href=\"http:\/\/www.rfss.se\/naringsliv-projekt-framja-kvinnors-foretagande-projekt\"><em>Tillbaka till framtiden<\/em><\/a><\/p>\n<p style=\"text-align: justify;\">\n\tProjektet vill &ouml;ka antalet kommersialiserade innovationer som leder till nystartade f&ouml;retag, alternativt att det genererar tillv&auml;xt f&ouml;r redan existerande f&ouml;retag.<\/p>\n<p style=\"text-align: justify;\">\n\t&nbsp;<\/p>\n","protected":false},"excerpt":{"rendered":"<p>Vid eventet Young Women: a key target for rural development blev det tydligt att arbetet som l&auml;nen i Sm&aring;land-Blekinge utf&ouml;r i befolkningsfr&aring;gan ligger i framkant. Alla inv&aring;nare &auml;r lika viktiga f&ouml;r en regions utveckling men d&aring; fler kvinnor &auml;n m&auml;n tenderar att flytta till storst&auml;der &auml;r det viktigt att arbeta mot detta. En del av [&hellip;]<\/p>\n","protected":false},"author":3,"featured_media":0,"comment_status":"open","ping_status":"open","sticky":false,"template":"","format":"standard","meta":{"_acf_changed":false,"footnotes":""},"categories":[11],"tags":[],"class_list":["post-1249","post","type-post","status-publish","format-standard","hentry","category-hem"],"acf":[],"yoast_head":"<!-- This site is optimized with the Yoast SEO plugin v27.5 - https:\/\/yoast.com\/product\/yoast-seo-wordpress\/ -->\n<title>Regionernas arbete med kvinnligt f\u00f6retagande i framkant - SBHSS<\/title>\n<meta name=\"robots\" content=\"index, follow, max-snippet:-1, max-image-preview:large, max-video-preview:-1\" \/>\n<link rel=\"canonical\" href=\"https:\/\/www.sbhss.eu\/sv\/regionernas-arbete-med-kvinnligt-foretagande-i-framkant\/\" \/>\n<meta property=\"og:locale\" content=\"sv_SE\" \/>\n<meta property=\"og:type\" content=\"article\" \/>\n<meta property=\"og:title\" content=\"Regionernas arbete med kvinnligt f\u00f6retagande i framkant - SBHSS\" \/>\n<meta property=\"og:description\" content=\"Vid eventet Young Women: a key target for rural development blev det tydligt att arbetet som l&auml;nen i Sm&aring;land-Blekinge utf&ouml;r i befolkningsfr&aring;gan ligger i framkant. Alla inv&aring;nare &auml;r lika viktiga f&ouml;r en regions utveckling men d&aring; fler kvinnor &auml;n m&auml;n tenderar att flytta till storst&auml;der &auml;r det viktigt att arbeta mot detta. En del av [&hellip;]\" \/>\n<meta property=\"og:url\" content=\"https:\/\/www.sbhss.eu\/sv\/regionernas-arbete-med-kvinnligt-foretagande-i-framkant\/\" \/>\n<meta property=\"og:site_name\" content=\"SBHSS\" \/>\n<meta property=\"article:published_time\" content=\"2014-10-22T10:15:42+00:00\" \/>\n<meta name=\"author\" content=\"Sven Kast\u00f6\" \/>\n<meta name=\"twitter:card\" content=\"summary_large_image\" \/>\n<meta name=\"twitter:label1\" content=\"Skriven av\" \/>\n\t<meta name=\"twitter:data1\" content=\"Sven Kast\u00f6\" \/>\n\t<meta name=\"twitter:label2\" content=\"Ber\u00e4knad l\u00e4stid\" \/>\n\t<meta name=\"twitter:data2\" content=\"3 minuter\" \/>\n<script type=\"application\/ld+json\" class=\"yoast-schema-graph\">{\"@context\":\"https:\\\/\\\/schema.org\",\"@graph\":[{\"@type\":\"Article\",\"@id\":\"https:\\\/\\\/www.sbhss.eu\\\/sv\\\/regionernas-arbete-med-kvinnligt-foretagande-i-framkant\\\/#article\",\"isPartOf\":{\"@id\":\"https:\\\/\\\/www.sbhss.eu\\\/sv\\\/regionernas-arbete-med-kvinnligt-foretagande-i-framkant\\\/\"},\"author\":{\"name\":\"Sven Kast\u00f6\",\"@id\":\"https:\\\/\\\/www.sbhss.eu\\\/#\\\/schema\\\/person\\\/b8d8eb4c1088a05ed50ecff9b2bf643f\"},\"headline\":\"Regionernas arbete med kvinnligt f\u00f6retagande i framkant\",\"datePublished\":\"2014-10-22T10:15:42+00:00\",\"mainEntityOfPage\":{\"@id\":\"https:\\\/\\\/www.sbhss.eu\\\/sv\\\/regionernas-arbete-med-kvinnligt-foretagande-i-framkant\\\/\"},\"wordCount\":649,\"commentCount\":0,\"articleSection\":[\"Hem - Startsidan\"],\"inLanguage\":\"sv-SE\"},{\"@type\":\"WebPage\",\"@id\":\"https:\\\/\\\/www.sbhss.eu\\\/sv\\\/regionernas-arbete-med-kvinnligt-foretagande-i-framkant\\\/\",\"url\":\"https:\\\/\\\/www.sbhss.eu\\\/sv\\\/regionernas-arbete-med-kvinnligt-foretagande-i-framkant\\\/\",\"name\":\"Regionernas arbete med kvinnligt f\u00f6retagande i framkant - SBHSS\",\"isPartOf\":{\"@id\":\"https:\\\/\\\/www.sbhss.eu\\\/#website\"},\"datePublished\":\"2014-10-22T10:15:42+00:00\",\"author\":{\"@id\":\"https:\\\/\\\/www.sbhss.eu\\\/#\\\/schema\\\/person\\\/b8d8eb4c1088a05ed50ecff9b2bf643f\"},\"breadcrumb\":{\"@id\":\"https:\\\/\\\/www.sbhss.eu\\\/sv\\\/regionernas-arbete-med-kvinnligt-foretagande-i-framkant\\\/#breadcrumb\"},\"inLanguage\":\"sv-SE\",\"potentialAction\":[{\"@type\":\"ReadAction\",\"target\":[\"https:\\\/\\\/www.sbhss.eu\\\/sv\\\/regionernas-arbete-med-kvinnligt-foretagande-i-framkant\\\/\"]}]},{\"@type\":\"BreadcrumbList\",\"@id\":\"https:\\\/\\\/www.sbhss.eu\\\/sv\\\/regionernas-arbete-med-kvinnligt-foretagande-i-framkant\\\/#breadcrumb\",\"itemListElement\":[{\"@type\":\"ListItem\",\"position\":1,\"name\":\"Hem\",\"item\":\"https:\\\/\\\/www.sbhss.eu\\\/sv\\\/\"},{\"@type\":\"ListItem\",\"position\":2,\"name\":\"Regionernas arbete med kvinnligt f\u00f6retagande i framkant\"}]},{\"@type\":\"WebSite\",\"@id\":\"https:\\\/\\\/www.sbhss.eu\\\/#website\",\"url\":\"https:\\\/\\\/www.sbhss.eu\\\/\",\"name\":\"SBHSS\",\"description\":\"\",\"potentialAction\":[{\"@type\":\"SearchAction\",\"target\":{\"@type\":\"EntryPoint\",\"urlTemplate\":\"https:\\\/\\\/www.sbhss.eu\\\/?s={search_term_string}\"},\"query-input\":{\"@type\":\"PropertyValueSpecification\",\"valueRequired\":true,\"valueName\":\"search_term_string\"}}],\"inLanguage\":\"sv-SE\"},{\"@type\":\"Person\",\"@id\":\"https:\\\/\\\/www.sbhss.eu\\\/#\\\/schema\\\/person\\\/b8d8eb4c1088a05ed50ecff9b2bf643f\",\"name\":\"Sven Kast\u00f6\",\"image\":{\"@type\":\"ImageObject\",\"inLanguage\":\"sv-SE\",\"@id\":\"https:\\\/\\\/secure.gravatar.com\\\/avatar\\\/4ce3985fbe5a36073e6a0cbba2acaad0da794332aeb9a944eca4c7548361a263?s=96&d=mm&r=g\",\"url\":\"https:\\\/\\\/secure.gravatar.com\\\/avatar\\\/4ce3985fbe5a36073e6a0cbba2acaad0da794332aeb9a944eca4c7548361a263?s=96&d=mm&r=g\",\"contentUrl\":\"https:\\\/\\\/secure.gravatar.com\\\/avatar\\\/4ce3985fbe5a36073e6a0cbba2acaad0da794332aeb9a944eca4c7548361a263?s=96&d=mm&r=g\",\"caption\":\"Sven Kast\u00f6\"},\"url\":\"https:\\\/\\\/www.sbhss.eu\\\/sv\\\/author\\\/sven-kastosbhss-eu\\\/\"}]}<\/script>\n<!-- \/ Yoast SEO plugin. -->","yoast_head_json":{"title":"Regionernas arbete med kvinnligt f\u00f6retagande i framkant - SBHSS","robots":{"index":"index","follow":"follow","max-snippet":"max-snippet:-1","max-image-preview":"max-image-preview:large","max-video-preview":"max-video-preview:-1"},"canonical":"https:\/\/www.sbhss.eu\/sv\/regionernas-arbete-med-kvinnligt-foretagande-i-framkant\/","og_locale":"sv_SE","og_type":"article","og_title":"Regionernas arbete med kvinnligt f\u00f6retagande i framkant - SBHSS","og_description":"Vid eventet Young Women: a key target for rural development blev det tydligt att arbetet som l&auml;nen i Sm&aring;land-Blekinge utf&ouml;r i befolkningsfr&aring;gan ligger i framkant. Alla inv&aring;nare &auml;r lika viktiga f&ouml;r en regions utveckling men d&aring; fler kvinnor &auml;n m&auml;n tenderar att flytta till storst&auml;der &auml;r det viktigt att arbeta mot detta. En del av [&hellip;]","og_url":"https:\/\/www.sbhss.eu\/sv\/regionernas-arbete-med-kvinnligt-foretagande-i-framkant\/","og_site_name":"SBHSS","article_published_time":"2014-10-22T10:15:42+00:00","author":"Sven Kast\u00f6","twitter_card":"summary_large_image","twitter_misc":{"Skriven av":"Sven Kast\u00f6","Ber\u00e4knad l\u00e4stid":"3 minuter"},"schema":{"@context":"https:\/\/schema.org","@graph":[{"@type":"Article","@id":"https:\/\/www.sbhss.eu\/sv\/regionernas-arbete-med-kvinnligt-foretagande-i-framkant\/#article","isPartOf":{"@id":"https:\/\/www.sbhss.eu\/sv\/regionernas-arbete-med-kvinnligt-foretagande-i-framkant\/"},"author":{"name":"Sven Kast\u00f6","@id":"https:\/\/www.sbhss.eu\/#\/schema\/person\/b8d8eb4c1088a05ed50ecff9b2bf643f"},"headline":"Regionernas arbete med kvinnligt f\u00f6retagande i framkant","datePublished":"2014-10-22T10:15:42+00:00","mainEntityOfPage":{"@id":"https:\/\/www.sbhss.eu\/sv\/regionernas-arbete-med-kvinnligt-foretagande-i-framkant\/"},"wordCount":649,"commentCount":0,"articleSection":["Hem - Startsidan"],"inLanguage":"sv-SE"},{"@type":"WebPage","@id":"https:\/\/www.sbhss.eu\/sv\/regionernas-arbete-med-kvinnligt-foretagande-i-framkant\/","url":"https:\/\/www.sbhss.eu\/sv\/regionernas-arbete-med-kvinnligt-foretagande-i-framkant\/","name":"Regionernas arbete med kvinnligt f\u00f6retagande i framkant - SBHSS","isPartOf":{"@id":"https:\/\/www.sbhss.eu\/#website"},"datePublished":"2014-10-22T10:15:42+00:00","author":{"@id":"https:\/\/www.sbhss.eu\/#\/schema\/person\/b8d8eb4c1088a05ed50ecff9b2bf643f"},"breadcrumb":{"@id":"https:\/\/www.sbhss.eu\/sv\/regionernas-arbete-med-kvinnligt-foretagande-i-framkant\/#breadcrumb"},"inLanguage":"sv-SE","potentialAction":[{"@type":"ReadAction","target":["https:\/\/www.sbhss.eu\/sv\/regionernas-arbete-med-kvinnligt-foretagande-i-framkant\/"]}]},{"@type":"BreadcrumbList","@id":"https:\/\/www.sbhss.eu\/sv\/regionernas-arbete-med-kvinnligt-foretagande-i-framkant\/#breadcrumb","itemListElement":[{"@type":"ListItem","position":1,"name":"Hem","item":"https:\/\/www.sbhss.eu\/sv\/"},{"@type":"ListItem","position":2,"name":"Regionernas arbete med kvinnligt f\u00f6retagande i framkant"}]},{"@type":"WebSite","@id":"https:\/\/www.sbhss.eu\/#website","url":"https:\/\/www.sbhss.eu\/","name":"SBHSS","description":"","potentialAction":[{"@type":"SearchAction","target":{"@type":"EntryPoint","urlTemplate":"https:\/\/www.sbhss.eu\/?s={search_term_string}"},"query-input":{"@type":"PropertyValueSpecification","valueRequired":true,"valueName":"search_term_string"}}],"inLanguage":"sv-SE"},{"@type":"Person","@id":"https:\/\/www.sbhss.eu\/#\/schema\/person\/b8d8eb4c1088a05ed50ecff9b2bf643f","name":"Sven Kast\u00f6","image":{"@type":"ImageObject","inLanguage":"sv-SE","@id":"https:\/\/secure.gravatar.com\/avatar\/4ce3985fbe5a36073e6a0cbba2acaad0da794332aeb9a944eca4c7548361a263?s=96&d=mm&r=g","url":"https:\/\/secure.gravatar.com\/avatar\/4ce3985fbe5a36073e6a0cbba2acaad0da794332aeb9a944eca4c7548361a263?s=96&d=mm&r=g","contentUrl":"https:\/\/secure.gravatar.com\/avatar\/4ce3985fbe5a36073e6a0cbba2acaad0da794332aeb9a944eca4c7548361a263?s=96&d=mm&r=g","caption":"Sven Kast\u00f6"},"url":"https:\/\/www.sbhss.eu\/sv\/author\/sven-kastosbhss-eu\/"}]}},"_links":{"self":[{"href":"https:\/\/www.sbhss.eu\/sv\/wp-json\/wp\/v2\/posts\/1249","targetHints":{"allow":["GET"]}}],"collection":[{"href":"https:\/\/www.sbhss.eu\/sv\/wp-json\/wp\/v2\/posts"}],"about":[{"href":"https:\/\/www.sbhss.eu\/sv\/wp-json\/wp\/v2\/types\/post"}],"author":[{"embeddable":true,"href":"https:\/\/www.sbhss.eu\/sv\/wp-json\/wp\/v2\/users\/3"}],"replies":[{"embeddable":true,"href":"https:\/\/www.sbhss.eu\/sv\/wp-json\/wp\/v2\/comments?post=1249"}],"version-history":[{"count":0,"href":"https:\/\/www.sbhss.eu\/sv\/wp-json\/wp\/v2\/posts\/1249\/revisions"}],"wp:attachment":[{"href":"https:\/\/www.sbhss.eu\/sv\/wp-json\/wp\/v2\/media?parent=1249"}],"wp:term":[{"taxonomy":"category","embeddable":true,"href":"https:\/\/www.sbhss.eu\/sv\/wp-json\/wp\/v2\/categories?post=1249"},{"taxonomy":"post_tag","embeddable":true,"href":"https:\/\/www.sbhss.eu\/sv\/wp-json\/wp\/v2\/tags?post=1249"}],"curies":[{"name":"wp","href":"https:\/\/api.w.org\/{rel}","templated":true}]}}