{"id":1269,"date":"2015-02-18T14:52:11","date_gmt":"2015-02-18T13:52:11","guid":{"rendered":"http:\/\/wp.sbhss.eu\/?p=285"},"modified":"2015-02-18T14:52:11","modified_gmt":"2015-02-18T13:52:11","slug":"ibsg-s-arliga-konferens-energi-och-transport","status":"publish","type":"post","link":"https:\/\/www.sbhss.eu\/sv\/ibsg-s-arliga-konferens-energi-och-transport\/","title":{"rendered":"iBSG:s \u00e5rliga konferens &#8211; energi och transport"},"content":{"rendered":"<p style=\"text-align: justify;\">\n\tM&aring;ndag den 15 juni anordnar informal Baltic Sea Group (iBSG) sin &aring;rliga konferens. I &aring;r &auml;r temat &ldquo;Baltic solutions for renewable energy and sustainable transport &ndash; Initiatives for blue and green growth&rdquo;. Seminariet h&aring;lls i samband med <a href=\"http:\/\/www.eusew.eu\/\">European sustainable energy week (EUSEW)<\/a>15-19 juni.<\/p>\n<p><!--more--><\/p>\n<p style=\"text-align: justify;\">\n\t2014 tog EU fram nya energi- och klimatm&aring;l f&ouml;r 2030, vilket inneb&auml;r stora f&ouml;r&auml;ndringar f&ouml;r b&aring;de energi och transportsektorn. Syftet med konferensen &auml;r att skapa en m&ouml;tesplats f&ouml;r den lokala-, regionala, och nationella niv&aring;n samt EU-institutioner och andra intressenter. Under konferensen kommer strategiska dokument som ligger till grunden f&ouml;r regionernas arbete att presenteras av representanter fr&aring;n EU-institutionerna.<\/p>\n<p style=\"text-align: justify;\">\n\tI samband med seminariet kommer det att h&aring;llas ett Projektcaf&eacute; d&auml;r deltagare ges m&ouml;jlighet visa upp sig och sina projektid&eacute;er samt knyta nya kontakter och samarbetspartners. Under f&ouml;rra &aring;rets projektcaf&eacute; deltog ca 20-30 olika akt&ouml;rer som presenterade sina id&eacute;er, projekt och goda exempel.<\/p>\n<p style=\"text-align: justify;\">\n\tProgrammet &auml;r &auml;nnu inte helt f&auml;rdigst&auml;llt, men det kan vara en god id&eacute; att reservera datumet i kalendern redan nu och fundera &ouml;ver egna projektid&eacute;er samt vilka fr&aring;gor som kan vara intressanta att diskutera med andra regioner. Det finns inga krav att man beh&ouml;ver ha f&auml;rdiga projekt, men det &auml;r rekommenderat att man har en klar bild av vad det &auml;r man vill uppn&aring;.<\/p>\n<p style=\"text-align: justify;\">\n\tSenaste anm&auml;lningsdagen f&ouml;r Projektcaf&eacute;et &auml;r den 27 mars.<\/p>\n<p style=\"text-align: justify;\">\n\tSeminariet h&aring;lls p&aring; Goethe Institute, Rue Belliard 58, 1040 Bryssel.<\/p>\n<p style=\"text-align: justify;\">\n\tOm du har fr&aring;gor &auml;r du v&auml;lkommen att kontakta oss p&aring; Sm&aring;land Blekinges Brysselkontor.<\/p>\n<p style=\"text-align: justify;\">\n\t<a href=\"https:\/\/www.sbhss.eu\/wp-content\/uploads\/2015\/02\/iBSG_-_Program.pdf\">Programmet f&ouml;r iBSG.<\/a><\/p>\n<p style=\"text-align: justify;\">\n\t&nbsp;<\/p>\n","protected":false},"excerpt":{"rendered":"<p>M&aring;ndag den 15 juni anordnar informal Baltic Sea Group (iBSG) sin &aring;rliga konferens. I &aring;r &auml;r temat &ldquo;Baltic solutions for renewable energy and sustainable transport &ndash; Initiatives for blue and green growth&rdquo;. Seminariet h&aring;lls i samband med European sustainable energy week (EUSEW)15-19 juni.<\/p>\n","protected":false},"author":3,"featured_media":0,"comment_status":"open","ping_status":"open","sticky":false,"template":"","format":"standard","meta":{"_acf_changed":false,"footnotes":""},"categories":[11],"tags":[],"class_list":["post-1269","post","type-post","status-publish","format-standard","hentry","category-hem"],"acf":[],"yoast_head":"<!-- This site is optimized with the Yoast SEO plugin v27.5 - https:\/\/yoast.com\/product\/yoast-seo-wordpress\/ -->\n<title>iBSG:s \u00e5rliga konferens - energi och transport - SBHSS<\/title>\n<meta name=\"robots\" content=\"index, follow, max-snippet:-1, max-image-preview:large, max-video-preview:-1\" \/>\n<link rel=\"canonical\" href=\"https:\/\/www.sbhss.eu\/sv\/ibsg-s-arliga-konferens-energi-och-transport\/\" \/>\n<meta property=\"og:locale\" content=\"sv_SE\" \/>\n<meta property=\"og:type\" content=\"article\" \/>\n<meta property=\"og:title\" content=\"iBSG:s \u00e5rliga konferens - energi och transport - SBHSS\" \/>\n<meta property=\"og:description\" content=\"M&aring;ndag den 15 juni anordnar informal Baltic Sea Group (iBSG) sin &aring;rliga konferens. I &aring;r &auml;r temat &ldquo;Baltic solutions for renewable energy and sustainable transport &ndash; Initiatives for blue and green growth&rdquo;. Seminariet h&aring;lls i samband med European sustainable energy week (EUSEW)15-19 juni.\" \/>\n<meta property=\"og:url\" content=\"https:\/\/www.sbhss.eu\/sv\/ibsg-s-arliga-konferens-energi-och-transport\/\" \/>\n<meta property=\"og:site_name\" content=\"SBHSS\" \/>\n<meta property=\"article:published_time\" content=\"2015-02-18T13:52:11+00:00\" \/>\n<meta name=\"author\" content=\"Sven Kast\u00f6\" \/>\n<meta name=\"twitter:card\" content=\"summary_large_image\" \/>\n<meta name=\"twitter:label1\" content=\"Skriven av\" \/>\n\t<meta name=\"twitter:data1\" content=\"Sven Kast\u00f6\" \/>\n\t<meta name=\"twitter:label2\" content=\"Ber\u00e4knad l\u00e4stid\" \/>\n\t<meta name=\"twitter:data2\" content=\"2 minuter\" \/>\n<script type=\"application\/ld+json\" class=\"yoast-schema-graph\">{\"@context\":\"https:\\\/\\\/schema.org\",\"@graph\":[{\"@type\":\"Article\",\"@id\":\"https:\\\/\\\/www.sbhss.eu\\\/sv\\\/ibsg-s-arliga-konferens-energi-och-transport\\\/#article\",\"isPartOf\":{\"@id\":\"https:\\\/\\\/www.sbhss.eu\\\/sv\\\/ibsg-s-arliga-konferens-energi-och-transport\\\/\"},\"author\":{\"name\":\"Sven Kast\u00f6\",\"@id\":\"https:\\\/\\\/www.sbhss.eu\\\/#\\\/schema\\\/person\\\/b8d8eb4c1088a05ed50ecff9b2bf643f\"},\"headline\":\"iBSG:s \u00e5rliga konferens &#8211; energi och transport\",\"datePublished\":\"2015-02-18T13:52:11+00:00\",\"mainEntityOfPage\":{\"@id\":\"https:\\\/\\\/www.sbhss.eu\\\/sv\\\/ibsg-s-arliga-konferens-energi-och-transport\\\/\"},\"wordCount\":336,\"commentCount\":0,\"articleSection\":[\"Hem - Startsidan\"],\"inLanguage\":\"sv-SE\"},{\"@type\":\"WebPage\",\"@id\":\"https:\\\/\\\/www.sbhss.eu\\\/sv\\\/ibsg-s-arliga-konferens-energi-och-transport\\\/\",\"url\":\"https:\\\/\\\/www.sbhss.eu\\\/sv\\\/ibsg-s-arliga-konferens-energi-och-transport\\\/\",\"name\":\"iBSG:s \u00e5rliga konferens - energi och transport - SBHSS\",\"isPartOf\":{\"@id\":\"https:\\\/\\\/www.sbhss.eu\\\/#website\"},\"datePublished\":\"2015-02-18T13:52:11+00:00\",\"author\":{\"@id\":\"https:\\\/\\\/www.sbhss.eu\\\/#\\\/schema\\\/person\\\/b8d8eb4c1088a05ed50ecff9b2bf643f\"},\"breadcrumb\":{\"@id\":\"https:\\\/\\\/www.sbhss.eu\\\/sv\\\/ibsg-s-arliga-konferens-energi-och-transport\\\/#breadcrumb\"},\"inLanguage\":\"sv-SE\",\"potentialAction\":[{\"@type\":\"ReadAction\",\"target\":[\"https:\\\/\\\/www.sbhss.eu\\\/sv\\\/ibsg-s-arliga-konferens-energi-och-transport\\\/\"]}]},{\"@type\":\"BreadcrumbList\",\"@id\":\"https:\\\/\\\/www.sbhss.eu\\\/sv\\\/ibsg-s-arliga-konferens-energi-och-transport\\\/#breadcrumb\",\"itemListElement\":[{\"@type\":\"ListItem\",\"position\":1,\"name\":\"Hem\",\"item\":\"https:\\\/\\\/www.sbhss.eu\\\/sv\\\/\"},{\"@type\":\"ListItem\",\"position\":2,\"name\":\"iBSG:s \u00e5rliga konferens &#8211; energi och transport\"}]},{\"@type\":\"WebSite\",\"@id\":\"https:\\\/\\\/www.sbhss.eu\\\/#website\",\"url\":\"https:\\\/\\\/www.sbhss.eu\\\/\",\"name\":\"SBHSS\",\"description\":\"\",\"potentialAction\":[{\"@type\":\"SearchAction\",\"target\":{\"@type\":\"EntryPoint\",\"urlTemplate\":\"https:\\\/\\\/www.sbhss.eu\\\/?s={search_term_string}\"},\"query-input\":{\"@type\":\"PropertyValueSpecification\",\"valueRequired\":true,\"valueName\":\"search_term_string\"}}],\"inLanguage\":\"sv-SE\"},{\"@type\":\"Person\",\"@id\":\"https:\\\/\\\/www.sbhss.eu\\\/#\\\/schema\\\/person\\\/b8d8eb4c1088a05ed50ecff9b2bf643f\",\"name\":\"Sven Kast\u00f6\",\"image\":{\"@type\":\"ImageObject\",\"inLanguage\":\"sv-SE\",\"@id\":\"https:\\\/\\\/secure.gravatar.com\\\/avatar\\\/4ce3985fbe5a36073e6a0cbba2acaad0da794332aeb9a944eca4c7548361a263?s=96&d=mm&r=g\",\"url\":\"https:\\\/\\\/secure.gravatar.com\\\/avatar\\\/4ce3985fbe5a36073e6a0cbba2acaad0da794332aeb9a944eca4c7548361a263?s=96&d=mm&r=g\",\"contentUrl\":\"https:\\\/\\\/secure.gravatar.com\\\/avatar\\\/4ce3985fbe5a36073e6a0cbba2acaad0da794332aeb9a944eca4c7548361a263?s=96&d=mm&r=g\",\"caption\":\"Sven Kast\u00f6\"},\"url\":\"https:\\\/\\\/www.sbhss.eu\\\/sv\\\/author\\\/sven-kastosbhss-eu\\\/\"}]}<\/script>\n<!-- \/ Yoast SEO plugin. -->","yoast_head_json":{"title":"iBSG:s \u00e5rliga konferens - energi och transport - SBHSS","robots":{"index":"index","follow":"follow","max-snippet":"max-snippet:-1","max-image-preview":"max-image-preview:large","max-video-preview":"max-video-preview:-1"},"canonical":"https:\/\/www.sbhss.eu\/sv\/ibsg-s-arliga-konferens-energi-och-transport\/","og_locale":"sv_SE","og_type":"article","og_title":"iBSG:s \u00e5rliga konferens - energi och transport - SBHSS","og_description":"M&aring;ndag den 15 juni anordnar informal Baltic Sea Group (iBSG) sin &aring;rliga konferens. I &aring;r &auml;r temat &ldquo;Baltic solutions for renewable energy and sustainable transport &ndash; Initiatives for blue and green growth&rdquo;. Seminariet h&aring;lls i samband med European sustainable energy week (EUSEW)15-19 juni.","og_url":"https:\/\/www.sbhss.eu\/sv\/ibsg-s-arliga-konferens-energi-och-transport\/","og_site_name":"SBHSS","article_published_time":"2015-02-18T13:52:11+00:00","author":"Sven Kast\u00f6","twitter_card":"summary_large_image","twitter_misc":{"Skriven av":"Sven Kast\u00f6","Ber\u00e4knad l\u00e4stid":"2 minuter"},"schema":{"@context":"https:\/\/schema.org","@graph":[{"@type":"Article","@id":"https:\/\/www.sbhss.eu\/sv\/ibsg-s-arliga-konferens-energi-och-transport\/#article","isPartOf":{"@id":"https:\/\/www.sbhss.eu\/sv\/ibsg-s-arliga-konferens-energi-och-transport\/"},"author":{"name":"Sven Kast\u00f6","@id":"https:\/\/www.sbhss.eu\/#\/schema\/person\/b8d8eb4c1088a05ed50ecff9b2bf643f"},"headline":"iBSG:s \u00e5rliga konferens &#8211; energi och transport","datePublished":"2015-02-18T13:52:11+00:00","mainEntityOfPage":{"@id":"https:\/\/www.sbhss.eu\/sv\/ibsg-s-arliga-konferens-energi-och-transport\/"},"wordCount":336,"commentCount":0,"articleSection":["Hem - Startsidan"],"inLanguage":"sv-SE"},{"@type":"WebPage","@id":"https:\/\/www.sbhss.eu\/sv\/ibsg-s-arliga-konferens-energi-och-transport\/","url":"https:\/\/www.sbhss.eu\/sv\/ibsg-s-arliga-konferens-energi-och-transport\/","name":"iBSG:s \u00e5rliga konferens - energi och transport - SBHSS","isPartOf":{"@id":"https:\/\/www.sbhss.eu\/#website"},"datePublished":"2015-02-18T13:52:11+00:00","author":{"@id":"https:\/\/www.sbhss.eu\/#\/schema\/person\/b8d8eb4c1088a05ed50ecff9b2bf643f"},"breadcrumb":{"@id":"https:\/\/www.sbhss.eu\/sv\/ibsg-s-arliga-konferens-energi-och-transport\/#breadcrumb"},"inLanguage":"sv-SE","potentialAction":[{"@type":"ReadAction","target":["https:\/\/www.sbhss.eu\/sv\/ibsg-s-arliga-konferens-energi-och-transport\/"]}]},{"@type":"BreadcrumbList","@id":"https:\/\/www.sbhss.eu\/sv\/ibsg-s-arliga-konferens-energi-och-transport\/#breadcrumb","itemListElement":[{"@type":"ListItem","position":1,"name":"Hem","item":"https:\/\/www.sbhss.eu\/sv\/"},{"@type":"ListItem","position":2,"name":"iBSG:s \u00e5rliga konferens &#8211; energi och transport"}]},{"@type":"WebSite","@id":"https:\/\/www.sbhss.eu\/#website","url":"https:\/\/www.sbhss.eu\/","name":"SBHSS","description":"","potentialAction":[{"@type":"SearchAction","target":{"@type":"EntryPoint","urlTemplate":"https:\/\/www.sbhss.eu\/?s={search_term_string}"},"query-input":{"@type":"PropertyValueSpecification","valueRequired":true,"valueName":"search_term_string"}}],"inLanguage":"sv-SE"},{"@type":"Person","@id":"https:\/\/www.sbhss.eu\/#\/schema\/person\/b8d8eb4c1088a05ed50ecff9b2bf643f","name":"Sven Kast\u00f6","image":{"@type":"ImageObject","inLanguage":"sv-SE","@id":"https:\/\/secure.gravatar.com\/avatar\/4ce3985fbe5a36073e6a0cbba2acaad0da794332aeb9a944eca4c7548361a263?s=96&d=mm&r=g","url":"https:\/\/secure.gravatar.com\/avatar\/4ce3985fbe5a36073e6a0cbba2acaad0da794332aeb9a944eca4c7548361a263?s=96&d=mm&r=g","contentUrl":"https:\/\/secure.gravatar.com\/avatar\/4ce3985fbe5a36073e6a0cbba2acaad0da794332aeb9a944eca4c7548361a263?s=96&d=mm&r=g","caption":"Sven Kast\u00f6"},"url":"https:\/\/www.sbhss.eu\/sv\/author\/sven-kastosbhss-eu\/"}]}},"_links":{"self":[{"href":"https:\/\/www.sbhss.eu\/sv\/wp-json\/wp\/v2\/posts\/1269","targetHints":{"allow":["GET"]}}],"collection":[{"href":"https:\/\/www.sbhss.eu\/sv\/wp-json\/wp\/v2\/posts"}],"about":[{"href":"https:\/\/www.sbhss.eu\/sv\/wp-json\/wp\/v2\/types\/post"}],"author":[{"embeddable":true,"href":"https:\/\/www.sbhss.eu\/sv\/wp-json\/wp\/v2\/users\/3"}],"replies":[{"embeddable":true,"href":"https:\/\/www.sbhss.eu\/sv\/wp-json\/wp\/v2\/comments?post=1269"}],"version-history":[{"count":0,"href":"https:\/\/www.sbhss.eu\/sv\/wp-json\/wp\/v2\/posts\/1269\/revisions"}],"wp:attachment":[{"href":"https:\/\/www.sbhss.eu\/sv\/wp-json\/wp\/v2\/media?parent=1269"}],"wp:term":[{"taxonomy":"category","embeddable":true,"href":"https:\/\/www.sbhss.eu\/sv\/wp-json\/wp\/v2\/categories?post=1269"},{"taxonomy":"post_tag","embeddable":true,"href":"https:\/\/www.sbhss.eu\/sv\/wp-json\/wp\/v2\/tags?post=1269"}],"curies":[{"name":"wp","href":"https:\/\/api.w.org\/{rel}","templated":true}]}}