{"id":1301,"date":"2015-08-11T13:36:44","date_gmt":"2015-08-11T11:36:44","guid":{"rendered":"http:\/\/wp.sbhss.eu\/?p=325"},"modified":"2015-08-11T13:36:44","modified_gmt":"2015-08-11T11:36:44","slug":"eu-design-days-2015","status":"publish","type":"post","link":"https:\/\/www.sbhss.eu\/sv\/eu-design-days-2015\/","title":{"rendered":"EU Design Days 2015"},"content":{"rendered":"<p>\n\tStora f&ouml;rhoppningar knyts till design f&ouml;r att driva innovation, entrepren&ouml;rskap samt skapa arbetstillf&auml;llen. Varje &aring;r anordnas EU Design Days&nbsp;och i &aring;r g&aring;r eventet som tidigare meddelat av stapeln <strong>24-25 september.&nbsp;<\/strong>Eventet arrangeras av <a href=\"http:\/\/errinnetwork.eu\/\" target=\"_blank\" rel=\"noopener\">n&auml;tverksorganisationen ERRIN (<\/a>Sm&aring;land-Blekinge &auml;r medlemmar) f&ouml;r att erbjuda regioner en plattform f&ouml;r samverkan med andra regioner i Europa kring designfr&aring;gor. H&auml;r ges goda m&ouml;jligheter att ta del av b&aring;de EU-policy och trender inom designomr&aring;det.<\/p>\n<p><!--more--><\/p>\n<p>\n\tF&ouml;rra &aring;ret visade Linn&eacute;universitetet upp sitt arbete kring integrering av entrepren&ouml;rskap f&ouml;r designinorienterade entrepren&ouml;rer och studenter. Tillsammans med IKEA har universitetet format ett unikt samarbete inom forskning och utveckling vilket har b&auml;ddat f&ouml;r ett nystartat mastersprogram: &rdquo;Innovation genom ekonomi, teknik och design&rdquo; p&aring; Linn&eacute;universitetet. <a href=\"http:\/\/llnu.se\/utbildning\/program\/DAIN2\" target=\"_blank\" rel=\"noopener\">H&auml;r kan du l&auml;sa mer om masterprogrammet p&aring; Linn&eacute;universitetet. &nbsp;<\/a><\/p>\n<p style=\"margin: 10px 0px 0px; padding: 0px;\">\n\tF&ouml;r att f&aring; en st&ouml;rre inblick om detta event,<a href=\"https:\/\/www.youtube.com\/watch?v=7ANv8gUbvm4\" target=\"_blank\" rel=\"noopener\"> titta g&auml;rna p&aring; videon fr&aring;n tidigare event<\/a>. F&ouml;r mer <a href=\"http:\/\/www.eudesigndays.eu\/?page_id=2123\" target=\"_blank\" rel=\"noopener\">information och detaljerat program, klicka h&auml;r.<\/a>&nbsp;Kontakta &auml;ven g&auml;rna ert brysselkontor f&ouml;r att ge ert deltagande ett &ouml;kat merv&auml;rde.<\/p>\n","protected":false},"excerpt":{"rendered":"<p>Stora f&ouml;rhoppningar knyts till design f&ouml;r att driva innovation, entrepren&ouml;rskap samt skapa arbetstillf&auml;llen. Varje &aring;r anordnas EU Design Days&nbsp;och i &aring;r g&aring;r eventet som tidigare meddelat av stapeln 24-25 september.&nbsp;Eventet arrangeras av n&auml;tverksorganisationen ERRIN (Sm&aring;land-Blekinge &auml;r medlemmar) f&ouml;r att erbjuda regioner en plattform f&ouml;r samverkan med andra regioner i Europa kring designfr&aring;gor. H&auml;r ges goda [&hellip;]<\/p>\n","protected":false},"author":3,"featured_media":0,"comment_status":"open","ping_status":"open","sticky":false,"template":"","format":"standard","meta":{"_acf_changed":false,"footnotes":""},"categories":[11],"tags":[],"class_list":["post-1301","post","type-post","status-publish","format-standard","hentry","category-hem"],"acf":[],"yoast_head":"<!-- This site is optimized with the Yoast SEO plugin v27.5 - https:\/\/yoast.com\/product\/yoast-seo-wordpress\/ -->\n<title>EU Design Days 2015 - SBHSS<\/title>\n<meta name=\"robots\" content=\"index, follow, max-snippet:-1, max-image-preview:large, max-video-preview:-1\" \/>\n<link rel=\"canonical\" href=\"https:\/\/www.sbhss.eu\/sv\/eu-design-days-2015\/\" \/>\n<meta property=\"og:locale\" content=\"sv_SE\" \/>\n<meta property=\"og:type\" content=\"article\" \/>\n<meta property=\"og:title\" content=\"EU Design Days 2015 - SBHSS\" \/>\n<meta property=\"og:description\" content=\"Stora f&ouml;rhoppningar knyts till design f&ouml;r att driva innovation, entrepren&ouml;rskap samt skapa arbetstillf&auml;llen. Varje &aring;r anordnas EU Design Days&nbsp;och i &aring;r g&aring;r eventet som tidigare meddelat av stapeln 24-25 september.&nbsp;Eventet arrangeras av n&auml;tverksorganisationen ERRIN (Sm&aring;land-Blekinge &auml;r medlemmar) f&ouml;r att erbjuda regioner en plattform f&ouml;r samverkan med andra regioner i Europa kring designfr&aring;gor. H&auml;r ges goda [&hellip;]\" \/>\n<meta property=\"og:url\" content=\"https:\/\/www.sbhss.eu\/sv\/eu-design-days-2015\/\" \/>\n<meta property=\"og:site_name\" content=\"SBHSS\" \/>\n<meta property=\"article:published_time\" content=\"2015-08-11T11:36:44+00:00\" \/>\n<meta name=\"author\" content=\"Sven Kast\u00f6\" \/>\n<meta name=\"twitter:card\" content=\"summary_large_image\" \/>\n<meta name=\"twitter:label1\" content=\"Skriven av\" \/>\n\t<meta name=\"twitter:data1\" content=\"Sven Kast\u00f6\" \/>\n\t<meta name=\"twitter:label2\" content=\"Ber\u00e4knad l\u00e4stid\" \/>\n\t<meta name=\"twitter:data2\" content=\"1 minut\" \/>\n<script type=\"application\/ld+json\" class=\"yoast-schema-graph\">{\"@context\":\"https:\\\/\\\/schema.org\",\"@graph\":[{\"@type\":\"Article\",\"@id\":\"https:\\\/\\\/www.sbhss.eu\\\/sv\\\/eu-design-days-2015\\\/#article\",\"isPartOf\":{\"@id\":\"https:\\\/\\\/www.sbhss.eu\\\/sv\\\/eu-design-days-2015\\\/\"},\"author\":{\"name\":\"Sven Kast\u00f6\",\"@id\":\"https:\\\/\\\/www.sbhss.eu\\\/#\\\/schema\\\/person\\\/b8d8eb4c1088a05ed50ecff9b2bf643f\"},\"headline\":\"EU Design Days 2015\",\"datePublished\":\"2015-08-11T11:36:44+00:00\",\"mainEntityOfPage\":{\"@id\":\"https:\\\/\\\/www.sbhss.eu\\\/sv\\\/eu-design-days-2015\\\/\"},\"wordCount\":245,\"commentCount\":0,\"articleSection\":[\"Hem - Startsidan\"],\"inLanguage\":\"sv-SE\"},{\"@type\":\"WebPage\",\"@id\":\"https:\\\/\\\/www.sbhss.eu\\\/sv\\\/eu-design-days-2015\\\/\",\"url\":\"https:\\\/\\\/www.sbhss.eu\\\/sv\\\/eu-design-days-2015\\\/\",\"name\":\"EU Design Days 2015 - SBHSS\",\"isPartOf\":{\"@id\":\"https:\\\/\\\/www.sbhss.eu\\\/#website\"},\"datePublished\":\"2015-08-11T11:36:44+00:00\",\"author\":{\"@id\":\"https:\\\/\\\/www.sbhss.eu\\\/#\\\/schema\\\/person\\\/b8d8eb4c1088a05ed50ecff9b2bf643f\"},\"breadcrumb\":{\"@id\":\"https:\\\/\\\/www.sbhss.eu\\\/sv\\\/eu-design-days-2015\\\/#breadcrumb\"},\"inLanguage\":\"sv-SE\",\"potentialAction\":[{\"@type\":\"ReadAction\",\"target\":[\"https:\\\/\\\/www.sbhss.eu\\\/sv\\\/eu-design-days-2015\\\/\"]}]},{\"@type\":\"BreadcrumbList\",\"@id\":\"https:\\\/\\\/www.sbhss.eu\\\/sv\\\/eu-design-days-2015\\\/#breadcrumb\",\"itemListElement\":[{\"@type\":\"ListItem\",\"position\":1,\"name\":\"Hem\",\"item\":\"https:\\\/\\\/www.sbhss.eu\\\/sv\\\/\"},{\"@type\":\"ListItem\",\"position\":2,\"name\":\"EU Design Days 2015\"}]},{\"@type\":\"WebSite\",\"@id\":\"https:\\\/\\\/www.sbhss.eu\\\/#website\",\"url\":\"https:\\\/\\\/www.sbhss.eu\\\/\",\"name\":\"SBHSS\",\"description\":\"\",\"potentialAction\":[{\"@type\":\"SearchAction\",\"target\":{\"@type\":\"EntryPoint\",\"urlTemplate\":\"https:\\\/\\\/www.sbhss.eu\\\/?s={search_term_string}\"},\"query-input\":{\"@type\":\"PropertyValueSpecification\",\"valueRequired\":true,\"valueName\":\"search_term_string\"}}],\"inLanguage\":\"sv-SE\"},{\"@type\":\"Person\",\"@id\":\"https:\\\/\\\/www.sbhss.eu\\\/#\\\/schema\\\/person\\\/b8d8eb4c1088a05ed50ecff9b2bf643f\",\"name\":\"Sven Kast\u00f6\",\"image\":{\"@type\":\"ImageObject\",\"inLanguage\":\"sv-SE\",\"@id\":\"https:\\\/\\\/secure.gravatar.com\\\/avatar\\\/4ce3985fbe5a36073e6a0cbba2acaad0da794332aeb9a944eca4c7548361a263?s=96&d=mm&r=g\",\"url\":\"https:\\\/\\\/secure.gravatar.com\\\/avatar\\\/4ce3985fbe5a36073e6a0cbba2acaad0da794332aeb9a944eca4c7548361a263?s=96&d=mm&r=g\",\"contentUrl\":\"https:\\\/\\\/secure.gravatar.com\\\/avatar\\\/4ce3985fbe5a36073e6a0cbba2acaad0da794332aeb9a944eca4c7548361a263?s=96&d=mm&r=g\",\"caption\":\"Sven Kast\u00f6\"},\"url\":\"https:\\\/\\\/www.sbhss.eu\\\/sv\\\/author\\\/sven-kastosbhss-eu\\\/\"}]}<\/script>\n<!-- \/ Yoast SEO plugin. -->","yoast_head_json":{"title":"EU Design Days 2015 - SBHSS","robots":{"index":"index","follow":"follow","max-snippet":"max-snippet:-1","max-image-preview":"max-image-preview:large","max-video-preview":"max-video-preview:-1"},"canonical":"https:\/\/www.sbhss.eu\/sv\/eu-design-days-2015\/","og_locale":"sv_SE","og_type":"article","og_title":"EU Design Days 2015 - SBHSS","og_description":"Stora f&ouml;rhoppningar knyts till design f&ouml;r att driva innovation, entrepren&ouml;rskap samt skapa arbetstillf&auml;llen. Varje &aring;r anordnas EU Design Days&nbsp;och i &aring;r g&aring;r eventet som tidigare meddelat av stapeln 24-25 september.&nbsp;Eventet arrangeras av n&auml;tverksorganisationen ERRIN (Sm&aring;land-Blekinge &auml;r medlemmar) f&ouml;r att erbjuda regioner en plattform f&ouml;r samverkan med andra regioner i Europa kring designfr&aring;gor. H&auml;r ges goda [&hellip;]","og_url":"https:\/\/www.sbhss.eu\/sv\/eu-design-days-2015\/","og_site_name":"SBHSS","article_published_time":"2015-08-11T11:36:44+00:00","author":"Sven Kast\u00f6","twitter_card":"summary_large_image","twitter_misc":{"Skriven av":"Sven Kast\u00f6","Ber\u00e4knad l\u00e4stid":"1 minut"},"schema":{"@context":"https:\/\/schema.org","@graph":[{"@type":"Article","@id":"https:\/\/www.sbhss.eu\/sv\/eu-design-days-2015\/#article","isPartOf":{"@id":"https:\/\/www.sbhss.eu\/sv\/eu-design-days-2015\/"},"author":{"name":"Sven Kast\u00f6","@id":"https:\/\/www.sbhss.eu\/#\/schema\/person\/b8d8eb4c1088a05ed50ecff9b2bf643f"},"headline":"EU Design Days 2015","datePublished":"2015-08-11T11:36:44+00:00","mainEntityOfPage":{"@id":"https:\/\/www.sbhss.eu\/sv\/eu-design-days-2015\/"},"wordCount":245,"commentCount":0,"articleSection":["Hem - Startsidan"],"inLanguage":"sv-SE"},{"@type":"WebPage","@id":"https:\/\/www.sbhss.eu\/sv\/eu-design-days-2015\/","url":"https:\/\/www.sbhss.eu\/sv\/eu-design-days-2015\/","name":"EU Design Days 2015 - SBHSS","isPartOf":{"@id":"https:\/\/www.sbhss.eu\/#website"},"datePublished":"2015-08-11T11:36:44+00:00","author":{"@id":"https:\/\/www.sbhss.eu\/#\/schema\/person\/b8d8eb4c1088a05ed50ecff9b2bf643f"},"breadcrumb":{"@id":"https:\/\/www.sbhss.eu\/sv\/eu-design-days-2015\/#breadcrumb"},"inLanguage":"sv-SE","potentialAction":[{"@type":"ReadAction","target":["https:\/\/www.sbhss.eu\/sv\/eu-design-days-2015\/"]}]},{"@type":"BreadcrumbList","@id":"https:\/\/www.sbhss.eu\/sv\/eu-design-days-2015\/#breadcrumb","itemListElement":[{"@type":"ListItem","position":1,"name":"Hem","item":"https:\/\/www.sbhss.eu\/sv\/"},{"@type":"ListItem","position":2,"name":"EU Design Days 2015"}]},{"@type":"WebSite","@id":"https:\/\/www.sbhss.eu\/#website","url":"https:\/\/www.sbhss.eu\/","name":"SBHSS","description":"","potentialAction":[{"@type":"SearchAction","target":{"@type":"EntryPoint","urlTemplate":"https:\/\/www.sbhss.eu\/?s={search_term_string}"},"query-input":{"@type":"PropertyValueSpecification","valueRequired":true,"valueName":"search_term_string"}}],"inLanguage":"sv-SE"},{"@type":"Person","@id":"https:\/\/www.sbhss.eu\/#\/schema\/person\/b8d8eb4c1088a05ed50ecff9b2bf643f","name":"Sven Kast\u00f6","image":{"@type":"ImageObject","inLanguage":"sv-SE","@id":"https:\/\/secure.gravatar.com\/avatar\/4ce3985fbe5a36073e6a0cbba2acaad0da794332aeb9a944eca4c7548361a263?s=96&d=mm&r=g","url":"https:\/\/secure.gravatar.com\/avatar\/4ce3985fbe5a36073e6a0cbba2acaad0da794332aeb9a944eca4c7548361a263?s=96&d=mm&r=g","contentUrl":"https:\/\/secure.gravatar.com\/avatar\/4ce3985fbe5a36073e6a0cbba2acaad0da794332aeb9a944eca4c7548361a263?s=96&d=mm&r=g","caption":"Sven Kast\u00f6"},"url":"https:\/\/www.sbhss.eu\/sv\/author\/sven-kastosbhss-eu\/"}]}},"_links":{"self":[{"href":"https:\/\/www.sbhss.eu\/sv\/wp-json\/wp\/v2\/posts\/1301","targetHints":{"allow":["GET"]}}],"collection":[{"href":"https:\/\/www.sbhss.eu\/sv\/wp-json\/wp\/v2\/posts"}],"about":[{"href":"https:\/\/www.sbhss.eu\/sv\/wp-json\/wp\/v2\/types\/post"}],"author":[{"embeddable":true,"href":"https:\/\/www.sbhss.eu\/sv\/wp-json\/wp\/v2\/users\/3"}],"replies":[{"embeddable":true,"href":"https:\/\/www.sbhss.eu\/sv\/wp-json\/wp\/v2\/comments?post=1301"}],"version-history":[{"count":0,"href":"https:\/\/www.sbhss.eu\/sv\/wp-json\/wp\/v2\/posts\/1301\/revisions"}],"wp:attachment":[{"href":"https:\/\/www.sbhss.eu\/sv\/wp-json\/wp\/v2\/media?parent=1301"}],"wp:term":[{"taxonomy":"category","embeddable":true,"href":"https:\/\/www.sbhss.eu\/sv\/wp-json\/wp\/v2\/categories?post=1301"},{"taxonomy":"post_tag","embeddable":true,"href":"https:\/\/www.sbhss.eu\/sv\/wp-json\/wp\/v2\/tags?post=1301"}],"curies":[{"name":"wp","href":"https:\/\/api.w.org\/{rel}","templated":true}]}}