{"id":1315,"date":"2015-09-24T11:56:01","date_gmt":"2015-09-24T09:56:01","guid":{"rendered":"http:\/\/wp.sbhss.eu\/?p=345"},"modified":"2015-09-24T11:56:01","modified_gmt":"2015-09-24T09:56:01","slug":"chans-for-mindre-stader-att-vinna-miljoutmarkelser","status":"publish","type":"post","link":"https:\/\/www.sbhss.eu\/sv\/chans-for-mindre-stader-att-vinna-miljoutmarkelser\/","title":{"rendered":"Chans f\u00f6r mindre st\u00e4der att vinna milj\u00f6utm\u00e4rkelser"},"content":{"rendered":"<p style=\"text-align: justify;\">\n\tJust nu finns det m&ouml;jlighet f&ouml;r st&auml;der i Sm&aring;land-Blekinge att delta i tv&aring; milj&ouml;t&auml;vlingar.<\/p>\n<p style=\"text-align: justify;\">\n\tDen ena t&auml;vlingen <a href=\"http:\/\/www.covenantofmayors.eu\/Green-Capital-Green-Leaf-Two.html\">Green Leaf 2016<\/a> v&auml;nder sig till st&auml;der med en befolkning mellan 20,000&ndash;100,000 inv&aring;nare.&nbsp; &rdquo;Green Leaf&rdquo;-utm&auml;rkelsen tilldelas de st&auml;der som fr&auml;mjar gr&ouml;n tillv&auml;xt samt gr&ouml;na boendekoncept. &nbsp;&Aring;r 2015 vann den spanska staden <a href=\"http:\/\/ec.europa.eu\/environment\/europeangreencapital\/europeangreenleaf\/2015-european-green-leaf-applicant-cities\/mollet-del-valles\/index.html\">Mollet del Vall&egrave;s&nbsp;<\/a>och den portugisiska staden <a href=\"http:\/\/ec.europa.eu\/environment\/europeangreencapital\/europeangreenleaf\/2015-european-green-leaf-applicant-cities\/torres-vedras\/index.html\">Torres Vedras<\/a><strong>. <\/strong>Nu har st&auml;der i Sm&aring;land-Blekinge chans att vinna utm&auml;rkelsen Green Leaf vilket skulle s&auml;tta staden p&aring; kartan &ouml;ver Europas gr&ouml;naste st&auml;der. &nbsp;<\/p>\n<p><!--more--><\/p>\n<p style=\"text-align: justify;\">\n\tDen andra t&auml;vlingen <a href=\"http:\/\/www.covenantofmayors.eu\/Green-Capital-Green-Leaf-Two.html\">Green Capital 2018<\/a> (Europas milj&ouml;huvudstad) k&auml;nner vi till sedan flera &aring;r tillbaka, bland annat s&aring; uts&aring;gs Stockholm till Europas milj&ouml;huvudstad 2010. Den h&auml;r t&auml;vlingen v&auml;nder sig till st&auml;der med en befolkning &ouml;ver 100,000 inv&aring;nare. F&ouml;r att vinna titeln Europas milj&ouml;huvudstad m&aring;ste staden visa p&aring; v&auml;letablerade framg&aring;ngar som har lett till h&ouml;g milj&ouml;standard samt &aring;ta sig ambiti&ouml;sa m&aring;l f&ouml;r framtida milj&ouml;f&ouml;rb&auml;ttringar och h&aring;llbar utveckling. &Aring;r 2015 uts&aring;gs Bristol till Europas milj&ouml;huvudstad.<\/p>\n<p style=\"text-align: justify;\">\n\tI &aring;r &auml;r <a href=\"http:\/\/www.covenantofmayors.eu\/Green-Capital-Green-Leaf-Two.html\">sista ans&ouml;kningsdatumet f&ouml;r att vinna utm&auml;rkelsen den 18 oktober 2015.<\/a> Vinnarna kommer presenteras av EU-kommissionen i mars 2016. F&ouml;r Sm&aring;land-Blekinge kan det vara av intresse att redan nu b&ouml;rja f&ouml;rbereda sig inf&ouml;r n&auml;sta &aring;rs utlysning.&nbsp;<\/p>\n","protected":false},"excerpt":{"rendered":"<p>Just nu finns det m&ouml;jlighet f&ouml;r st&auml;der i Sm&aring;land-Blekinge att delta i tv&aring; milj&ouml;t&auml;vlingar. Den ena t&auml;vlingen Green Leaf 2016 v&auml;nder sig till st&auml;der med en befolkning mellan 20,000&ndash;100,000 inv&aring;nare.&nbsp; &rdquo;Green Leaf&rdquo;-utm&auml;rkelsen tilldelas de st&auml;der som fr&auml;mjar gr&ouml;n tillv&auml;xt samt gr&ouml;na boendekoncept. &nbsp;&Aring;r 2015 vann den spanska staden Mollet del Vall&egrave;s&nbsp;och den portugisiska staden Torres [&hellip;]<\/p>\n","protected":false},"author":3,"featured_media":0,"comment_status":"open","ping_status":"open","sticky":false,"template":"","format":"standard","meta":{"_acf_changed":false,"footnotes":""},"categories":[11],"tags":[],"class_list":["post-1315","post","type-post","status-publish","format-standard","hentry","category-hem"],"acf":[],"yoast_head":"<!-- This site is optimized with the Yoast SEO plugin v27.5 - https:\/\/yoast.com\/product\/yoast-seo-wordpress\/ -->\n<title>Chans f\u00f6r mindre st\u00e4der att vinna milj\u00f6utm\u00e4rkelser - SBHSS<\/title>\n<meta name=\"robots\" content=\"index, follow, max-snippet:-1, max-image-preview:large, max-video-preview:-1\" \/>\n<link rel=\"canonical\" href=\"https:\/\/www.sbhss.eu\/sv\/chans-for-mindre-stader-att-vinna-miljoutmarkelser\/\" \/>\n<meta property=\"og:locale\" content=\"sv_SE\" \/>\n<meta property=\"og:type\" content=\"article\" \/>\n<meta property=\"og:title\" content=\"Chans f\u00f6r mindre st\u00e4der att vinna milj\u00f6utm\u00e4rkelser - SBHSS\" \/>\n<meta property=\"og:description\" content=\"Just nu finns det m&ouml;jlighet f&ouml;r st&auml;der i Sm&aring;land-Blekinge att delta i tv&aring; milj&ouml;t&auml;vlingar. Den ena t&auml;vlingen Green Leaf 2016 v&auml;nder sig till st&auml;der med en befolkning mellan 20,000&ndash;100,000 inv&aring;nare.&nbsp; &rdquo;Green Leaf&rdquo;-utm&auml;rkelsen tilldelas de st&auml;der som fr&auml;mjar gr&ouml;n tillv&auml;xt samt gr&ouml;na boendekoncept. &nbsp;&Aring;r 2015 vann den spanska staden Mollet del Vall&egrave;s&nbsp;och den portugisiska staden Torres [&hellip;]\" \/>\n<meta property=\"og:url\" content=\"https:\/\/www.sbhss.eu\/sv\/chans-for-mindre-stader-att-vinna-miljoutmarkelser\/\" \/>\n<meta property=\"og:site_name\" content=\"SBHSS\" \/>\n<meta property=\"article:published_time\" content=\"2015-09-24T09:56:01+00:00\" \/>\n<meta name=\"author\" content=\"Sven Kast\u00f6\" \/>\n<meta name=\"twitter:card\" content=\"summary_large_image\" \/>\n<meta name=\"twitter:label1\" content=\"Skriven av\" \/>\n\t<meta name=\"twitter:data1\" content=\"Sven Kast\u00f6\" \/>\n\t<meta name=\"twitter:label2\" content=\"Ber\u00e4knad l\u00e4stid\" \/>\n\t<meta name=\"twitter:data2\" content=\"2 minuter\" \/>\n<script type=\"application\/ld+json\" class=\"yoast-schema-graph\">{\"@context\":\"https:\\\/\\\/schema.org\",\"@graph\":[{\"@type\":\"Article\",\"@id\":\"https:\\\/\\\/www.sbhss.eu\\\/sv\\\/chans-for-mindre-stader-att-vinna-miljoutmarkelser\\\/#article\",\"isPartOf\":{\"@id\":\"https:\\\/\\\/www.sbhss.eu\\\/sv\\\/chans-for-mindre-stader-att-vinna-miljoutmarkelser\\\/\"},\"author\":{\"name\":\"Sven Kast\u00f6\",\"@id\":\"https:\\\/\\\/www.sbhss.eu\\\/#\\\/schema\\\/person\\\/b8d8eb4c1088a05ed50ecff9b2bf643f\"},\"headline\":\"Chans f\u00f6r mindre st\u00e4der att vinna milj\u00f6utm\u00e4rkelser\",\"datePublished\":\"2015-09-24T09:56:01+00:00\",\"mainEntityOfPage\":{\"@id\":\"https:\\\/\\\/www.sbhss.eu\\\/sv\\\/chans-for-mindre-stader-att-vinna-miljoutmarkelser\\\/\"},\"wordCount\":328,\"commentCount\":0,\"articleSection\":[\"Hem - Startsidan\"],\"inLanguage\":\"sv-SE\"},{\"@type\":\"WebPage\",\"@id\":\"https:\\\/\\\/www.sbhss.eu\\\/sv\\\/chans-for-mindre-stader-att-vinna-miljoutmarkelser\\\/\",\"url\":\"https:\\\/\\\/www.sbhss.eu\\\/sv\\\/chans-for-mindre-stader-att-vinna-miljoutmarkelser\\\/\",\"name\":\"Chans f\u00f6r mindre st\u00e4der att vinna milj\u00f6utm\u00e4rkelser - SBHSS\",\"isPartOf\":{\"@id\":\"https:\\\/\\\/www.sbhss.eu\\\/#website\"},\"datePublished\":\"2015-09-24T09:56:01+00:00\",\"author\":{\"@id\":\"https:\\\/\\\/www.sbhss.eu\\\/#\\\/schema\\\/person\\\/b8d8eb4c1088a05ed50ecff9b2bf643f\"},\"breadcrumb\":{\"@id\":\"https:\\\/\\\/www.sbhss.eu\\\/sv\\\/chans-for-mindre-stader-att-vinna-miljoutmarkelser\\\/#breadcrumb\"},\"inLanguage\":\"sv-SE\",\"potentialAction\":[{\"@type\":\"ReadAction\",\"target\":[\"https:\\\/\\\/www.sbhss.eu\\\/sv\\\/chans-for-mindre-stader-att-vinna-miljoutmarkelser\\\/\"]}]},{\"@type\":\"BreadcrumbList\",\"@id\":\"https:\\\/\\\/www.sbhss.eu\\\/sv\\\/chans-for-mindre-stader-att-vinna-miljoutmarkelser\\\/#breadcrumb\",\"itemListElement\":[{\"@type\":\"ListItem\",\"position\":1,\"name\":\"Hem\",\"item\":\"https:\\\/\\\/www.sbhss.eu\\\/sv\\\/\"},{\"@type\":\"ListItem\",\"position\":2,\"name\":\"Chans f\u00f6r mindre st\u00e4der att vinna milj\u00f6utm\u00e4rkelser\"}]},{\"@type\":\"WebSite\",\"@id\":\"https:\\\/\\\/www.sbhss.eu\\\/#website\",\"url\":\"https:\\\/\\\/www.sbhss.eu\\\/\",\"name\":\"SBHSS\",\"description\":\"\",\"potentialAction\":[{\"@type\":\"SearchAction\",\"target\":{\"@type\":\"EntryPoint\",\"urlTemplate\":\"https:\\\/\\\/www.sbhss.eu\\\/?s={search_term_string}\"},\"query-input\":{\"@type\":\"PropertyValueSpecification\",\"valueRequired\":true,\"valueName\":\"search_term_string\"}}],\"inLanguage\":\"sv-SE\"},{\"@type\":\"Person\",\"@id\":\"https:\\\/\\\/www.sbhss.eu\\\/#\\\/schema\\\/person\\\/b8d8eb4c1088a05ed50ecff9b2bf643f\",\"name\":\"Sven Kast\u00f6\",\"image\":{\"@type\":\"ImageObject\",\"inLanguage\":\"sv-SE\",\"@id\":\"https:\\\/\\\/secure.gravatar.com\\\/avatar\\\/4ce3985fbe5a36073e6a0cbba2acaad0da794332aeb9a944eca4c7548361a263?s=96&d=mm&r=g\",\"url\":\"https:\\\/\\\/secure.gravatar.com\\\/avatar\\\/4ce3985fbe5a36073e6a0cbba2acaad0da794332aeb9a944eca4c7548361a263?s=96&d=mm&r=g\",\"contentUrl\":\"https:\\\/\\\/secure.gravatar.com\\\/avatar\\\/4ce3985fbe5a36073e6a0cbba2acaad0da794332aeb9a944eca4c7548361a263?s=96&d=mm&r=g\",\"caption\":\"Sven Kast\u00f6\"},\"url\":\"https:\\\/\\\/www.sbhss.eu\\\/sv\\\/author\\\/sven-kastosbhss-eu\\\/\"}]}<\/script>\n<!-- \/ Yoast SEO plugin. -->","yoast_head_json":{"title":"Chans f\u00f6r mindre st\u00e4der att vinna milj\u00f6utm\u00e4rkelser - SBHSS","robots":{"index":"index","follow":"follow","max-snippet":"max-snippet:-1","max-image-preview":"max-image-preview:large","max-video-preview":"max-video-preview:-1"},"canonical":"https:\/\/www.sbhss.eu\/sv\/chans-for-mindre-stader-att-vinna-miljoutmarkelser\/","og_locale":"sv_SE","og_type":"article","og_title":"Chans f\u00f6r mindre st\u00e4der att vinna milj\u00f6utm\u00e4rkelser - SBHSS","og_description":"Just nu finns det m&ouml;jlighet f&ouml;r st&auml;der i Sm&aring;land-Blekinge att delta i tv&aring; milj&ouml;t&auml;vlingar. Den ena t&auml;vlingen Green Leaf 2016 v&auml;nder sig till st&auml;der med en befolkning mellan 20,000&ndash;100,000 inv&aring;nare.&nbsp; &rdquo;Green Leaf&rdquo;-utm&auml;rkelsen tilldelas de st&auml;der som fr&auml;mjar gr&ouml;n tillv&auml;xt samt gr&ouml;na boendekoncept. &nbsp;&Aring;r 2015 vann den spanska staden Mollet del Vall&egrave;s&nbsp;och den portugisiska staden Torres [&hellip;]","og_url":"https:\/\/www.sbhss.eu\/sv\/chans-for-mindre-stader-att-vinna-miljoutmarkelser\/","og_site_name":"SBHSS","article_published_time":"2015-09-24T09:56:01+00:00","author":"Sven Kast\u00f6","twitter_card":"summary_large_image","twitter_misc":{"Skriven av":"Sven Kast\u00f6","Ber\u00e4knad l\u00e4stid":"2 minuter"},"schema":{"@context":"https:\/\/schema.org","@graph":[{"@type":"Article","@id":"https:\/\/www.sbhss.eu\/sv\/chans-for-mindre-stader-att-vinna-miljoutmarkelser\/#article","isPartOf":{"@id":"https:\/\/www.sbhss.eu\/sv\/chans-for-mindre-stader-att-vinna-miljoutmarkelser\/"},"author":{"name":"Sven Kast\u00f6","@id":"https:\/\/www.sbhss.eu\/#\/schema\/person\/b8d8eb4c1088a05ed50ecff9b2bf643f"},"headline":"Chans f\u00f6r mindre st\u00e4der att vinna milj\u00f6utm\u00e4rkelser","datePublished":"2015-09-24T09:56:01+00:00","mainEntityOfPage":{"@id":"https:\/\/www.sbhss.eu\/sv\/chans-for-mindre-stader-att-vinna-miljoutmarkelser\/"},"wordCount":328,"commentCount":0,"articleSection":["Hem - Startsidan"],"inLanguage":"sv-SE"},{"@type":"WebPage","@id":"https:\/\/www.sbhss.eu\/sv\/chans-for-mindre-stader-att-vinna-miljoutmarkelser\/","url":"https:\/\/www.sbhss.eu\/sv\/chans-for-mindre-stader-att-vinna-miljoutmarkelser\/","name":"Chans f\u00f6r mindre st\u00e4der att vinna milj\u00f6utm\u00e4rkelser - SBHSS","isPartOf":{"@id":"https:\/\/www.sbhss.eu\/#website"},"datePublished":"2015-09-24T09:56:01+00:00","author":{"@id":"https:\/\/www.sbhss.eu\/#\/schema\/person\/b8d8eb4c1088a05ed50ecff9b2bf643f"},"breadcrumb":{"@id":"https:\/\/www.sbhss.eu\/sv\/chans-for-mindre-stader-att-vinna-miljoutmarkelser\/#breadcrumb"},"inLanguage":"sv-SE","potentialAction":[{"@type":"ReadAction","target":["https:\/\/www.sbhss.eu\/sv\/chans-for-mindre-stader-att-vinna-miljoutmarkelser\/"]}]},{"@type":"BreadcrumbList","@id":"https:\/\/www.sbhss.eu\/sv\/chans-for-mindre-stader-att-vinna-miljoutmarkelser\/#breadcrumb","itemListElement":[{"@type":"ListItem","position":1,"name":"Hem","item":"https:\/\/www.sbhss.eu\/sv\/"},{"@type":"ListItem","position":2,"name":"Chans f\u00f6r mindre st\u00e4der att vinna milj\u00f6utm\u00e4rkelser"}]},{"@type":"WebSite","@id":"https:\/\/www.sbhss.eu\/#website","url":"https:\/\/www.sbhss.eu\/","name":"SBHSS","description":"","potentialAction":[{"@type":"SearchAction","target":{"@type":"EntryPoint","urlTemplate":"https:\/\/www.sbhss.eu\/?s={search_term_string}"},"query-input":{"@type":"PropertyValueSpecification","valueRequired":true,"valueName":"search_term_string"}}],"inLanguage":"sv-SE"},{"@type":"Person","@id":"https:\/\/www.sbhss.eu\/#\/schema\/person\/b8d8eb4c1088a05ed50ecff9b2bf643f","name":"Sven Kast\u00f6","image":{"@type":"ImageObject","inLanguage":"sv-SE","@id":"https:\/\/secure.gravatar.com\/avatar\/4ce3985fbe5a36073e6a0cbba2acaad0da794332aeb9a944eca4c7548361a263?s=96&d=mm&r=g","url":"https:\/\/secure.gravatar.com\/avatar\/4ce3985fbe5a36073e6a0cbba2acaad0da794332aeb9a944eca4c7548361a263?s=96&d=mm&r=g","contentUrl":"https:\/\/secure.gravatar.com\/avatar\/4ce3985fbe5a36073e6a0cbba2acaad0da794332aeb9a944eca4c7548361a263?s=96&d=mm&r=g","caption":"Sven Kast\u00f6"},"url":"https:\/\/www.sbhss.eu\/sv\/author\/sven-kastosbhss-eu\/"}]}},"_links":{"self":[{"href":"https:\/\/www.sbhss.eu\/sv\/wp-json\/wp\/v2\/posts\/1315","targetHints":{"allow":["GET"]}}],"collection":[{"href":"https:\/\/www.sbhss.eu\/sv\/wp-json\/wp\/v2\/posts"}],"about":[{"href":"https:\/\/www.sbhss.eu\/sv\/wp-json\/wp\/v2\/types\/post"}],"author":[{"embeddable":true,"href":"https:\/\/www.sbhss.eu\/sv\/wp-json\/wp\/v2\/users\/3"}],"replies":[{"embeddable":true,"href":"https:\/\/www.sbhss.eu\/sv\/wp-json\/wp\/v2\/comments?post=1315"}],"version-history":[{"count":0,"href":"https:\/\/www.sbhss.eu\/sv\/wp-json\/wp\/v2\/posts\/1315\/revisions"}],"wp:attachment":[{"href":"https:\/\/www.sbhss.eu\/sv\/wp-json\/wp\/v2\/media?parent=1315"}],"wp:term":[{"taxonomy":"category","embeddable":true,"href":"https:\/\/www.sbhss.eu\/sv\/wp-json\/wp\/v2\/categories?post=1315"},{"taxonomy":"post_tag","embeddable":true,"href":"https:\/\/www.sbhss.eu\/sv\/wp-json\/wp\/v2\/tags?post=1315"}],"curies":[{"name":"wp","href":"https:\/\/api.w.org\/{rel}","templated":true}]}}