{"id":1329,"date":"2015-11-06T14:41:46","date_gmt":"2015-11-06T13:41:46","guid":{"rendered":"http:\/\/wp.sbhss.eu\/?p=363"},"modified":"2015-11-06T14:41:46","modified_gmt":"2015-11-06T13:41:46","slug":"eu-kommissionens-arbetsprogram-for-2016","status":"publish","type":"post","link":"https:\/\/www.sbhss.eu\/sv\/eu-kommissionens-arbetsprogram-for-2016\/","title":{"rendered":"EU-kommissionens arbetsprogram f\u00f6r 2016"},"content":{"rendered":"<p>\n\t2014 v&auml;ckte den nytilltr&auml;dda EU-kommissionens starka prioritering p&aring; &aring;tg&auml;rder f&ouml;r tillv&auml;xt och fler arbetstillf&auml;llen stor uppm&auml;rksamhet. Arbetsprogrammet f&ouml;r 2016 som tagits fram tillsammans med EU-parlamentet forts&auml;tter p&aring; den tidigare inslagna v&auml;gen av att EU ska vara &rdquo;stort i stora fr&aring;gor och sm&aring; i sm&aring; fr&aring;gor&rdquo; och d&auml;r Junckers 10 prioriteringar &auml;r v&auml;gledande.&nbsp;<\/p>\n<p><!--more--><\/p>\n<p>\n\tDet nya arbetsprogrammet inneh&aring;ller 23 centrala initiativ (att j&auml;mf&ouml;ra med l&aring;ngt fler &auml;n 100 per &aring;r i tidigare kommissioner): EU-kommissionens 10 politiska prioriteringar, 20 tillbakadragna f&ouml;rslag eller &auml;ndringar av f&ouml;rslag samt 40 &aring;tg&auml;rder f&ouml;r att granska den befintliga EU-lagstiftningens kvalitet.<\/p>\n<p>\n\tDe sammanlagt 23&nbsp;utlovade f&ouml;rslagen &auml;r f&ouml;rdelade p&aring; fem kategorier:<\/p>\n<p>\n\t&middot;&nbsp;&nbsp;&nbsp;&nbsp;&nbsp;&nbsp;&nbsp;&nbsp; Asyl- och migration<\/p>\n<p>\n\t&middot;&nbsp;&nbsp;&nbsp;&nbsp;&nbsp;&nbsp;&nbsp;&nbsp; Inre marknaden, bland annat en ny rymdstrategi och handlingsplan f&ouml;r ett europeiskt f&ouml;rsvarssamarbete<\/p>\n<p>\n\t&middot;&nbsp;&nbsp;&nbsp;&nbsp;&nbsp;&nbsp;&nbsp;&nbsp; Kretsloppsekonomi<\/p>\n<p>\n\t&middot;&nbsp;&nbsp;&nbsp;&nbsp;&nbsp;&nbsp;&nbsp;&nbsp; Sociala r&auml;ttigheter som att g&ouml;ra det l&auml;ttare f&ouml;r kvinnor att ta sig in p&aring; arbetsmarknaden<\/p>\n<p>\n\t&middot;&nbsp;&nbsp;&nbsp;&nbsp;&nbsp;&nbsp;&nbsp;&nbsp; Samordning av f&ouml;retagsskatter och momsf&ouml;rslag<\/p>\n<p>\n\tPrioriteringar och m&aring;ls&auml;ttningar till trots, g&ouml;r sig omv&auml;rlden p&aring;mind och EU-kommissionen tvingas &auml;gna b&aring;de avsev&auml;rd energi och betydande resurser till den fortsatt anstr&auml;ngda finansiella situation i delar av ekonomin, s&auml;kerhetsutmaningar och inte minst en flyktingsituation som saknar motstycke sedan andra v&auml;rldskrigets slut. Som ett resultat &nbsp;l&auml;ggs d&auml;rf&ouml;r stort fokus p&aring; fortsatta reformer av EU:s asyl- och migrationssystem. Bland annat kommer f&ouml;rslag p&aring; revidering av den s&aring; kallade Dublinf&ouml;rordningen som styr i vilket medlemsland flyktingar ska s&ouml;ka asyl. Det r&ouml;r sig &auml;ven om f&ouml;rslag om att s&auml;tta upp en europeisk gr&auml;ns- och kustbevakning.<\/p>\n<p>\n\tVidare &auml;r f&ouml;rslagen f&ouml;r att f&ouml;rb&auml;ttra funktionen av den inre marknaden intressanta. M&aring;nga menar att den inre markanden &auml;r EU:s k&auml;rna och det vi alla kan enas kring. Samtidigt f&aring;r man konstatera att vissa f&ouml;rslag troligen inte kommer glida igenom beslutsprocessen utan friktion. Det g&auml;ller fr&aring;gor som den sociala pelare som f&ouml;resl&aring;r nya regler kring arbetskraftens r&ouml;rlighet mellan medlemsl&auml;nderna utan att tumma p&aring; regler kring social dumpning. Eller f&ouml;rslaget om att samordna medlemsl&auml;ndernas regelverk kring bolagsskatter &ndash; en fr&aring;ga som legat p&aring; bordet i m&aring;nga &aring;r men som ogillats av vissa l&auml;nder, d&auml;ribland Sverige.<\/p>\n<p>\n\tSlutligen &auml;r det v&auml;rt att notera att man avser utv&auml;rdera EU:s l&aring;ngtidsbudget f&ouml;r 2014-2020. Hur st&aring;r sig stora budgetposter som till exempel dagens sammanh&aring;llningspolitik med bland annat social- och regionalfonder, om man upplever att EU inte effektiviseras i tillr&auml;ckligt h&ouml;g hastighet?<\/p>\n<p>\n\t<strong>De 23 f&ouml;rslagen<\/strong><\/p>\n<p>\n\tEn ny kompetensagenda f&ouml;r Europa<\/p>\n<p>\n\tNystart f&ouml;r f&ouml;rv&auml;rvsarbetande f&ouml;r&auml;ldrar<\/p>\n<p>\n\tKretsloppsekonomi<\/p>\n<p>\n\t&Ouml;versyn av den fler&aring;riga budgetramen 2014-2020<\/p>\n<p>\n\tN&auml;sta steg mot en h&aring;llbar europeisk framtid<\/p>\n<p>\n\tGenomf&ouml;rande av strategin f&ouml;r den digitala inre marknaden<\/p>\n<p>\n\tEtt paket om energiunionen<\/p>\n<p>\n\tEtt paket om arbetskraftens r&ouml;rlighet<\/p>\n<p>\n\tUppf&ouml;ljning av strategin f&ouml;r den inre marknaden<\/p>\n<p>\n\tEn handlingsplan f&ouml;r det europeiska f&ouml;rsvaret<\/p>\n<p>\n\tEn handlingsplan om moms<\/p>\n<p>\n\tEtt paket om f&ouml;retagsskatt<\/p>\n<p>\n\tEn europeisk rymdstrategi<\/p>\n<p>\n\tEn pelare f&ouml;r sociala r&auml;ttigheter<\/p>\n<p>\n\tEtt europeiskt system f&ouml;r ins&auml;ttningsgaranti\/fullbordande av bankunionen<\/p>\n<p>\n\tUppf&ouml;ljning av handels- och investeringsstrategin<\/p>\n<p>\n\tGenomf&ouml;rande av den europeiska s&auml;kerhetsagendan<\/p>\n<p>\n\tB&auml;ttre migrationshantering<\/p>\n<p>\n\tEtt paket om gr&auml;nsf&ouml;rvaltning<\/p>\n<p>\n\tUtvecklingsbist&aring;nd efter Cotonouavtalet<\/p>\n<p>\n\tKapacitetsuppbyggnad inom s&auml;kerhetssektorn<\/p>\n<p>\n\tKommissionens bidrag till den globala strategin<\/p>\n<p>\n\tF&ouml;rslag till interinstitutionellt avtal om ett obligatoriskt register f&ouml;r lobbyister<\/p>\n<p>\n\t&nbsp;<\/p>\n<p>\n\t&nbsp;<\/p>\n","protected":false},"excerpt":{"rendered":"<p>2014 v&auml;ckte den nytilltr&auml;dda EU-kommissionens starka prioritering p&aring; &aring;tg&auml;rder f&ouml;r tillv&auml;xt och fler arbetstillf&auml;llen stor uppm&auml;rksamhet. Arbetsprogrammet f&ouml;r 2016 som tagits fram tillsammans med EU-parlamentet forts&auml;tter p&aring; den tidigare inslagna v&auml;gen av att EU ska vara &rdquo;stort i stora fr&aring;gor och sm&aring; i sm&aring; fr&aring;gor&rdquo; och d&auml;r Junckers 10 prioriteringar &auml;r v&auml;gledande.&nbsp;<\/p>\n","protected":false},"author":3,"featured_media":0,"comment_status":"open","ping_status":"open","sticky":false,"template":"","format":"standard","meta":{"_acf_changed":false,"footnotes":""},"categories":[11],"tags":[],"class_list":["post-1329","post","type-post","status-publish","format-standard","hentry","category-hem"],"acf":[],"yoast_head":"<!-- This site is optimized with the Yoast SEO plugin v27.5 - https:\/\/yoast.com\/product\/yoast-seo-wordpress\/ -->\n<title>EU-kommissionens arbetsprogram f\u00f6r 2016 - SBHSS<\/title>\n<meta name=\"robots\" content=\"index, follow, max-snippet:-1, max-image-preview:large, max-video-preview:-1\" \/>\n<link rel=\"canonical\" href=\"https:\/\/www.sbhss.eu\/sv\/eu-kommissionens-arbetsprogram-for-2016\/\" \/>\n<meta property=\"og:locale\" content=\"sv_SE\" \/>\n<meta property=\"og:type\" content=\"article\" \/>\n<meta property=\"og:title\" content=\"EU-kommissionens arbetsprogram f\u00f6r 2016 - SBHSS\" \/>\n<meta property=\"og:description\" content=\"2014 v&auml;ckte den nytilltr&auml;dda EU-kommissionens starka prioritering p&aring; &aring;tg&auml;rder f&ouml;r tillv&auml;xt och fler arbetstillf&auml;llen stor uppm&auml;rksamhet. Arbetsprogrammet f&ouml;r 2016 som tagits fram tillsammans med EU-parlamentet forts&auml;tter p&aring; den tidigare inslagna v&auml;gen av att EU ska vara &rdquo;stort i stora fr&aring;gor och sm&aring; i sm&aring; fr&aring;gor&rdquo; och d&auml;r Junckers 10 prioriteringar &auml;r v&auml;gledande.&nbsp;\" \/>\n<meta property=\"og:url\" content=\"https:\/\/www.sbhss.eu\/sv\/eu-kommissionens-arbetsprogram-for-2016\/\" \/>\n<meta property=\"og:site_name\" content=\"SBHSS\" \/>\n<meta property=\"article:published_time\" content=\"2015-11-06T13:41:46+00:00\" \/>\n<meta name=\"author\" content=\"Sven Kast\u00f6\" \/>\n<meta name=\"twitter:card\" content=\"summary_large_image\" \/>\n<meta name=\"twitter:label1\" content=\"Skriven av\" \/>\n\t<meta name=\"twitter:data1\" content=\"Sven Kast\u00f6\" \/>\n\t<meta name=\"twitter:label2\" content=\"Ber\u00e4knad l\u00e4stid\" \/>\n\t<meta name=\"twitter:data2\" content=\"4 minuter\" \/>\n<script type=\"application\/ld+json\" class=\"yoast-schema-graph\">{\"@context\":\"https:\\\/\\\/schema.org\",\"@graph\":[{\"@type\":\"Article\",\"@id\":\"https:\\\/\\\/www.sbhss.eu\\\/sv\\\/eu-kommissionens-arbetsprogram-for-2016\\\/#article\",\"isPartOf\":{\"@id\":\"https:\\\/\\\/www.sbhss.eu\\\/sv\\\/eu-kommissionens-arbetsprogram-for-2016\\\/\"},\"author\":{\"name\":\"Sven Kast\u00f6\",\"@id\":\"https:\\\/\\\/www.sbhss.eu\\\/#\\\/schema\\\/person\\\/b8d8eb4c1088a05ed50ecff9b2bf643f\"},\"headline\":\"EU-kommissionens arbetsprogram f\u00f6r 2016\",\"datePublished\":\"2015-11-06T13:41:46+00:00\",\"mainEntityOfPage\":{\"@id\":\"https:\\\/\\\/www.sbhss.eu\\\/sv\\\/eu-kommissionens-arbetsprogram-for-2016\\\/\"},\"wordCount\":782,\"commentCount\":0,\"articleSection\":[\"Hem - Startsidan\"],\"inLanguage\":\"sv-SE\"},{\"@type\":\"WebPage\",\"@id\":\"https:\\\/\\\/www.sbhss.eu\\\/sv\\\/eu-kommissionens-arbetsprogram-for-2016\\\/\",\"url\":\"https:\\\/\\\/www.sbhss.eu\\\/sv\\\/eu-kommissionens-arbetsprogram-for-2016\\\/\",\"name\":\"EU-kommissionens arbetsprogram f\u00f6r 2016 - SBHSS\",\"isPartOf\":{\"@id\":\"https:\\\/\\\/www.sbhss.eu\\\/#website\"},\"datePublished\":\"2015-11-06T13:41:46+00:00\",\"author\":{\"@id\":\"https:\\\/\\\/www.sbhss.eu\\\/#\\\/schema\\\/person\\\/b8d8eb4c1088a05ed50ecff9b2bf643f\"},\"breadcrumb\":{\"@id\":\"https:\\\/\\\/www.sbhss.eu\\\/sv\\\/eu-kommissionens-arbetsprogram-for-2016\\\/#breadcrumb\"},\"inLanguage\":\"sv-SE\",\"potentialAction\":[{\"@type\":\"ReadAction\",\"target\":[\"https:\\\/\\\/www.sbhss.eu\\\/sv\\\/eu-kommissionens-arbetsprogram-for-2016\\\/\"]}]},{\"@type\":\"BreadcrumbList\",\"@id\":\"https:\\\/\\\/www.sbhss.eu\\\/sv\\\/eu-kommissionens-arbetsprogram-for-2016\\\/#breadcrumb\",\"itemListElement\":[{\"@type\":\"ListItem\",\"position\":1,\"name\":\"Hem\",\"item\":\"https:\\\/\\\/www.sbhss.eu\\\/sv\\\/\"},{\"@type\":\"ListItem\",\"position\":2,\"name\":\"EU-kommissionens arbetsprogram f\u00f6r 2016\"}]},{\"@type\":\"WebSite\",\"@id\":\"https:\\\/\\\/www.sbhss.eu\\\/#website\",\"url\":\"https:\\\/\\\/www.sbhss.eu\\\/\",\"name\":\"SBHSS\",\"description\":\"\",\"potentialAction\":[{\"@type\":\"SearchAction\",\"target\":{\"@type\":\"EntryPoint\",\"urlTemplate\":\"https:\\\/\\\/www.sbhss.eu\\\/?s={search_term_string}\"},\"query-input\":{\"@type\":\"PropertyValueSpecification\",\"valueRequired\":true,\"valueName\":\"search_term_string\"}}],\"inLanguage\":\"sv-SE\"},{\"@type\":\"Person\",\"@id\":\"https:\\\/\\\/www.sbhss.eu\\\/#\\\/schema\\\/person\\\/b8d8eb4c1088a05ed50ecff9b2bf643f\",\"name\":\"Sven Kast\u00f6\",\"image\":{\"@type\":\"ImageObject\",\"inLanguage\":\"sv-SE\",\"@id\":\"https:\\\/\\\/secure.gravatar.com\\\/avatar\\\/4ce3985fbe5a36073e6a0cbba2acaad0da794332aeb9a944eca4c7548361a263?s=96&d=mm&r=g\",\"url\":\"https:\\\/\\\/secure.gravatar.com\\\/avatar\\\/4ce3985fbe5a36073e6a0cbba2acaad0da794332aeb9a944eca4c7548361a263?s=96&d=mm&r=g\",\"contentUrl\":\"https:\\\/\\\/secure.gravatar.com\\\/avatar\\\/4ce3985fbe5a36073e6a0cbba2acaad0da794332aeb9a944eca4c7548361a263?s=96&d=mm&r=g\",\"caption\":\"Sven Kast\u00f6\"},\"url\":\"https:\\\/\\\/www.sbhss.eu\\\/sv\\\/author\\\/sven-kastosbhss-eu\\\/\"}]}<\/script>\n<!-- \/ Yoast SEO plugin. -->","yoast_head_json":{"title":"EU-kommissionens arbetsprogram f\u00f6r 2016 - SBHSS","robots":{"index":"index","follow":"follow","max-snippet":"max-snippet:-1","max-image-preview":"max-image-preview:large","max-video-preview":"max-video-preview:-1"},"canonical":"https:\/\/www.sbhss.eu\/sv\/eu-kommissionens-arbetsprogram-for-2016\/","og_locale":"sv_SE","og_type":"article","og_title":"EU-kommissionens arbetsprogram f\u00f6r 2016 - SBHSS","og_description":"2014 v&auml;ckte den nytilltr&auml;dda EU-kommissionens starka prioritering p&aring; &aring;tg&auml;rder f&ouml;r tillv&auml;xt och fler arbetstillf&auml;llen stor uppm&auml;rksamhet. Arbetsprogrammet f&ouml;r 2016 som tagits fram tillsammans med EU-parlamentet forts&auml;tter p&aring; den tidigare inslagna v&auml;gen av att EU ska vara &rdquo;stort i stora fr&aring;gor och sm&aring; i sm&aring; fr&aring;gor&rdquo; och d&auml;r Junckers 10 prioriteringar &auml;r v&auml;gledande.&nbsp;","og_url":"https:\/\/www.sbhss.eu\/sv\/eu-kommissionens-arbetsprogram-for-2016\/","og_site_name":"SBHSS","article_published_time":"2015-11-06T13:41:46+00:00","author":"Sven Kast\u00f6","twitter_card":"summary_large_image","twitter_misc":{"Skriven av":"Sven Kast\u00f6","Ber\u00e4knad l\u00e4stid":"4 minuter"},"schema":{"@context":"https:\/\/schema.org","@graph":[{"@type":"Article","@id":"https:\/\/www.sbhss.eu\/sv\/eu-kommissionens-arbetsprogram-for-2016\/#article","isPartOf":{"@id":"https:\/\/www.sbhss.eu\/sv\/eu-kommissionens-arbetsprogram-for-2016\/"},"author":{"name":"Sven Kast\u00f6","@id":"https:\/\/www.sbhss.eu\/#\/schema\/person\/b8d8eb4c1088a05ed50ecff9b2bf643f"},"headline":"EU-kommissionens arbetsprogram f\u00f6r 2016","datePublished":"2015-11-06T13:41:46+00:00","mainEntityOfPage":{"@id":"https:\/\/www.sbhss.eu\/sv\/eu-kommissionens-arbetsprogram-for-2016\/"},"wordCount":782,"commentCount":0,"articleSection":["Hem - Startsidan"],"inLanguage":"sv-SE"},{"@type":"WebPage","@id":"https:\/\/www.sbhss.eu\/sv\/eu-kommissionens-arbetsprogram-for-2016\/","url":"https:\/\/www.sbhss.eu\/sv\/eu-kommissionens-arbetsprogram-for-2016\/","name":"EU-kommissionens arbetsprogram f\u00f6r 2016 - SBHSS","isPartOf":{"@id":"https:\/\/www.sbhss.eu\/#website"},"datePublished":"2015-11-06T13:41:46+00:00","author":{"@id":"https:\/\/www.sbhss.eu\/#\/schema\/person\/b8d8eb4c1088a05ed50ecff9b2bf643f"},"breadcrumb":{"@id":"https:\/\/www.sbhss.eu\/sv\/eu-kommissionens-arbetsprogram-for-2016\/#breadcrumb"},"inLanguage":"sv-SE","potentialAction":[{"@type":"ReadAction","target":["https:\/\/www.sbhss.eu\/sv\/eu-kommissionens-arbetsprogram-for-2016\/"]}]},{"@type":"BreadcrumbList","@id":"https:\/\/www.sbhss.eu\/sv\/eu-kommissionens-arbetsprogram-for-2016\/#breadcrumb","itemListElement":[{"@type":"ListItem","position":1,"name":"Hem","item":"https:\/\/www.sbhss.eu\/sv\/"},{"@type":"ListItem","position":2,"name":"EU-kommissionens arbetsprogram f\u00f6r 2016"}]},{"@type":"WebSite","@id":"https:\/\/www.sbhss.eu\/#website","url":"https:\/\/www.sbhss.eu\/","name":"SBHSS","description":"","potentialAction":[{"@type":"SearchAction","target":{"@type":"EntryPoint","urlTemplate":"https:\/\/www.sbhss.eu\/?s={search_term_string}"},"query-input":{"@type":"PropertyValueSpecification","valueRequired":true,"valueName":"search_term_string"}}],"inLanguage":"sv-SE"},{"@type":"Person","@id":"https:\/\/www.sbhss.eu\/#\/schema\/person\/b8d8eb4c1088a05ed50ecff9b2bf643f","name":"Sven Kast\u00f6","image":{"@type":"ImageObject","inLanguage":"sv-SE","@id":"https:\/\/secure.gravatar.com\/avatar\/4ce3985fbe5a36073e6a0cbba2acaad0da794332aeb9a944eca4c7548361a263?s=96&d=mm&r=g","url":"https:\/\/secure.gravatar.com\/avatar\/4ce3985fbe5a36073e6a0cbba2acaad0da794332aeb9a944eca4c7548361a263?s=96&d=mm&r=g","contentUrl":"https:\/\/secure.gravatar.com\/avatar\/4ce3985fbe5a36073e6a0cbba2acaad0da794332aeb9a944eca4c7548361a263?s=96&d=mm&r=g","caption":"Sven Kast\u00f6"},"url":"https:\/\/www.sbhss.eu\/sv\/author\/sven-kastosbhss-eu\/"}]}},"_links":{"self":[{"href":"https:\/\/www.sbhss.eu\/sv\/wp-json\/wp\/v2\/posts\/1329","targetHints":{"allow":["GET"]}}],"collection":[{"href":"https:\/\/www.sbhss.eu\/sv\/wp-json\/wp\/v2\/posts"}],"about":[{"href":"https:\/\/www.sbhss.eu\/sv\/wp-json\/wp\/v2\/types\/post"}],"author":[{"embeddable":true,"href":"https:\/\/www.sbhss.eu\/sv\/wp-json\/wp\/v2\/users\/3"}],"replies":[{"embeddable":true,"href":"https:\/\/www.sbhss.eu\/sv\/wp-json\/wp\/v2\/comments?post=1329"}],"version-history":[{"count":0,"href":"https:\/\/www.sbhss.eu\/sv\/wp-json\/wp\/v2\/posts\/1329\/revisions"}],"wp:attachment":[{"href":"https:\/\/www.sbhss.eu\/sv\/wp-json\/wp\/v2\/media?parent=1329"}],"wp:term":[{"taxonomy":"category","embeddable":true,"href":"https:\/\/www.sbhss.eu\/sv\/wp-json\/wp\/v2\/categories?post=1329"},{"taxonomy":"post_tag","embeddable":true,"href":"https:\/\/www.sbhss.eu\/sv\/wp-json\/wp\/v2\/tags?post=1329"}],"curies":[{"name":"wp","href":"https:\/\/api.w.org\/{rel}","templated":true}]}}