{"id":1367,"date":"2016-03-08T13:41:56","date_gmt":"2016-03-08T12:41:56","guid":{"rendered":"http:\/\/wp.sbhss.eu\/?p=419"},"modified":"2016-03-08T13:41:56","modified_gmt":"2016-03-08T12:41:56","slug":"green-week-30-maj-3-juni-for-en-gronare-framtid","status":"publish","type":"post","link":"https:\/\/www.sbhss.eu\/sv\/green-week-30-maj-3-juni-for-en-gronare-framtid\/","title":{"rendered":"Green Week 30 maj-3 juni \u2013 F\u00f6r en gr\u00f6nare framtid"},"content":{"rendered":"<p align=\"center\">\n\t&nbsp;<\/p>\n<p style=\"text-align: justify;\">\n\tDen 30 maj till den 3 juni h&aring;ller EU-kommissionen evenemanget &rdquo;Green Week&rdquo; som har som m&aring;l att driva utvecklingen fram&aring;t g&auml;llande en inkluderande och h&aring;llbar utveckling i Europa inom omr&aring;det milj&ouml;. D&auml;rf&ouml;r vill vi nu upplysa om att det finns en m&ouml;jlighet f&ouml;r v&aring;ra regioner att anm&auml;la sig och delta i evenemanget om det finns kunskaper, id&eacute;er eller projekt att bidra med som visar p&aring; att investeringar faktiskt kan leda till &rdquo;en gr&ouml;nare framtid&rdquo; f&ouml;r kommande generationer.<\/p>\n<p><!--more--><\/p>\n<p style=\"text-align: justify;\">\n\tEvenemanget &auml;r ett forum d&auml;r intressenter och medborgare i Europa &auml;r med och uttrycker sina id&eacute;er och synpunkter p&aring; hur dagens investeringar kan leda mot en gr&ouml;nare framtid. D&aring; man har som avsikt fr&aring;n EU-kommissionens sida att f&aring; s&aring; m&aring;nga som m&ouml;jligt delaktiga i evenemanget inte bara i Bryssel, utan &auml;ven i medlemsl&auml;nderna kommer flera arrangemang anordnas f&ouml;r att &ouml;ka m&ouml;jligheten till deltagande. Man kommer bland annat att via social medier anordna diverse aktiviteter d&auml;r medborgare kan vara delaktiga men &auml;ven d&auml;r organisationer och andra akt&ouml;rer kan vara med som partners.<\/p>\n<p style=\"text-align: justify;\">\n\tOm ni vill delta och bli en av Green Week partners och vara med och anordna allt ifr&aring;n online debatter till att f&ouml;resl&aring; intressanta talare under evenemanget, se d&aring; vilka teman man kan skicka in id&eacute;er och projekt till. Om era id&eacute;er &auml;r av s&auml;rskild vikt f&ouml;r &aring;rets teman under Green week kan ert bidrag &auml;ven bli utvalt som en huvudparter, vilket inneb&auml;r att man f&aring;r st&ouml;rre uppm&auml;rksamhet och publicitet under evenemanget.&nbsp;&nbsp;&nbsp;&nbsp;<\/p>\n<p>\n\tTeman under Green Week:<\/p>\n<table border=\"0\" cellpadding=\"0\" cellspacing=\"0\">\n<tbody>\n<tr>\n<td style=\"width:184px;\">\n\t\t\t\tDag<\/td>\n<td style=\"width:723px;\">\n\t\t\t\tTema<\/td>\n<\/tr>\n<tr>\n<td style=\"width:184px;\">\n<p>\n\t\t\t\t\tM&aring;ndag<\/p>\n<\/td>\n<td style=\"width:723px;\">\n<p>\n\t\t\t\t\tInvesteringar i gr&ouml;nare st&auml;der<\/p>\n<\/td>\n<\/tr>\n<tr>\n<td style=\"width:184px;\">\n<p>\n\t\t\t\t\tTisdag<\/p>\n<\/td>\n<td style=\"width:723px;\">\n<p>\n\t\t\t\t\tInvestering i v&aring;r landsbygd<\/p>\n<\/td>\n<\/tr>\n<tr>\n<td style=\"width:184px;\">\n<p>\n\t\t\t\t\tOnsdag<\/p>\n<\/td>\n<td style=\"width:723px;\">\n<p>\n\t\t\t\t\tInvesteringar som &rdquo;f&aring;r de att h&auml;nda&rdquo;\/ &rdquo;make it happen&rdquo;<\/p>\n<\/td>\n<\/tr>\n<tr>\n<td style=\"width:184px;\">\n<p>\n\t\t\t\t\tTorsdag<\/p>\n<\/td>\n<td style=\"width:723px;\">\n<p>\n\t\t\t\t\tInvesteringar i v&aring;ra hav<\/p>\n<\/td>\n<\/tr>\n<tr>\n<td style=\"width:184px;\">\n<p>\n\t\t\t\t\tFredag<\/p>\n<\/td>\n<td style=\"width:723px;\">\n<p>\n\t\t\t\t\tInvesteringar f&ouml;r kommande generationer<\/p>\n<\/td>\n<\/tr>\n<\/tbody>\n<\/table>\n<p>\n\t&nbsp;<\/p>\n<p style=\"text-align: justify;\">\n\tAlla f&ouml;rslag och id&eacute;er &auml;r v&auml;lkomna! Man kan kontakta Green Weeks sekretariat f&ouml;r mer information och respons p&aring; om ens bidrag &auml;r av relevans f&ouml;r evenemanget p&aring; f&ouml;ljande e-mail adress: <a href=\"mailto:secretariat@greenweek2016.eu\">secretariat@greenweek2016.eu<\/a>.&nbsp;Om ni &auml;r intresserade av att arrangera ett evenemang i samband med Green Week g&aring;r det bra registrera sig genom att trycka<a href=\"http:\/\/www.greenweek2016.eu\/partner-events-registration.html\"> h&auml;r<\/a>&nbsp;. Det kommer s&aring; sm&aring;ningom &auml;ven att sl&auml;ppas en hemsida inom kort f&ouml;r Green week men till dess h&auml;nvisar vi till kommissionens <a href=\"http:\/\/ec.europa.eu\/environment\/greenweek\/index_en.html\">hemsida <\/a>ang&aring;ende evenemanget.<\/p>\n<p style=\"text-align: justify;\">\n\t&nbsp;<\/p>\n<p style=\"text-align: justify;\">\n\t&nbsp;<\/p>\n<p style=\"text-align: justify;\">\n\t&nbsp;<\/p>\n","protected":false},"excerpt":{"rendered":"<p>&nbsp; Den 30 maj till den 3 juni h&aring;ller EU-kommissionen evenemanget &rdquo;Green Week&rdquo; som har som m&aring;l att driva utvecklingen fram&aring;t g&auml;llande en inkluderande och h&aring;llbar utveckling i Europa inom omr&aring;det milj&ouml;. D&auml;rf&ouml;r vill vi nu upplysa om att det finns en m&ouml;jlighet f&ouml;r v&aring;ra regioner att anm&auml;la sig och delta i evenemanget om det [&hellip;]<\/p>\n","protected":false},"author":3,"featured_media":0,"comment_status":"open","ping_status":"open","sticky":false,"template":"","format":"standard","meta":{"_acf_changed":false,"footnotes":""},"categories":[11],"tags":[],"class_list":["post-1367","post","type-post","status-publish","format-standard","hentry","category-hem"],"acf":[],"yoast_head":"<!-- This site is optimized with the Yoast SEO plugin v27.5 - https:\/\/yoast.com\/product\/yoast-seo-wordpress\/ -->\n<title>Green Week 30 maj-3 juni \u2013 F\u00f6r en gr\u00f6nare framtid - SBHSS<\/title>\n<meta name=\"robots\" content=\"index, follow, max-snippet:-1, max-image-preview:large, max-video-preview:-1\" \/>\n<link rel=\"canonical\" href=\"https:\/\/www.sbhss.eu\/sv\/green-week-30-maj-3-juni-for-en-gronare-framtid\/\" \/>\n<meta property=\"og:locale\" content=\"sv_SE\" \/>\n<meta property=\"og:type\" content=\"article\" \/>\n<meta property=\"og:title\" content=\"Green Week 30 maj-3 juni \u2013 F\u00f6r en gr\u00f6nare framtid - SBHSS\" \/>\n<meta property=\"og:description\" content=\"&nbsp; Den 30 maj till den 3 juni h&aring;ller EU-kommissionen evenemanget &rdquo;Green Week&rdquo; som har som m&aring;l att driva utvecklingen fram&aring;t g&auml;llande en inkluderande och h&aring;llbar utveckling i Europa inom omr&aring;det milj&ouml;. D&auml;rf&ouml;r vill vi nu upplysa om att det finns en m&ouml;jlighet f&ouml;r v&aring;ra regioner att anm&auml;la sig och delta i evenemanget om det [&hellip;]\" \/>\n<meta property=\"og:url\" content=\"https:\/\/www.sbhss.eu\/sv\/green-week-30-maj-3-juni-for-en-gronare-framtid\/\" \/>\n<meta property=\"og:site_name\" content=\"SBHSS\" \/>\n<meta property=\"article:published_time\" content=\"2016-03-08T12:41:56+00:00\" \/>\n<meta name=\"author\" content=\"Sven Kast\u00f6\" \/>\n<meta name=\"twitter:card\" content=\"summary_large_image\" \/>\n<meta name=\"twitter:label1\" content=\"Skriven av\" \/>\n\t<meta name=\"twitter:data1\" content=\"Sven Kast\u00f6\" \/>\n\t<meta name=\"twitter:label2\" content=\"Ber\u00e4knad l\u00e4stid\" \/>\n\t<meta name=\"twitter:data2\" content=\"3 minuter\" \/>\n<script type=\"application\/ld+json\" class=\"yoast-schema-graph\">{\"@context\":\"https:\\\/\\\/schema.org\",\"@graph\":[{\"@type\":\"Article\",\"@id\":\"https:\\\/\\\/www.sbhss.eu\\\/sv\\\/green-week-30-maj-3-juni-for-en-gronare-framtid\\\/#article\",\"isPartOf\":{\"@id\":\"https:\\\/\\\/www.sbhss.eu\\\/sv\\\/green-week-30-maj-3-juni-for-en-gronare-framtid\\\/\"},\"author\":{\"name\":\"Sven Kast\u00f6\",\"@id\":\"https:\\\/\\\/www.sbhss.eu\\\/#\\\/schema\\\/person\\\/b8d8eb4c1088a05ed50ecff9b2bf643f\"},\"headline\":\"Green Week 30 maj-3 juni \u2013 F\u00f6r en gr\u00f6nare framtid\",\"datePublished\":\"2016-03-08T12:41:56+00:00\",\"mainEntityOfPage\":{\"@id\":\"https:\\\/\\\/www.sbhss.eu\\\/sv\\\/green-week-30-maj-3-juni-for-en-gronare-framtid\\\/\"},\"wordCount\":522,\"commentCount\":0,\"articleSection\":[\"Hem - Startsidan\"],\"inLanguage\":\"sv-SE\"},{\"@type\":\"WebPage\",\"@id\":\"https:\\\/\\\/www.sbhss.eu\\\/sv\\\/green-week-30-maj-3-juni-for-en-gronare-framtid\\\/\",\"url\":\"https:\\\/\\\/www.sbhss.eu\\\/sv\\\/green-week-30-maj-3-juni-for-en-gronare-framtid\\\/\",\"name\":\"Green Week 30 maj-3 juni \u2013 F\u00f6r en gr\u00f6nare framtid - SBHSS\",\"isPartOf\":{\"@id\":\"https:\\\/\\\/www.sbhss.eu\\\/#website\"},\"datePublished\":\"2016-03-08T12:41:56+00:00\",\"author\":{\"@id\":\"https:\\\/\\\/www.sbhss.eu\\\/#\\\/schema\\\/person\\\/b8d8eb4c1088a05ed50ecff9b2bf643f\"},\"breadcrumb\":{\"@id\":\"https:\\\/\\\/www.sbhss.eu\\\/sv\\\/green-week-30-maj-3-juni-for-en-gronare-framtid\\\/#breadcrumb\"},\"inLanguage\":\"sv-SE\",\"potentialAction\":[{\"@type\":\"ReadAction\",\"target\":[\"https:\\\/\\\/www.sbhss.eu\\\/sv\\\/green-week-30-maj-3-juni-for-en-gronare-framtid\\\/\"]}]},{\"@type\":\"BreadcrumbList\",\"@id\":\"https:\\\/\\\/www.sbhss.eu\\\/sv\\\/green-week-30-maj-3-juni-for-en-gronare-framtid\\\/#breadcrumb\",\"itemListElement\":[{\"@type\":\"ListItem\",\"position\":1,\"name\":\"Hem\",\"item\":\"https:\\\/\\\/www.sbhss.eu\\\/sv\\\/\"},{\"@type\":\"ListItem\",\"position\":2,\"name\":\"Green Week 30 maj-3 juni \u2013 F\u00f6r en gr\u00f6nare framtid\"}]},{\"@type\":\"WebSite\",\"@id\":\"https:\\\/\\\/www.sbhss.eu\\\/#website\",\"url\":\"https:\\\/\\\/www.sbhss.eu\\\/\",\"name\":\"SBHSS\",\"description\":\"\",\"potentialAction\":[{\"@type\":\"SearchAction\",\"target\":{\"@type\":\"EntryPoint\",\"urlTemplate\":\"https:\\\/\\\/www.sbhss.eu\\\/?s={search_term_string}\"},\"query-input\":{\"@type\":\"PropertyValueSpecification\",\"valueRequired\":true,\"valueName\":\"search_term_string\"}}],\"inLanguage\":\"sv-SE\"},{\"@type\":\"Person\",\"@id\":\"https:\\\/\\\/www.sbhss.eu\\\/#\\\/schema\\\/person\\\/b8d8eb4c1088a05ed50ecff9b2bf643f\",\"name\":\"Sven Kast\u00f6\",\"image\":{\"@type\":\"ImageObject\",\"inLanguage\":\"sv-SE\",\"@id\":\"https:\\\/\\\/secure.gravatar.com\\\/avatar\\\/4ce3985fbe5a36073e6a0cbba2acaad0da794332aeb9a944eca4c7548361a263?s=96&d=mm&r=g\",\"url\":\"https:\\\/\\\/secure.gravatar.com\\\/avatar\\\/4ce3985fbe5a36073e6a0cbba2acaad0da794332aeb9a944eca4c7548361a263?s=96&d=mm&r=g\",\"contentUrl\":\"https:\\\/\\\/secure.gravatar.com\\\/avatar\\\/4ce3985fbe5a36073e6a0cbba2acaad0da794332aeb9a944eca4c7548361a263?s=96&d=mm&r=g\",\"caption\":\"Sven Kast\u00f6\"},\"url\":\"https:\\\/\\\/www.sbhss.eu\\\/sv\\\/author\\\/sven-kastosbhss-eu\\\/\"}]}<\/script>\n<!-- \/ Yoast SEO plugin. -->","yoast_head_json":{"title":"Green Week 30 maj-3 juni \u2013 F\u00f6r en gr\u00f6nare framtid - SBHSS","robots":{"index":"index","follow":"follow","max-snippet":"max-snippet:-1","max-image-preview":"max-image-preview:large","max-video-preview":"max-video-preview:-1"},"canonical":"https:\/\/www.sbhss.eu\/sv\/green-week-30-maj-3-juni-for-en-gronare-framtid\/","og_locale":"sv_SE","og_type":"article","og_title":"Green Week 30 maj-3 juni \u2013 F\u00f6r en gr\u00f6nare framtid - SBHSS","og_description":"&nbsp; Den 30 maj till den 3 juni h&aring;ller EU-kommissionen evenemanget &rdquo;Green Week&rdquo; som har som m&aring;l att driva utvecklingen fram&aring;t g&auml;llande en inkluderande och h&aring;llbar utveckling i Europa inom omr&aring;det milj&ouml;. D&auml;rf&ouml;r vill vi nu upplysa om att det finns en m&ouml;jlighet f&ouml;r v&aring;ra regioner att anm&auml;la sig och delta i evenemanget om det [&hellip;]","og_url":"https:\/\/www.sbhss.eu\/sv\/green-week-30-maj-3-juni-for-en-gronare-framtid\/","og_site_name":"SBHSS","article_published_time":"2016-03-08T12:41:56+00:00","author":"Sven Kast\u00f6","twitter_card":"summary_large_image","twitter_misc":{"Skriven av":"Sven Kast\u00f6","Ber\u00e4knad l\u00e4stid":"3 minuter"},"schema":{"@context":"https:\/\/schema.org","@graph":[{"@type":"Article","@id":"https:\/\/www.sbhss.eu\/sv\/green-week-30-maj-3-juni-for-en-gronare-framtid\/#article","isPartOf":{"@id":"https:\/\/www.sbhss.eu\/sv\/green-week-30-maj-3-juni-for-en-gronare-framtid\/"},"author":{"name":"Sven Kast\u00f6","@id":"https:\/\/www.sbhss.eu\/#\/schema\/person\/b8d8eb4c1088a05ed50ecff9b2bf643f"},"headline":"Green Week 30 maj-3 juni \u2013 F\u00f6r en gr\u00f6nare framtid","datePublished":"2016-03-08T12:41:56+00:00","mainEntityOfPage":{"@id":"https:\/\/www.sbhss.eu\/sv\/green-week-30-maj-3-juni-for-en-gronare-framtid\/"},"wordCount":522,"commentCount":0,"articleSection":["Hem - Startsidan"],"inLanguage":"sv-SE"},{"@type":"WebPage","@id":"https:\/\/www.sbhss.eu\/sv\/green-week-30-maj-3-juni-for-en-gronare-framtid\/","url":"https:\/\/www.sbhss.eu\/sv\/green-week-30-maj-3-juni-for-en-gronare-framtid\/","name":"Green Week 30 maj-3 juni \u2013 F\u00f6r en gr\u00f6nare framtid - SBHSS","isPartOf":{"@id":"https:\/\/www.sbhss.eu\/#website"},"datePublished":"2016-03-08T12:41:56+00:00","author":{"@id":"https:\/\/www.sbhss.eu\/#\/schema\/person\/b8d8eb4c1088a05ed50ecff9b2bf643f"},"breadcrumb":{"@id":"https:\/\/www.sbhss.eu\/sv\/green-week-30-maj-3-juni-for-en-gronare-framtid\/#breadcrumb"},"inLanguage":"sv-SE","potentialAction":[{"@type":"ReadAction","target":["https:\/\/www.sbhss.eu\/sv\/green-week-30-maj-3-juni-for-en-gronare-framtid\/"]}]},{"@type":"BreadcrumbList","@id":"https:\/\/www.sbhss.eu\/sv\/green-week-30-maj-3-juni-for-en-gronare-framtid\/#breadcrumb","itemListElement":[{"@type":"ListItem","position":1,"name":"Hem","item":"https:\/\/www.sbhss.eu\/sv\/"},{"@type":"ListItem","position":2,"name":"Green Week 30 maj-3 juni \u2013 F\u00f6r en gr\u00f6nare framtid"}]},{"@type":"WebSite","@id":"https:\/\/www.sbhss.eu\/#website","url":"https:\/\/www.sbhss.eu\/","name":"SBHSS","description":"","potentialAction":[{"@type":"SearchAction","target":{"@type":"EntryPoint","urlTemplate":"https:\/\/www.sbhss.eu\/?s={search_term_string}"},"query-input":{"@type":"PropertyValueSpecification","valueRequired":true,"valueName":"search_term_string"}}],"inLanguage":"sv-SE"},{"@type":"Person","@id":"https:\/\/www.sbhss.eu\/#\/schema\/person\/b8d8eb4c1088a05ed50ecff9b2bf643f","name":"Sven Kast\u00f6","image":{"@type":"ImageObject","inLanguage":"sv-SE","@id":"https:\/\/secure.gravatar.com\/avatar\/4ce3985fbe5a36073e6a0cbba2acaad0da794332aeb9a944eca4c7548361a263?s=96&d=mm&r=g","url":"https:\/\/secure.gravatar.com\/avatar\/4ce3985fbe5a36073e6a0cbba2acaad0da794332aeb9a944eca4c7548361a263?s=96&d=mm&r=g","contentUrl":"https:\/\/secure.gravatar.com\/avatar\/4ce3985fbe5a36073e6a0cbba2acaad0da794332aeb9a944eca4c7548361a263?s=96&d=mm&r=g","caption":"Sven Kast\u00f6"},"url":"https:\/\/www.sbhss.eu\/sv\/author\/sven-kastosbhss-eu\/"}]}},"_links":{"self":[{"href":"https:\/\/www.sbhss.eu\/sv\/wp-json\/wp\/v2\/posts\/1367","targetHints":{"allow":["GET"]}}],"collection":[{"href":"https:\/\/www.sbhss.eu\/sv\/wp-json\/wp\/v2\/posts"}],"about":[{"href":"https:\/\/www.sbhss.eu\/sv\/wp-json\/wp\/v2\/types\/post"}],"author":[{"embeddable":true,"href":"https:\/\/www.sbhss.eu\/sv\/wp-json\/wp\/v2\/users\/3"}],"replies":[{"embeddable":true,"href":"https:\/\/www.sbhss.eu\/sv\/wp-json\/wp\/v2\/comments?post=1367"}],"version-history":[{"count":0,"href":"https:\/\/www.sbhss.eu\/sv\/wp-json\/wp\/v2\/posts\/1367\/revisions"}],"wp:attachment":[{"href":"https:\/\/www.sbhss.eu\/sv\/wp-json\/wp\/v2\/media?parent=1367"}],"wp:term":[{"taxonomy":"category","embeddable":true,"href":"https:\/\/www.sbhss.eu\/sv\/wp-json\/wp\/v2\/categories?post=1367"},{"taxonomy":"post_tag","embeddable":true,"href":"https:\/\/www.sbhss.eu\/sv\/wp-json\/wp\/v2\/tags?post=1367"}],"curies":[{"name":"wp","href":"https:\/\/api.w.org\/{rel}","templated":true}]}}