{"id":1374,"date":"2016-04-05T09:53:03","date_gmt":"2016-04-05T07:53:03","guid":{"rendered":"http:\/\/wp.sbhss.eu\/?p=428"},"modified":"2016-04-05T09:53:03","modified_gmt":"2016-04-05T07:53:03","slug":"chans-for-dig-som-ar-mellan-16-och-24-ar-att-paverka-eu-s-miljopolitik","status":"publish","type":"post","link":"https:\/\/www.sbhss.eu\/sv\/chans-for-dig-som-ar-mellan-16-och-24-ar-att-paverka-eu-s-miljopolitik\/","title":{"rendered":"South Sweden"},"content":{"rendered":"<p style=\"margin: 0px 0px 10.66px; text-align: justify;\"><font face=\"Calibri\"><font color=\"#000000\"><span lang=\"EN-US\" style=\"margin: 0px; line-height: 107%; font-size: 12pt;\">South Sweden\u00b4s Brussels Office works to connect our five regional authorities and two universities with European policies, networks and collaborations. <\/span><span style=\"margin: 0px; line-height: 107%; font-size: 12pt;\">South Sweden represents Linnaeus University, J\u00f6nk\u00f6ping University, Region Halland, Region J\u00f6nk\u00f6ping, Region Kronoberg, Region Kalmar and&nbsp;Region Blekinge. <\/span><\/font><\/font><\/p>\n<p style=\"background: white; margin: 0px; text-align: justify; line-height: normal;\"><span lang=\"EN\" style=\"margin: 0px; font-size: 12pt;\"><font color=\"#000000\" face=\"Calibri\">We have a green profile and our regional authorities coordinate processes that enables green growth and innovation for public and private actors in South Sweden. We have competitive skills and innovation capacity within the fields of the forest-based bioeconomy, the bio-based transport sector and health technology \u2013 only to mention a few! <\/font><\/span><\/p>\n<p style=\"background: white; margin: 0px; text-align: justify; line-height: normal;\">&nbsp;<\/p>\n<p style=\"background: white; margin: 0px; text-align: justify; line-height: normal;\"><span lang=\"EN\" style=\"margin: 0px; font-size: 12pt;\"><font color=\"#000000\" face=\"Calibri\">South Sweden\u00b4s Brussels office helps our members to engage in european policy and find strategic partners in thematic fields of interest. For more information about the office and our areas of work contact our employees. <\/font><\/span><\/p>\n<p style=\"background: white; margin: 0px; text-align: justify; line-height: normal;\">&nbsp;<\/p>\n<p style=\"background: white; margin: 0px; text-align: justify; line-height: normal;\"><strong>Contact&nbsp;<\/strong><\/p>\n<p style=\"background: white; margin: 0px; text-align: justify; line-height: normal;\">&nbsp;<\/p>\n<p style=\"background: white; margin: 0px; text-align: justify; line-height: normal;\"><span lang=\"EN\" style=\"margin: 0px; line-height: 107%; font-family: &quot;Calibri&quot;,sans-serif; font-size: 12pt;\"><font color=\"#000000\"><strong>Sven Kast\u00f6<\/strong>, director of South Sweden\u2019s Brussels Office<span style=\"margin: 0px;\">&nbsp; <\/span><\/font><\/span><\/p>\n<p style=\"background: white; margin: 0px; text-align: justify; line-height: normal;\"><a href=\"mailto:sven.kasto@sbhss.eu\" style=\"background-color: transparent; color: rgb(52, 152, 219); font-family: PT Sans; font-size: 16px; font-style: normal; font-variant: normal; font-weight: 400; letter-spacing: normal; orphans: 2; outline-color: invert; outline-style: none; outline-width: 0px; text-align: left; text-decoration: none; text-indent: 0px; text-transform: none; -webkit-text-stroke-width: 0px; white-space: normal; word-spacing: 0px;\">sven.kasto@sbhss.eu<\/a>&nbsp;+32 <span style=\"display: inline !important; float: none; background-color: transparent; color: rgb(16, 16, 16); font-family: PT Sans; font-size: 16px; font-style: normal; font-variant: normal; font-weight: 400; letter-spacing: normal; orphans: 2; text-align: left; text-decoration: none; text-indent: 0px; text-transform: none; -webkit-text-stroke-width: 0px; white-space: normal; word-spacing: 0px;\">488-90 49 43<\/span><\/p>\n<p style=\"background: white; margin: 0px; text-align: justify; line-height: normal;\">&nbsp;<\/p>\n<p style=\"background: white; margin: 0px; text-align: justify; line-height: normal;\"><span lang=\"EN\" style=\"margin: 0px; font-size: 12pt;\"><font color=\"#000000\" face=\"Calibri\"><strong>Linda Reinholdsson<\/strong>, EU Policy Officer, works with assisting and advising within the four areas; Bioeconomy (Forest), Energy, Transport and Health. <\/font><\/span><\/p>\n<p><a href=\"mailto:linda.reinholdsson@sbhss.eu\" style=\"background-color: transparent; color: rgb(52, 152, 219); font-family: PT Sans; font-size: 16px; font-style: normal; font-variant: normal; font-weight: 400; letter-spacing: normal; orphans: 2; text-align: left; text-decoration: none; text-indent: 0px; text-transform: none; -webkit-text-stroke-width: 0px; white-space: normal; word-spacing: 0px;\">linda.reinholdsson@sbhss.eu<\/a>&nbsp;<span style=\"display: inline !important; float: none; background-color: transparent; color: rgb(16, 16, 16); font-family: PT Sans; font-size: 16px; font-style: normal; font-variant: normal; font-weight: 400; letter-spacing: normal; orphans: 2; text-align: left; text-decoration: none; text-indent: 0px; text-transform: none; -webkit-text-stroke-width: 0px; white-space: normal; word-spacing: 0px;\">+32 492-45 48 92<\/span><\/p>\n<p style=\"background: white; margin: 0px; text-align: justify; line-height: normal;\"><span lang=\"EN\" style=\"margin: 0px; font-size: 12pt;\"><font color=\"#000000\" face=\"Calibri\"><strong>Adam Andersson<\/strong>, EU Policy Officer, works with assisting and advising within the four areas; Research and Innovation, Bioeconomy (Food), Water and Education. <\/font><\/span><\/p>\n<p style=\"background: white; margin: 0px; text-align: justify; line-height: normal;\"><a href=\"mailto:adam.andersson@sbhss.eu\" style=\"background-color: transparent; color: rgb(52, 152, 219); font-family: PT Sans; font-size: 16px; font-style: normal; font-variant: normal; font-weight: 400; letter-spacing: normal; orphans: 2; text-align: left; text-decoration: none; text-indent: 0px; text-transform: none; -webkit-text-stroke-width: 0px; white-space: normal; word-spacing: 0px;\" title=\"\">adam.andersson@sbhss.eu<\/a><span style=\"display: inline !important; float: none; background-color: transparent; color: rgb(16, 16, 16); font-family: PT Sans; font-size: 16px; font-style: normal; font-variant: normal; font-weight: 400; letter-spacing: normal; orphans: 2; text-align: left; text-decoration: none; text-indent: 0px; text-transform: none; -webkit-text-stroke-width: 0px; white-space: normal; word-spacing: 0px;\">&nbsp;<\/span><font color=\"#b00000\" face=\"Calibri\">&nbsp;<\/font><span style=\"display: inline !important; float: none; background-color: transparent; color: rgb(16, 16, 16); font-family: PT Sans; font-size: 16px; font-style: normal; font-variant: normal; font-weight: 400; letter-spacing: normal; orphans: 2; text-align: left; text-decoration: none; text-indent: 0px; text-transform: none; -webkit-text-stroke-width: 0px; white-space: normal; word-spacing: 0px;\">+32 497- 62 15 92&nbsp;<\/span><\/p>\n<p style=\"background: white; margin: 0px; text-align: justify; line-height: normal;\">&nbsp;<\/p>\n<p><img loading=\"lazy\" decoding=\"async\" class=\" alignleft size-full wp-image-15\" alt=\"Sven Kast\u00f6\" class=\"size-thumbnail wp-image-260 alignleft\" src=\"https:\/\/www.sbhss.eu\/wp-content\/uploads\/2021\/07\/sven-k.jpg\" style=\"background-color: transparent; border-bottom-color: rgb(16, 16, 16); border-bottom-style: none; border-bottom-width: 0px; border-image-outset: 0; border-image-repeat: stretch; border-image-slice: 100%; border-image-source: none; border-image-width: 1; border-left-color: rgb(16, 16, 16); border-left-style: none; border-left-width: 0px; border-right-color: rgb(16, 16, 16); border-right-style: none; border-right-width: 0px; border-top-color: rgb(16, 16, 16); border-top-style: none; border-top-width: 0px; color: rgb(16, 16, 16); cursor: default; float: left; font-family: PT Sans; font-size: 16px; font-style: normal; font-variant: normal; font-weight: 700; height: 110px; letter-spacing: normal; max-width: 108px; orphans: 2; outline-color: rgb(0, 0, 0); outline-style: dashed; outline-width: 1px; text-align: left; text-decoration: none; text-indent: 0px; text-transform: none; vertical-align: middle; -webkit-text-stroke-width: 0px; white-space: normal; width: 90px; word-spacing: 0px;\" title=\"Sven Kast\u00f6\" width=\"90\" height=\"110\" \/> &nbsp;<img loading=\"lazy\" decoding=\"async\" class=\" size-full wp-image-16\" alt=\"Anna Nilsson\" class=\"size-full wp-image-275 alignleft\" src=\"https:\/\/www.sbhss.eu\/wp-content\/uploads\/2021\/06\/linda-reinholdsson_sbhss.jpg\" style=\"background-color: transparent; border-bottom-color: rgb(16, 16, 16); border-bottom-style: none; border-bottom-width: 0px; border-image-outset: 0; border-image-repeat: stretch; border-image-slice: 100%; border-image-source: none; border-image-width: 1; border-left-color: rgb(16, 16, 16); border-left-style: none; border-left-width: 0px; border-right-color: rgb(16, 16, 16); border-right-style: none; border-right-width: 0px; border-top-color: rgb(16, 16, 16); border-top-style: none; border-top-width: 0px; color: rgb(16, 16, 16); cursor: default; font-family: PT Sans; font-size: 16px; font-style: normal; font-variant: normal; font-weight: 700; height: 110px; letter-spacing: normal; max-width: 108px; orphans: 2; outline-color: rgb(0, 0, 0); outline-style: dashed; outline-width: 1px; text-align: left; text-decoration: none; text-indent: 0px; text-transform: none; vertical-align: middle; -webkit-text-stroke-width: 0px; white-space: normal; width: 90px; word-spacing: 0px;\" title=\"Anna Nilsson\" width=\"90\" height=\"110\" \/><img loading=\"lazy\" decoding=\"async\" class=\" size-full wp-image-17\" alt=\"\" src=\"https:\/\/www.sbhss.eu\/wp-content\/uploads\/2021\/06\/adam-bild-.jpg\" style=\"background-color: transparent; border-bottom-color: rgb(16, 16, 16); border-bottom-style: none; border-bottom-width: 0px; border-image-outset: 0; border-image-repeat: stretch; border-image-slice: 100%; border-image-source: none; border-image-width: 1; border-left-color: rgb(16, 16, 16); border-left-style: none; border-left-width: 0px; border-right-color: rgb(16, 16, 16); border-right-style: none; border-right-width: 0px; border-top-color: rgb(16, 16, 16); border-top-style: none; border-top-width: 0px; color: rgb(16, 16, 16); cursor: default; font-family: PT Sans; font-size: 16px; font-style: normal; font-variant: normal; font-weight: 400; height: 108px; letter-spacing: normal; max-width: 108px; orphans: 2; outline-color: rgb(0, 0, 0); outline-style: dashed; outline-width: 1px; text-align: left; text-decoration: none; text-indent: 0px; text-transform: none; vertical-align: middle; -webkit-text-stroke-width: 0px; white-space: normal; width: 98px; word-spacing: 0px;\" width=\"200\" height=\"200\" \/>&nbsp;&nbsp;&nbsp;<\/p>\n","protected":false},"excerpt":{"rendered":"<p>South Sweden\u00b4s Brussels Office works to connect our five regional authorities and two universities with European policies, networks and collaborations. South Sweden represents Linnaeus University, J\u00f6nk\u00f6ping University, Region Halland, Region J\u00f6nk\u00f6ping, Region Kronoberg, Region Kalmar and&nbsp;Region Blekinge. We have a green profile and our regional authorities coordinate processes that enables green growth and innovation for [&hellip;]<\/p>\n","protected":false},"author":3,"featured_media":15,"comment_status":"open","ping_status":"open","sticky":false,"template":"","format":"standard","meta":{"_acf_changed":false,"footnotes":""},"categories":[11],"tags":[],"class_list":["post-1374","post","type-post","status-publish","format-standard","has-post-thumbnail","hentry","category-hem"],"acf":[],"yoast_head":"<!-- This site is optimized with the Yoast SEO plugin v27.5 - https:\/\/yoast.com\/product\/yoast-seo-wordpress\/ -->\n<title>South Sweden - SBHSS<\/title>\n<meta name=\"robots\" content=\"index, follow, max-snippet:-1, max-image-preview:large, max-video-preview:-1\" \/>\n<link rel=\"canonical\" href=\"https:\/\/www.sbhss.eu\/sv\/chans-for-dig-som-ar-mellan-16-och-24-ar-att-paverka-eu-s-miljopolitik\/\" \/>\n<meta property=\"og:locale\" content=\"sv_SE\" \/>\n<meta property=\"og:type\" content=\"article\" \/>\n<meta property=\"og:title\" content=\"South Sweden - SBHSS\" \/>\n<meta property=\"og:description\" content=\"South Sweden\u00b4s Brussels Office works to connect our five regional authorities and two universities with European policies, networks and collaborations. South Sweden represents Linnaeus University, J\u00f6nk\u00f6ping University, Region Halland, Region J\u00f6nk\u00f6ping, Region Kronoberg, Region Kalmar and&nbsp;Region Blekinge. We have a green profile and our regional authorities coordinate processes that enables green growth and innovation for [&hellip;]\" \/>\n<meta property=\"og:url\" content=\"https:\/\/www.sbhss.eu\/sv\/chans-for-dig-som-ar-mellan-16-och-24-ar-att-paverka-eu-s-miljopolitik\/\" \/>\n<meta property=\"og:site_name\" content=\"SBHSS\" \/>\n<meta property=\"article:published_time\" content=\"2016-04-05T07:53:03+00:00\" \/>\n<meta name=\"author\" content=\"Sven Kast\u00f6\" \/>\n<meta name=\"twitter:card\" content=\"summary_large_image\" \/>\n<meta name=\"twitter:label1\" content=\"Skriven av\" \/>\n\t<meta name=\"twitter:data1\" content=\"Sven Kast\u00f6\" \/>\n\t<meta name=\"twitter:label2\" content=\"Ber\u00e4knad l\u00e4stid\" \/>\n\t<meta name=\"twitter:data2\" content=\"1 minut\" \/>\n<script type=\"application\/ld+json\" class=\"yoast-schema-graph\">{\"@context\":\"https:\\\/\\\/schema.org\",\"@graph\":[{\"@type\":\"Article\",\"@id\":\"https:\\\/\\\/www.sbhss.eu\\\/sv\\\/chans-for-dig-som-ar-mellan-16-och-24-ar-att-paverka-eu-s-miljopolitik\\\/#article\",\"isPartOf\":{\"@id\":\"https:\\\/\\\/www.sbhss.eu\\\/sv\\\/chans-for-dig-som-ar-mellan-16-och-24-ar-att-paverka-eu-s-miljopolitik\\\/\"},\"author\":{\"name\":\"Sven Kast\u00f6\",\"@id\":\"https:\\\/\\\/www.sbhss.eu\\\/#\\\/schema\\\/person\\\/b8d8eb4c1088a05ed50ecff9b2bf643f\"},\"headline\":\"South Sweden\",\"datePublished\":\"2016-04-05T07:53:03+00:00\",\"mainEntityOfPage\":{\"@id\":\"https:\\\/\\\/www.sbhss.eu\\\/sv\\\/chans-for-dig-som-ar-mellan-16-och-24-ar-att-paverka-eu-s-miljopolitik\\\/\"},\"wordCount\":216,\"commentCount\":0,\"image\":{\"@id\":\"https:\\\/\\\/www.sbhss.eu\\\/sv\\\/chans-for-dig-som-ar-mellan-16-och-24-ar-att-paverka-eu-s-miljopolitik\\\/#primaryimage\"},\"thumbnailUrl\":\"\",\"articleSection\":[\"Hem - Startsidan\"],\"inLanguage\":\"sv-SE\"},{\"@type\":\"WebPage\",\"@id\":\"https:\\\/\\\/www.sbhss.eu\\\/sv\\\/chans-for-dig-som-ar-mellan-16-och-24-ar-att-paverka-eu-s-miljopolitik\\\/\",\"url\":\"https:\\\/\\\/www.sbhss.eu\\\/sv\\\/chans-for-dig-som-ar-mellan-16-och-24-ar-att-paverka-eu-s-miljopolitik\\\/\",\"name\":\"South Sweden - SBHSS\",\"isPartOf\":{\"@id\":\"https:\\\/\\\/www.sbhss.eu\\\/#website\"},\"primaryImageOfPage\":{\"@id\":\"https:\\\/\\\/www.sbhss.eu\\\/sv\\\/chans-for-dig-som-ar-mellan-16-och-24-ar-att-paverka-eu-s-miljopolitik\\\/#primaryimage\"},\"image\":{\"@id\":\"https:\\\/\\\/www.sbhss.eu\\\/sv\\\/chans-for-dig-som-ar-mellan-16-och-24-ar-att-paverka-eu-s-miljopolitik\\\/#primaryimage\"},\"thumbnailUrl\":\"\",\"datePublished\":\"2016-04-05T07:53:03+00:00\",\"author\":{\"@id\":\"https:\\\/\\\/www.sbhss.eu\\\/#\\\/schema\\\/person\\\/b8d8eb4c1088a05ed50ecff9b2bf643f\"},\"breadcrumb\":{\"@id\":\"https:\\\/\\\/www.sbhss.eu\\\/sv\\\/chans-for-dig-som-ar-mellan-16-och-24-ar-att-paverka-eu-s-miljopolitik\\\/#breadcrumb\"},\"inLanguage\":\"sv-SE\",\"potentialAction\":[{\"@type\":\"ReadAction\",\"target\":[\"https:\\\/\\\/www.sbhss.eu\\\/sv\\\/chans-for-dig-som-ar-mellan-16-och-24-ar-att-paverka-eu-s-miljopolitik\\\/\"]}]},{\"@type\":\"ImageObject\",\"inLanguage\":\"sv-SE\",\"@id\":\"https:\\\/\\\/www.sbhss.eu\\\/sv\\\/chans-for-dig-som-ar-mellan-16-och-24-ar-att-paverka-eu-s-miljopolitik\\\/#primaryimage\",\"url\":\"\",\"contentUrl\":\"\"},{\"@type\":\"BreadcrumbList\",\"@id\":\"https:\\\/\\\/www.sbhss.eu\\\/sv\\\/chans-for-dig-som-ar-mellan-16-och-24-ar-att-paverka-eu-s-miljopolitik\\\/#breadcrumb\",\"itemListElement\":[{\"@type\":\"ListItem\",\"position\":1,\"name\":\"Hem\",\"item\":\"https:\\\/\\\/www.sbhss.eu\\\/sv\\\/\"},{\"@type\":\"ListItem\",\"position\":2,\"name\":\"South Sweden\"}]},{\"@type\":\"WebSite\",\"@id\":\"https:\\\/\\\/www.sbhss.eu\\\/#website\",\"url\":\"https:\\\/\\\/www.sbhss.eu\\\/\",\"name\":\"SBHSS\",\"description\":\"\",\"potentialAction\":[{\"@type\":\"SearchAction\",\"target\":{\"@type\":\"EntryPoint\",\"urlTemplate\":\"https:\\\/\\\/www.sbhss.eu\\\/?s={search_term_string}\"},\"query-input\":{\"@type\":\"PropertyValueSpecification\",\"valueRequired\":true,\"valueName\":\"search_term_string\"}}],\"inLanguage\":\"sv-SE\"},{\"@type\":\"Person\",\"@id\":\"https:\\\/\\\/www.sbhss.eu\\\/#\\\/schema\\\/person\\\/b8d8eb4c1088a05ed50ecff9b2bf643f\",\"name\":\"Sven Kast\u00f6\",\"image\":{\"@type\":\"ImageObject\",\"inLanguage\":\"sv-SE\",\"@id\":\"https:\\\/\\\/secure.gravatar.com\\\/avatar\\\/4ce3985fbe5a36073e6a0cbba2acaad0da794332aeb9a944eca4c7548361a263?s=96&d=mm&r=g\",\"url\":\"https:\\\/\\\/secure.gravatar.com\\\/avatar\\\/4ce3985fbe5a36073e6a0cbba2acaad0da794332aeb9a944eca4c7548361a263?s=96&d=mm&r=g\",\"contentUrl\":\"https:\\\/\\\/secure.gravatar.com\\\/avatar\\\/4ce3985fbe5a36073e6a0cbba2acaad0da794332aeb9a944eca4c7548361a263?s=96&d=mm&r=g\",\"caption\":\"Sven Kast\u00f6\"},\"url\":\"https:\\\/\\\/www.sbhss.eu\\\/sv\\\/author\\\/sven-kastosbhss-eu\\\/\"}]}<\/script>\n<!-- \/ Yoast SEO plugin. -->","yoast_head_json":{"title":"South Sweden - SBHSS","robots":{"index":"index","follow":"follow","max-snippet":"max-snippet:-1","max-image-preview":"max-image-preview:large","max-video-preview":"max-video-preview:-1"},"canonical":"https:\/\/www.sbhss.eu\/sv\/chans-for-dig-som-ar-mellan-16-och-24-ar-att-paverka-eu-s-miljopolitik\/","og_locale":"sv_SE","og_type":"article","og_title":"South Sweden - SBHSS","og_description":"South Sweden\u00b4s Brussels Office works to connect our five regional authorities and two universities with European policies, networks and collaborations. South Sweden represents Linnaeus University, J\u00f6nk\u00f6ping University, Region Halland, Region J\u00f6nk\u00f6ping, Region Kronoberg, Region Kalmar and&nbsp;Region Blekinge. We have a green profile and our regional authorities coordinate processes that enables green growth and innovation for [&hellip;]","og_url":"https:\/\/www.sbhss.eu\/sv\/chans-for-dig-som-ar-mellan-16-och-24-ar-att-paverka-eu-s-miljopolitik\/","og_site_name":"SBHSS","article_published_time":"2016-04-05T07:53:03+00:00","author":"Sven Kast\u00f6","twitter_card":"summary_large_image","twitter_misc":{"Skriven av":"Sven Kast\u00f6","Ber\u00e4knad l\u00e4stid":"1 minut"},"schema":{"@context":"https:\/\/schema.org","@graph":[{"@type":"Article","@id":"https:\/\/www.sbhss.eu\/sv\/chans-for-dig-som-ar-mellan-16-och-24-ar-att-paverka-eu-s-miljopolitik\/#article","isPartOf":{"@id":"https:\/\/www.sbhss.eu\/sv\/chans-for-dig-som-ar-mellan-16-och-24-ar-att-paverka-eu-s-miljopolitik\/"},"author":{"name":"Sven Kast\u00f6","@id":"https:\/\/www.sbhss.eu\/#\/schema\/person\/b8d8eb4c1088a05ed50ecff9b2bf643f"},"headline":"South Sweden","datePublished":"2016-04-05T07:53:03+00:00","mainEntityOfPage":{"@id":"https:\/\/www.sbhss.eu\/sv\/chans-for-dig-som-ar-mellan-16-och-24-ar-att-paverka-eu-s-miljopolitik\/"},"wordCount":216,"commentCount":0,"image":{"@id":"https:\/\/www.sbhss.eu\/sv\/chans-for-dig-som-ar-mellan-16-och-24-ar-att-paverka-eu-s-miljopolitik\/#primaryimage"},"thumbnailUrl":"","articleSection":["Hem - Startsidan"],"inLanguage":"sv-SE"},{"@type":"WebPage","@id":"https:\/\/www.sbhss.eu\/sv\/chans-for-dig-som-ar-mellan-16-och-24-ar-att-paverka-eu-s-miljopolitik\/","url":"https:\/\/www.sbhss.eu\/sv\/chans-for-dig-som-ar-mellan-16-och-24-ar-att-paverka-eu-s-miljopolitik\/","name":"South Sweden - SBHSS","isPartOf":{"@id":"https:\/\/www.sbhss.eu\/#website"},"primaryImageOfPage":{"@id":"https:\/\/www.sbhss.eu\/sv\/chans-for-dig-som-ar-mellan-16-och-24-ar-att-paverka-eu-s-miljopolitik\/#primaryimage"},"image":{"@id":"https:\/\/www.sbhss.eu\/sv\/chans-for-dig-som-ar-mellan-16-och-24-ar-att-paverka-eu-s-miljopolitik\/#primaryimage"},"thumbnailUrl":"","datePublished":"2016-04-05T07:53:03+00:00","author":{"@id":"https:\/\/www.sbhss.eu\/#\/schema\/person\/b8d8eb4c1088a05ed50ecff9b2bf643f"},"breadcrumb":{"@id":"https:\/\/www.sbhss.eu\/sv\/chans-for-dig-som-ar-mellan-16-och-24-ar-att-paverka-eu-s-miljopolitik\/#breadcrumb"},"inLanguage":"sv-SE","potentialAction":[{"@type":"ReadAction","target":["https:\/\/www.sbhss.eu\/sv\/chans-for-dig-som-ar-mellan-16-och-24-ar-att-paverka-eu-s-miljopolitik\/"]}]},{"@type":"ImageObject","inLanguage":"sv-SE","@id":"https:\/\/www.sbhss.eu\/sv\/chans-for-dig-som-ar-mellan-16-och-24-ar-att-paverka-eu-s-miljopolitik\/#primaryimage","url":"","contentUrl":""},{"@type":"BreadcrumbList","@id":"https:\/\/www.sbhss.eu\/sv\/chans-for-dig-som-ar-mellan-16-och-24-ar-att-paverka-eu-s-miljopolitik\/#breadcrumb","itemListElement":[{"@type":"ListItem","position":1,"name":"Hem","item":"https:\/\/www.sbhss.eu\/sv\/"},{"@type":"ListItem","position":2,"name":"South Sweden"}]},{"@type":"WebSite","@id":"https:\/\/www.sbhss.eu\/#website","url":"https:\/\/www.sbhss.eu\/","name":"SBHSS","description":"","potentialAction":[{"@type":"SearchAction","target":{"@type":"EntryPoint","urlTemplate":"https:\/\/www.sbhss.eu\/?s={search_term_string}"},"query-input":{"@type":"PropertyValueSpecification","valueRequired":true,"valueName":"search_term_string"}}],"inLanguage":"sv-SE"},{"@type":"Person","@id":"https:\/\/www.sbhss.eu\/#\/schema\/person\/b8d8eb4c1088a05ed50ecff9b2bf643f","name":"Sven Kast\u00f6","image":{"@type":"ImageObject","inLanguage":"sv-SE","@id":"https:\/\/secure.gravatar.com\/avatar\/4ce3985fbe5a36073e6a0cbba2acaad0da794332aeb9a944eca4c7548361a263?s=96&d=mm&r=g","url":"https:\/\/secure.gravatar.com\/avatar\/4ce3985fbe5a36073e6a0cbba2acaad0da794332aeb9a944eca4c7548361a263?s=96&d=mm&r=g","contentUrl":"https:\/\/secure.gravatar.com\/avatar\/4ce3985fbe5a36073e6a0cbba2acaad0da794332aeb9a944eca4c7548361a263?s=96&d=mm&r=g","caption":"Sven Kast\u00f6"},"url":"https:\/\/www.sbhss.eu\/sv\/author\/sven-kastosbhss-eu\/"}]}},"_links":{"self":[{"href":"https:\/\/www.sbhss.eu\/sv\/wp-json\/wp\/v2\/posts\/1374","targetHints":{"allow":["GET"]}}],"collection":[{"href":"https:\/\/www.sbhss.eu\/sv\/wp-json\/wp\/v2\/posts"}],"about":[{"href":"https:\/\/www.sbhss.eu\/sv\/wp-json\/wp\/v2\/types\/post"}],"author":[{"embeddable":true,"href":"https:\/\/www.sbhss.eu\/sv\/wp-json\/wp\/v2\/users\/3"}],"replies":[{"embeddable":true,"href":"https:\/\/www.sbhss.eu\/sv\/wp-json\/wp\/v2\/comments?post=1374"}],"version-history":[{"count":0,"href":"https:\/\/www.sbhss.eu\/sv\/wp-json\/wp\/v2\/posts\/1374\/revisions"}],"wp:featuredmedia":[{"embeddable":true,"href":"https:\/\/www.sbhss.eu\/sv\/wp-json\/"}],"wp:attachment":[{"href":"https:\/\/www.sbhss.eu\/sv\/wp-json\/wp\/v2\/media?parent=1374"}],"wp:term":[{"taxonomy":"category","embeddable":true,"href":"https:\/\/www.sbhss.eu\/sv\/wp-json\/wp\/v2\/categories?post=1374"},{"taxonomy":"post_tag","embeddable":true,"href":"https:\/\/www.sbhss.eu\/sv\/wp-json\/wp\/v2\/tags?post=1374"}],"curies":[{"name":"wp","href":"https:\/\/api.w.org\/{rel}","templated":true}]}}