{"id":1378,"date":"2016-04-07T11:41:29","date_gmt":"2016-04-07T09:41:29","guid":{"rendered":"http:\/\/wp.sbhss.eu\/?p=432"},"modified":"2016-04-07T11:41:29","modified_gmt":"2016-04-07T09:41:29","slug":"gothenburg-social-days-a-good-start-in-life","status":"publish","type":"post","link":"https:\/\/www.sbhss.eu\/sv\/gothenburg-social-days-a-good-start-in-life\/","title":{"rendered":"Gothenburg social days \u2013 A good start in life"},"content":{"rendered":"<p style=\"text-align: justify;\">\n\tDen 17 mars anordnade G&ouml;teborgs stads brysselkontor en konferens p&aring; temat sociala dagar och Sm&aring;land-Blekinge var mer och deltog i seminariet under temat <strong><em>En bra start i livet<\/em><\/strong>.&nbsp; Bland de inbjudna fanns bland annat Professor Kelly fr&aring;n University College London, Julius Op De Beke, generaldirekt&ouml;ren f&ouml;r arbete och Marina Johanssons kommunalr&aring;d f&ouml;r G&ouml;teborg. Barns utveckling &auml;r v&auml;sentlig under deras f&ouml;rsta levnads&aring;r och statistik visar &auml;ven att investeringen i v&aring;ra barn ger en avkastning p&aring; 10 %, vilket &auml;r mer &auml;n inom omr&aring;det infrastruktur. &nbsp;<\/p>\n<p><!--more--><\/p>\n<p style=\"text-align: justify;\">\n\tSyftet med seminariet var bland annat att presentera forskningsresultat som visar p&aring; att de f&ouml;rsta levnads&aring;ren i barnens liv &auml;r mycket viktiga f&ouml;r deras kommande utveckling i livet. Det kan tyckas att de allra flesta redan k&auml;nner till denna fakta men seminariet ville &auml;ven belysa vad Sveriges g&ouml;r n&auml;r det kommer till barn mellan &aring;ren 0-3 &aring;r, vad som g&ouml;rs p&aring; EU-niv&aring; och hur statistiken ser ut i de olika medlemsl&auml;nderna.<\/p>\n<p style=\"text-align: justify;\">\n\t<u>Sverige<\/u><\/p>\n<p style=\"text-align: justify;\">\n\tKommunalr&aring;det i G&ouml;teborg, Marina Johansson, presenterade resultaten i en rapport gjord ang&aring;ende de stora skillnaderna i G&ouml;teborgs stad n&auml;r det kommer till de sociala resurser barn v&auml;xer upp med i olika stadsdelar. Socialekonomiska faktorer s&aring;som f&ouml;r&auml;ldrarnas utbildningsniv&aring;, inkomst och h&auml;lsotillst&aring;nd &auml;r v&auml;sentliga faktorer som redan tidigt s&auml;tter sin pr&auml;gel p&aring; barns utvecklingsniv&aring;. I G&ouml;teborg och i andra st&auml;der runtom i Europa finns det idag en stor segregation g&auml;llande befolkningen vilket g&ouml;r att de socioekonomiska skillnaderna blir allt st&ouml;rre. Idag &auml;r det en utmaning f&ouml;r m&aring;nga st&auml;der att bli mer j&auml;mst&auml;llda g&auml;llande socioekonomiska fr&aring;gor och G&ouml;teborg har b&ouml;rjat sitt arbete med att ta itu med dessa utmaningar. En viktig drivkraft &auml;r att alla barnen ska ha lika f&ouml;ruts&auml;ttningar till att kunna utvecklas i livet.<\/p>\n<p style=\"text-align: justify;\">\n\t<u>Medlemsl&auml;nderna<\/u><\/p>\n<p style=\"text-align: justify;\">\n\t&Aring;sa Petri, ansvarig f&ouml;r utbildningsfr&aring;gor vid Sveriges st&auml;ndiga representation i Bryssel, presenterade statistik kring gruppen 0-5 -&aring;ringar i Europas olika medlemsl&auml;nder. Vart fj&auml;rde barn l&ouml;per risk att v&auml;xa upp i fattigdom med st&ouml;rst risk f&ouml;r detta i medlemsl&auml;nderna i &ouml;st men &auml;ven i Storbritannien. P&aring; EU-niv&aring; har man genom de s&aring; kallade <a href=\"http:\/\/ec.europa.eu\/justice\/gender-equality\/files\/documents\/130531_barcelona_en.pdf\">Barcelona objectives<\/a> till &aring;r 2010 haft som m&aring;l att &ouml;ka antalet barn &ouml;ver tre &aring;r som g&aring;r p&aring; dagis eller f&ouml;rskola till 90 % samt g&auml;llande barn under tre &aring;r som g&aring;r p&aring; dagis till 33 %. Detta f&ouml;r att man har sett att barn som g&aring;r p&aring; dagis eller f&ouml;rskola tidigt har en st&ouml;rre chans att utvecklas &aring;t r&auml;tt h&aring;ll &auml;n barn som inte deltar i likande aktiviteter tidigt i livet. Man skapade &auml;ven dessa m&aring;l f&ouml;r att f&aring; fler kvinnor i arbete d&aring; man har sett att om det finns lika tillg&aring;ng till daghem eller liknandes&aring; kan fler kvinnor v&auml;lja att arbeta n&auml;r barnen &auml;r sm&aring;. Detta &auml;r en n&ouml;dv&auml;ndighet i dagens EU d&aring; v&aring;r befolkning blir allt &auml;ldre och vi beh&ouml;ver ha fler i arbete f&ouml;r att klara av den demografiska omst&auml;llningen.<\/p>\n<p style=\"text-align: justify;\">\n\tBarcelona objektiven har man f&ouml;rst och fr&auml;mst skapat f&ouml;r barnens skull d&aring; man vill stimulera barnenen lust till att l&auml;ra fr&aring;n tidig &aring;lder d&aring; man har sett att detta g&ouml;r stor skillnad senare i barnens val av att studera vidare. T.ex. s&aring; finns det en stor korrelation mellan barn som under &aring;ren 0-3 &aring;r f&aring;r g&aring; p&aring; dagis eller likande och hur bra de presterar i matematik senare under sin skolg&aring;ng samt att deras l&auml;skunnighet f&ouml;rb&auml;ttras betydligt. &nbsp;&nbsp;<\/p>\n<p style=\"text-align: justify;\">\n\t&nbsp;<\/p>\n<p style=\"text-align: justify;\">\n\t<u>EU-niv&aring;<\/u><\/p>\n<p style=\"text-align: justify;\">\n\tGeneraldirekt&ouml;ren inom omr&aring;det arbete, Julius Op De Beke, menar p&aring; att vi m&aring;ste investera i v&aring;ra barn och deras framtid f&ouml;r att de ska kunna uppfylla sina fulla potential och vara betydande resurser f&ouml;r samh&auml;llet. Investeringen i v&aring;ra barn ger ur ekonomisk synpunkt en avkastning p&aring; ca 10 % som &auml;r en betydande siffra d&aring; den exempelvis &auml;r st&ouml;rre &auml;n avkastningen p&aring; omr&aring;det infrastruktur. Som det ser ut idag s&aring; &auml;r det 20 % av de unga som inte har grundl&auml;ggande kunskaper inom diverse &auml;mnen vilket &auml;r en stor f&ouml;rlust inf&ouml;r framtiden. Satsningar som finns p&aring; omr&aring;det &auml;r bland annat att socialfonden har 26 % dedikerade &aring;t just projekt som riktar sig till de f&ouml;rsta &aring;ren i barnens liv. Det finns i nul&auml;get gott om pengar men d&aring;ligt med projektid&eacute;er. Det finns &auml;ven ca.4,5 biljonereuro f&ouml;r projekt som v&auml;rnar om barn till de m&aring;nga som har immigrerat till EU i den senaste flyktingstr&ouml;mmen genom programmet FEAD som riktar sig till de i samh&auml;llet som &auml;r mest utsatta. &Auml;ven d&auml;r utlyses goda id&eacute;er om projekt som kan genomf&ouml;ras f&ouml;r att undvika social exkludering av dessa barn i framtiden.<\/p>\n<p style=\"text-align: justify;\">\n\tVidare menade Op De Beke att de faktorer som p&aring; EU-niv&aring; mest p&aring;verkar barns start i livet och om de v&auml;xer upp i fattigdom &auml;r bland annat att f&ouml;r&auml;ldrar &auml;r arbetsl&ouml;sa, att f&ouml;r&auml;ldrar &auml;r ensamst&aring;ende eller att de har f&ouml;r&auml;ldrar som &auml;r migranter. &Auml;ven generaldirekt&ouml;ren f&ouml;rde argumentet att vi i Europa just nu st&aring;r inf&ouml;r en stor f&ouml;r&auml;ndring n&auml;r det kommer till demografin och att v&aring;r befolkning blir allt &auml;ldre vilket g&ouml;r att den unga generationen blir en mycket viktig byggsten f&ouml;r framtiden. Man har i flertalet studier sett att de f&ouml;rsta &aring;ren i ett barns liv &auml;r mycket viktiga f&ouml;r barnets utveckling och det &auml;r d&auml;rf&ouml;r man nu p&aring; EU-niv&aring; uppm&auml;rksammar denna grupp mer och mer.<\/p>\n<p style=\"text-align: justify;\">\n\t<u>Akademiska synen p&aring; hur man kan ge barn en b&auml;ttre start i livet<\/u><\/p>\n<p style=\"text-align: justify;\">\n\tProfessor Kelly fr&aring;n University College of London presenterade sin studie om barns utveckling n&auml;r de &auml;r sm&aring; och fann bland annat att det &auml;r mycket viktig att man l&auml;ser till sina barn och att barnen har regelbundna sovtider och f&aring;r tillr&auml;ckligt med s&ouml;mn. Detta f&ouml;r att f&aring; den b&auml;sta starten i livet och utvecklas p&aring; b&auml;sta m&ouml;jliga vis.<\/p>\n<p style=\"text-align: justify;\">\n\tF&ouml;r Sm&aring;land-Blekinges del kan det ovan skrivna vara en tankest&auml;llare om hur bra man aktivt arbetar f&ouml;r &aring;ldersgruppen 0-5 &aring;r f&ouml;r att de ska f&aring; den b&auml;sta m&ouml;jliga starten i livet. I G&ouml;teborg stad har man startat ett projekt d&auml;r man vill bli en stad som l&auml;ser mycket f&ouml;r denna &aring;ldersgrupp, d&aring; detta har visat ge mycket goda effekter f&ouml;r barns utveckling senare i livet. Kanske &auml;r det en id&eacute; som g&aring;r att genomf&ouml;ra &auml;ven i Sm&aring;land-Blekinge? Man har studier p&aring; att svenska elever i snitt har 20 5 s&auml;mre l&auml;skunnighet &auml;n resten av EU och att l&auml;skunnigheten sedan 1991 och sjunkit sakta men s&auml;kert och OECD uppmanar nu Sverige att g&ouml;ra n&aring;got &aring;t detta.&nbsp;<\/p>\n","protected":false},"excerpt":{"rendered":"<p>Den 17 mars anordnade G&ouml;teborgs stads brysselkontor en konferens p&aring; temat sociala dagar och Sm&aring;land-Blekinge var mer och deltog i seminariet under temat En bra start i livet.&nbsp; Bland de inbjudna fanns bland annat Professor Kelly fr&aring;n University College London, Julius Op De Beke, generaldirekt&ouml;ren f&ouml;r arbete och Marina Johanssons kommunalr&aring;d f&ouml;r G&ouml;teborg. Barns utveckling [&hellip;]<\/p>\n","protected":false},"author":3,"featured_media":0,"comment_status":"open","ping_status":"open","sticky":false,"template":"","format":"standard","meta":{"_acf_changed":false,"footnotes":""},"categories":[11],"tags":[],"class_list":["post-1378","post","type-post","status-publish","format-standard","hentry","category-hem"],"acf":[],"yoast_head":"<!-- This site is optimized with the Yoast SEO plugin v27.5 - https:\/\/yoast.com\/product\/yoast-seo-wordpress\/ -->\n<title>Gothenburg social days \u2013 A good start in life - SBHSS<\/title>\n<meta name=\"robots\" content=\"index, follow, max-snippet:-1, max-image-preview:large, max-video-preview:-1\" \/>\n<link rel=\"canonical\" href=\"https:\/\/www.sbhss.eu\/sv\/gothenburg-social-days-a-good-start-in-life\/\" \/>\n<meta property=\"og:locale\" content=\"sv_SE\" \/>\n<meta property=\"og:type\" content=\"article\" \/>\n<meta property=\"og:title\" content=\"Gothenburg social days \u2013 A good start in life - SBHSS\" \/>\n<meta property=\"og:description\" content=\"Den 17 mars anordnade G&ouml;teborgs stads brysselkontor en konferens p&aring; temat sociala dagar och Sm&aring;land-Blekinge var mer och deltog i seminariet under temat En bra start i livet.&nbsp; Bland de inbjudna fanns bland annat Professor Kelly fr&aring;n University College London, Julius Op De Beke, generaldirekt&ouml;ren f&ouml;r arbete och Marina Johanssons kommunalr&aring;d f&ouml;r G&ouml;teborg. Barns utveckling [&hellip;]\" \/>\n<meta property=\"og:url\" content=\"https:\/\/www.sbhss.eu\/sv\/gothenburg-social-days-a-good-start-in-life\/\" \/>\n<meta property=\"og:site_name\" content=\"SBHSS\" \/>\n<meta property=\"article:published_time\" content=\"2016-04-07T09:41:29+00:00\" \/>\n<meta name=\"author\" content=\"Sven Kast\u00f6\" \/>\n<meta name=\"twitter:card\" content=\"summary_large_image\" \/>\n<meta name=\"twitter:label1\" content=\"Skriven av\" \/>\n\t<meta name=\"twitter:data1\" content=\"Sven Kast\u00f6\" \/>\n\t<meta name=\"twitter:label2\" content=\"Ber\u00e4knad l\u00e4stid\" \/>\n\t<meta name=\"twitter:data2\" content=\"7 minuter\" \/>\n<script type=\"application\/ld+json\" class=\"yoast-schema-graph\">{\"@context\":\"https:\\\/\\\/schema.org\",\"@graph\":[{\"@type\":\"Article\",\"@id\":\"https:\\\/\\\/www.sbhss.eu\\\/sv\\\/gothenburg-social-days-a-good-start-in-life\\\/#article\",\"isPartOf\":{\"@id\":\"https:\\\/\\\/www.sbhss.eu\\\/sv\\\/gothenburg-social-days-a-good-start-in-life\\\/\"},\"author\":{\"name\":\"Sven Kast\u00f6\",\"@id\":\"https:\\\/\\\/www.sbhss.eu\\\/#\\\/schema\\\/person\\\/b8d8eb4c1088a05ed50ecff9b2bf643f\"},\"headline\":\"Gothenburg social days \u2013 A good start in life\",\"datePublished\":\"2016-04-07T09:41:29+00:00\",\"mainEntityOfPage\":{\"@id\":\"https:\\\/\\\/www.sbhss.eu\\\/sv\\\/gothenburg-social-days-a-good-start-in-life\\\/\"},\"wordCount\":1493,\"commentCount\":0,\"articleSection\":[\"Hem - Startsidan\"],\"inLanguage\":\"sv-SE\"},{\"@type\":\"WebPage\",\"@id\":\"https:\\\/\\\/www.sbhss.eu\\\/sv\\\/gothenburg-social-days-a-good-start-in-life\\\/\",\"url\":\"https:\\\/\\\/www.sbhss.eu\\\/sv\\\/gothenburg-social-days-a-good-start-in-life\\\/\",\"name\":\"Gothenburg social days \u2013 A good start in life - SBHSS\",\"isPartOf\":{\"@id\":\"https:\\\/\\\/www.sbhss.eu\\\/#website\"},\"datePublished\":\"2016-04-07T09:41:29+00:00\",\"author\":{\"@id\":\"https:\\\/\\\/www.sbhss.eu\\\/#\\\/schema\\\/person\\\/b8d8eb4c1088a05ed50ecff9b2bf643f\"},\"breadcrumb\":{\"@id\":\"https:\\\/\\\/www.sbhss.eu\\\/sv\\\/gothenburg-social-days-a-good-start-in-life\\\/#breadcrumb\"},\"inLanguage\":\"sv-SE\",\"potentialAction\":[{\"@type\":\"ReadAction\",\"target\":[\"https:\\\/\\\/www.sbhss.eu\\\/sv\\\/gothenburg-social-days-a-good-start-in-life\\\/\"]}]},{\"@type\":\"BreadcrumbList\",\"@id\":\"https:\\\/\\\/www.sbhss.eu\\\/sv\\\/gothenburg-social-days-a-good-start-in-life\\\/#breadcrumb\",\"itemListElement\":[{\"@type\":\"ListItem\",\"position\":1,\"name\":\"Hem\",\"item\":\"https:\\\/\\\/www.sbhss.eu\\\/sv\\\/\"},{\"@type\":\"ListItem\",\"position\":2,\"name\":\"Gothenburg social days \u2013 A good start in life\"}]},{\"@type\":\"WebSite\",\"@id\":\"https:\\\/\\\/www.sbhss.eu\\\/#website\",\"url\":\"https:\\\/\\\/www.sbhss.eu\\\/\",\"name\":\"SBHSS\",\"description\":\"\",\"potentialAction\":[{\"@type\":\"SearchAction\",\"target\":{\"@type\":\"EntryPoint\",\"urlTemplate\":\"https:\\\/\\\/www.sbhss.eu\\\/?s={search_term_string}\"},\"query-input\":{\"@type\":\"PropertyValueSpecification\",\"valueRequired\":true,\"valueName\":\"search_term_string\"}}],\"inLanguage\":\"sv-SE\"},{\"@type\":\"Person\",\"@id\":\"https:\\\/\\\/www.sbhss.eu\\\/#\\\/schema\\\/person\\\/b8d8eb4c1088a05ed50ecff9b2bf643f\",\"name\":\"Sven Kast\u00f6\",\"image\":{\"@type\":\"ImageObject\",\"inLanguage\":\"sv-SE\",\"@id\":\"https:\\\/\\\/secure.gravatar.com\\\/avatar\\\/4ce3985fbe5a36073e6a0cbba2acaad0da794332aeb9a944eca4c7548361a263?s=96&d=mm&r=g\",\"url\":\"https:\\\/\\\/secure.gravatar.com\\\/avatar\\\/4ce3985fbe5a36073e6a0cbba2acaad0da794332aeb9a944eca4c7548361a263?s=96&d=mm&r=g\",\"contentUrl\":\"https:\\\/\\\/secure.gravatar.com\\\/avatar\\\/4ce3985fbe5a36073e6a0cbba2acaad0da794332aeb9a944eca4c7548361a263?s=96&d=mm&r=g\",\"caption\":\"Sven Kast\u00f6\"},\"url\":\"https:\\\/\\\/www.sbhss.eu\\\/sv\\\/author\\\/sven-kastosbhss-eu\\\/\"}]}<\/script>\n<!-- \/ Yoast SEO plugin. -->","yoast_head_json":{"title":"Gothenburg social days \u2013 A good start in life - SBHSS","robots":{"index":"index","follow":"follow","max-snippet":"max-snippet:-1","max-image-preview":"max-image-preview:large","max-video-preview":"max-video-preview:-1"},"canonical":"https:\/\/www.sbhss.eu\/sv\/gothenburg-social-days-a-good-start-in-life\/","og_locale":"sv_SE","og_type":"article","og_title":"Gothenburg social days \u2013 A good start in life - SBHSS","og_description":"Den 17 mars anordnade G&ouml;teborgs stads brysselkontor en konferens p&aring; temat sociala dagar och Sm&aring;land-Blekinge var mer och deltog i seminariet under temat En bra start i livet.&nbsp; Bland de inbjudna fanns bland annat Professor Kelly fr&aring;n University College London, Julius Op De Beke, generaldirekt&ouml;ren f&ouml;r arbete och Marina Johanssons kommunalr&aring;d f&ouml;r G&ouml;teborg. Barns utveckling [&hellip;]","og_url":"https:\/\/www.sbhss.eu\/sv\/gothenburg-social-days-a-good-start-in-life\/","og_site_name":"SBHSS","article_published_time":"2016-04-07T09:41:29+00:00","author":"Sven Kast\u00f6","twitter_card":"summary_large_image","twitter_misc":{"Skriven av":"Sven Kast\u00f6","Ber\u00e4knad l\u00e4stid":"7 minuter"},"schema":{"@context":"https:\/\/schema.org","@graph":[{"@type":"Article","@id":"https:\/\/www.sbhss.eu\/sv\/gothenburg-social-days-a-good-start-in-life\/#article","isPartOf":{"@id":"https:\/\/www.sbhss.eu\/sv\/gothenburg-social-days-a-good-start-in-life\/"},"author":{"name":"Sven Kast\u00f6","@id":"https:\/\/www.sbhss.eu\/#\/schema\/person\/b8d8eb4c1088a05ed50ecff9b2bf643f"},"headline":"Gothenburg social days \u2013 A good start in life","datePublished":"2016-04-07T09:41:29+00:00","mainEntityOfPage":{"@id":"https:\/\/www.sbhss.eu\/sv\/gothenburg-social-days-a-good-start-in-life\/"},"wordCount":1493,"commentCount":0,"articleSection":["Hem - Startsidan"],"inLanguage":"sv-SE"},{"@type":"WebPage","@id":"https:\/\/www.sbhss.eu\/sv\/gothenburg-social-days-a-good-start-in-life\/","url":"https:\/\/www.sbhss.eu\/sv\/gothenburg-social-days-a-good-start-in-life\/","name":"Gothenburg social days \u2013 A good start in life - SBHSS","isPartOf":{"@id":"https:\/\/www.sbhss.eu\/#website"},"datePublished":"2016-04-07T09:41:29+00:00","author":{"@id":"https:\/\/www.sbhss.eu\/#\/schema\/person\/b8d8eb4c1088a05ed50ecff9b2bf643f"},"breadcrumb":{"@id":"https:\/\/www.sbhss.eu\/sv\/gothenburg-social-days-a-good-start-in-life\/#breadcrumb"},"inLanguage":"sv-SE","potentialAction":[{"@type":"ReadAction","target":["https:\/\/www.sbhss.eu\/sv\/gothenburg-social-days-a-good-start-in-life\/"]}]},{"@type":"BreadcrumbList","@id":"https:\/\/www.sbhss.eu\/sv\/gothenburg-social-days-a-good-start-in-life\/#breadcrumb","itemListElement":[{"@type":"ListItem","position":1,"name":"Hem","item":"https:\/\/www.sbhss.eu\/sv\/"},{"@type":"ListItem","position":2,"name":"Gothenburg social days \u2013 A good start in life"}]},{"@type":"WebSite","@id":"https:\/\/www.sbhss.eu\/#website","url":"https:\/\/www.sbhss.eu\/","name":"SBHSS","description":"","potentialAction":[{"@type":"SearchAction","target":{"@type":"EntryPoint","urlTemplate":"https:\/\/www.sbhss.eu\/?s={search_term_string}"},"query-input":{"@type":"PropertyValueSpecification","valueRequired":true,"valueName":"search_term_string"}}],"inLanguage":"sv-SE"},{"@type":"Person","@id":"https:\/\/www.sbhss.eu\/#\/schema\/person\/b8d8eb4c1088a05ed50ecff9b2bf643f","name":"Sven Kast\u00f6","image":{"@type":"ImageObject","inLanguage":"sv-SE","@id":"https:\/\/secure.gravatar.com\/avatar\/4ce3985fbe5a36073e6a0cbba2acaad0da794332aeb9a944eca4c7548361a263?s=96&d=mm&r=g","url":"https:\/\/secure.gravatar.com\/avatar\/4ce3985fbe5a36073e6a0cbba2acaad0da794332aeb9a944eca4c7548361a263?s=96&d=mm&r=g","contentUrl":"https:\/\/secure.gravatar.com\/avatar\/4ce3985fbe5a36073e6a0cbba2acaad0da794332aeb9a944eca4c7548361a263?s=96&d=mm&r=g","caption":"Sven Kast\u00f6"},"url":"https:\/\/www.sbhss.eu\/sv\/author\/sven-kastosbhss-eu\/"}]}},"_links":{"self":[{"href":"https:\/\/www.sbhss.eu\/sv\/wp-json\/wp\/v2\/posts\/1378","targetHints":{"allow":["GET"]}}],"collection":[{"href":"https:\/\/www.sbhss.eu\/sv\/wp-json\/wp\/v2\/posts"}],"about":[{"href":"https:\/\/www.sbhss.eu\/sv\/wp-json\/wp\/v2\/types\/post"}],"author":[{"embeddable":true,"href":"https:\/\/www.sbhss.eu\/sv\/wp-json\/wp\/v2\/users\/3"}],"replies":[{"embeddable":true,"href":"https:\/\/www.sbhss.eu\/sv\/wp-json\/wp\/v2\/comments?post=1378"}],"version-history":[{"count":0,"href":"https:\/\/www.sbhss.eu\/sv\/wp-json\/wp\/v2\/posts\/1378\/revisions"}],"wp:attachment":[{"href":"https:\/\/www.sbhss.eu\/sv\/wp-json\/wp\/v2\/media?parent=1378"}],"wp:term":[{"taxonomy":"category","embeddable":true,"href":"https:\/\/www.sbhss.eu\/sv\/wp-json\/wp\/v2\/categories?post=1378"},{"taxonomy":"post_tag","embeddable":true,"href":"https:\/\/www.sbhss.eu\/sv\/wp-json\/wp\/v2\/tags?post=1378"}],"curies":[{"name":"wp","href":"https:\/\/api.w.org\/{rel}","templated":true}]}}