{"id":1380,"date":"2016-04-08T10:55:10","date_gmt":"2016-04-08T08:55:10","guid":{"rendered":"http:\/\/wp.sbhss.eu\/?p=434"},"modified":"2016-04-08T10:55:10","modified_gmt":"2016-04-08T08:55:10","slug":"kulturhuvudstad-vad-innebar-det-och-vad-ar-nytt-for-kommande-ar","status":"publish","type":"post","link":"https:\/\/www.sbhss.eu\/sv\/kulturhuvudstad-vad-innebar-det-och-vad-ar-nytt-for-kommande-ar\/","title":{"rendered":"Kulturhuvudstad, vad inneb\u00e4r det och vad \u00e4r nytt f\u00f6r kommande \u00e5r?"},"content":{"rendered":"<div style=\"text-align: justify;\">\n\tVarje &aring;r utses tv&aring; st&auml;der i Europa till <a href=\"http:\/\/www.kulturradet.se\/sv\/EU_Kulturprogram\/Nytt-program-2014-2020\/Europas-kulturhuvudstader\/\"><strong>kulturhuvudst&auml;der<\/strong><\/a> f&ouml;r att fr&auml;mja det kulturella arvet i Europa och samtidigt lyfta fram m&aring;ngfald och gemenskap. Tidigare &aring;r har svenska st&auml;der s&aring;som Ume&aring; (&aring;r 2014) bland annat utsetts d&auml;r staden fick g&aring; igenom en urvalsprocess p&aring; ca 6 &aring;r. Mer om tidigare st&auml;der och urvalsprocessen h&auml;r. I &aring;r &auml;r det st&auml;derna Donostia i Spanien samt Wroclaw i Polen som blivit utvalda till kulturst&auml;der f&ouml;r Europa och f&ouml;r &aring;r 2017 &auml;r det best&auml;mt att &Aring;rhus i Danmark samt Paphos i Cypern har valts ut. Kommer konceptet att f&ouml;r&auml;ndras fram&ouml;ver och i s&aring; fall p&aring; vilket vis?<\/div>\n<p><!--more--><\/p>\n<div style=\"text-align: justify;\">\n\t&nbsp;<\/div>\n<div style=\"text-align: justify;\">\n\tJust nu har diverse intressenter och akt&ouml;rer tr&auml;ffats fr&aring;n n&auml;tverket <a href=\"http:\/\/www.encatc.org\/\">ENCATC <\/a>som representerar alla discipliner inom kultur och konst f&ouml;r att diskutera utformningen av kulturhuvudst&auml;der fram&ouml;ver och hur man kan utveckla konceptet. Sekretariat f&ouml;r &Aring;rhus vill under stadens tid som kulturhuvudstad unders&ouml;ka vilka utmaningar det finns inom omr&aring;det kultur samt utveckla f&ouml;rm&aring;gan att kunna bidra med relevanta analyser kring specifika f&ouml;rh&aring;llanden p&aring; kulturomr&aring;det. Just dessa fr&aring;gor bedriver Universitetet i &Aring;rhus forskning kring genom projektet rethinkIMPACT, som vill bist&aring; med kunskap p&aring; omr&aring;det.&nbsp;<\/div>\n<div style=\"text-align: justify;\">\n\t&nbsp;<\/div>\n<div style=\"text-align: justify;\">\n\tSekretariatet vill unders&ouml;ka vilka l&aring;ngsiktiga faktorer som p&aring;verkas av att en stad blivit utsedd till kulturhuvudstad, d&auml;r man bland annat kollar p&aring; faktorer inom omr&aring;den som kultur, ekonomi samt framtoning och identitet. Man vill n&auml;rmare unders&ouml;ka vad som h&auml;nder med dessa faktorer n&auml;r ett samh&auml;lle investerar inf&ouml;r att en stad har utsetts till en kulturhuvudstad.&nbsp;<\/div>\n<div style=\"text-align: justify;\">\n\t&nbsp;<\/div>\n<div style=\"text-align: justify;\">\n\tGenom den bedrivna unders&ouml;kningen vill man i framtiden &auml;ndra p&aring; tankes&auml;ttet kring hur man ser p&aring; relationen mellan kulturhuvudst&auml;der och innovation samt skapandet av h&aring;llbar utveckling inom omr&aring;det kultur. Vidare vill man &auml;ven se om det finns nya s&auml;tt att skapa partnerskap och nya aff&auml;rsmodeller f&ouml;r att f&aring; samh&auml;llet kring kulturhuvudst&auml;derna att v&auml;xa &auml;nnu mer.<\/div>\n<div style=\"text-align: justify;\">\n\t&nbsp;<\/div>\n<div style=\"text-align: justify;\">\n\tL&auml;s g&auml;rna vidare om rethinkIMPACT projektet <a href=\"http:\/\/projects.au.dk\/2017\/\">h&auml;r<\/a>. &nbsp;<\/div>\n<div>\n\t&nbsp;<\/div>\n","protected":false},"excerpt":{"rendered":"<p>Varje &aring;r utses tv&aring; st&auml;der i Europa till kulturhuvudst&auml;der f&ouml;r att fr&auml;mja det kulturella arvet i Europa och samtidigt lyfta fram m&aring;ngfald och gemenskap. Tidigare &aring;r har svenska st&auml;der s&aring;som Ume&aring; (&aring;r 2014) bland annat utsetts d&auml;r staden fick g&aring; igenom en urvalsprocess p&aring; ca 6 &aring;r. Mer om tidigare st&auml;der och urvalsprocessen h&auml;r. I [&hellip;]<\/p>\n","protected":false},"author":3,"featured_media":0,"comment_status":"open","ping_status":"open","sticky":false,"template":"","format":"standard","meta":{"_acf_changed":false,"footnotes":""},"categories":[11],"tags":[],"class_list":["post-1380","post","type-post","status-publish","format-standard","hentry","category-hem"],"acf":[],"yoast_head":"<!-- This site is optimized with the Yoast SEO plugin v27.2 - https:\/\/yoast.com\/product\/yoast-seo-wordpress\/ -->\n<title>Kulturhuvudstad, vad inneb\u00e4r det och vad \u00e4r nytt f\u00f6r kommande \u00e5r? - SBHSS<\/title>\n<meta name=\"robots\" content=\"index, follow, max-snippet:-1, max-image-preview:large, max-video-preview:-1\" \/>\n<link rel=\"canonical\" href=\"https:\/\/www.sbhss.eu\/sv\/kulturhuvudstad-vad-innebar-det-och-vad-ar-nytt-for-kommande-ar\/\" \/>\n<meta property=\"og:locale\" content=\"sv_SE\" \/>\n<meta property=\"og:type\" content=\"article\" \/>\n<meta property=\"og:title\" content=\"Kulturhuvudstad, vad inneb\u00e4r det och vad \u00e4r nytt f\u00f6r kommande \u00e5r? - SBHSS\" \/>\n<meta property=\"og:description\" content=\"Varje &aring;r utses tv&aring; st&auml;der i Europa till kulturhuvudst&auml;der f&ouml;r att fr&auml;mja det kulturella arvet i Europa och samtidigt lyfta fram m&aring;ngfald och gemenskap. Tidigare &aring;r har svenska st&auml;der s&aring;som Ume&aring; (&aring;r 2014) bland annat utsetts d&auml;r staden fick g&aring; igenom en urvalsprocess p&aring; ca 6 &aring;r. Mer om tidigare st&auml;der och urvalsprocessen h&auml;r. I [&hellip;]\" \/>\n<meta property=\"og:url\" content=\"https:\/\/www.sbhss.eu\/sv\/kulturhuvudstad-vad-innebar-det-och-vad-ar-nytt-for-kommande-ar\/\" \/>\n<meta property=\"og:site_name\" content=\"SBHSS\" \/>\n<meta property=\"article:published_time\" content=\"2016-04-08T08:55:10+00:00\" \/>\n<meta name=\"author\" content=\"Sven Kast\u00f6\" \/>\n<meta name=\"twitter:card\" content=\"summary_large_image\" \/>\n<meta name=\"twitter:label1\" content=\"Skriven av\" \/>\n\t<meta name=\"twitter:data1\" content=\"Sven Kast\u00f6\" \/>\n\t<meta name=\"twitter:label2\" content=\"Ber\u00e4knad l\u00e4stid\" \/>\n\t<meta name=\"twitter:data2\" content=\"2 minuter\" \/>\n<script type=\"application\/ld+json\" class=\"yoast-schema-graph\">{\"@context\":\"https:\/\/schema.org\",\"@graph\":[{\"@type\":\"Article\",\"@id\":\"https:\/\/www.sbhss.eu\/sv\/kulturhuvudstad-vad-innebar-det-och-vad-ar-nytt-for-kommande-ar\/#article\",\"isPartOf\":{\"@id\":\"https:\/\/www.sbhss.eu\/sv\/kulturhuvudstad-vad-innebar-det-och-vad-ar-nytt-for-kommande-ar\/\"},\"author\":{\"name\":\"Sven Kast\u00f6\",\"@id\":\"https:\/\/www.sbhss.eu\/#\/schema\/person\/b8d8eb4c1088a05ed50ecff9b2bf643f\"},\"headline\":\"Kulturhuvudstad, vad inneb\u00e4r det och vad \u00e4r nytt f\u00f6r kommande \u00e5r?\",\"datePublished\":\"2016-04-08T08:55:10+00:00\",\"mainEntityOfPage\":{\"@id\":\"https:\/\/www.sbhss.eu\/sv\/kulturhuvudstad-vad-innebar-det-och-vad-ar-nytt-for-kommande-ar\/\"},\"wordCount\":467,\"commentCount\":0,\"articleSection\":[\"Hem - Startsidan\"],\"inLanguage\":\"sv-SE\"},{\"@type\":\"WebPage\",\"@id\":\"https:\/\/www.sbhss.eu\/sv\/kulturhuvudstad-vad-innebar-det-och-vad-ar-nytt-for-kommande-ar\/\",\"url\":\"https:\/\/www.sbhss.eu\/sv\/kulturhuvudstad-vad-innebar-det-och-vad-ar-nytt-for-kommande-ar\/\",\"name\":\"Kulturhuvudstad, vad inneb\u00e4r det och vad \u00e4r nytt f\u00f6r kommande \u00e5r? - SBHSS\",\"isPartOf\":{\"@id\":\"https:\/\/www.sbhss.eu\/#website\"},\"datePublished\":\"2016-04-08T08:55:10+00:00\",\"author\":{\"@id\":\"https:\/\/www.sbhss.eu\/#\/schema\/person\/b8d8eb4c1088a05ed50ecff9b2bf643f\"},\"breadcrumb\":{\"@id\":\"https:\/\/www.sbhss.eu\/sv\/kulturhuvudstad-vad-innebar-det-och-vad-ar-nytt-for-kommande-ar\/#breadcrumb\"},\"inLanguage\":\"sv-SE\",\"potentialAction\":[{\"@type\":\"ReadAction\",\"target\":[\"https:\/\/www.sbhss.eu\/sv\/kulturhuvudstad-vad-innebar-det-och-vad-ar-nytt-for-kommande-ar\/\"]}]},{\"@type\":\"BreadcrumbList\",\"@id\":\"https:\/\/www.sbhss.eu\/sv\/kulturhuvudstad-vad-innebar-det-och-vad-ar-nytt-for-kommande-ar\/#breadcrumb\",\"itemListElement\":[{\"@type\":\"ListItem\",\"position\":1,\"name\":\"Hem\",\"item\":\"https:\/\/www.sbhss.eu\/sv\/\"},{\"@type\":\"ListItem\",\"position\":2,\"name\":\"Kulturhuvudstad, vad inneb\u00e4r det och vad \u00e4r nytt f\u00f6r kommande \u00e5r?\"}]},{\"@type\":\"WebSite\",\"@id\":\"https:\/\/www.sbhss.eu\/#website\",\"url\":\"https:\/\/www.sbhss.eu\/\",\"name\":\"SBHSS\",\"description\":\"\",\"potentialAction\":[{\"@type\":\"SearchAction\",\"target\":{\"@type\":\"EntryPoint\",\"urlTemplate\":\"https:\/\/www.sbhss.eu\/?s={search_term_string}\"},\"query-input\":{\"@type\":\"PropertyValueSpecification\",\"valueRequired\":true,\"valueName\":\"search_term_string\"}}],\"inLanguage\":\"sv-SE\"},{\"@type\":\"Person\",\"@id\":\"https:\/\/www.sbhss.eu\/#\/schema\/person\/b8d8eb4c1088a05ed50ecff9b2bf643f\",\"name\":\"Sven Kast\u00f6\",\"image\":{\"@type\":\"ImageObject\",\"inLanguage\":\"sv-SE\",\"@id\":\"https:\/\/secure.gravatar.com\/avatar\/4ce3985fbe5a36073e6a0cbba2acaad0da794332aeb9a944eca4c7548361a263?s=96&d=mm&r=g\",\"url\":\"https:\/\/secure.gravatar.com\/avatar\/4ce3985fbe5a36073e6a0cbba2acaad0da794332aeb9a944eca4c7548361a263?s=96&d=mm&r=g\",\"contentUrl\":\"https:\/\/secure.gravatar.com\/avatar\/4ce3985fbe5a36073e6a0cbba2acaad0da794332aeb9a944eca4c7548361a263?s=96&d=mm&r=g\",\"caption\":\"Sven Kast\u00f6\"},\"url\":\"https:\/\/www.sbhss.eu\/sv\/author\/sven-kastosbhss-eu\/\"}]}<\/script>\n<!-- \/ Yoast SEO plugin. -->","yoast_head_json":{"title":"Kulturhuvudstad, vad inneb\u00e4r det och vad \u00e4r nytt f\u00f6r kommande \u00e5r? - SBHSS","robots":{"index":"index","follow":"follow","max-snippet":"max-snippet:-1","max-image-preview":"max-image-preview:large","max-video-preview":"max-video-preview:-1"},"canonical":"https:\/\/www.sbhss.eu\/sv\/kulturhuvudstad-vad-innebar-det-och-vad-ar-nytt-for-kommande-ar\/","og_locale":"sv_SE","og_type":"article","og_title":"Kulturhuvudstad, vad inneb\u00e4r det och vad \u00e4r nytt f\u00f6r kommande \u00e5r? - SBHSS","og_description":"Varje &aring;r utses tv&aring; st&auml;der i Europa till kulturhuvudst&auml;der f&ouml;r att fr&auml;mja det kulturella arvet i Europa och samtidigt lyfta fram m&aring;ngfald och gemenskap. Tidigare &aring;r har svenska st&auml;der s&aring;som Ume&aring; (&aring;r 2014) bland annat utsetts d&auml;r staden fick g&aring; igenom en urvalsprocess p&aring; ca 6 &aring;r. Mer om tidigare st&auml;der och urvalsprocessen h&auml;r. I [&hellip;]","og_url":"https:\/\/www.sbhss.eu\/sv\/kulturhuvudstad-vad-innebar-det-och-vad-ar-nytt-for-kommande-ar\/","og_site_name":"SBHSS","article_published_time":"2016-04-08T08:55:10+00:00","author":"Sven Kast\u00f6","twitter_card":"summary_large_image","twitter_misc":{"Skriven av":"Sven Kast\u00f6","Ber\u00e4knad l\u00e4stid":"2 minuter"},"schema":{"@context":"https:\/\/schema.org","@graph":[{"@type":"Article","@id":"https:\/\/www.sbhss.eu\/sv\/kulturhuvudstad-vad-innebar-det-och-vad-ar-nytt-for-kommande-ar\/#article","isPartOf":{"@id":"https:\/\/www.sbhss.eu\/sv\/kulturhuvudstad-vad-innebar-det-och-vad-ar-nytt-for-kommande-ar\/"},"author":{"name":"Sven Kast\u00f6","@id":"https:\/\/www.sbhss.eu\/#\/schema\/person\/b8d8eb4c1088a05ed50ecff9b2bf643f"},"headline":"Kulturhuvudstad, vad inneb\u00e4r det och vad \u00e4r nytt f\u00f6r kommande \u00e5r?","datePublished":"2016-04-08T08:55:10+00:00","mainEntityOfPage":{"@id":"https:\/\/www.sbhss.eu\/sv\/kulturhuvudstad-vad-innebar-det-och-vad-ar-nytt-for-kommande-ar\/"},"wordCount":467,"commentCount":0,"articleSection":["Hem - Startsidan"],"inLanguage":"sv-SE"},{"@type":"WebPage","@id":"https:\/\/www.sbhss.eu\/sv\/kulturhuvudstad-vad-innebar-det-och-vad-ar-nytt-for-kommande-ar\/","url":"https:\/\/www.sbhss.eu\/sv\/kulturhuvudstad-vad-innebar-det-och-vad-ar-nytt-for-kommande-ar\/","name":"Kulturhuvudstad, vad inneb\u00e4r det och vad \u00e4r nytt f\u00f6r kommande \u00e5r? - SBHSS","isPartOf":{"@id":"https:\/\/www.sbhss.eu\/#website"},"datePublished":"2016-04-08T08:55:10+00:00","author":{"@id":"https:\/\/www.sbhss.eu\/#\/schema\/person\/b8d8eb4c1088a05ed50ecff9b2bf643f"},"breadcrumb":{"@id":"https:\/\/www.sbhss.eu\/sv\/kulturhuvudstad-vad-innebar-det-och-vad-ar-nytt-for-kommande-ar\/#breadcrumb"},"inLanguage":"sv-SE","potentialAction":[{"@type":"ReadAction","target":["https:\/\/www.sbhss.eu\/sv\/kulturhuvudstad-vad-innebar-det-och-vad-ar-nytt-for-kommande-ar\/"]}]},{"@type":"BreadcrumbList","@id":"https:\/\/www.sbhss.eu\/sv\/kulturhuvudstad-vad-innebar-det-och-vad-ar-nytt-for-kommande-ar\/#breadcrumb","itemListElement":[{"@type":"ListItem","position":1,"name":"Hem","item":"https:\/\/www.sbhss.eu\/sv\/"},{"@type":"ListItem","position":2,"name":"Kulturhuvudstad, vad inneb\u00e4r det och vad \u00e4r nytt f\u00f6r kommande \u00e5r?"}]},{"@type":"WebSite","@id":"https:\/\/www.sbhss.eu\/#website","url":"https:\/\/www.sbhss.eu\/","name":"SBHSS","description":"","potentialAction":[{"@type":"SearchAction","target":{"@type":"EntryPoint","urlTemplate":"https:\/\/www.sbhss.eu\/?s={search_term_string}"},"query-input":{"@type":"PropertyValueSpecification","valueRequired":true,"valueName":"search_term_string"}}],"inLanguage":"sv-SE"},{"@type":"Person","@id":"https:\/\/www.sbhss.eu\/#\/schema\/person\/b8d8eb4c1088a05ed50ecff9b2bf643f","name":"Sven Kast\u00f6","image":{"@type":"ImageObject","inLanguage":"sv-SE","@id":"https:\/\/secure.gravatar.com\/avatar\/4ce3985fbe5a36073e6a0cbba2acaad0da794332aeb9a944eca4c7548361a263?s=96&d=mm&r=g","url":"https:\/\/secure.gravatar.com\/avatar\/4ce3985fbe5a36073e6a0cbba2acaad0da794332aeb9a944eca4c7548361a263?s=96&d=mm&r=g","contentUrl":"https:\/\/secure.gravatar.com\/avatar\/4ce3985fbe5a36073e6a0cbba2acaad0da794332aeb9a944eca4c7548361a263?s=96&d=mm&r=g","caption":"Sven Kast\u00f6"},"url":"https:\/\/www.sbhss.eu\/sv\/author\/sven-kastosbhss-eu\/"}]}},"_links":{"self":[{"href":"https:\/\/www.sbhss.eu\/sv\/wp-json\/wp\/v2\/posts\/1380","targetHints":{"allow":["GET"]}}],"collection":[{"href":"https:\/\/www.sbhss.eu\/sv\/wp-json\/wp\/v2\/posts"}],"about":[{"href":"https:\/\/www.sbhss.eu\/sv\/wp-json\/wp\/v2\/types\/post"}],"author":[{"embeddable":true,"href":"https:\/\/www.sbhss.eu\/sv\/wp-json\/wp\/v2\/users\/3"}],"replies":[{"embeddable":true,"href":"https:\/\/www.sbhss.eu\/sv\/wp-json\/wp\/v2\/comments?post=1380"}],"version-history":[{"count":0,"href":"https:\/\/www.sbhss.eu\/sv\/wp-json\/wp\/v2\/posts\/1380\/revisions"}],"wp:attachment":[{"href":"https:\/\/www.sbhss.eu\/sv\/wp-json\/wp\/v2\/media?parent=1380"}],"wp:term":[{"taxonomy":"category","embeddable":true,"href":"https:\/\/www.sbhss.eu\/sv\/wp-json\/wp\/v2\/categories?post=1380"},{"taxonomy":"post_tag","embeddable":true,"href":"https:\/\/www.sbhss.eu\/sv\/wp-json\/wp\/v2\/tags?post=1380"}],"curies":[{"name":"wp","href":"https:\/\/api.w.org\/{rel}","templated":true}]}}