{"id":1406,"date":"2020-12-10T11:24:10","date_gmt":"2020-12-10T10:24:10","guid":{"rendered":"http:\/\/wp.sbhss.eu\/?p=1196"},"modified":"2020-12-10T11:24:10","modified_gmt":"2020-12-10T10:24:10","slug":"vi-tycker-till-om-eu-s-skogsstrategi-vad-blir-nasta-steg","status":"publish","type":"post","link":"https:\/\/www.sbhss.eu\/sv\/vi-tycker-till-om-eu-s-skogsstrategi-vad-blir-nasta-steg\/","title":{"rendered":"Vi tycker till om EU:s skogsstrategi \u2013 vad blir n\u00e4sta steg?"},"content":{"rendered":"<p style=\"text-align: justify;\"><img loading=\"lazy\" decoding=\"async\" class=\" size-full wp-image-1195\" alt=\"\" class=\"pull-right\" height=\"281\" src=\"https:\/\/www.sbhss.eu\/wp-content\/uploads\/2020\/12\/Skog.jpg\" width=\"374\" \/>Just nu arbetar EU-kommissionen med att uppdatera den europeiska skogsstrategin. F\u00f6r Sm\u00e5land Blekinge Hallands medlemmar \u00e4r det sj\u00e4lvklart att engagera sig i utformningen av strategin. V\u00e5rt h\u00e5llbara skogsbruk och de innovativa l\u00f6sningar vi utvecklar spelar en viktig roll f\u00f6r m\u00f6jligheterna att n\u00e5 klimatm\u00e5l och f\u00f6r v\u00e5r regionala konkurrenskraft. Utifr\u00e5n de m\u00e5nga policy-f\u00f6rslag med direkt eller indirekt p\u00e5verkan p\u00e5&nbsp;&nbsp;skogen som \u00e4r aktuella just nu, \u00e4r det s\u00e4rskilt angel\u00e4get att f\u00e5 till en v\u00e4l utformad europeisk skogsstrategi. Sm\u00e5lands skog- och tr\u00e4strategier har tidigare i \u00e5r kommunicerat med EU-kommissionen kring vad vi vill se i en uppdaterad skogsstrategi och i dagarna l\u00e4mnade vi \u00e4ven in <a href=\"https:\/\/ec.europa.eu\/info\/law\/better-regulation\/have-your-say\/initiatives\/12674-Skogar-ny-EU-strategi\/F1300509\" title=\"\">feedback<\/a> via EU-kommissionens samr\u00e5d. Det finns dock fler fr\u00e5gor och policy-initiativ p\u00e5 skogs- och tr\u00e4omr\u00e5de att agera och h\u00e5lla koll p\u00e5 fram\u00f6ver. H\u00f6gt p\u00e5 den kortsiktiga agendan st\u00e5r EU:s nya klassificeringssystem f\u00f6r h\u00e5llbar finansiering \u2013 taxonomin.<\/p>\n<p><!--more--><\/p>\n<p style=\"text-align: justify;\"><strong>Kan skogsstrategin&nbsp;skapa samsyn?<\/strong><\/p>\n<p style=\"text-align: justify;\">Skogspolitik \u00e4r en nationell kompetens och inget omr\u00e5de som EU har beslutsmandat p\u00e5. Dock p\u00e5verkas skogs- och tr\u00e4n\u00e4ringen av beslut p\u00e5 politikomr\u00e5den s\u00e5som klimat, energi, milj\u00f6 och finans. N\u00e5got som \u00e4r problematiskt \u00e4r att definitioner och krav skiljer sig \u00e5t inom olika omr\u00e5den och lagstiftningsdokument. EU:s skogsstrategi \u00e4r i sig inget lagstiftande dokument, men det finns dock en f\u00f6rhoppning om att den ska skapa en samsyn kring skogen inom EU:s olika politikomr\u00e5den. Behovet av detta aktualiseras inte minst i och med genomf\u00f6randet av gr\u00f6na given och de sk\u00e4rpningar som kommer g\u00f6ras f\u00f6r att de nya sk\u00e4rpta klimatm\u00e5len.<\/p>\n<p style=\"text-align: justify;\">Synen p\u00e5&nbsp;<a href=\"https:\/\/www.sbhss.eu\/1031-skogens-roll-i-eu-s-nya-klimatmalsforslag-for-2030\" title=\"\">skogens roll i klimatomst\u00e4llningen<\/a> \u00e4r inte enhetlig och det finns meningsskiljaktigheter och m\u00e5lkonflikter b\u00e5de inom Europa och inom EU:s institutioner. Sverige och Finland sticker ofta ut n\u00e4r det kommer till m\u00f6jligheterna att nyttja skogens resurser. Fr\u00e5n svenskt h\u00e5ll upplevs ofta att man inom EU ser skogen som en st\u00e5ende kols\u00e4nka, och att nyttjandet av den st\u00e5r i kontrast till CO2-minskning, biologisk m\u00e5ngfald och naturv\u00e5rd. Visserligen lyfts material som tr\u00e4 som en viktig del f\u00f6r mer h\u00e5llbart byggande, men att nyttja restprodukter till bioenergi ses d\u00e4remot p\u00e5 med mer skepsis. I v\u00e5ra regioner och i Sverige ser vi att en h\u00e5llbart brukad skog \u00e4r en del av l\u00f6sningen f\u00f6r att n\u00e5 klimatm\u00e5l. En v\u00e4xande skog tar upp CO2 och vi planterar redan idag fler tr\u00e4d \u00e4n vad vi avverkar. Potentialen att byta ut fossila material till biobaserade \u00e4r dessutom stor, och n\u00e4r dessa anv\u00e4nds till att bygga sker en naturlig kolinlagring. I de f\u00f6rsta tankar som EU-kommissionen delat med sig av s\u00e4tts prioritet till att skydda skog. Det \u00e4r d\u00e4rf\u00f6r viktigt att f\u00f6rklara och p\u00e5minna om v\u00e5ra f\u00f6ruts\u00e4ttningar och hur vi ser att skogen fyller flera funktioner samtidigt. Ni hittar <a href=\"https:\/\/ec.europa.eu\/info\/law\/better-regulation\/have-your-say\/initiatives\/12674-Skogar-ny-EU-strategi\/F1300509\">inspelet h\u00e4r<\/a>. Ytterligare ett samr\u00e5d kommer lanseras <a href=\"https:\/\/ec.europa.eu\/info\/law\/better-regulation\/have-your-say\/initiatives\/12674-Forests-new-EU-strategy\">inom kort.<\/a> F\u00f6rutom m\u00f6jligheten att skapa samsyn mellan policyomr\u00e5den, finns f\u00f6rhoppningar om fr\u00e4mjande och st\u00f6djande \u00e5tg\u00e4rder som kan st\u00f6tta skogs- och tr\u00e4baserad sektor brett, allt fr\u00e5n forskning och innovation till hantering av skadeinsekter och skogsbr\u00e4nder.<\/p>\n<p style=\"text-align: justify;\"><strong>Vad kommer h\u00e4rn\u00e4st?<\/strong><\/p>\n<p style=\"text-align: justify;\">Den Gr\u00f6na given, EU:s tillv\u00e4xtstrategi och ramverk f\u00f6r att n\u00e5 klimatneutralitet 2050, listar femtiotalet \u00e5tg\u00e4rder som kommer lanseras inom de n\u00e4rmsta \u00e5ren H\u00e4r finns satsningar p\u00e5 cirkul\u00e4r ekonomi, energi, biologisk m\u00e5ngfald och byggande.<\/p>\n<ul>\n<li style=\"text-align: justify;\"><i>Biologisk m\u00e5ngfald:&nbsp;<\/i>&nbsp;Tidigare i \u00e5r presenterades den h\u00f6gt prioriterade <a href=\"https:\/\/www.sbhss.eu\/999-ny-eu-strategi-for-biologisk-mangfald\">uppdateringen av EU:s strategi f\u00f6r biologisk m\u00e5ngfald<\/a>.&nbsp;Strategin i sig inneh\u00e5ller ingen lagstiftning, men den aviserar att man avser ta fram f\u00f6rslag till bindande m\u00e5l f\u00f6r naturrestaurering, samt m\u00e5l f\u00f6r skydd av skog. Det kommer vara s\u00e4rskilt relevant att h\u00e5lla koll p\u00e5 definitioner och hur m\u00e5l utformas och f\u00f6ljs upp. Den kommande skogsstrategin v\u00e4ntas delvis bygga p\u00e5 strategin f\u00f6r biologisk m\u00e5ngfald.<\/li>\n<li style=\"text-align: justify;\"><em>H\u00e5llbar finansiering \u2013 taxonomin:<\/em> En av de fr\u00e5gor som \u00e4r h\u00f6gt p\u00e5 agendan just nu \u00e4r h\u00e5llbar finansiering och taxonomin som \u00e4r klassificeringssystemet f\u00f6r detta. Syftet \u00e4r att ta fram ett verktyg f\u00f6r att klassificera gr\u00f6na investeringar. I taxonomin specificeras vilka krav som ska uppn\u00e5s f\u00f6r olika ekonomiska verksamheter, s\u00e5som skogsbruk och energi. Sm\u00e5lands skogs- och tr\u00e4strategier engagerar sig i detta. Det finns m\u00e5nga aspekter som kan vara problematiska, men s\u00e4rskilt oroande \u00e4r de h\u00f6ga administrativa krav som st\u00e4lls f\u00f6r att sm\u00e5 skogsbrukare ska kunna klassificera sin verksamhet som h\u00e5llbar. Vi ser ocks\u00e5 att de krav som st\u00e4lls skiljer sig fr\u00e5n kriterier f\u00f6r h\u00e5llbarhet inom EU:s energilagstiftning. Dessa synpunkter har vi framf\u00f6rt via SKR och <a href=\"https:\/\/ec.europa.eu\/info\/law\/better-regulation\/have-your-say\/initiatives\/12302-Climate-change-mitigation-and-adaptation-taxonomy\/F1304816\" title=\"\">direkt till EU-kommissionen<\/a>.<\/li>\n<li style=\"text-align: justify;\"><em>Bindande klimatm\u00e5l \u2013 Fit for 55<\/em>: EU kommer f\u00f6r f\u00f6rsta g\u00e5ngen anta en klimatlag, inneh\u00e5llande bindande klimatm\u00e5l. 2050 ska nettoutsl\u00e4ppen vara noll, men redan 2030 ska de ha minskat med 55% om EU-kommissionens f\u00f6rslag g\u00e5r igenom. \u00c4ven om 2030-m\u00e5let \u00e4nnu inte \u00e4r f\u00e4rdigf\u00f6rhandlat, har EU-kommissionen redan aviserat <a href=\"https:\/\/ec.europa.eu\/clima\/policies\/eu-climate-action\/2030_ctp_en\">en rad f\u00f6rslag<\/a> som ska ses \u00f6ver juni 2021. Planen f\u00f6r \u00f6versynen g\u00e5r under namnet fit for 55. F\u00f6ljande \u00e4r s\u00e4rskilt intressanta ur ett skogligt perspektiv:\n<ul>\n<li style=\"text-align: justify;\"><em>F\u00f6rnybartdirektivet (REDII):<\/em> reviderades s\u00e5 sent som 2018, men nu \u00e4r det dags igen. D\u00e5 fanns det stora diskussioner om h\u00e5llbarhetskriterier f\u00f6r skoglig biomassa f\u00f6r energianv\u00e4ndning. Fr\u00e5n flera h\u00e5ll ville man se detaljerade krav, men det landade slutligen i principer som st\u00e4mmer \u00f6verens med det svenska regelverket f\u00f6r skogsbruk. Det finns en viss skepsis inom EU till att anv\u00e4nda biomassa till just energi. Denna aspekt kan vara s\u00e4rskilt viktig att f\u00f6lja och engagera sig i. EU-kommissionen samlar just nu in synpunkter via <a href=\"https:\/\/ec.europa.eu\/info\/law\/better-regulation\/have-your-say\/initiatives\/12657-Land-use-land-use-change-and-forestry-review-of-EU-rules\/public-consultation\">samr\u00e5d<\/a> med deadline 9 februari 2021.<\/li>\n<li style=\"text-align: justify;\"><em>LULUCF:<\/em> styr rapportering av kolf\u00f6rr\u00e5d kopplat till \u201dmarkanv\u00e4ndning, f\u00f6r\u00e4ndrad markanv\u00e4ndning och skogsbruk&#8221;. Nuvarande LULUCF f\u00f6rordning antogs 2018, och i samband med det var det stor diskussion och oro fr\u00e5n svenskt h\u00e5ll g\u00e4llande referensniv\u00e5erna och vilken historisk period som man refererar till. \u00d6versynen som helhet kan vara intressant att fokusera p\u00e5. Just nu samlar EU in synpunkter via <a href=\"https:\/\/ec.europa.eu\/info\/law\/better-regulation\/have-your-say\/initiatives\/12657-Land-use-land-use-change-and-forestry-review-of-EU-rules?&amp;text=lulucf\">samr\u00e5d<\/a> med sista svarsdag 5 februari 2021<em>.<\/em><\/li>\n<li style=\"text-align: justify;\"><em>H\u00e5llbart byggande: <\/em>EU har konstaterat att bygg- och anl\u00e4ggningssektorn st\u00e5r f\u00f6r en stor del av CO2-utsl\u00e4ppen. D\u00e4rf\u00f6r g\u00f6r man nu satsningar p\u00e5 en mer cirkul\u00e4r och h\u00e5llbar sektor. Ursula von der Leyen har dessutom pekat ut just tr\u00e4 som ett viktigt material i denna omst\u00e4llning. Ett av de fr\u00e4msta initiativen \u00e4r den s\u00e5 kallade renoveringsv\u00e5gen som lanserades i h\u00f6stas. Renoveringsv\u00e5gen inneh\u00e5ller flera initiativ som kan vara intressanta f\u00f6r Sm\u00e5land Blekinge Hallands medlemmar, <a href=\"https:\/\/www.sbhss.eu\/1036-eu-satsar-pa-hallbara-byggnader-med-ny-renoveringsvag\">l\u00e4s mer h\u00e4r<\/a>. EU-kommissionen har \u00e4ven tagit fram ett ramverk f\u00f6r livscykelanalys av byggnader, <a href=\"https:\/\/www.sbhss.eu\/1045-level-s-nytt-europeiskt-ramverk-for-hallbart-cirkulart-byggande\">Level(s)<\/a>. Boverket har byggt vidare p\u00e5 detta i arbetet med klimatdeklarationer.<\/li>\n<\/ul>\n<\/li>\n<\/ul>\n<p style=\"text-align: justify;\">Vill ni veta mer om SBHSS arbete inom skogs- och tr\u00e4relaterade fr\u00e5gor? Vill ni engagera er i detta arbete? Kontakta <a href=\"mailto:linda.reinholdsson@sbhss.eu\">Linda<\/a> p\u00e5 Brysselkontoret.<\/p>\n","protected":false},"excerpt":{"rendered":"<p>Just nu arbetar EU-kommissionen med att uppdatera den europeiska skogsstrategin. F\u00f6r Sm\u00e5land Blekinge Hallands medlemmar \u00e4r det sj\u00e4lvklart att engagera sig i utformningen av strategin. V\u00e5rt h\u00e5llbara skogsbruk och de innovativa l\u00f6sningar vi utvecklar spelar en viktig roll f\u00f6r m\u00f6jligheterna att n\u00e5 klimatm\u00e5l och f\u00f6r v\u00e5r regionala konkurrenskraft. Utifr\u00e5n de m\u00e5nga policy-f\u00f6rslag med direkt eller [&hellip;]<\/p>\n","protected":false},"author":3,"featured_media":1195,"comment_status":"open","ping_status":"open","sticky":false,"template":"","format":"standard","meta":{"_acf_changed":false,"footnotes":""},"categories":[11],"tags":[],"class_list":["post-1406","post","type-post","status-publish","format-standard","has-post-thumbnail","hentry","category-hem"],"acf":[],"yoast_head":"<!-- This site is optimized with the Yoast SEO plugin v27.5 - https:\/\/yoast.com\/product\/yoast-seo-wordpress\/ -->\n<title>Vi tycker till om EU:s skogsstrategi \u2013 vad blir n\u00e4sta steg? - SBHSS<\/title>\n<meta name=\"robots\" content=\"index, follow, max-snippet:-1, max-image-preview:large, max-video-preview:-1\" \/>\n<link rel=\"canonical\" href=\"https:\/\/www.sbhss.eu\/sv\/vi-tycker-till-om-eu-s-skogsstrategi-vad-blir-nasta-steg\/\" \/>\n<meta property=\"og:locale\" content=\"sv_SE\" \/>\n<meta property=\"og:type\" content=\"article\" \/>\n<meta property=\"og:title\" content=\"Vi tycker till om EU:s skogsstrategi \u2013 vad blir n\u00e4sta steg? - SBHSS\" \/>\n<meta property=\"og:description\" content=\"Just nu arbetar EU-kommissionen med att uppdatera den europeiska skogsstrategin. F\u00f6r Sm\u00e5land Blekinge Hallands medlemmar \u00e4r det sj\u00e4lvklart att engagera sig i utformningen av strategin. V\u00e5rt h\u00e5llbara skogsbruk och de innovativa l\u00f6sningar vi utvecklar spelar en viktig roll f\u00f6r m\u00f6jligheterna att n\u00e5 klimatm\u00e5l och f\u00f6r v\u00e5r regionala konkurrenskraft. Utifr\u00e5n de m\u00e5nga policy-f\u00f6rslag med direkt eller [&hellip;]\" \/>\n<meta property=\"og:url\" content=\"https:\/\/www.sbhss.eu\/sv\/vi-tycker-till-om-eu-s-skogsstrategi-vad-blir-nasta-steg\/\" \/>\n<meta property=\"og:site_name\" content=\"SBHSS\" \/>\n<meta property=\"article:published_time\" content=\"2020-12-10T10:24:10+00:00\" \/>\n<meta name=\"author\" content=\"Sven Kast\u00f6\" \/>\n<meta name=\"twitter:card\" content=\"summary_large_image\" \/>\n<meta name=\"twitter:label1\" content=\"Skriven av\" \/>\n\t<meta name=\"twitter:data1\" content=\"Sven Kast\u00f6\" \/>\n\t<meta name=\"twitter:label2\" content=\"Ber\u00e4knad l\u00e4stid\" \/>\n\t<meta name=\"twitter:data2\" content=\"6 minuter\" \/>\n<script type=\"application\/ld+json\" class=\"yoast-schema-graph\">{\"@context\":\"https:\\\/\\\/schema.org\",\"@graph\":[{\"@type\":\"Article\",\"@id\":\"https:\\\/\\\/www.sbhss.eu\\\/sv\\\/vi-tycker-till-om-eu-s-skogsstrategi-vad-blir-nasta-steg\\\/#article\",\"isPartOf\":{\"@id\":\"https:\\\/\\\/www.sbhss.eu\\\/sv\\\/vi-tycker-till-om-eu-s-skogsstrategi-vad-blir-nasta-steg\\\/\"},\"author\":{\"name\":\"Sven Kast\u00f6\",\"@id\":\"https:\\\/\\\/www.sbhss.eu\\\/#\\\/schema\\\/person\\\/b8d8eb4c1088a05ed50ecff9b2bf643f\"},\"headline\":\"Vi tycker till om EU:s skogsstrategi \u2013 vad blir n\u00e4sta steg?\",\"datePublished\":\"2020-12-10T10:24:10+00:00\",\"mainEntityOfPage\":{\"@id\":\"https:\\\/\\\/www.sbhss.eu\\\/sv\\\/vi-tycker-till-om-eu-s-skogsstrategi-vad-blir-nasta-steg\\\/\"},\"wordCount\":1263,\"commentCount\":0,\"image\":{\"@id\":\"https:\\\/\\\/www.sbhss.eu\\\/sv\\\/vi-tycker-till-om-eu-s-skogsstrategi-vad-blir-nasta-steg\\\/#primaryimage\"},\"thumbnailUrl\":\"\",\"articleSection\":[\"Hem - Startsidan\"],\"inLanguage\":\"sv-SE\"},{\"@type\":\"WebPage\",\"@id\":\"https:\\\/\\\/www.sbhss.eu\\\/sv\\\/vi-tycker-till-om-eu-s-skogsstrategi-vad-blir-nasta-steg\\\/\",\"url\":\"https:\\\/\\\/www.sbhss.eu\\\/sv\\\/vi-tycker-till-om-eu-s-skogsstrategi-vad-blir-nasta-steg\\\/\",\"name\":\"Vi tycker till om EU:s skogsstrategi \u2013 vad blir n\u00e4sta steg? - SBHSS\",\"isPartOf\":{\"@id\":\"https:\\\/\\\/www.sbhss.eu\\\/#website\"},\"primaryImageOfPage\":{\"@id\":\"https:\\\/\\\/www.sbhss.eu\\\/sv\\\/vi-tycker-till-om-eu-s-skogsstrategi-vad-blir-nasta-steg\\\/#primaryimage\"},\"image\":{\"@id\":\"https:\\\/\\\/www.sbhss.eu\\\/sv\\\/vi-tycker-till-om-eu-s-skogsstrategi-vad-blir-nasta-steg\\\/#primaryimage\"},\"thumbnailUrl\":\"\",\"datePublished\":\"2020-12-10T10:24:10+00:00\",\"author\":{\"@id\":\"https:\\\/\\\/www.sbhss.eu\\\/#\\\/schema\\\/person\\\/b8d8eb4c1088a05ed50ecff9b2bf643f\"},\"breadcrumb\":{\"@id\":\"https:\\\/\\\/www.sbhss.eu\\\/sv\\\/vi-tycker-till-om-eu-s-skogsstrategi-vad-blir-nasta-steg\\\/#breadcrumb\"},\"inLanguage\":\"sv-SE\",\"potentialAction\":[{\"@type\":\"ReadAction\",\"target\":[\"https:\\\/\\\/www.sbhss.eu\\\/sv\\\/vi-tycker-till-om-eu-s-skogsstrategi-vad-blir-nasta-steg\\\/\"]}]},{\"@type\":\"ImageObject\",\"inLanguage\":\"sv-SE\",\"@id\":\"https:\\\/\\\/www.sbhss.eu\\\/sv\\\/vi-tycker-till-om-eu-s-skogsstrategi-vad-blir-nasta-steg\\\/#primaryimage\",\"url\":\"\",\"contentUrl\":\"\"},{\"@type\":\"BreadcrumbList\",\"@id\":\"https:\\\/\\\/www.sbhss.eu\\\/sv\\\/vi-tycker-till-om-eu-s-skogsstrategi-vad-blir-nasta-steg\\\/#breadcrumb\",\"itemListElement\":[{\"@type\":\"ListItem\",\"position\":1,\"name\":\"Hem\",\"item\":\"https:\\\/\\\/www.sbhss.eu\\\/sv\\\/\"},{\"@type\":\"ListItem\",\"position\":2,\"name\":\"Vi tycker till om EU:s skogsstrategi \u2013 vad blir n\u00e4sta steg?\"}]},{\"@type\":\"WebSite\",\"@id\":\"https:\\\/\\\/www.sbhss.eu\\\/#website\",\"url\":\"https:\\\/\\\/www.sbhss.eu\\\/\",\"name\":\"SBHSS\",\"description\":\"\",\"potentialAction\":[{\"@type\":\"SearchAction\",\"target\":{\"@type\":\"EntryPoint\",\"urlTemplate\":\"https:\\\/\\\/www.sbhss.eu\\\/?s={search_term_string}\"},\"query-input\":{\"@type\":\"PropertyValueSpecification\",\"valueRequired\":true,\"valueName\":\"search_term_string\"}}],\"inLanguage\":\"sv-SE\"},{\"@type\":\"Person\",\"@id\":\"https:\\\/\\\/www.sbhss.eu\\\/#\\\/schema\\\/person\\\/b8d8eb4c1088a05ed50ecff9b2bf643f\",\"name\":\"Sven Kast\u00f6\",\"image\":{\"@type\":\"ImageObject\",\"inLanguage\":\"sv-SE\",\"@id\":\"https:\\\/\\\/secure.gravatar.com\\\/avatar\\\/4ce3985fbe5a36073e6a0cbba2acaad0da794332aeb9a944eca4c7548361a263?s=96&d=mm&r=g\",\"url\":\"https:\\\/\\\/secure.gravatar.com\\\/avatar\\\/4ce3985fbe5a36073e6a0cbba2acaad0da794332aeb9a944eca4c7548361a263?s=96&d=mm&r=g\",\"contentUrl\":\"https:\\\/\\\/secure.gravatar.com\\\/avatar\\\/4ce3985fbe5a36073e6a0cbba2acaad0da794332aeb9a944eca4c7548361a263?s=96&d=mm&r=g\",\"caption\":\"Sven Kast\u00f6\"},\"url\":\"https:\\\/\\\/www.sbhss.eu\\\/sv\\\/author\\\/sven-kastosbhss-eu\\\/\"}]}<\/script>\n<!-- \/ Yoast SEO plugin. -->","yoast_head_json":{"title":"Vi tycker till om EU:s skogsstrategi \u2013 vad blir n\u00e4sta steg? - SBHSS","robots":{"index":"index","follow":"follow","max-snippet":"max-snippet:-1","max-image-preview":"max-image-preview:large","max-video-preview":"max-video-preview:-1"},"canonical":"https:\/\/www.sbhss.eu\/sv\/vi-tycker-till-om-eu-s-skogsstrategi-vad-blir-nasta-steg\/","og_locale":"sv_SE","og_type":"article","og_title":"Vi tycker till om EU:s skogsstrategi \u2013 vad blir n\u00e4sta steg? - SBHSS","og_description":"Just nu arbetar EU-kommissionen med att uppdatera den europeiska skogsstrategin. F\u00f6r Sm\u00e5land Blekinge Hallands medlemmar \u00e4r det sj\u00e4lvklart att engagera sig i utformningen av strategin. V\u00e5rt h\u00e5llbara skogsbruk och de innovativa l\u00f6sningar vi utvecklar spelar en viktig roll f\u00f6r m\u00f6jligheterna att n\u00e5 klimatm\u00e5l och f\u00f6r v\u00e5r regionala konkurrenskraft. Utifr\u00e5n de m\u00e5nga policy-f\u00f6rslag med direkt eller [&hellip;]","og_url":"https:\/\/www.sbhss.eu\/sv\/vi-tycker-till-om-eu-s-skogsstrategi-vad-blir-nasta-steg\/","og_site_name":"SBHSS","article_published_time":"2020-12-10T10:24:10+00:00","author":"Sven Kast\u00f6","twitter_card":"summary_large_image","twitter_misc":{"Skriven av":"Sven Kast\u00f6","Ber\u00e4knad l\u00e4stid":"6 minuter"},"schema":{"@context":"https:\/\/schema.org","@graph":[{"@type":"Article","@id":"https:\/\/www.sbhss.eu\/sv\/vi-tycker-till-om-eu-s-skogsstrategi-vad-blir-nasta-steg\/#article","isPartOf":{"@id":"https:\/\/www.sbhss.eu\/sv\/vi-tycker-till-om-eu-s-skogsstrategi-vad-blir-nasta-steg\/"},"author":{"name":"Sven Kast\u00f6","@id":"https:\/\/www.sbhss.eu\/#\/schema\/person\/b8d8eb4c1088a05ed50ecff9b2bf643f"},"headline":"Vi tycker till om EU:s skogsstrategi \u2013 vad blir n\u00e4sta steg?","datePublished":"2020-12-10T10:24:10+00:00","mainEntityOfPage":{"@id":"https:\/\/www.sbhss.eu\/sv\/vi-tycker-till-om-eu-s-skogsstrategi-vad-blir-nasta-steg\/"},"wordCount":1263,"commentCount":0,"image":{"@id":"https:\/\/www.sbhss.eu\/sv\/vi-tycker-till-om-eu-s-skogsstrategi-vad-blir-nasta-steg\/#primaryimage"},"thumbnailUrl":"","articleSection":["Hem - Startsidan"],"inLanguage":"sv-SE"},{"@type":"WebPage","@id":"https:\/\/www.sbhss.eu\/sv\/vi-tycker-till-om-eu-s-skogsstrategi-vad-blir-nasta-steg\/","url":"https:\/\/www.sbhss.eu\/sv\/vi-tycker-till-om-eu-s-skogsstrategi-vad-blir-nasta-steg\/","name":"Vi tycker till om EU:s skogsstrategi \u2013 vad blir n\u00e4sta steg? - SBHSS","isPartOf":{"@id":"https:\/\/www.sbhss.eu\/#website"},"primaryImageOfPage":{"@id":"https:\/\/www.sbhss.eu\/sv\/vi-tycker-till-om-eu-s-skogsstrategi-vad-blir-nasta-steg\/#primaryimage"},"image":{"@id":"https:\/\/www.sbhss.eu\/sv\/vi-tycker-till-om-eu-s-skogsstrategi-vad-blir-nasta-steg\/#primaryimage"},"thumbnailUrl":"","datePublished":"2020-12-10T10:24:10+00:00","author":{"@id":"https:\/\/www.sbhss.eu\/#\/schema\/person\/b8d8eb4c1088a05ed50ecff9b2bf643f"},"breadcrumb":{"@id":"https:\/\/www.sbhss.eu\/sv\/vi-tycker-till-om-eu-s-skogsstrategi-vad-blir-nasta-steg\/#breadcrumb"},"inLanguage":"sv-SE","potentialAction":[{"@type":"ReadAction","target":["https:\/\/www.sbhss.eu\/sv\/vi-tycker-till-om-eu-s-skogsstrategi-vad-blir-nasta-steg\/"]}]},{"@type":"ImageObject","inLanguage":"sv-SE","@id":"https:\/\/www.sbhss.eu\/sv\/vi-tycker-till-om-eu-s-skogsstrategi-vad-blir-nasta-steg\/#primaryimage","url":"","contentUrl":""},{"@type":"BreadcrumbList","@id":"https:\/\/www.sbhss.eu\/sv\/vi-tycker-till-om-eu-s-skogsstrategi-vad-blir-nasta-steg\/#breadcrumb","itemListElement":[{"@type":"ListItem","position":1,"name":"Hem","item":"https:\/\/www.sbhss.eu\/sv\/"},{"@type":"ListItem","position":2,"name":"Vi tycker till om EU:s skogsstrategi \u2013 vad blir n\u00e4sta steg?"}]},{"@type":"WebSite","@id":"https:\/\/www.sbhss.eu\/#website","url":"https:\/\/www.sbhss.eu\/","name":"SBHSS","description":"","potentialAction":[{"@type":"SearchAction","target":{"@type":"EntryPoint","urlTemplate":"https:\/\/www.sbhss.eu\/?s={search_term_string}"},"query-input":{"@type":"PropertyValueSpecification","valueRequired":true,"valueName":"search_term_string"}}],"inLanguage":"sv-SE"},{"@type":"Person","@id":"https:\/\/www.sbhss.eu\/#\/schema\/person\/b8d8eb4c1088a05ed50ecff9b2bf643f","name":"Sven Kast\u00f6","image":{"@type":"ImageObject","inLanguage":"sv-SE","@id":"https:\/\/secure.gravatar.com\/avatar\/4ce3985fbe5a36073e6a0cbba2acaad0da794332aeb9a944eca4c7548361a263?s=96&d=mm&r=g","url":"https:\/\/secure.gravatar.com\/avatar\/4ce3985fbe5a36073e6a0cbba2acaad0da794332aeb9a944eca4c7548361a263?s=96&d=mm&r=g","contentUrl":"https:\/\/secure.gravatar.com\/avatar\/4ce3985fbe5a36073e6a0cbba2acaad0da794332aeb9a944eca4c7548361a263?s=96&d=mm&r=g","caption":"Sven Kast\u00f6"},"url":"https:\/\/www.sbhss.eu\/sv\/author\/sven-kastosbhss-eu\/"}]}},"_links":{"self":[{"href":"https:\/\/www.sbhss.eu\/sv\/wp-json\/wp\/v2\/posts\/1406","targetHints":{"allow":["GET"]}}],"collection":[{"href":"https:\/\/www.sbhss.eu\/sv\/wp-json\/wp\/v2\/posts"}],"about":[{"href":"https:\/\/www.sbhss.eu\/sv\/wp-json\/wp\/v2\/types\/post"}],"author":[{"embeddable":true,"href":"https:\/\/www.sbhss.eu\/sv\/wp-json\/wp\/v2\/users\/3"}],"replies":[{"embeddable":true,"href":"https:\/\/www.sbhss.eu\/sv\/wp-json\/wp\/v2\/comments?post=1406"}],"version-history":[{"count":0,"href":"https:\/\/www.sbhss.eu\/sv\/wp-json\/wp\/v2\/posts\/1406\/revisions"}],"wp:featuredmedia":[{"embeddable":true,"href":"https:\/\/www.sbhss.eu\/sv\/wp-json\/wp\/v2\/posts\/1195"}],"wp:attachment":[{"href":"https:\/\/www.sbhss.eu\/sv\/wp-json\/wp\/v2\/media?parent=1406"}],"wp:term":[{"taxonomy":"category","embeddable":true,"href":"https:\/\/www.sbhss.eu\/sv\/wp-json\/wp\/v2\/categories?post=1406"},{"taxonomy":"post_tag","embeddable":true,"href":"https:\/\/www.sbhss.eu\/sv\/wp-json\/wp\/v2\/tags?post=1406"}],"curies":[{"name":"wp","href":"https:\/\/api.w.org\/{rel}","templated":true}]}}