{"id":1441,"date":"2021-06-08T09:39:34","date_gmt":"2021-06-08T07:39:34","guid":{"rendered":"http:\/\/wp.sbhss.eu\/?p=1242"},"modified":"2021-06-08T09:39:34","modified_gmt":"2021-06-08T07:39:34","slug":"lasning-den-svenska-aterhamtningsplanen-rrf","status":"publish","type":"post","link":"https:\/\/www.sbhss.eu\/sv\/lasning-den-svenska-aterhamtningsplanen-rrf\/","title":{"rendered":"L\u00e4sning: Den svenska \u00e5terh\u00e4mtningsplanen (RRF)"},"content":{"rendered":"<p>Efter en m\u00e5nads uppskov l\u00e4mnade Sverige i slutet av maj in sin \u00e5terh\u00e4mtningsplan till EU-kommissionen om hur man avser att hantera miljarderna som Sverige kan ta del som en f\u00f6ljd av Coronast\u00f6dpaketet medlemsstaterna kommit \u00f6verens om. M\u00e5nga har redan tagit del av planen genom utskick fr\u00e5n SKR som upplever planen som relativt l\u00e4ttl\u00e4st och l\u00e4tt att orientera sig i trots att flera fokusomr\u00e5den f\u00f6rekommer i planens olika kapitel. SKR pekar s\u00e4rskilt ut kapitel tv\u00e5, som tar upp fokusomr\u00e5den f\u00f6r f\u00f6rdelning av Sveriges ca 35 miljarder kr, som det viktigaste kapitlet&nbsp;att l\u00e4sa kombinerat med kap 3 d\u00e4r regeringen f\u00f6rklarar hur de reformer och investeringar som regeringen vill g\u00f6ra samst\u00e4mmer med \u00f6vriga EU-program, till exempel hur synergier med andra EU-program ska kunna uppn\u00e5s och dubbelfinansiering undvikas.<\/p>\n<p><!--more--><\/p>\n<p>Det torde finnas n\u00e5gra fr\u00e5getecken kvar att r\u00e4ta ut om hur exakt genomf\u00f6randet ska g\u00e5 till, men de generella dragen \u00e4r som f\u00f6ljer:<\/p>\n<p><strong>N\u00e5gra citat fr\u00e5n Sveriges \u00e5terh\u00e4mtningsplan<\/strong><\/p>\n<p>\u201d\u00c5terh\u00e4mtningsplanen kommer att genomf\u00f6ras inom ramen f\u00f6r den svenska budgetprocessen och de befintliga formerna av f\u00f6rvaltning och intern styrning och kontroll. De myndigheter som ansvarar f\u00f6r genomf\u00f6randet st\u00e5r under regeringens kontroll.<\/p>\n<p>En eller flera myndigheter kommer att f\u00e5 i uppdrag att genomf\u00f6ra varje reform och investering, vilket inbegriper ansvar f\u00f6r att bed\u00f6ma om respektive m\u00e5l och delm\u00e5l \u00e4r uppfyllda och rapporteringen om delm\u00e5l och m\u00e5l. Myndigheten best\u00e4mmer sedan hur den ska f\u00f6rverkliga regeringens politik med hj\u00e4lp av de anslag (eller annan finansiering) den tillf\u00f6rts. Myndigheterna beg\u00e4r medel f\u00f6r de behov de bed\u00f6mer att de har i den samlade budgetprocessen och dessa utgiftsf\u00f6rslag pr\u00f6vas i den samlade utgiftspr\u00f6vningen i maj varje \u00e5r.<\/p>\n<p>De myndigheter som har st\u00f6rst roll i det arbetet \u00e4r Tillv\u00e4xtverket, som ansvarar f\u00f6r ERUF och FRO, och Statens energimyndighet, som f\u00f6rvaltar Industriklivet<\/p>\n<p>F\u00f6r att undvika dubbelfinansiering m\u00e5ste projekt som finansieras med andra EU-medel rapportera om eventuella kopplingar till andra EU-program, och i projektans\u00f6kningarna m\u00e5ste det intygas att inget annat EU-bidrag har mottagits f\u00f6r samma kostnader. De s\u00f6kande m\u00e5ste omedelbart informera myndigheterna om det finns samtidiga ans\u00f6kningar och bidrag fr\u00e5n olika k\u00e4llor som omfattar samma \u00e5tg\u00e4rd eller samma projekt. Om det finns risk f\u00f6r dubbelfinansiering och s\u00e5dana f\u00f6rfaranden inte redan finns p\u00e5 plats kommer f\u00f6rfaranden av detta slag att inf\u00f6ras och \u00e5tg\u00e4rder vidtas f\u00f6r att s\u00e4kerst\u00e4lla att de reformer och investeringar som ing\u00e5r i \u00e5terh\u00e4mtningsplanen inte finansierar samma kostnader som andra EU-medel. Eftersom genomf\u00f6randet av \u00e5terh\u00e4mtningsplanen \u00e4r myndigheternas direkta ansvar, kommer myndigheterna att f\u00e5 i uppdrag att inr\u00e4tta l\u00e4mpliga system f\u00f6r att undvika dubbelfinansiering och f\u00f6r noggranna kontroller av mottagarna. Ytterligare information om dessa f\u00f6rfaranden kommer att tillhandah\u00e5llas i den efterf\u00f6ljande tekniska bilagan\u201d.<\/p>\n<p><strong>Regionernas involvering<\/strong><\/p>\n<p>Trots svensk kritik fr\u00e5n regional niv\u00e5, menar Regeringen att man \u201di till\u00e4mpliga fall inh\u00e4mtat information fr\u00e5n ber\u00f6rda akt\u00f6rer genom s\u00e4rskilda kommunikationstillf\u00e4llen. \u00c5tg\u00e4rder som inneb\u00e4r en \u00e4ndring i befintlig lagstiftning f\u00f6reg\u00e5s av sedvanlig beredning, vilket bl.a. inkluderar remittering av f\u00f6rslagen till ber\u00f6rda myndigheter, kommuner, sammanslutningar och enskilda. Ett flertal enskilda m\u00f6ten har \u00e4ven \u00e4gt rum d\u00e4r de fackliga centralorganisationerna, SKR och Svenskt N\u00e4ringsliv har deltagit. M\u00f6ten har \u00e4ven skett i SKR:s regi med f\u00f6retr\u00e4dare f\u00f6r regionerna. Ett m\u00f6te har \u00e4ven h\u00e5llits med representanter f\u00f6r det civila samh\u00e4llet.\u201d Brister i regional involvering i de flesta europeiska medlemsstater&nbsp;har pekats ut av flera st\u00f6rre europeiska n\u00e4tverk, men \u00e4ven EU-kommissionen sj\u00e4lv, som menar att regionernas involvering i planering och genomf\u00f6rande var grundstenar i f\u00f6rslaget.<\/p>\n<p><a href=\"https:\/\/www.regeringen.se\/49bfc1\/contentassets\/dad10f1743b64c78a1c5b2d71f81a6eb\/sveriges-aterhamtningsplan.pdf\" target=\"_blank\" title=\"\" rel=\"noopener\">H\u00e4r kan du l\u00e4sa&nbsp;Sveriges \u00e5terh\u00e4mtningsplan&nbsp;i sin helhet&nbsp;<\/a><\/p>\n<p>&nbsp;<\/p>\n<p>&nbsp;<\/p>\n","protected":false},"excerpt":{"rendered":"<p>Efter en m\u00e5nads uppskov l\u00e4mnade Sverige i slutet av maj in sin \u00e5terh\u00e4mtningsplan till EU-kommissionen om hur man avser att hantera miljarderna som Sverige kan ta del som en f\u00f6ljd av Coronast\u00f6dpaketet medlemsstaterna kommit \u00f6verens om. M\u00e5nga har redan tagit del av planen genom utskick fr\u00e5n SKR som upplever planen som relativt l\u00e4ttl\u00e4st och l\u00e4tt [&hellip;]<\/p>\n","protected":false},"author":3,"featured_media":0,"comment_status":"open","ping_status":"open","sticky":false,"template":"","format":"standard","meta":{"_acf_changed":false,"footnotes":""},"categories":[11],"tags":[],"class_list":["post-1441","post","type-post","status-publish","format-standard","hentry","category-hem"],"acf":[],"yoast_head":"<!-- This site is optimized with the Yoast SEO plugin v27.5 - https:\/\/yoast.com\/product\/yoast-seo-wordpress\/ -->\n<title>L\u00e4sning: Den svenska \u00e5terh\u00e4mtningsplanen (RRF) - SBHSS<\/title>\n<meta name=\"robots\" content=\"index, follow, max-snippet:-1, max-image-preview:large, max-video-preview:-1\" \/>\n<link rel=\"canonical\" href=\"https:\/\/www.sbhss.eu\/sv\/lasning-den-svenska-aterhamtningsplanen-rrf\/\" \/>\n<meta property=\"og:locale\" content=\"sv_SE\" \/>\n<meta property=\"og:type\" content=\"article\" \/>\n<meta property=\"og:title\" content=\"L\u00e4sning: Den svenska \u00e5terh\u00e4mtningsplanen (RRF) - SBHSS\" \/>\n<meta property=\"og:description\" content=\"Efter en m\u00e5nads uppskov l\u00e4mnade Sverige i slutet av maj in sin \u00e5terh\u00e4mtningsplan till EU-kommissionen om hur man avser att hantera miljarderna som Sverige kan ta del som en f\u00f6ljd av Coronast\u00f6dpaketet medlemsstaterna kommit \u00f6verens om. M\u00e5nga har redan tagit del av planen genom utskick fr\u00e5n SKR som upplever planen som relativt l\u00e4ttl\u00e4st och l\u00e4tt [&hellip;]\" \/>\n<meta property=\"og:url\" content=\"https:\/\/www.sbhss.eu\/sv\/lasning-den-svenska-aterhamtningsplanen-rrf\/\" \/>\n<meta property=\"og:site_name\" content=\"SBHSS\" \/>\n<meta property=\"article:published_time\" content=\"2021-06-08T07:39:34+00:00\" \/>\n<meta name=\"author\" content=\"Sven Kast\u00f6\" \/>\n<meta name=\"twitter:card\" content=\"summary_large_image\" \/>\n<meta name=\"twitter:label1\" content=\"Skriven av\" \/>\n\t<meta name=\"twitter:data1\" content=\"Sven Kast\u00f6\" \/>\n\t<meta name=\"twitter:label2\" content=\"Ber\u00e4knad l\u00e4stid\" \/>\n\t<meta name=\"twitter:data2\" content=\"3 minuter\" \/>\n<script type=\"application\/ld+json\" class=\"yoast-schema-graph\">{\"@context\":\"https:\\\/\\\/schema.org\",\"@graph\":[{\"@type\":\"Article\",\"@id\":\"https:\\\/\\\/www.sbhss.eu\\\/sv\\\/lasning-den-svenska-aterhamtningsplanen-rrf\\\/#article\",\"isPartOf\":{\"@id\":\"https:\\\/\\\/www.sbhss.eu\\\/sv\\\/lasning-den-svenska-aterhamtningsplanen-rrf\\\/\"},\"author\":{\"name\":\"Sven Kast\u00f6\",\"@id\":\"https:\\\/\\\/www.sbhss.eu\\\/#\\\/schema\\\/person\\\/b8d8eb4c1088a05ed50ecff9b2bf643f\"},\"headline\":\"L\u00e4sning: Den svenska \u00e5terh\u00e4mtningsplanen (RRF)\",\"datePublished\":\"2021-06-08T07:39:34+00:00\",\"mainEntityOfPage\":{\"@id\":\"https:\\\/\\\/www.sbhss.eu\\\/sv\\\/lasning-den-svenska-aterhamtningsplanen-rrf\\\/\"},\"wordCount\":694,\"commentCount\":0,\"articleSection\":[\"Hem - Startsidan\"],\"inLanguage\":\"sv-SE\"},{\"@type\":\"WebPage\",\"@id\":\"https:\\\/\\\/www.sbhss.eu\\\/sv\\\/lasning-den-svenska-aterhamtningsplanen-rrf\\\/\",\"url\":\"https:\\\/\\\/www.sbhss.eu\\\/sv\\\/lasning-den-svenska-aterhamtningsplanen-rrf\\\/\",\"name\":\"L\u00e4sning: Den svenska \u00e5terh\u00e4mtningsplanen (RRF) - SBHSS\",\"isPartOf\":{\"@id\":\"https:\\\/\\\/www.sbhss.eu\\\/#website\"},\"datePublished\":\"2021-06-08T07:39:34+00:00\",\"author\":{\"@id\":\"https:\\\/\\\/www.sbhss.eu\\\/#\\\/schema\\\/person\\\/b8d8eb4c1088a05ed50ecff9b2bf643f\"},\"breadcrumb\":{\"@id\":\"https:\\\/\\\/www.sbhss.eu\\\/sv\\\/lasning-den-svenska-aterhamtningsplanen-rrf\\\/#breadcrumb\"},\"inLanguage\":\"sv-SE\",\"potentialAction\":[{\"@type\":\"ReadAction\",\"target\":[\"https:\\\/\\\/www.sbhss.eu\\\/sv\\\/lasning-den-svenska-aterhamtningsplanen-rrf\\\/\"]}]},{\"@type\":\"BreadcrumbList\",\"@id\":\"https:\\\/\\\/www.sbhss.eu\\\/sv\\\/lasning-den-svenska-aterhamtningsplanen-rrf\\\/#breadcrumb\",\"itemListElement\":[{\"@type\":\"ListItem\",\"position\":1,\"name\":\"Hem\",\"item\":\"https:\\\/\\\/www.sbhss.eu\\\/sv\\\/\"},{\"@type\":\"ListItem\",\"position\":2,\"name\":\"L\u00e4sning: Den svenska \u00e5terh\u00e4mtningsplanen (RRF)\"}]},{\"@type\":\"WebSite\",\"@id\":\"https:\\\/\\\/www.sbhss.eu\\\/#website\",\"url\":\"https:\\\/\\\/www.sbhss.eu\\\/\",\"name\":\"SBHSS\",\"description\":\"\",\"potentialAction\":[{\"@type\":\"SearchAction\",\"target\":{\"@type\":\"EntryPoint\",\"urlTemplate\":\"https:\\\/\\\/www.sbhss.eu\\\/?s={search_term_string}\"},\"query-input\":{\"@type\":\"PropertyValueSpecification\",\"valueRequired\":true,\"valueName\":\"search_term_string\"}}],\"inLanguage\":\"sv-SE\"},{\"@type\":\"Person\",\"@id\":\"https:\\\/\\\/www.sbhss.eu\\\/#\\\/schema\\\/person\\\/b8d8eb4c1088a05ed50ecff9b2bf643f\",\"name\":\"Sven Kast\u00f6\",\"image\":{\"@type\":\"ImageObject\",\"inLanguage\":\"sv-SE\",\"@id\":\"https:\\\/\\\/secure.gravatar.com\\\/avatar\\\/4ce3985fbe5a36073e6a0cbba2acaad0da794332aeb9a944eca4c7548361a263?s=96&d=mm&r=g\",\"url\":\"https:\\\/\\\/secure.gravatar.com\\\/avatar\\\/4ce3985fbe5a36073e6a0cbba2acaad0da794332aeb9a944eca4c7548361a263?s=96&d=mm&r=g\",\"contentUrl\":\"https:\\\/\\\/secure.gravatar.com\\\/avatar\\\/4ce3985fbe5a36073e6a0cbba2acaad0da794332aeb9a944eca4c7548361a263?s=96&d=mm&r=g\",\"caption\":\"Sven Kast\u00f6\"},\"url\":\"https:\\\/\\\/www.sbhss.eu\\\/sv\\\/author\\\/sven-kastosbhss-eu\\\/\"}]}<\/script>\n<!-- \/ Yoast SEO plugin. -->","yoast_head_json":{"title":"L\u00e4sning: Den svenska \u00e5terh\u00e4mtningsplanen (RRF) - SBHSS","robots":{"index":"index","follow":"follow","max-snippet":"max-snippet:-1","max-image-preview":"max-image-preview:large","max-video-preview":"max-video-preview:-1"},"canonical":"https:\/\/www.sbhss.eu\/sv\/lasning-den-svenska-aterhamtningsplanen-rrf\/","og_locale":"sv_SE","og_type":"article","og_title":"L\u00e4sning: Den svenska \u00e5terh\u00e4mtningsplanen (RRF) - SBHSS","og_description":"Efter en m\u00e5nads uppskov l\u00e4mnade Sverige i slutet av maj in sin \u00e5terh\u00e4mtningsplan till EU-kommissionen om hur man avser att hantera miljarderna som Sverige kan ta del som en f\u00f6ljd av Coronast\u00f6dpaketet medlemsstaterna kommit \u00f6verens om. M\u00e5nga har redan tagit del av planen genom utskick fr\u00e5n SKR som upplever planen som relativt l\u00e4ttl\u00e4st och l\u00e4tt [&hellip;]","og_url":"https:\/\/www.sbhss.eu\/sv\/lasning-den-svenska-aterhamtningsplanen-rrf\/","og_site_name":"SBHSS","article_published_time":"2021-06-08T07:39:34+00:00","author":"Sven Kast\u00f6","twitter_card":"summary_large_image","twitter_misc":{"Skriven av":"Sven Kast\u00f6","Ber\u00e4knad l\u00e4stid":"3 minuter"},"schema":{"@context":"https:\/\/schema.org","@graph":[{"@type":"Article","@id":"https:\/\/www.sbhss.eu\/sv\/lasning-den-svenska-aterhamtningsplanen-rrf\/#article","isPartOf":{"@id":"https:\/\/www.sbhss.eu\/sv\/lasning-den-svenska-aterhamtningsplanen-rrf\/"},"author":{"name":"Sven Kast\u00f6","@id":"https:\/\/www.sbhss.eu\/#\/schema\/person\/b8d8eb4c1088a05ed50ecff9b2bf643f"},"headline":"L\u00e4sning: Den svenska \u00e5terh\u00e4mtningsplanen (RRF)","datePublished":"2021-06-08T07:39:34+00:00","mainEntityOfPage":{"@id":"https:\/\/www.sbhss.eu\/sv\/lasning-den-svenska-aterhamtningsplanen-rrf\/"},"wordCount":694,"commentCount":0,"articleSection":["Hem - Startsidan"],"inLanguage":"sv-SE"},{"@type":"WebPage","@id":"https:\/\/www.sbhss.eu\/sv\/lasning-den-svenska-aterhamtningsplanen-rrf\/","url":"https:\/\/www.sbhss.eu\/sv\/lasning-den-svenska-aterhamtningsplanen-rrf\/","name":"L\u00e4sning: Den svenska \u00e5terh\u00e4mtningsplanen (RRF) - SBHSS","isPartOf":{"@id":"https:\/\/www.sbhss.eu\/#website"},"datePublished":"2021-06-08T07:39:34+00:00","author":{"@id":"https:\/\/www.sbhss.eu\/#\/schema\/person\/b8d8eb4c1088a05ed50ecff9b2bf643f"},"breadcrumb":{"@id":"https:\/\/www.sbhss.eu\/sv\/lasning-den-svenska-aterhamtningsplanen-rrf\/#breadcrumb"},"inLanguage":"sv-SE","potentialAction":[{"@type":"ReadAction","target":["https:\/\/www.sbhss.eu\/sv\/lasning-den-svenska-aterhamtningsplanen-rrf\/"]}]},{"@type":"BreadcrumbList","@id":"https:\/\/www.sbhss.eu\/sv\/lasning-den-svenska-aterhamtningsplanen-rrf\/#breadcrumb","itemListElement":[{"@type":"ListItem","position":1,"name":"Hem","item":"https:\/\/www.sbhss.eu\/sv\/"},{"@type":"ListItem","position":2,"name":"L\u00e4sning: Den svenska \u00e5terh\u00e4mtningsplanen (RRF)"}]},{"@type":"WebSite","@id":"https:\/\/www.sbhss.eu\/#website","url":"https:\/\/www.sbhss.eu\/","name":"SBHSS","description":"","potentialAction":[{"@type":"SearchAction","target":{"@type":"EntryPoint","urlTemplate":"https:\/\/www.sbhss.eu\/?s={search_term_string}"},"query-input":{"@type":"PropertyValueSpecification","valueRequired":true,"valueName":"search_term_string"}}],"inLanguage":"sv-SE"},{"@type":"Person","@id":"https:\/\/www.sbhss.eu\/#\/schema\/person\/b8d8eb4c1088a05ed50ecff9b2bf643f","name":"Sven Kast\u00f6","image":{"@type":"ImageObject","inLanguage":"sv-SE","@id":"https:\/\/secure.gravatar.com\/avatar\/4ce3985fbe5a36073e6a0cbba2acaad0da794332aeb9a944eca4c7548361a263?s=96&d=mm&r=g","url":"https:\/\/secure.gravatar.com\/avatar\/4ce3985fbe5a36073e6a0cbba2acaad0da794332aeb9a944eca4c7548361a263?s=96&d=mm&r=g","contentUrl":"https:\/\/secure.gravatar.com\/avatar\/4ce3985fbe5a36073e6a0cbba2acaad0da794332aeb9a944eca4c7548361a263?s=96&d=mm&r=g","caption":"Sven Kast\u00f6"},"url":"https:\/\/www.sbhss.eu\/sv\/author\/sven-kastosbhss-eu\/"}]}},"_links":{"self":[{"href":"https:\/\/www.sbhss.eu\/sv\/wp-json\/wp\/v2\/posts\/1441","targetHints":{"allow":["GET"]}}],"collection":[{"href":"https:\/\/www.sbhss.eu\/sv\/wp-json\/wp\/v2\/posts"}],"about":[{"href":"https:\/\/www.sbhss.eu\/sv\/wp-json\/wp\/v2\/types\/post"}],"author":[{"embeddable":true,"href":"https:\/\/www.sbhss.eu\/sv\/wp-json\/wp\/v2\/users\/3"}],"replies":[{"embeddable":true,"href":"https:\/\/www.sbhss.eu\/sv\/wp-json\/wp\/v2\/comments?post=1441"}],"version-history":[{"count":0,"href":"https:\/\/www.sbhss.eu\/sv\/wp-json\/wp\/v2\/posts\/1441\/revisions"}],"wp:attachment":[{"href":"https:\/\/www.sbhss.eu\/sv\/wp-json\/wp\/v2\/media?parent=1441"}],"wp:term":[{"taxonomy":"category","embeddable":true,"href":"https:\/\/www.sbhss.eu\/sv\/wp-json\/wp\/v2\/categories?post=1441"},{"taxonomy":"post_tag","embeddable":true,"href":"https:\/\/www.sbhss.eu\/sv\/wp-json\/wp\/v2\/tags?post=1441"}],"curies":[{"name":"wp","href":"https:\/\/api.w.org\/{rel}","templated":true}]}}