{"id":1445,"date":"2021-06-10T13:47:30","date_gmt":"2021-06-10T11:47:30","guid":{"rendered":"http:\/\/wp.sbhss.eu\/?p=1253"},"modified":"2021-06-10T13:47:30","modified_gmt":"2021-06-10T11:47:30","slug":"den-nya-eruf-finansieringen-i3","status":"publish","type":"post","link":"https:\/\/www.sbhss.eu\/sv\/den-nya-eruf-finansieringen-i3\/","title":{"rendered":"Den nya ERUF-finansieringen I3"},"content":{"rendered":"<p>Nu delas kommissionens arbetsprogram f\u00f6r det nya regionala finansieringsinstrumentet I3 (interregional innovation investment) i regionala n\u00e4tverk i Bryssel. Den nya programdelen i ERUF \u00e4r ett efterl\u00e4ngtat instrument f\u00f6r regionala partnerskap som etablerats under programperiod 2014 \u2013 2020 i t.ex. kommissionens S3-plattform eller Vanguardinitiativet. I3 syftar till att st\u00f6tta regioner och regionala innovationsakt\u00f6rer till aktiviteter som st\u00e4rker konkurrenskraften f\u00f6r regionens prioriterade omr\u00e5den i smarta specialiseringsstrategier. Det nya arbetsprogrammet, som str\u00e4cker sig \u00f6ver tv\u00e5 \u00e5r, fokuserar p\u00e5 tre investeringsomr\u00e5den: <em>digital transition, green and climate transition <\/em>och<em> smart manufacturing. <\/em>Fr\u00e5gan \u00e4r om detta nya ERUF-instrument kommer vara en attraktiv finansiering till SBHSS prioriterade S3-omr\u00e5den eller om tr\u00f6skeln \u00e4r l\u00e4gre till andra innovationsprogram?<\/p>\n<p><!--more--><\/p>\n<p>I3 inneh\u00e5ller tv\u00e5 kategorier (<em>eng. strands<\/em>) d\u00e4r kategori 1 riktar sig till innovationsledande regioner och kategori 2 till mindre utvecklade innovationsregioner. \u00c4ven om det finns utrymme f\u00f6r att en innovationsledande regioner deltar i partnerskap med mindre utvecklade innovationsregioner s\u00e5 tillh\u00f6r de svenska regionerna kategori 1.<\/p>\n<p><u>Kategori 1<\/u><\/p>\n<p><strong>Vem kan ans\u00f6ka: <\/strong>konsortium med minst fem deltagande akt\u00f6rer representerade i minst tre regioner i tre olika medlemsl\u00e4nder. Akt\u00f6rerna som ans\u00f6ker m\u00e5ste bli godk\u00e4nda av myndighet\/organisation som ansvarar f\u00f6r den regionala smarta specialiseringsstrategin (d.v.s. regionen, NUTS3, i Sverige). Varje region som deltar m\u00e5ste vara representerad i konsortiet av minst 2 komponenter i Quadruple Helix samverkan (t.ex. forskningsakt\u00f6rer, universitet, kluster, industri, SME, Science Parks).<\/p>\n<p><strong>Finansiering<\/strong>: Sammanlagd budget (tv\u00e5 ans\u00f6kningsomg\u00e5ngar) \u00e4r 79,8 miljoner \u20ac, vilket f\u00f6rdelas p\u00e5 4 &#8211; 5 konsortium per ans\u00f6kningsomg\u00e5ng. Det inneb\u00e4r att ett konsortium kan tilldelas mellan 4 \u2013 10 miljoner \u20ac.<\/p>\n<p><strong>Tidslinje: <\/strong>utlysning publiceras 5 oktober 2021, deadline f\u00f6r f\u00f6rsta ans\u00f6kningssteget \u00e4r den 16 november 2021 och andra omg\u00e5ngen den 28 april 2022.<\/p>\n<p><strong>Attraktiv m\u00f6jlighet eller sv\u00e5r utmaning? <\/strong><\/p>\n<p>Det \u00e4r bed\u00f6mningsvis en ganska h\u00f6g tr\u00f6skel f\u00f6r SBHSS regioner att vid de f\u00f6rsta utlysningsomg\u00e5ngarna koppla upp sig med ett europeisk konsortium (partnerskap)<\/p>\n<ul>\n<li>Kommissionen f\u00f6ruts\u00e4tter att det \u00e4r regionala akt\u00f6rer som driver I3-projekt (uppskalning, demonstration) som syftar till att f\u00f6ra innovation n\u00e4rmare marknadsintroduktion. I denna kontext blir regionen en d\u00f6rr\u00f6ppnare till innovationsakt\u00f6rer f\u00f6r att kunna delta i konsortium och I3-st\u00f6dda europeiska v\u00e4rdekedjor. Det inneb\u00e4r, med andra ord, att regionens arbete med smart specialisering och samverkan med regionala innovationsakt\u00f6rer \u00e4r en f\u00f6ruts\u00e4ttning f\u00f6r I3-uppkoppling.<\/li>\n<li>Kommissionen lanserade f\u00f6rslaget om I3, eller komponent fem som den tidigare kallades, som ett instrument anpassat till S3-partnerskapen som vuxit fram i kommissionens S3-plattformar och Vanguardinitiativets plattform. \u00c4ven om det inte \u00e4r ett krav att vara uppkopplad till dessa typer av interregionala samverkansplattformar f\u00f6r att kunna ans\u00f6ka om I3 s\u00e5 pekar mycket p\u00e5 att det \u00e4r&nbsp;befintliga S3-partnerskap som har st\u00f6rst chans att delta.<\/li>\n<\/ul>\n<p>Regioner som deltar i ans\u00f6kningar beh\u00f6ver d\u00e4rmed regionala innovationsakt\u00f6rer som \u00e4r uppkopplade i interregionala partnerskap, och d\u00e5 konkurrensen f\u00f6rv\u00e4ntas vara tuff s\u00e5 \u00e4r det ocks\u00e5 en fr\u00e5ga om att vara uppkopplade i de mest prominenta och aktiva partnerskapen. D\u00e4rf\u00f6r kan det vara en sv\u00e5r utmaning att tillg\u00e5 den nya ERUF-finansieringen samtidigt som det \u00e4r en m\u00f6jlighet f\u00f6r v\u00e5ra regioner att addera kompetens och innovationskraft till regionens tillv\u00e4xtomr\u00e5den. Detta f\u00f6rutsatt att det kategoriseras under rubrikerna digital transition, green transition eller smart manufacturing.<\/p>\n<p><strong>Forts\u00e4ttning f\u00f6ljer\u2026<\/strong><\/p>\n<p>Arbetsprogrammet f\u00f6r I3 som delas i europeiska n\u00e4tverk \u00e4r fortfarande ett utkast, och d\u00e4rf\u00f6r finns det utrymme att komma med inspel. SBHSS medlemmar har med andra ord m\u00f6jlighet att tycka till om det nya instrumentet. Kontakta <a href=\"mailto:adam.andersson@sbhss.eu\">Adam<\/a> om du \u00e4r du intresserad av att veta mer om I3 och ge inspel till europeiska dialoger<\/p>\n<p>&nbsp;<\/p>\n","protected":false},"excerpt":{"rendered":"<p>Nu delas kommissionens arbetsprogram f\u00f6r det nya regionala finansieringsinstrumentet I3 (interregional innovation investment) i regionala n\u00e4tverk i Bryssel. Den nya programdelen i ERUF \u00e4r ett efterl\u00e4ngtat instrument f\u00f6r regionala partnerskap som etablerats under programperiod 2014 \u2013 2020 i t.ex. kommissionens S3-plattform eller Vanguardinitiativet. I3 syftar till att st\u00f6tta regioner och regionala innovationsakt\u00f6rer till aktiviteter som [&hellip;]<\/p>\n","protected":false},"author":3,"featured_media":0,"comment_status":"open","ping_status":"open","sticky":false,"template":"","format":"standard","meta":{"_acf_changed":false,"footnotes":""},"categories":[11],"tags":[],"class_list":["post-1445","post","type-post","status-publish","format-standard","hentry","category-hem"],"acf":[],"yoast_head":"<!-- This site is optimized with the Yoast SEO plugin v27.2 - https:\/\/yoast.com\/product\/yoast-seo-wordpress\/ -->\n<title>Den nya ERUF-finansieringen I3 - SBHSS<\/title>\n<meta name=\"robots\" content=\"index, follow, max-snippet:-1, max-image-preview:large, max-video-preview:-1\" \/>\n<link rel=\"canonical\" href=\"https:\/\/www.sbhss.eu\/sv\/den-nya-eruf-finansieringen-i3\/\" \/>\n<meta property=\"og:locale\" content=\"sv_SE\" \/>\n<meta property=\"og:type\" content=\"article\" \/>\n<meta property=\"og:title\" content=\"Den nya ERUF-finansieringen I3 - SBHSS\" \/>\n<meta property=\"og:description\" content=\"Nu delas kommissionens arbetsprogram f\u00f6r det nya regionala finansieringsinstrumentet I3 (interregional innovation investment) i regionala n\u00e4tverk i Bryssel. Den nya programdelen i ERUF \u00e4r ett efterl\u00e4ngtat instrument f\u00f6r regionala partnerskap som etablerats under programperiod 2014 \u2013 2020 i t.ex. kommissionens S3-plattform eller Vanguardinitiativet. I3 syftar till att st\u00f6tta regioner och regionala innovationsakt\u00f6rer till aktiviteter som [&hellip;]\" \/>\n<meta property=\"og:url\" content=\"https:\/\/www.sbhss.eu\/sv\/den-nya-eruf-finansieringen-i3\/\" \/>\n<meta property=\"og:site_name\" content=\"SBHSS\" \/>\n<meta property=\"article:published_time\" content=\"2021-06-10T11:47:30+00:00\" \/>\n<meta name=\"author\" content=\"Sven Kast\u00f6\" \/>\n<meta name=\"twitter:card\" content=\"summary_large_image\" \/>\n<meta name=\"twitter:label1\" content=\"Skriven av\" \/>\n\t<meta name=\"twitter:data1\" content=\"Sven Kast\u00f6\" \/>\n\t<meta name=\"twitter:label2\" content=\"Ber\u00e4knad l\u00e4stid\" \/>\n\t<meta name=\"twitter:data2\" content=\"3 minuter\" \/>\n<script type=\"application\/ld+json\" class=\"yoast-schema-graph\">{\"@context\":\"https:\/\/schema.org\",\"@graph\":[{\"@type\":\"Article\",\"@id\":\"https:\/\/www.sbhss.eu\/sv\/den-nya-eruf-finansieringen-i3\/#article\",\"isPartOf\":{\"@id\":\"https:\/\/www.sbhss.eu\/sv\/den-nya-eruf-finansieringen-i3\/\"},\"author\":{\"name\":\"Sven Kast\u00f6\",\"@id\":\"https:\/\/www.sbhss.eu\/#\/schema\/person\/b8d8eb4c1088a05ed50ecff9b2bf643f\"},\"headline\":\"Den nya ERUF-finansieringen I3\",\"datePublished\":\"2021-06-10T11:47:30+00:00\",\"mainEntityOfPage\":{\"@id\":\"https:\/\/www.sbhss.eu\/sv\/den-nya-eruf-finansieringen-i3\/\"},\"wordCount\":648,\"commentCount\":0,\"articleSection\":[\"Hem - Startsidan\"],\"inLanguage\":\"sv-SE\"},{\"@type\":\"WebPage\",\"@id\":\"https:\/\/www.sbhss.eu\/sv\/den-nya-eruf-finansieringen-i3\/\",\"url\":\"https:\/\/www.sbhss.eu\/sv\/den-nya-eruf-finansieringen-i3\/\",\"name\":\"Den nya ERUF-finansieringen I3 - SBHSS\",\"isPartOf\":{\"@id\":\"https:\/\/www.sbhss.eu\/#website\"},\"datePublished\":\"2021-06-10T11:47:30+00:00\",\"author\":{\"@id\":\"https:\/\/www.sbhss.eu\/#\/schema\/person\/b8d8eb4c1088a05ed50ecff9b2bf643f\"},\"breadcrumb\":{\"@id\":\"https:\/\/www.sbhss.eu\/sv\/den-nya-eruf-finansieringen-i3\/#breadcrumb\"},\"inLanguage\":\"sv-SE\",\"potentialAction\":[{\"@type\":\"ReadAction\",\"target\":[\"https:\/\/www.sbhss.eu\/sv\/den-nya-eruf-finansieringen-i3\/\"]}]},{\"@type\":\"BreadcrumbList\",\"@id\":\"https:\/\/www.sbhss.eu\/sv\/den-nya-eruf-finansieringen-i3\/#breadcrumb\",\"itemListElement\":[{\"@type\":\"ListItem\",\"position\":1,\"name\":\"Hem\",\"item\":\"https:\/\/www.sbhss.eu\/sv\/\"},{\"@type\":\"ListItem\",\"position\":2,\"name\":\"Den nya ERUF-finansieringen I3\"}]},{\"@type\":\"WebSite\",\"@id\":\"https:\/\/www.sbhss.eu\/#website\",\"url\":\"https:\/\/www.sbhss.eu\/\",\"name\":\"SBHSS\",\"description\":\"\",\"potentialAction\":[{\"@type\":\"SearchAction\",\"target\":{\"@type\":\"EntryPoint\",\"urlTemplate\":\"https:\/\/www.sbhss.eu\/?s={search_term_string}\"},\"query-input\":{\"@type\":\"PropertyValueSpecification\",\"valueRequired\":true,\"valueName\":\"search_term_string\"}}],\"inLanguage\":\"sv-SE\"},{\"@type\":\"Person\",\"@id\":\"https:\/\/www.sbhss.eu\/#\/schema\/person\/b8d8eb4c1088a05ed50ecff9b2bf643f\",\"name\":\"Sven Kast\u00f6\",\"image\":{\"@type\":\"ImageObject\",\"inLanguage\":\"sv-SE\",\"@id\":\"https:\/\/secure.gravatar.com\/avatar\/4ce3985fbe5a36073e6a0cbba2acaad0da794332aeb9a944eca4c7548361a263?s=96&d=mm&r=g\",\"url\":\"https:\/\/secure.gravatar.com\/avatar\/4ce3985fbe5a36073e6a0cbba2acaad0da794332aeb9a944eca4c7548361a263?s=96&d=mm&r=g\",\"contentUrl\":\"https:\/\/secure.gravatar.com\/avatar\/4ce3985fbe5a36073e6a0cbba2acaad0da794332aeb9a944eca4c7548361a263?s=96&d=mm&r=g\",\"caption\":\"Sven Kast\u00f6\"},\"url\":\"https:\/\/www.sbhss.eu\/sv\/author\/sven-kastosbhss-eu\/\"}]}<\/script>\n<!-- \/ Yoast SEO plugin. -->","yoast_head_json":{"title":"Den nya ERUF-finansieringen I3 - SBHSS","robots":{"index":"index","follow":"follow","max-snippet":"max-snippet:-1","max-image-preview":"max-image-preview:large","max-video-preview":"max-video-preview:-1"},"canonical":"https:\/\/www.sbhss.eu\/sv\/den-nya-eruf-finansieringen-i3\/","og_locale":"sv_SE","og_type":"article","og_title":"Den nya ERUF-finansieringen I3 - SBHSS","og_description":"Nu delas kommissionens arbetsprogram f\u00f6r det nya regionala finansieringsinstrumentet I3 (interregional innovation investment) i regionala n\u00e4tverk i Bryssel. Den nya programdelen i ERUF \u00e4r ett efterl\u00e4ngtat instrument f\u00f6r regionala partnerskap som etablerats under programperiod 2014 \u2013 2020 i t.ex. kommissionens S3-plattform eller Vanguardinitiativet. I3 syftar till att st\u00f6tta regioner och regionala innovationsakt\u00f6rer till aktiviteter som [&hellip;]","og_url":"https:\/\/www.sbhss.eu\/sv\/den-nya-eruf-finansieringen-i3\/","og_site_name":"SBHSS","article_published_time":"2021-06-10T11:47:30+00:00","author":"Sven Kast\u00f6","twitter_card":"summary_large_image","twitter_misc":{"Skriven av":"Sven Kast\u00f6","Ber\u00e4knad l\u00e4stid":"3 minuter"},"schema":{"@context":"https:\/\/schema.org","@graph":[{"@type":"Article","@id":"https:\/\/www.sbhss.eu\/sv\/den-nya-eruf-finansieringen-i3\/#article","isPartOf":{"@id":"https:\/\/www.sbhss.eu\/sv\/den-nya-eruf-finansieringen-i3\/"},"author":{"name":"Sven Kast\u00f6","@id":"https:\/\/www.sbhss.eu\/#\/schema\/person\/b8d8eb4c1088a05ed50ecff9b2bf643f"},"headline":"Den nya ERUF-finansieringen I3","datePublished":"2021-06-10T11:47:30+00:00","mainEntityOfPage":{"@id":"https:\/\/www.sbhss.eu\/sv\/den-nya-eruf-finansieringen-i3\/"},"wordCount":648,"commentCount":0,"articleSection":["Hem - Startsidan"],"inLanguage":"sv-SE"},{"@type":"WebPage","@id":"https:\/\/www.sbhss.eu\/sv\/den-nya-eruf-finansieringen-i3\/","url":"https:\/\/www.sbhss.eu\/sv\/den-nya-eruf-finansieringen-i3\/","name":"Den nya ERUF-finansieringen I3 - SBHSS","isPartOf":{"@id":"https:\/\/www.sbhss.eu\/#website"},"datePublished":"2021-06-10T11:47:30+00:00","author":{"@id":"https:\/\/www.sbhss.eu\/#\/schema\/person\/b8d8eb4c1088a05ed50ecff9b2bf643f"},"breadcrumb":{"@id":"https:\/\/www.sbhss.eu\/sv\/den-nya-eruf-finansieringen-i3\/#breadcrumb"},"inLanguage":"sv-SE","potentialAction":[{"@type":"ReadAction","target":["https:\/\/www.sbhss.eu\/sv\/den-nya-eruf-finansieringen-i3\/"]}]},{"@type":"BreadcrumbList","@id":"https:\/\/www.sbhss.eu\/sv\/den-nya-eruf-finansieringen-i3\/#breadcrumb","itemListElement":[{"@type":"ListItem","position":1,"name":"Hem","item":"https:\/\/www.sbhss.eu\/sv\/"},{"@type":"ListItem","position":2,"name":"Den nya ERUF-finansieringen I3"}]},{"@type":"WebSite","@id":"https:\/\/www.sbhss.eu\/#website","url":"https:\/\/www.sbhss.eu\/","name":"SBHSS","description":"","potentialAction":[{"@type":"SearchAction","target":{"@type":"EntryPoint","urlTemplate":"https:\/\/www.sbhss.eu\/?s={search_term_string}"},"query-input":{"@type":"PropertyValueSpecification","valueRequired":true,"valueName":"search_term_string"}}],"inLanguage":"sv-SE"},{"@type":"Person","@id":"https:\/\/www.sbhss.eu\/#\/schema\/person\/b8d8eb4c1088a05ed50ecff9b2bf643f","name":"Sven Kast\u00f6","image":{"@type":"ImageObject","inLanguage":"sv-SE","@id":"https:\/\/secure.gravatar.com\/avatar\/4ce3985fbe5a36073e6a0cbba2acaad0da794332aeb9a944eca4c7548361a263?s=96&d=mm&r=g","url":"https:\/\/secure.gravatar.com\/avatar\/4ce3985fbe5a36073e6a0cbba2acaad0da794332aeb9a944eca4c7548361a263?s=96&d=mm&r=g","contentUrl":"https:\/\/secure.gravatar.com\/avatar\/4ce3985fbe5a36073e6a0cbba2acaad0da794332aeb9a944eca4c7548361a263?s=96&d=mm&r=g","caption":"Sven Kast\u00f6"},"url":"https:\/\/www.sbhss.eu\/sv\/author\/sven-kastosbhss-eu\/"}]}},"_links":{"self":[{"href":"https:\/\/www.sbhss.eu\/sv\/wp-json\/wp\/v2\/posts\/1445","targetHints":{"allow":["GET"]}}],"collection":[{"href":"https:\/\/www.sbhss.eu\/sv\/wp-json\/wp\/v2\/posts"}],"about":[{"href":"https:\/\/www.sbhss.eu\/sv\/wp-json\/wp\/v2\/types\/post"}],"author":[{"embeddable":true,"href":"https:\/\/www.sbhss.eu\/sv\/wp-json\/wp\/v2\/users\/3"}],"replies":[{"embeddable":true,"href":"https:\/\/www.sbhss.eu\/sv\/wp-json\/wp\/v2\/comments?post=1445"}],"version-history":[{"count":0,"href":"https:\/\/www.sbhss.eu\/sv\/wp-json\/wp\/v2\/posts\/1445\/revisions"}],"wp:attachment":[{"href":"https:\/\/www.sbhss.eu\/sv\/wp-json\/wp\/v2\/media?parent=1445"}],"wp:term":[{"taxonomy":"category","embeddable":true,"href":"https:\/\/www.sbhss.eu\/sv\/wp-json\/wp\/v2\/categories?post=1445"},{"taxonomy":"post_tag","embeddable":true,"href":"https:\/\/www.sbhss.eu\/sv\/wp-json\/wp\/v2\/tags?post=1445"}],"curies":[{"name":"wp","href":"https:\/\/api.w.org\/{rel}","templated":true}]}}