{"id":2157,"date":"2022-01-13T17:04:19","date_gmt":"2022-01-13T17:04:19","guid":{"rendered":"https:\/\/www.sbhss.eu\/?p=2157"},"modified":"2022-01-13T17:04:19","modified_gmt":"2022-01-13T17:04:19","slug":"ny-chans-for-dig-som-missade-infodag-om-i3","status":"publish","type":"post","link":"https:\/\/www.sbhss.eu\/sv\/ny-chans-for-dig-som-missade-infodag-om-i3\/","title":{"rendered":"Ny chans f\u00f6r dig som missade infodag om I3"},"content":{"rendered":"<p>I december informerade SBHSS Brysselkontor om en informationsdag om den nya EU-finansieringen <em>Interregional Innovation Investment (I3)Instrument<\/em> som riktar sig till regioner f\u00f6r att skapa l\u00e4nkar mellan Europas regioner och deras styrkor. F\u00f6r de som missade eventet ligger nu seminariet ute f\u00f6r besk\u00e5dan <a href=\"https:\/\/eismea.ec.europa.eu\/events\/online-info-day-interregional-innovation-investment-i3-instrument-recording-available_en\">p\u00e5 denna l\u00e4nk d\u00e4r \u00e4ven visade PowerPoint-presentationer finns tillg\u00e4ngliga<\/a>.<\/p>\n<p>&nbsp;<\/p>\n","protected":false},"excerpt":{"rendered":"<p>I december informerade SBHSS Brysselkontor om en informationsdag om den nya EU-finansieringen Interregional Innovation Investment (I3)Instrument som riktar sig till regioner f\u00f6r att skapa l\u00e4nkar mellan Europas regioner och deras styrkor. F\u00f6r de som missade eventet ligger nu seminariet ute f\u00f6r besk\u00e5dan p\u00e5 denna l\u00e4nk d\u00e4r \u00e4ven visade PowerPoint-presentationer finns tillg\u00e4ngliga. &nbsp;<\/p>\n","protected":false},"author":3,"featured_media":2158,"comment_status":"open","ping_status":"open","sticky":false,"template":"","format":"standard","meta":{"_acf_changed":false,"footnotes":""},"categories":[3],"tags":[],"class_list":["post-2157","post","type-post","status-publish","format-standard","has-post-thumbnail","hentry","category-okategoriserad"],"acf":[],"yoast_head":"<!-- This site is optimized with the Yoast SEO plugin v27.5 - https:\/\/yoast.com\/product\/yoast-seo-wordpress\/ -->\n<title>Ny chans f\u00f6r dig som missade infodag om I3 - SBHSS<\/title>\n<meta name=\"robots\" content=\"index, follow, max-snippet:-1, max-image-preview:large, max-video-preview:-1\" \/>\n<link rel=\"canonical\" href=\"https:\/\/www.sbhss.eu\/sv\/ny-chans-for-dig-som-missade-infodag-om-i3\/\" \/>\n<meta property=\"og:locale\" content=\"sv_SE\" \/>\n<meta property=\"og:type\" content=\"article\" \/>\n<meta property=\"og:title\" content=\"Ny chans f\u00f6r dig som missade infodag om I3 - SBHSS\" \/>\n<meta property=\"og:description\" content=\"I december informerade SBHSS Brysselkontor om en informationsdag om den nya EU-finansieringen Interregional Innovation Investment (I3)Instrument som riktar sig till regioner f\u00f6r att skapa l\u00e4nkar mellan Europas regioner och deras styrkor. F\u00f6r de som missade eventet ligger nu seminariet ute f\u00f6r besk\u00e5dan p\u00e5 denna l\u00e4nk d\u00e4r \u00e4ven visade PowerPoint-presentationer finns tillg\u00e4ngliga. &nbsp;\" \/>\n<meta property=\"og:url\" content=\"https:\/\/www.sbhss.eu\/sv\/ny-chans-for-dig-som-missade-infodag-om-i3\/\" \/>\n<meta property=\"og:site_name\" content=\"SBHSS\" \/>\n<meta property=\"article:published_time\" content=\"2022-01-13T17:04:19+00:00\" \/>\n<meta property=\"og:image\" content=\"https:\/\/www.sbhss.eu\/wp-content\/uploads\/2022\/01\/samarbetehander-scaled.jpg\" \/>\n\t<meta property=\"og:image:width\" content=\"1707\" \/>\n\t<meta property=\"og:image:height\" content=\"2560\" \/>\n\t<meta property=\"og:image:type\" content=\"image\/jpeg\" \/>\n<meta name=\"author\" content=\"Sven Kast\u00f6\" \/>\n<meta name=\"twitter:card\" content=\"summary_large_image\" \/>\n<meta name=\"twitter:label1\" content=\"Skriven av\" \/>\n\t<meta name=\"twitter:data1\" content=\"Sven Kast\u00f6\" \/>\n\t<meta name=\"twitter:label2\" content=\"Ber\u00e4knad l\u00e4stid\" \/>\n\t<meta name=\"twitter:data2\" content=\"1 minut\" \/>\n<script type=\"application\/ld+json\" class=\"yoast-schema-graph\">{\"@context\":\"https:\\\/\\\/schema.org\",\"@graph\":[{\"@type\":\"Article\",\"@id\":\"https:\\\/\\\/www.sbhss.eu\\\/sv\\\/ny-chans-for-dig-som-missade-infodag-om-i3\\\/#article\",\"isPartOf\":{\"@id\":\"https:\\\/\\\/www.sbhss.eu\\\/sv\\\/ny-chans-for-dig-som-missade-infodag-om-i3\\\/\"},\"author\":{\"name\":\"Sven Kast\u00f6\",\"@id\":\"https:\\\/\\\/www.sbhss.eu\\\/#\\\/schema\\\/person\\\/b8d8eb4c1088a05ed50ecff9b2bf643f\"},\"headline\":\"Ny chans f\u00f6r dig som missade infodag om I3\",\"datePublished\":\"2022-01-13T17:04:19+00:00\",\"mainEntityOfPage\":{\"@id\":\"https:\\\/\\\/www.sbhss.eu\\\/sv\\\/ny-chans-for-dig-som-missade-infodag-om-i3\\\/\"},\"wordCount\":71,\"commentCount\":0,\"image\":{\"@id\":\"https:\\\/\\\/www.sbhss.eu\\\/sv\\\/ny-chans-for-dig-som-missade-infodag-om-i3\\\/#primaryimage\"},\"thumbnailUrl\":\"https:\\\/\\\/www.sbhss.eu\\\/wp-content\\\/uploads\\\/2022\\\/01\\\/samarbetehander-scaled.jpg\",\"articleSection\":[\"Okategoriserad\"],\"inLanguage\":\"sv-SE\"},{\"@type\":\"WebPage\",\"@id\":\"https:\\\/\\\/www.sbhss.eu\\\/sv\\\/ny-chans-for-dig-som-missade-infodag-om-i3\\\/\",\"url\":\"https:\\\/\\\/www.sbhss.eu\\\/sv\\\/ny-chans-for-dig-som-missade-infodag-om-i3\\\/\",\"name\":\"Ny chans f\u00f6r dig som missade infodag om I3 - SBHSS\",\"isPartOf\":{\"@id\":\"https:\\\/\\\/www.sbhss.eu\\\/#website\"},\"primaryImageOfPage\":{\"@id\":\"https:\\\/\\\/www.sbhss.eu\\\/sv\\\/ny-chans-for-dig-som-missade-infodag-om-i3\\\/#primaryimage\"},\"image\":{\"@id\":\"https:\\\/\\\/www.sbhss.eu\\\/sv\\\/ny-chans-for-dig-som-missade-infodag-om-i3\\\/#primaryimage\"},\"thumbnailUrl\":\"https:\\\/\\\/www.sbhss.eu\\\/wp-content\\\/uploads\\\/2022\\\/01\\\/samarbetehander-scaled.jpg\",\"datePublished\":\"2022-01-13T17:04:19+00:00\",\"author\":{\"@id\":\"https:\\\/\\\/www.sbhss.eu\\\/#\\\/schema\\\/person\\\/b8d8eb4c1088a05ed50ecff9b2bf643f\"},\"breadcrumb\":{\"@id\":\"https:\\\/\\\/www.sbhss.eu\\\/sv\\\/ny-chans-for-dig-som-missade-infodag-om-i3\\\/#breadcrumb\"},\"inLanguage\":\"sv-SE\",\"potentialAction\":[{\"@type\":\"ReadAction\",\"target\":[\"https:\\\/\\\/www.sbhss.eu\\\/sv\\\/ny-chans-for-dig-som-missade-infodag-om-i3\\\/\"]}]},{\"@type\":\"ImageObject\",\"inLanguage\":\"sv-SE\",\"@id\":\"https:\\\/\\\/www.sbhss.eu\\\/sv\\\/ny-chans-for-dig-som-missade-infodag-om-i3\\\/#primaryimage\",\"url\":\"https:\\\/\\\/www.sbhss.eu\\\/wp-content\\\/uploads\\\/2022\\\/01\\\/samarbetehander-scaled.jpg\",\"contentUrl\":\"https:\\\/\\\/www.sbhss.eu\\\/wp-content\\\/uploads\\\/2022\\\/01\\\/samarbetehander-scaled.jpg\",\"width\":1707,\"height\":2560},{\"@type\":\"BreadcrumbList\",\"@id\":\"https:\\\/\\\/www.sbhss.eu\\\/sv\\\/ny-chans-for-dig-som-missade-infodag-om-i3\\\/#breadcrumb\",\"itemListElement\":[{\"@type\":\"ListItem\",\"position\":1,\"name\":\"Hem\",\"item\":\"https:\\\/\\\/www.sbhss.eu\\\/sv\\\/\"},{\"@type\":\"ListItem\",\"position\":2,\"name\":\"Ny chans f\u00f6r dig som missade infodag om I3\"}]},{\"@type\":\"WebSite\",\"@id\":\"https:\\\/\\\/www.sbhss.eu\\\/#website\",\"url\":\"https:\\\/\\\/www.sbhss.eu\\\/\",\"name\":\"SBHSS\",\"description\":\"\",\"potentialAction\":[{\"@type\":\"SearchAction\",\"target\":{\"@type\":\"EntryPoint\",\"urlTemplate\":\"https:\\\/\\\/www.sbhss.eu\\\/?s={search_term_string}\"},\"query-input\":{\"@type\":\"PropertyValueSpecification\",\"valueRequired\":true,\"valueName\":\"search_term_string\"}}],\"inLanguage\":\"sv-SE\"},{\"@type\":\"Person\",\"@id\":\"https:\\\/\\\/www.sbhss.eu\\\/#\\\/schema\\\/person\\\/b8d8eb4c1088a05ed50ecff9b2bf643f\",\"name\":\"Sven Kast\u00f6\",\"image\":{\"@type\":\"ImageObject\",\"inLanguage\":\"sv-SE\",\"@id\":\"https:\\\/\\\/secure.gravatar.com\\\/avatar\\\/4ce3985fbe5a36073e6a0cbba2acaad0da794332aeb9a944eca4c7548361a263?s=96&d=mm&r=g\",\"url\":\"https:\\\/\\\/secure.gravatar.com\\\/avatar\\\/4ce3985fbe5a36073e6a0cbba2acaad0da794332aeb9a944eca4c7548361a263?s=96&d=mm&r=g\",\"contentUrl\":\"https:\\\/\\\/secure.gravatar.com\\\/avatar\\\/4ce3985fbe5a36073e6a0cbba2acaad0da794332aeb9a944eca4c7548361a263?s=96&d=mm&r=g\",\"caption\":\"Sven Kast\u00f6\"},\"url\":\"https:\\\/\\\/www.sbhss.eu\\\/sv\\\/author\\\/sven-kastosbhss-eu\\\/\"}]}<\/script>\n<!-- \/ Yoast SEO plugin. -->","yoast_head_json":{"title":"Ny chans f\u00f6r dig som missade infodag om I3 - SBHSS","robots":{"index":"index","follow":"follow","max-snippet":"max-snippet:-1","max-image-preview":"max-image-preview:large","max-video-preview":"max-video-preview:-1"},"canonical":"https:\/\/www.sbhss.eu\/sv\/ny-chans-for-dig-som-missade-infodag-om-i3\/","og_locale":"sv_SE","og_type":"article","og_title":"Ny chans f\u00f6r dig som missade infodag om I3 - SBHSS","og_description":"I december informerade SBHSS Brysselkontor om en informationsdag om den nya EU-finansieringen Interregional Innovation Investment (I3)Instrument som riktar sig till regioner f\u00f6r att skapa l\u00e4nkar mellan Europas regioner och deras styrkor. F\u00f6r de som missade eventet ligger nu seminariet ute f\u00f6r besk\u00e5dan p\u00e5 denna l\u00e4nk d\u00e4r \u00e4ven visade PowerPoint-presentationer finns tillg\u00e4ngliga. &nbsp;","og_url":"https:\/\/www.sbhss.eu\/sv\/ny-chans-for-dig-som-missade-infodag-om-i3\/","og_site_name":"SBHSS","article_published_time":"2022-01-13T17:04:19+00:00","og_image":[{"width":1707,"height":2560,"url":"https:\/\/www.sbhss.eu\/wp-content\/uploads\/2022\/01\/samarbetehander-scaled.jpg","type":"image\/jpeg"}],"author":"Sven Kast\u00f6","twitter_card":"summary_large_image","twitter_misc":{"Skriven av":"Sven Kast\u00f6","Ber\u00e4knad l\u00e4stid":"1 minut"},"schema":{"@context":"https:\/\/schema.org","@graph":[{"@type":"Article","@id":"https:\/\/www.sbhss.eu\/sv\/ny-chans-for-dig-som-missade-infodag-om-i3\/#article","isPartOf":{"@id":"https:\/\/www.sbhss.eu\/sv\/ny-chans-for-dig-som-missade-infodag-om-i3\/"},"author":{"name":"Sven Kast\u00f6","@id":"https:\/\/www.sbhss.eu\/#\/schema\/person\/b8d8eb4c1088a05ed50ecff9b2bf643f"},"headline":"Ny chans f\u00f6r dig som missade infodag om I3","datePublished":"2022-01-13T17:04:19+00:00","mainEntityOfPage":{"@id":"https:\/\/www.sbhss.eu\/sv\/ny-chans-for-dig-som-missade-infodag-om-i3\/"},"wordCount":71,"commentCount":0,"image":{"@id":"https:\/\/www.sbhss.eu\/sv\/ny-chans-for-dig-som-missade-infodag-om-i3\/#primaryimage"},"thumbnailUrl":"https:\/\/www.sbhss.eu\/wp-content\/uploads\/2022\/01\/samarbetehander-scaled.jpg","articleSection":["Okategoriserad"],"inLanguage":"sv-SE"},{"@type":"WebPage","@id":"https:\/\/www.sbhss.eu\/sv\/ny-chans-for-dig-som-missade-infodag-om-i3\/","url":"https:\/\/www.sbhss.eu\/sv\/ny-chans-for-dig-som-missade-infodag-om-i3\/","name":"Ny chans f\u00f6r dig som missade infodag om I3 - SBHSS","isPartOf":{"@id":"https:\/\/www.sbhss.eu\/#website"},"primaryImageOfPage":{"@id":"https:\/\/www.sbhss.eu\/sv\/ny-chans-for-dig-som-missade-infodag-om-i3\/#primaryimage"},"image":{"@id":"https:\/\/www.sbhss.eu\/sv\/ny-chans-for-dig-som-missade-infodag-om-i3\/#primaryimage"},"thumbnailUrl":"https:\/\/www.sbhss.eu\/wp-content\/uploads\/2022\/01\/samarbetehander-scaled.jpg","datePublished":"2022-01-13T17:04:19+00:00","author":{"@id":"https:\/\/www.sbhss.eu\/#\/schema\/person\/b8d8eb4c1088a05ed50ecff9b2bf643f"},"breadcrumb":{"@id":"https:\/\/www.sbhss.eu\/sv\/ny-chans-for-dig-som-missade-infodag-om-i3\/#breadcrumb"},"inLanguage":"sv-SE","potentialAction":[{"@type":"ReadAction","target":["https:\/\/www.sbhss.eu\/sv\/ny-chans-for-dig-som-missade-infodag-om-i3\/"]}]},{"@type":"ImageObject","inLanguage":"sv-SE","@id":"https:\/\/www.sbhss.eu\/sv\/ny-chans-for-dig-som-missade-infodag-om-i3\/#primaryimage","url":"https:\/\/www.sbhss.eu\/wp-content\/uploads\/2022\/01\/samarbetehander-scaled.jpg","contentUrl":"https:\/\/www.sbhss.eu\/wp-content\/uploads\/2022\/01\/samarbetehander-scaled.jpg","width":1707,"height":2560},{"@type":"BreadcrumbList","@id":"https:\/\/www.sbhss.eu\/sv\/ny-chans-for-dig-som-missade-infodag-om-i3\/#breadcrumb","itemListElement":[{"@type":"ListItem","position":1,"name":"Hem","item":"https:\/\/www.sbhss.eu\/sv\/"},{"@type":"ListItem","position":2,"name":"Ny chans f\u00f6r dig som missade infodag om I3"}]},{"@type":"WebSite","@id":"https:\/\/www.sbhss.eu\/#website","url":"https:\/\/www.sbhss.eu\/","name":"SBHSS","description":"","potentialAction":[{"@type":"SearchAction","target":{"@type":"EntryPoint","urlTemplate":"https:\/\/www.sbhss.eu\/?s={search_term_string}"},"query-input":{"@type":"PropertyValueSpecification","valueRequired":true,"valueName":"search_term_string"}}],"inLanguage":"sv-SE"},{"@type":"Person","@id":"https:\/\/www.sbhss.eu\/#\/schema\/person\/b8d8eb4c1088a05ed50ecff9b2bf643f","name":"Sven Kast\u00f6","image":{"@type":"ImageObject","inLanguage":"sv-SE","@id":"https:\/\/secure.gravatar.com\/avatar\/4ce3985fbe5a36073e6a0cbba2acaad0da794332aeb9a944eca4c7548361a263?s=96&d=mm&r=g","url":"https:\/\/secure.gravatar.com\/avatar\/4ce3985fbe5a36073e6a0cbba2acaad0da794332aeb9a944eca4c7548361a263?s=96&d=mm&r=g","contentUrl":"https:\/\/secure.gravatar.com\/avatar\/4ce3985fbe5a36073e6a0cbba2acaad0da794332aeb9a944eca4c7548361a263?s=96&d=mm&r=g","caption":"Sven Kast\u00f6"},"url":"https:\/\/www.sbhss.eu\/sv\/author\/sven-kastosbhss-eu\/"}]}},"_links":{"self":[{"href":"https:\/\/www.sbhss.eu\/sv\/wp-json\/wp\/v2\/posts\/2157","targetHints":{"allow":["GET"]}}],"collection":[{"href":"https:\/\/www.sbhss.eu\/sv\/wp-json\/wp\/v2\/posts"}],"about":[{"href":"https:\/\/www.sbhss.eu\/sv\/wp-json\/wp\/v2\/types\/post"}],"author":[{"embeddable":true,"href":"https:\/\/www.sbhss.eu\/sv\/wp-json\/wp\/v2\/users\/3"}],"replies":[{"embeddable":true,"href":"https:\/\/www.sbhss.eu\/sv\/wp-json\/wp\/v2\/comments?post=2157"}],"version-history":[{"count":1,"href":"https:\/\/www.sbhss.eu\/sv\/wp-json\/wp\/v2\/posts\/2157\/revisions"}],"predecessor-version":[{"id":2159,"href":"https:\/\/www.sbhss.eu\/sv\/wp-json\/wp\/v2\/posts\/2157\/revisions\/2159"}],"wp:featuredmedia":[{"embeddable":true,"href":"https:\/\/www.sbhss.eu\/sv\/wp-json\/wp\/v2\/media\/2158"}],"wp:attachment":[{"href":"https:\/\/www.sbhss.eu\/sv\/wp-json\/wp\/v2\/media?parent=2157"}],"wp:term":[{"taxonomy":"category","embeddable":true,"href":"https:\/\/www.sbhss.eu\/sv\/wp-json\/wp\/v2\/categories?post=2157"},{"taxonomy":"post_tag","embeddable":true,"href":"https:\/\/www.sbhss.eu\/sv\/wp-json\/wp\/v2\/tags?post=2157"}],"curies":[{"name":"wp","href":"https:\/\/api.w.org\/{rel}","templated":true}]}}