{"id":2301,"date":"2022-02-09T14:46:13","date_gmt":"2022-02-09T14:46:13","guid":{"rendered":"https:\/\/www.sbhss.eu\/?p=2301"},"modified":"2022-02-09T14:47:02","modified_gmt":"2022-02-09T14:47:02","slug":"year-of-youth-2022","status":"publish","type":"post","link":"https:\/\/www.sbhss.eu\/sv\/year-of-youth-2022\/","title":{"rendered":"Year of Youth 2022"},"content":{"rendered":"<p><span data-contrast=\"auto\">Varje \u00e5r utn\u00e4mner EU ett tema som ska s\u00e4tta ljuset p\u00e5 en angel\u00e4gen fr\u00e5ga f\u00f6r arbetet de kommande \u00e5ret. Till f\u00f6ljd av pandemin och de uppoffringar ungdomar f\u00e5tt g\u00f6ra utn\u00e4mnde EU-kommissionen efter ordf\u00f6rande Ursula von der Leyen\u2019s state of the union-tal f\u00f6rra \u00e5ret att <\/span><a href=\"https:\/\/europa.eu\/youth\/year-of-youth_en\"><span data-contrast=\"none\">2022 kommer bli \u00e5ret f\u00f6r ungdomar<\/span><\/a><span data-contrast=\"auto\">. <\/span><span data-contrast=\"auto\">Syftet <\/span><span data-contrast=\"auto\">med initiativet \u00e4r att l\u00e5ta ungdomar influera mer i policyskapandet samt organisera aktiviteter med fokus p\u00e5 ungdomar inom EU. <\/span><span data-ccp-props=\"{&quot;201341983&quot;:0,&quot;335559739&quot;:160,&quot;335559740&quot;:360}\">\u00a0<\/span><!--more--><\/p>\n<p><span data-contrast=\"auto\">Tanken \u00e4r s\u00e5ledes att europeiska ungdomar genom olika program ska kunna inh\u00e4mta mer kunskaper, f\u00f6rm\u00e5gor och utveckla kompetens f\u00f6r att b\u00e4ttre kunna vara en del i Europas framtidsutveckling. Initiativet har <\/span><a href=\"https:\/\/ec.europa.eu\/commission\/presscorner\/detail\/en\/ip_21_6648\"><span data-contrast=\"none\">f\u00e5tt ekonomiskt st\u00f6d om 8 miljoner euro<\/span><\/a><span data-contrast=\"auto\"> f\u00f6r att kunna koordinera aktiviteter och event, genom existerande EU-program f\u00f6r unga s\u00e5som Erasmus+ och <\/span><span data-contrast=\"auto\">European Solidarity Corps (m\u00f6jligheten f\u00f6r ungdomar att arbeta med v\u00e4lg\u00f6renhetsarbete)<\/span><span data-contrast=\"auto\">. Dessa EU program \u00e4r \u00e4ven ansvariga f\u00f6r att implementera aktiviteterna kring European Year of Youth. <\/span><span data-ccp-props=\"{&quot;201341983&quot;:0,&quot;335559739&quot;:160,&quot;335559740&quot;:360}\">\u00a0<\/span><\/p>\n<p><span data-contrast=\"auto\">Ett av de st\u00f6rre satsningarna under \u00e5ret \u00e4r initiativet ALMA. <\/span><a href=\"https:\/\/ec.europa.eu\/social\/main.jsp?catId=1549&amp;langId=en\"><span data-contrast=\"none\">ALMA (Aim, Learn, Master, Achieve)<\/span><\/a><span data-contrast=\"auto\"> syftar till att st\u00f6tta unga missgynnade personer att etablera sig p\u00e5 arbetsmarknaden. M\u00e5lgruppen \u00e4r unga arbetsl\u00f6sa personer i \u00e5ldrarna 18 \u2013 30 som \u00e4r s\u00e5rbara n\u00e4r det g\u00e4ller deras m\u00f6jligheter till anst\u00e4llning eller komma in p\u00e5 en utbildning av individuella eller strukturella sk\u00e4l. M\u00e5let \u00e4r att fr\u00e4mja deltagarnas integration i sitt hemland genom att f\u00f6rb\u00e4ttra deras kunskaper, f\u00e4rdigheter och erfarenheter och ge dem m\u00f6jligheten att skapa nya f\u00f6rbindelser i Europa f\u00f6r att p\u00e5 s\u00e5 s\u00e4tt hitta sin plats p\u00e5 arbetsmarknaden. St\u00f6det som erbjuds innefattar: <\/span><span data-ccp-props=\"{&quot;201341983&quot;:0,&quot;335559739&quot;:160,&quot;335559740&quot;:360}\">\u00a0<\/span><\/p>\n<ol>\n<li data-leveltext=\"%1.\" data-font=\"Calibri\" data-listid=\"1\" aria-setsize=\"-1\" data-aria-posinset=\"1\" data-aria-level=\"1\"><span data-contrast=\"auto\">Inf\u00f6r deltagarnas utlandsvistelse kommer de att f\u00e5 ta del av en intensiv skr\u00e4ddarsydd utbildning i sitt hemland.<\/span><span data-ccp-props=\"{&quot;201341983&quot;:0,&quot;335559739&quot;:160,&quot;335559740&quot;:360}\">\u00a0<\/span><\/li>\n<li><span data-contrast=\"auto\">Deltagarna kommer att erbjudas en handledd vistelse inklusive praktik med tillh\u00f6rande mentorstj\u00e4nster under en period p\u00e5 2 till 6 m\u00e5nader i en annan EU-medlemsstat.<\/span><span data-ccp-props=\"{&quot;201341983&quot;:0,&quot;335559739&quot;:160,&quot;335559740&quot;:360}\">\u00a0<\/span><\/li>\n<li data-leveltext=\"%1.\" data-font=\"Calibri\" data-listid=\"1\" aria-setsize=\"-1\" data-aria-posinset=\"3\" data-aria-level=\"1\"><span data-contrast=\"auto\">Efter att deltagarna \u00e5terv\u00e4nt hem kommer de att erbjudas fortsatt st\u00f6d f\u00f6r att v\u00e4gleda dem att anv\u00e4nda sina nya f\u00e4rdigheter i sitt hemland f\u00f6r att f\u00e5 anst\u00e4llning eller vidareutbildning.<\/span><span data-ccp-props=\"{&quot;201341983&quot;:0,&quot;335559739&quot;:160,&quot;335559740&quot;:360}\">\u00a0<\/span><\/li>\n<\/ol>\n<p><span data-contrast=\"auto\">Under v\u00e5ren 2022 f\u00f6rv\u00e4ntas <\/span><a href=\"https:\/\/futureu.europa.eu\/?locale=sv\"><span data-contrast=\"none\">Konferensen om Europas framtid<\/span><\/a><span data-contrast=\"auto\"> framf\u00f6ra sina slutsatser, d\u00e4r fr\u00e4mst unga m\u00e4nniskor uppmanats till att engagera sig eftersom\u00a0konferensen kommer ligga till grund f\u00f6r att staka ut\u00a0EU:s framtid. Valet av kommissionen att s\u00e4tta ungdomar i fokus avspeglas \u00e4ven i \u00e5rets <\/span><a href=\"https:\/\/europa.eu\/regions-and-cities\/join-us-20th-edition-european-week-regions-and-cities\"><span data-contrast=\"none\">European Week of Regions and Cities (EWRC)<\/span><\/a><span data-contrast=\"auto\"> i<\/span><span data-contrast=\"none\">\u00a0<\/span><span data-contrast=\"none\">oktober<\/span> <span data-contrast=\"auto\">d\u00e4r ett fokusomr\u00e5de \u00e4r\u00a0just ungas makt och handlingskraft. Temat under veckan kommer diskutera hur vi kan f\u00e5 unga att mobilisera och reflektera mer \u00f6ver\u00a0Europas framtid, men \u00e4ven dess politiska och institutionella ramverk. <\/span><span data-contrast=\"auto\">Slutsatserna och erfarenheterna fr\u00e5n v\u00e5rens Konferensen om Europa<\/span><span data-contrast=\"auto\">s framtid<\/span><span data-contrast=\"auto\"> kommer \u00e4ven framf\u00f6ras under <\/span><span data-contrast=\"auto\">European Week of Regions and Cities d\u00e4r eventet kommer ta upp hur vi p\u00e5 EU-, nationell- och regional niv\u00e5 kan arbeta f\u00f6r att b\u00e4ttre tillgodose ungas behov. <\/span><span data-ccp-props=\"{&quot;201341983&quot;:0,&quot;335551550&quot;:1,&quot;335551620&quot;:1,&quot;335559739&quot;:160,&quot;335559740&quot;:360}\">\u00a0<\/span><\/p>\n<p><span data-ccp-props=\"{&quot;201341983&quot;:0,&quot;335551550&quot;:1,&quot;335551620&quot;:1,&quot;335559739&quot;:160,&quot;335559740&quot;:360}\"> <img loading=\"lazy\" decoding=\"async\" class=\"alignnone size-medium wp-image-2303\" src=\"https:\/\/www.sbhss.eu\/wp-content\/uploads\/2022\/02\/microsoftteams-image-300x200.jpg\" alt=\"\" width=\"300\" height=\"200\" \/><\/span><\/p>\n","protected":false},"excerpt":{"rendered":"<p>Varje \u00e5r utn\u00e4mner EU ett tema som ska s\u00e4tta ljuset p\u00e5 en angel\u00e4gen fr\u00e5ga f\u00f6r arbetet de kommande \u00e5ret. Till f\u00f6ljd av pandemin och de uppoffringar ungdomar f\u00e5tt g\u00f6ra utn\u00e4mnde EU-kommissionen efter ordf\u00f6rande Ursula von der Leyen\u2019s state of the union-tal f\u00f6rra \u00e5ret att 2022 kommer bli \u00e5ret f\u00f6r ungdomar. Syftet med initiativet \u00e4r att [&hellip;]<\/p>\n","protected":false},"author":9,"featured_media":2303,"comment_status":"open","ping_status":"open","sticky":false,"template":"","format":"standard","meta":{"_acf_changed":false,"footnotes":""},"categories":[3],"tags":[],"class_list":["post-2301","post","type-post","status-publish","format-standard","has-post-thumbnail","hentry","category-okategoriserad"],"acf":[],"yoast_head":"<!-- This site is optimized with the Yoast SEO plugin v27.5 - https:\/\/yoast.com\/product\/yoast-seo-wordpress\/ -->\n<title>Year of Youth 2022 - SBHSS<\/title>\n<meta name=\"robots\" content=\"index, follow, max-snippet:-1, max-image-preview:large, max-video-preview:-1\" \/>\n<link rel=\"canonical\" href=\"https:\/\/www.sbhss.eu\/sv\/year-of-youth-2022\/\" \/>\n<meta property=\"og:locale\" content=\"sv_SE\" \/>\n<meta property=\"og:type\" content=\"article\" \/>\n<meta property=\"og:title\" content=\"Year of Youth 2022 - SBHSS\" \/>\n<meta property=\"og:description\" content=\"Varje \u00e5r utn\u00e4mner EU ett tema som ska s\u00e4tta ljuset p\u00e5 en angel\u00e4gen fr\u00e5ga f\u00f6r arbetet de kommande \u00e5ret. Till f\u00f6ljd av pandemin och de uppoffringar ungdomar f\u00e5tt g\u00f6ra utn\u00e4mnde EU-kommissionen efter ordf\u00f6rande Ursula von der Leyen\u2019s state of the union-tal f\u00f6rra \u00e5ret att 2022 kommer bli \u00e5ret f\u00f6r ungdomar. Syftet med initiativet \u00e4r att [&hellip;]\" \/>\n<meta property=\"og:url\" content=\"https:\/\/www.sbhss.eu\/sv\/year-of-youth-2022\/\" \/>\n<meta property=\"og:site_name\" content=\"SBHSS\" \/>\n<meta property=\"article:published_time\" content=\"2022-02-09T14:46:13+00:00\" \/>\n<meta property=\"article:modified_time\" content=\"2022-02-09T14:47:02+00:00\" \/>\n<meta property=\"og:image\" content=\"https:\/\/www.sbhss.eu\/wp-content\/uploads\/2022\/02\/microsoftteams-image.jpg\" \/>\n\t<meta property=\"og:image:width\" content=\"1920\" \/>\n\t<meta property=\"og:image:height\" content=\"1279\" \/>\n\t<meta property=\"og:image:type\" content=\"image\/jpeg\" \/>\n<meta name=\"author\" content=\"Michelle Andersson\" \/>\n<meta name=\"twitter:card\" content=\"summary_large_image\" \/>\n<meta name=\"twitter:label1\" content=\"Skriven av\" \/>\n\t<meta name=\"twitter:data1\" content=\"Michelle Andersson\" \/>\n\t<meta name=\"twitter:label2\" content=\"Ber\u00e4knad l\u00e4stid\" \/>\n\t<meta name=\"twitter:data2\" content=\"3 minuter\" \/>\n<script type=\"application\/ld+json\" class=\"yoast-schema-graph\">{\"@context\":\"https:\\\/\\\/schema.org\",\"@graph\":[{\"@type\":\"Article\",\"@id\":\"https:\\\/\\\/www.sbhss.eu\\\/sv\\\/year-of-youth-2022\\\/#article\",\"isPartOf\":{\"@id\":\"https:\\\/\\\/www.sbhss.eu\\\/sv\\\/year-of-youth-2022\\\/\"},\"author\":{\"name\":\"Michelle Andersson\",\"@id\":\"https:\\\/\\\/www.sbhss.eu\\\/#\\\/schema\\\/person\\\/52b8bf2099a5f715c0fdff80c45252c8\"},\"headline\":\"Year of Youth 2022\",\"datePublished\":\"2022-02-09T14:46:13+00:00\",\"dateModified\":\"2022-02-09T14:47:02+00:00\",\"mainEntityOfPage\":{\"@id\":\"https:\\\/\\\/www.sbhss.eu\\\/sv\\\/year-of-youth-2022\\\/\"},\"wordCount\":520,\"commentCount\":0,\"image\":{\"@id\":\"https:\\\/\\\/www.sbhss.eu\\\/sv\\\/year-of-youth-2022\\\/#primaryimage\"},\"thumbnailUrl\":\"https:\\\/\\\/www.sbhss.eu\\\/wp-content\\\/uploads\\\/2022\\\/02\\\/microsoftteams-image.jpg\",\"articleSection\":[\"Okategoriserad\"],\"inLanguage\":\"sv-SE\"},{\"@type\":\"WebPage\",\"@id\":\"https:\\\/\\\/www.sbhss.eu\\\/sv\\\/year-of-youth-2022\\\/\",\"url\":\"https:\\\/\\\/www.sbhss.eu\\\/sv\\\/year-of-youth-2022\\\/\",\"name\":\"Year of Youth 2022 - SBHSS\",\"isPartOf\":{\"@id\":\"https:\\\/\\\/www.sbhss.eu\\\/#website\"},\"primaryImageOfPage\":{\"@id\":\"https:\\\/\\\/www.sbhss.eu\\\/sv\\\/year-of-youth-2022\\\/#primaryimage\"},\"image\":{\"@id\":\"https:\\\/\\\/www.sbhss.eu\\\/sv\\\/year-of-youth-2022\\\/#primaryimage\"},\"thumbnailUrl\":\"https:\\\/\\\/www.sbhss.eu\\\/wp-content\\\/uploads\\\/2022\\\/02\\\/microsoftteams-image.jpg\",\"datePublished\":\"2022-02-09T14:46:13+00:00\",\"dateModified\":\"2022-02-09T14:47:02+00:00\",\"author\":{\"@id\":\"https:\\\/\\\/www.sbhss.eu\\\/#\\\/schema\\\/person\\\/52b8bf2099a5f715c0fdff80c45252c8\"},\"breadcrumb\":{\"@id\":\"https:\\\/\\\/www.sbhss.eu\\\/sv\\\/year-of-youth-2022\\\/#breadcrumb\"},\"inLanguage\":\"sv-SE\",\"potentialAction\":[{\"@type\":\"ReadAction\",\"target\":[\"https:\\\/\\\/www.sbhss.eu\\\/sv\\\/year-of-youth-2022\\\/\"]}]},{\"@type\":\"ImageObject\",\"inLanguage\":\"sv-SE\",\"@id\":\"https:\\\/\\\/www.sbhss.eu\\\/sv\\\/year-of-youth-2022\\\/#primaryimage\",\"url\":\"https:\\\/\\\/www.sbhss.eu\\\/wp-content\\\/uploads\\\/2022\\\/02\\\/microsoftteams-image.jpg\",\"contentUrl\":\"https:\\\/\\\/www.sbhss.eu\\\/wp-content\\\/uploads\\\/2022\\\/02\\\/microsoftteams-image.jpg\",\"width\":1920,\"height\":1279},{\"@type\":\"BreadcrumbList\",\"@id\":\"https:\\\/\\\/www.sbhss.eu\\\/sv\\\/year-of-youth-2022\\\/#breadcrumb\",\"itemListElement\":[{\"@type\":\"ListItem\",\"position\":1,\"name\":\"Hem\",\"item\":\"https:\\\/\\\/www.sbhss.eu\\\/sv\\\/\"},{\"@type\":\"ListItem\",\"position\":2,\"name\":\"Year of Youth 2022\"}]},{\"@type\":\"WebSite\",\"@id\":\"https:\\\/\\\/www.sbhss.eu\\\/#website\",\"url\":\"https:\\\/\\\/www.sbhss.eu\\\/\",\"name\":\"SBHSS\",\"description\":\"\",\"potentialAction\":[{\"@type\":\"SearchAction\",\"target\":{\"@type\":\"EntryPoint\",\"urlTemplate\":\"https:\\\/\\\/www.sbhss.eu\\\/?s={search_term_string}\"},\"query-input\":{\"@type\":\"PropertyValueSpecification\",\"valueRequired\":true,\"valueName\":\"search_term_string\"}}],\"inLanguage\":\"sv-SE\"},{\"@type\":\"Person\",\"@id\":\"https:\\\/\\\/www.sbhss.eu\\\/#\\\/schema\\\/person\\\/52b8bf2099a5f715c0fdff80c45252c8\",\"name\":\"Michelle Andersson\",\"image\":{\"@type\":\"ImageObject\",\"inLanguage\":\"sv-SE\",\"@id\":\"https:\\\/\\\/secure.gravatar.com\\\/avatar\\\/9b7fedf6d6087b008cb0fa4a3ad52949fe55c3fa26f869372d5f2b8b52151ab2?s=96&d=mm&r=g\",\"url\":\"https:\\\/\\\/secure.gravatar.com\\\/avatar\\\/9b7fedf6d6087b008cb0fa4a3ad52949fe55c3fa26f869372d5f2b8b52151ab2?s=96&d=mm&r=g\",\"contentUrl\":\"https:\\\/\\\/secure.gravatar.com\\\/avatar\\\/9b7fedf6d6087b008cb0fa4a3ad52949fe55c3fa26f869372d5f2b8b52151ab2?s=96&d=mm&r=g\",\"caption\":\"Michelle Andersson\"},\"url\":\"https:\\\/\\\/www.sbhss.eu\\\/sv\\\/author\\\/michelle-anderssonsbhss-eu\\\/\"}]}<\/script>\n<!-- \/ Yoast SEO plugin. -->","yoast_head_json":{"title":"Year of Youth 2022 - SBHSS","robots":{"index":"index","follow":"follow","max-snippet":"max-snippet:-1","max-image-preview":"max-image-preview:large","max-video-preview":"max-video-preview:-1"},"canonical":"https:\/\/www.sbhss.eu\/sv\/year-of-youth-2022\/","og_locale":"sv_SE","og_type":"article","og_title":"Year of Youth 2022 - SBHSS","og_description":"Varje \u00e5r utn\u00e4mner EU ett tema som ska s\u00e4tta ljuset p\u00e5 en angel\u00e4gen fr\u00e5ga f\u00f6r arbetet de kommande \u00e5ret. Till f\u00f6ljd av pandemin och de uppoffringar ungdomar f\u00e5tt g\u00f6ra utn\u00e4mnde EU-kommissionen efter ordf\u00f6rande Ursula von der Leyen\u2019s state of the union-tal f\u00f6rra \u00e5ret att 2022 kommer bli \u00e5ret f\u00f6r ungdomar. Syftet med initiativet \u00e4r att [&hellip;]","og_url":"https:\/\/www.sbhss.eu\/sv\/year-of-youth-2022\/","og_site_name":"SBHSS","article_published_time":"2022-02-09T14:46:13+00:00","article_modified_time":"2022-02-09T14:47:02+00:00","og_image":[{"width":1920,"height":1279,"url":"https:\/\/www.sbhss.eu\/wp-content\/uploads\/2022\/02\/microsoftteams-image.jpg","type":"image\/jpeg"}],"author":"Michelle Andersson","twitter_card":"summary_large_image","twitter_misc":{"Skriven av":"Michelle Andersson","Ber\u00e4knad l\u00e4stid":"3 minuter"},"schema":{"@context":"https:\/\/schema.org","@graph":[{"@type":"Article","@id":"https:\/\/www.sbhss.eu\/sv\/year-of-youth-2022\/#article","isPartOf":{"@id":"https:\/\/www.sbhss.eu\/sv\/year-of-youth-2022\/"},"author":{"name":"Michelle Andersson","@id":"https:\/\/www.sbhss.eu\/#\/schema\/person\/52b8bf2099a5f715c0fdff80c45252c8"},"headline":"Year of Youth 2022","datePublished":"2022-02-09T14:46:13+00:00","dateModified":"2022-02-09T14:47:02+00:00","mainEntityOfPage":{"@id":"https:\/\/www.sbhss.eu\/sv\/year-of-youth-2022\/"},"wordCount":520,"commentCount":0,"image":{"@id":"https:\/\/www.sbhss.eu\/sv\/year-of-youth-2022\/#primaryimage"},"thumbnailUrl":"https:\/\/www.sbhss.eu\/wp-content\/uploads\/2022\/02\/microsoftteams-image.jpg","articleSection":["Okategoriserad"],"inLanguage":"sv-SE"},{"@type":"WebPage","@id":"https:\/\/www.sbhss.eu\/sv\/year-of-youth-2022\/","url":"https:\/\/www.sbhss.eu\/sv\/year-of-youth-2022\/","name":"Year of Youth 2022 - SBHSS","isPartOf":{"@id":"https:\/\/www.sbhss.eu\/#website"},"primaryImageOfPage":{"@id":"https:\/\/www.sbhss.eu\/sv\/year-of-youth-2022\/#primaryimage"},"image":{"@id":"https:\/\/www.sbhss.eu\/sv\/year-of-youth-2022\/#primaryimage"},"thumbnailUrl":"https:\/\/www.sbhss.eu\/wp-content\/uploads\/2022\/02\/microsoftteams-image.jpg","datePublished":"2022-02-09T14:46:13+00:00","dateModified":"2022-02-09T14:47:02+00:00","author":{"@id":"https:\/\/www.sbhss.eu\/#\/schema\/person\/52b8bf2099a5f715c0fdff80c45252c8"},"breadcrumb":{"@id":"https:\/\/www.sbhss.eu\/sv\/year-of-youth-2022\/#breadcrumb"},"inLanguage":"sv-SE","potentialAction":[{"@type":"ReadAction","target":["https:\/\/www.sbhss.eu\/sv\/year-of-youth-2022\/"]}]},{"@type":"ImageObject","inLanguage":"sv-SE","@id":"https:\/\/www.sbhss.eu\/sv\/year-of-youth-2022\/#primaryimage","url":"https:\/\/www.sbhss.eu\/wp-content\/uploads\/2022\/02\/microsoftteams-image.jpg","contentUrl":"https:\/\/www.sbhss.eu\/wp-content\/uploads\/2022\/02\/microsoftteams-image.jpg","width":1920,"height":1279},{"@type":"BreadcrumbList","@id":"https:\/\/www.sbhss.eu\/sv\/year-of-youth-2022\/#breadcrumb","itemListElement":[{"@type":"ListItem","position":1,"name":"Hem","item":"https:\/\/www.sbhss.eu\/sv\/"},{"@type":"ListItem","position":2,"name":"Year of Youth 2022"}]},{"@type":"WebSite","@id":"https:\/\/www.sbhss.eu\/#website","url":"https:\/\/www.sbhss.eu\/","name":"SBHSS","description":"","potentialAction":[{"@type":"SearchAction","target":{"@type":"EntryPoint","urlTemplate":"https:\/\/www.sbhss.eu\/?s={search_term_string}"},"query-input":{"@type":"PropertyValueSpecification","valueRequired":true,"valueName":"search_term_string"}}],"inLanguage":"sv-SE"},{"@type":"Person","@id":"https:\/\/www.sbhss.eu\/#\/schema\/person\/52b8bf2099a5f715c0fdff80c45252c8","name":"Michelle Andersson","image":{"@type":"ImageObject","inLanguage":"sv-SE","@id":"https:\/\/secure.gravatar.com\/avatar\/9b7fedf6d6087b008cb0fa4a3ad52949fe55c3fa26f869372d5f2b8b52151ab2?s=96&d=mm&r=g","url":"https:\/\/secure.gravatar.com\/avatar\/9b7fedf6d6087b008cb0fa4a3ad52949fe55c3fa26f869372d5f2b8b52151ab2?s=96&d=mm&r=g","contentUrl":"https:\/\/secure.gravatar.com\/avatar\/9b7fedf6d6087b008cb0fa4a3ad52949fe55c3fa26f869372d5f2b8b52151ab2?s=96&d=mm&r=g","caption":"Michelle Andersson"},"url":"https:\/\/www.sbhss.eu\/sv\/author\/michelle-anderssonsbhss-eu\/"}]}},"_links":{"self":[{"href":"https:\/\/www.sbhss.eu\/sv\/wp-json\/wp\/v2\/posts\/2301","targetHints":{"allow":["GET"]}}],"collection":[{"href":"https:\/\/www.sbhss.eu\/sv\/wp-json\/wp\/v2\/posts"}],"about":[{"href":"https:\/\/www.sbhss.eu\/sv\/wp-json\/wp\/v2\/types\/post"}],"author":[{"embeddable":true,"href":"https:\/\/www.sbhss.eu\/sv\/wp-json\/wp\/v2\/users\/9"}],"replies":[{"embeddable":true,"href":"https:\/\/www.sbhss.eu\/sv\/wp-json\/wp\/v2\/comments?post=2301"}],"version-history":[{"count":3,"href":"https:\/\/www.sbhss.eu\/sv\/wp-json\/wp\/v2\/posts\/2301\/revisions"}],"predecessor-version":[{"id":2305,"href":"https:\/\/www.sbhss.eu\/sv\/wp-json\/wp\/v2\/posts\/2301\/revisions\/2305"}],"wp:featuredmedia":[{"embeddable":true,"href":"https:\/\/www.sbhss.eu\/sv\/wp-json\/wp\/v2\/media\/2303"}],"wp:attachment":[{"href":"https:\/\/www.sbhss.eu\/sv\/wp-json\/wp\/v2\/media?parent=2301"}],"wp:term":[{"taxonomy":"category","embeddable":true,"href":"https:\/\/www.sbhss.eu\/sv\/wp-json\/wp\/v2\/categories?post=2301"},{"taxonomy":"post_tag","embeddable":true,"href":"https:\/\/www.sbhss.eu\/sv\/wp-json\/wp\/v2\/tags?post=2301"}],"curies":[{"name":"wp","href":"https:\/\/api.w.org\/{rel}","templated":true}]}}