{"id":2527,"date":"2022-03-25T09:54:52","date_gmt":"2022-03-25T09:54:52","guid":{"rendered":"https:\/\/www.sbhss.eu\/?p=2527"},"modified":"2022-03-25T14:09:19","modified_gmt":"2022-03-25T14:09:19","slug":"blandad-kompott-over-sammanhallningspolitikens-vag-framover","status":"publish","type":"post","link":"https:\/\/www.sbhss.eu\/sv\/blandad-kompott-over-sammanhallningspolitikens-vag-framover\/","title":{"rendered":"Blandad kompott \u00f6ver sammanh\u00e5llnings-politikens v\u00e4g fram\u00f6ver"},"content":{"rendered":"<p><em>Som tidigare rapporterats om \u00e4r slutsatserna fr\u00e5n sammanh\u00e5llningsrapporten som EU-kommissionen presenterat generellt sett positiva f\u00f6r v\u00e5ra regioner, men resultatet f\u00f6r hela Europa tyder p\u00e5 att \u00f6kade insatser och f\u00f6r\u00e4ndringar kr\u00e4vs. Under f\u00f6rra veckans sammanh\u00e5llningsforum i Bryssel diskuterades bland annat den asymmetriska utvecklingen inom unionen, st\u00e4rkandet av subsidiaritetsprincipen, s\u00e4kerhetspolitik och v\u00e4gen fram\u00e5t f\u00f6r Europa.<\/em><\/p>\n<p><img loading=\"lazy\" decoding=\"async\" class=\"alignnone size-full wp-image-2532\" src=\"https:\/\/www.sbhss.eu\/wp-content\/uploads\/2022\/03\/coesion-1-scaled.jpg\" alt=\"\" width=\"2560\" height=\"1920\" \/><\/p>\n<h6 style=\"text-align: right;\"><strong>Elisa Ferreira, EU-kommission\u00e4ren f\u00f6r sammanh\u00e5llning och reformer<\/strong><\/h6>\n<h6><\/h6>\n<p>Under tv\u00e5 dagar i slutet av f\u00f6rra veckan h\u00f6lls det \u00e5rliga sammanh\u00e5llningsforumet f\u00f6r att diskutera Europas framtid och hur vi ska bygga ett mer sammanh\u00e5llet Europa. F\u00f6rst ut under forumet var EU-kommission\u00e4ren f\u00f6r sammanh\u00e5llning och reformer, Elisa Ferreira, som s\u00e4rskilt lyfte sammanh\u00e5llningspolitikens utmaningar som ligger framf\u00f6r oss. Tidigare har sj\u00e4lvklart fokus varit att minska skillnaderna mellan l\u00e4nder och regioner medan den nyaste sammanh\u00e5llningsrapporten som EU-kommissionen presenterat visar att enbart minskning av skillnaderna och gapen mellan l\u00e4nder leder till utvecklingsproblem. I s\u00f6dra och \u00f6stra Europa upplevs sammanh\u00e5llningspolitikens \u201dtillf\u00e4lliga reparationer\u201d leda till medelinkomstf\u00e4llan d\u00e4r framsteg g\u00f6rs, men sedan stannar av. Trots medvetenheten av medelinkomstf\u00e4llan bland europeiska l\u00e4nder i syd och \u00f6st, var de just talare fr\u00e5n dessa l\u00e4nder som under konferensens pratade om tillf\u00e4lliga l\u00f6sningar ist\u00e4llet f\u00f6r strukturomvandlingar fr\u00e5n grunden. Ett av konferensens huvudsakliga motto \u201dResilience\u201d tolkades av m\u00e5nga talare under evenemanget i termer som sj\u00e4lvst\u00e4ndighet och motst\u00e5ndskraft f\u00f6r att mildra konsekvenserna av globalisering och klimatf\u00f6r\u00e4ndringar. Inte s\u00e4llan med tanken att strukturfonderna skulle vara den mildrande faktorn. Samtidigt talade Ferreira \u00e4ven om utmaningen med asymmetrisk utveckling d\u00e4r utvecklingen sl\u00e5r olika inom unionen. Det kan d\u00e4rf\u00f6r ses som en mots\u00e4ttning mot varandra d\u00e4r unionen vill minska den asymmetriska utvecklingen samtidigt som taktiken med att minska skillnaderna inte l\u00e4ngre \u00e4r \u00f6nskv\u00e4rd med tanke p\u00e5 dess medf\u00f6rande problem. Strukturomvandlingar talades om som det mest l\u00e4mpade s\u00e4ttet f\u00f6r Europas framtid, men \u00e4nd\u00e5 gavs ett intryck av att tillf\u00e4lliga l\u00f6sningar \u00e4r det som kommer implementeras.<\/p>\n<p><img loading=\"lazy\" decoding=\"async\" class=\"alignnone size-full wp-image-2540\" src=\"https:\/\/www.sbhss.eu\/wp-content\/uploads\/2022\/03\/cohesion-2-scaled.jpg\" alt=\"\" width=\"2560\" height=\"1920\" \/><\/p>\n<h6 style=\"text-align: right;\"><strong>Mario Monti, fd. EU-kommission\u00e4r f\u00f6r konkurrensfr\u00e5gor och inre marknad<\/strong><\/h6>\n<h6><\/h6>\n<p>Samtida relevans med krig och konflikt blev \u00e4ven ett aktuellt \u00e4mne under forumet, speciellt n\u00e4r den f\u00f6re detta EU-kommission\u00e4ren f\u00f6r konkurrensfr\u00e5gor och f\u00f6r inre marknaden Mario Monti \u00f6ppnade upp diskussionen med s\u00e4kerhetspolitik och yttre hot. 50-talets europeiska kol- och st\u00e5lgemenskapen uppr\u00e4ttades med enbart tankar och garantier f\u00f6r inre hot mellan l\u00e4nderna d\u00e4r tankarna om yttre hot undantr\u00e4ngdes. Fransm\u00e4nnen var d\u00e5 de h\u00f6gljuddaste med att f\u00f6rkasta f\u00f6rdraget om uppr\u00e4ttande av europeiska f\u00f6rsvarsgemenskapen, medan dagens fransm\u00e4n \u00e4r ivrigast i att driva samarbete med f\u00f6rsvar mot yttre hot. Enligt den forne kommission\u00e4ren kr\u00e4ver intern fred ett externt skydd vilket omvandlat EU till att inte enbart vara en organisation f\u00f6r omf\u00f6rdelning av resurser utan ocks\u00e5 en uppr\u00e4tth\u00e5llare av gemensamma v\u00e4rderingar och i slut\u00e4ndan en v\u00e4lf\u00e4rd. Anledningen till att EU alltmer f\u00e5tt tangera och g\u00f6ra anspr\u00e5k p\u00e5 nationella angel\u00e4genheter s\u00e5som h\u00e4lsofr\u00e5gor, sociala fr\u00e5gor och f\u00f6rsvar \u00e4r just f\u00f6r att uppr\u00e4tth\u00e5lla v\u00e4lf\u00e4rden fr\u00e5n yttre hot.<\/p>\n<p><img loading=\"lazy\" decoding=\"async\" class=\"wp-image-2548 alignright\" src=\"https:\/\/www.sbhss.eu\/wp-content\/uploads\/2022\/03\/cohesion-4-scaled.jpg\" alt=\"\" width=\"311\" height=\"233\" \/><\/p>\n<p>Under konferensens f\u00f6rsta dag riktades ett starkt solidaritetsfokus och\u00a0behov som f\u00f6rknippas med syd\u00f6stra Europa. M\u00e5nga av dessa talare fr\u00e5n de syd\u00f6stra delarna av Europa lyfte \u00f6nskem\u00e5l om sammanh\u00e5llningspolitiken att \u00e4ndra kurs till regionala f\u00f6ruts\u00e4ttningar. Regioners olika utvecklingar och behov k\u00e4nner regionerna till b\u00e4st sj\u00e4lva, vilket gjorde att det fanns en r\u00f6d tr\u00e5d bland talare att framh\u00e4va subsidiaritetsprincipen och mer solidaritet\u00a0till de mer utsatta regionerna. V\u00e4ldigt f\u00e5 personer n\u00e4mnde dock strukturomvandlingen, hur vi ska \u00e5tg\u00e4rda roten till problem och g\u00e5 fr\u00e5n att bygga kapacitet till uppskalning som beh\u00f6vs f\u00f6r att skapa ytterligare excellence i Europa.<\/p>\n<p>En annan het diskussion var sammanh\u00e5llning och \u00e5terh\u00e4mtning efter kriserna d\u00e4r kommentatorn f\u00f6r europeisk ekonomi vid Financial Times, Martin Sandbu, kommenterade de asymmetriska chocker som vi st\u00e4llts inf\u00f6r, dels med pandemin, men nu ocks\u00e5 med kriget i \u00f6st. Sandbu understryker den senaste sammanh\u00e5llningsrapporten som pekar p\u00e5 att skillnaderna mellan staterna minskat, men skillnaderna inom staterna \u00f6kat. EU:s \u201dconvergence machine\u201d som blivit k\u00e4nt f\u00f6r att generera konvergens i levnadsstandard mellan medlemsl\u00e4nderna verkar inte fungera lika enkelt inom l\u00e4nderna som mellan l\u00e4nderna. Riskerna f\u00f6r asymmetri inom unionen \u00e4r stora samtidigt som vi st\u00e5r inf\u00f6r en rad f\u00f6r\u00e4ndringar och pr\u00f6vningar i v\u00e4rlden. Sedan tv\u00e5 decennier sl\u00e4par Europa efter l\u00e4nder som USA, Japan och Sydkorea inom innovationsinvesteringar. Enligt Sandbu b\u00f6r vi d\u00e4rf\u00f6r l\u00e4mna vissa EU-fr\u00e5gor bakom oss, hur viktiga de \u00e4n m\u00e5 vara, f\u00f6r att minska denna asymmetri. Det kanske \u00e4r med just dessa ord som vi b\u00f6r fundera \u00f6ver vad vi vill att sammanh\u00e5llningspolitiken ska vara fram\u00f6ver.<\/p>\n","protected":false},"excerpt":{"rendered":"<p>Som tidigare rapporterats om \u00e4r slutsatserna fr\u00e5n sammanh\u00e5llningsrapporten som EU-kommissionen presenterat generellt sett positiva f\u00f6r v\u00e5ra regioner, men resultatet f\u00f6r hela Europa tyder p\u00e5 att \u00f6kade insatser och f\u00f6r\u00e4ndringar kr\u00e4vs. Under f\u00f6rra veckans sammanh\u00e5llningsforum i Bryssel diskuterades bland annat den asymmetriska utvecklingen inom unionen, st\u00e4rkandet av subsidiaritetsprincipen, s\u00e4kerhetspolitik och v\u00e4gen fram\u00e5t f\u00f6r Europa. Elisa Ferreira, [&hellip;]<\/p>\n","protected":false},"author":6,"featured_media":2532,"comment_status":"open","ping_status":"open","sticky":false,"template":"","format":"standard","meta":{"_acf_changed":false,"footnotes":""},"categories":[3],"tags":[],"class_list":["post-2527","post","type-post","status-publish","format-standard","has-post-thumbnail","hentry","category-okategoriserad"],"acf":[],"yoast_head":"<!-- This site is optimized with the Yoast SEO plugin v27.5 - https:\/\/yoast.com\/product\/yoast-seo-wordpress\/ -->\n<title>Blandad kompott \u00f6ver sammanh\u00e5llnings-politikens v\u00e4g fram\u00f6ver - SBHSS<\/title>\n<meta name=\"robots\" content=\"index, follow, max-snippet:-1, max-image-preview:large, max-video-preview:-1\" \/>\n<link rel=\"canonical\" href=\"https:\/\/www.sbhss.eu\/sv\/blandad-kompott-over-sammanhallningspolitikens-vag-framover\/\" \/>\n<meta property=\"og:locale\" content=\"sv_SE\" \/>\n<meta property=\"og:type\" content=\"article\" \/>\n<meta property=\"og:title\" content=\"Blandad kompott \u00f6ver sammanh\u00e5llnings-politikens v\u00e4g fram\u00f6ver - SBHSS\" \/>\n<meta property=\"og:description\" content=\"Som tidigare rapporterats om \u00e4r slutsatserna fr\u00e5n sammanh\u00e5llningsrapporten som EU-kommissionen presenterat generellt sett positiva f\u00f6r v\u00e5ra regioner, men resultatet f\u00f6r hela Europa tyder p\u00e5 att \u00f6kade insatser och f\u00f6r\u00e4ndringar kr\u00e4vs. Under f\u00f6rra veckans sammanh\u00e5llningsforum i Bryssel diskuterades bland annat den asymmetriska utvecklingen inom unionen, st\u00e4rkandet av subsidiaritetsprincipen, s\u00e4kerhetspolitik och v\u00e4gen fram\u00e5t f\u00f6r Europa. Elisa Ferreira, [&hellip;]\" \/>\n<meta property=\"og:url\" content=\"https:\/\/www.sbhss.eu\/sv\/blandad-kompott-over-sammanhallningspolitikens-vag-framover\/\" \/>\n<meta property=\"og:site_name\" content=\"SBHSS\" \/>\n<meta property=\"article:published_time\" content=\"2022-03-25T09:54:52+00:00\" \/>\n<meta property=\"article:modified_time\" content=\"2022-03-25T14:09:19+00:00\" \/>\n<meta property=\"og:image\" content=\"https:\/\/www.sbhss.eu\/wp-content\/uploads\/2022\/03\/coesion-1-scaled.jpg\" \/>\n\t<meta property=\"og:image:width\" content=\"2560\" \/>\n\t<meta property=\"og:image:height\" content=\"1920\" \/>\n\t<meta property=\"og:image:type\" content=\"image\/jpeg\" \/>\n<meta name=\"author\" content=\"Christer Hammarstr\u00f6m\" \/>\n<meta name=\"twitter:card\" content=\"summary_large_image\" \/>\n<meta name=\"twitter:label1\" content=\"Skriven av\" \/>\n\t<meta name=\"twitter:data1\" content=\"Christer Hammarstr\u00f6m\" \/>\n\t<meta name=\"twitter:label2\" content=\"Ber\u00e4knad l\u00e4stid\" \/>\n\t<meta name=\"twitter:data2\" content=\"4 minuter\" \/>\n<script type=\"application\/ld+json\" class=\"yoast-schema-graph\">{\"@context\":\"https:\\\/\\\/schema.org\",\"@graph\":[{\"@type\":\"Article\",\"@id\":\"https:\\\/\\\/www.sbhss.eu\\\/sv\\\/blandad-kompott-over-sammanhallningspolitikens-vag-framover\\\/#article\",\"isPartOf\":{\"@id\":\"https:\\\/\\\/www.sbhss.eu\\\/sv\\\/blandad-kompott-over-sammanhallningspolitikens-vag-framover\\\/\"},\"author\":{\"name\":\"Christer Hammarstr\u00f6m\",\"@id\":\"https:\\\/\\\/www.sbhss.eu\\\/#\\\/schema\\\/person\\\/0d3665668f47ce0146931df24b27c81b\"},\"headline\":\"Blandad kompott \u00f6ver sammanh\u00e5llnings-politikens v\u00e4g fram\u00f6ver\",\"datePublished\":\"2022-03-25T09:54:52+00:00\",\"dateModified\":\"2022-03-25T14:09:19+00:00\",\"mainEntityOfPage\":{\"@id\":\"https:\\\/\\\/www.sbhss.eu\\\/sv\\\/blandad-kompott-over-sammanhallningspolitikens-vag-framover\\\/\"},\"wordCount\":888,\"commentCount\":0,\"image\":{\"@id\":\"https:\\\/\\\/www.sbhss.eu\\\/sv\\\/blandad-kompott-over-sammanhallningspolitikens-vag-framover\\\/#primaryimage\"},\"thumbnailUrl\":\"https:\\\/\\\/www.sbhss.eu\\\/wp-content\\\/uploads\\\/2022\\\/03\\\/coesion-1-scaled.jpg\",\"articleSection\":[\"Okategoriserad\"],\"inLanguage\":\"sv-SE\"},{\"@type\":\"WebPage\",\"@id\":\"https:\\\/\\\/www.sbhss.eu\\\/sv\\\/blandad-kompott-over-sammanhallningspolitikens-vag-framover\\\/\",\"url\":\"https:\\\/\\\/www.sbhss.eu\\\/sv\\\/blandad-kompott-over-sammanhallningspolitikens-vag-framover\\\/\",\"name\":\"Blandad kompott \u00f6ver sammanh\u00e5llnings-politikens v\u00e4g fram\u00f6ver - SBHSS\",\"isPartOf\":{\"@id\":\"https:\\\/\\\/www.sbhss.eu\\\/#website\"},\"primaryImageOfPage\":{\"@id\":\"https:\\\/\\\/www.sbhss.eu\\\/sv\\\/blandad-kompott-over-sammanhallningspolitikens-vag-framover\\\/#primaryimage\"},\"image\":{\"@id\":\"https:\\\/\\\/www.sbhss.eu\\\/sv\\\/blandad-kompott-over-sammanhallningspolitikens-vag-framover\\\/#primaryimage\"},\"thumbnailUrl\":\"https:\\\/\\\/www.sbhss.eu\\\/wp-content\\\/uploads\\\/2022\\\/03\\\/coesion-1-scaled.jpg\",\"datePublished\":\"2022-03-25T09:54:52+00:00\",\"dateModified\":\"2022-03-25T14:09:19+00:00\",\"author\":{\"@id\":\"https:\\\/\\\/www.sbhss.eu\\\/#\\\/schema\\\/person\\\/0d3665668f47ce0146931df24b27c81b\"},\"breadcrumb\":{\"@id\":\"https:\\\/\\\/www.sbhss.eu\\\/sv\\\/blandad-kompott-over-sammanhallningspolitikens-vag-framover\\\/#breadcrumb\"},\"inLanguage\":\"sv-SE\",\"potentialAction\":[{\"@type\":\"ReadAction\",\"target\":[\"https:\\\/\\\/www.sbhss.eu\\\/sv\\\/blandad-kompott-over-sammanhallningspolitikens-vag-framover\\\/\"]}]},{\"@type\":\"ImageObject\",\"inLanguage\":\"sv-SE\",\"@id\":\"https:\\\/\\\/www.sbhss.eu\\\/sv\\\/blandad-kompott-over-sammanhallningspolitikens-vag-framover\\\/#primaryimage\",\"url\":\"https:\\\/\\\/www.sbhss.eu\\\/wp-content\\\/uploads\\\/2022\\\/03\\\/coesion-1-scaled.jpg\",\"contentUrl\":\"https:\\\/\\\/www.sbhss.eu\\\/wp-content\\\/uploads\\\/2022\\\/03\\\/coesion-1-scaled.jpg\",\"width\":2560,\"height\":1920},{\"@type\":\"BreadcrumbList\",\"@id\":\"https:\\\/\\\/www.sbhss.eu\\\/sv\\\/blandad-kompott-over-sammanhallningspolitikens-vag-framover\\\/#breadcrumb\",\"itemListElement\":[{\"@type\":\"ListItem\",\"position\":1,\"name\":\"Hem\",\"item\":\"https:\\\/\\\/www.sbhss.eu\\\/sv\\\/\"},{\"@type\":\"ListItem\",\"position\":2,\"name\":\"Blandad kompott \u00f6ver sammanh\u00e5llnings-politikens v\u00e4g fram\u00f6ver\"}]},{\"@type\":\"WebSite\",\"@id\":\"https:\\\/\\\/www.sbhss.eu\\\/#website\",\"url\":\"https:\\\/\\\/www.sbhss.eu\\\/\",\"name\":\"SBHSS\",\"description\":\"\",\"potentialAction\":[{\"@type\":\"SearchAction\",\"target\":{\"@type\":\"EntryPoint\",\"urlTemplate\":\"https:\\\/\\\/www.sbhss.eu\\\/?s={search_term_string}\"},\"query-input\":{\"@type\":\"PropertyValueSpecification\",\"valueRequired\":true,\"valueName\":\"search_term_string\"}}],\"inLanguage\":\"sv-SE\"},{\"@type\":\"Person\",\"@id\":\"https:\\\/\\\/www.sbhss.eu\\\/#\\\/schema\\\/person\\\/0d3665668f47ce0146931df24b27c81b\",\"name\":\"Christer Hammarstr\u00f6m\",\"image\":{\"@type\":\"ImageObject\",\"inLanguage\":\"sv-SE\",\"@id\":\"https:\\\/\\\/secure.gravatar.com\\\/avatar\\\/2e94f5447b0cc268c5ca31e80a72d50927f2caef3756ffbe4073b7f3d4a226f1?s=96&d=mm&r=g\",\"url\":\"https:\\\/\\\/secure.gravatar.com\\\/avatar\\\/2e94f5447b0cc268c5ca31e80a72d50927f2caef3756ffbe4073b7f3d4a226f1?s=96&d=mm&r=g\",\"contentUrl\":\"https:\\\/\\\/secure.gravatar.com\\\/avatar\\\/2e94f5447b0cc268c5ca31e80a72d50927f2caef3756ffbe4073b7f3d4a226f1?s=96&d=mm&r=g\",\"caption\":\"Christer Hammarstr\u00f6m\"},\"url\":\"https:\\\/\\\/www.sbhss.eu\\\/sv\\\/author\\\/christerkalmarit-com\\\/\"}]}<\/script>\n<!-- \/ Yoast SEO plugin. -->","yoast_head_json":{"title":"Blandad kompott \u00f6ver sammanh\u00e5llnings-politikens v\u00e4g fram\u00f6ver - SBHSS","robots":{"index":"index","follow":"follow","max-snippet":"max-snippet:-1","max-image-preview":"max-image-preview:large","max-video-preview":"max-video-preview:-1"},"canonical":"https:\/\/www.sbhss.eu\/sv\/blandad-kompott-over-sammanhallningspolitikens-vag-framover\/","og_locale":"sv_SE","og_type":"article","og_title":"Blandad kompott \u00f6ver sammanh\u00e5llnings-politikens v\u00e4g fram\u00f6ver - SBHSS","og_description":"Som tidigare rapporterats om \u00e4r slutsatserna fr\u00e5n sammanh\u00e5llningsrapporten som EU-kommissionen presenterat generellt sett positiva f\u00f6r v\u00e5ra regioner, men resultatet f\u00f6r hela Europa tyder p\u00e5 att \u00f6kade insatser och f\u00f6r\u00e4ndringar kr\u00e4vs. Under f\u00f6rra veckans sammanh\u00e5llningsforum i Bryssel diskuterades bland annat den asymmetriska utvecklingen inom unionen, st\u00e4rkandet av subsidiaritetsprincipen, s\u00e4kerhetspolitik och v\u00e4gen fram\u00e5t f\u00f6r Europa. Elisa Ferreira, [&hellip;]","og_url":"https:\/\/www.sbhss.eu\/sv\/blandad-kompott-over-sammanhallningspolitikens-vag-framover\/","og_site_name":"SBHSS","article_published_time":"2022-03-25T09:54:52+00:00","article_modified_time":"2022-03-25T14:09:19+00:00","og_image":[{"width":2560,"height":1920,"url":"https:\/\/www.sbhss.eu\/wp-content\/uploads\/2022\/03\/coesion-1-scaled.jpg","type":"image\/jpeg"}],"author":"Christer Hammarstr\u00f6m","twitter_card":"summary_large_image","twitter_misc":{"Skriven av":"Christer Hammarstr\u00f6m","Ber\u00e4knad l\u00e4stid":"4 minuter"},"schema":{"@context":"https:\/\/schema.org","@graph":[{"@type":"Article","@id":"https:\/\/www.sbhss.eu\/sv\/blandad-kompott-over-sammanhallningspolitikens-vag-framover\/#article","isPartOf":{"@id":"https:\/\/www.sbhss.eu\/sv\/blandad-kompott-over-sammanhallningspolitikens-vag-framover\/"},"author":{"name":"Christer Hammarstr\u00f6m","@id":"https:\/\/www.sbhss.eu\/#\/schema\/person\/0d3665668f47ce0146931df24b27c81b"},"headline":"Blandad kompott \u00f6ver sammanh\u00e5llnings-politikens v\u00e4g fram\u00f6ver","datePublished":"2022-03-25T09:54:52+00:00","dateModified":"2022-03-25T14:09:19+00:00","mainEntityOfPage":{"@id":"https:\/\/www.sbhss.eu\/sv\/blandad-kompott-over-sammanhallningspolitikens-vag-framover\/"},"wordCount":888,"commentCount":0,"image":{"@id":"https:\/\/www.sbhss.eu\/sv\/blandad-kompott-over-sammanhallningspolitikens-vag-framover\/#primaryimage"},"thumbnailUrl":"https:\/\/www.sbhss.eu\/wp-content\/uploads\/2022\/03\/coesion-1-scaled.jpg","articleSection":["Okategoriserad"],"inLanguage":"sv-SE"},{"@type":"WebPage","@id":"https:\/\/www.sbhss.eu\/sv\/blandad-kompott-over-sammanhallningspolitikens-vag-framover\/","url":"https:\/\/www.sbhss.eu\/sv\/blandad-kompott-over-sammanhallningspolitikens-vag-framover\/","name":"Blandad kompott \u00f6ver sammanh\u00e5llnings-politikens v\u00e4g fram\u00f6ver - SBHSS","isPartOf":{"@id":"https:\/\/www.sbhss.eu\/#website"},"primaryImageOfPage":{"@id":"https:\/\/www.sbhss.eu\/sv\/blandad-kompott-over-sammanhallningspolitikens-vag-framover\/#primaryimage"},"image":{"@id":"https:\/\/www.sbhss.eu\/sv\/blandad-kompott-over-sammanhallningspolitikens-vag-framover\/#primaryimage"},"thumbnailUrl":"https:\/\/www.sbhss.eu\/wp-content\/uploads\/2022\/03\/coesion-1-scaled.jpg","datePublished":"2022-03-25T09:54:52+00:00","dateModified":"2022-03-25T14:09:19+00:00","author":{"@id":"https:\/\/www.sbhss.eu\/#\/schema\/person\/0d3665668f47ce0146931df24b27c81b"},"breadcrumb":{"@id":"https:\/\/www.sbhss.eu\/sv\/blandad-kompott-over-sammanhallningspolitikens-vag-framover\/#breadcrumb"},"inLanguage":"sv-SE","potentialAction":[{"@type":"ReadAction","target":["https:\/\/www.sbhss.eu\/sv\/blandad-kompott-over-sammanhallningspolitikens-vag-framover\/"]}]},{"@type":"ImageObject","inLanguage":"sv-SE","@id":"https:\/\/www.sbhss.eu\/sv\/blandad-kompott-over-sammanhallningspolitikens-vag-framover\/#primaryimage","url":"https:\/\/www.sbhss.eu\/wp-content\/uploads\/2022\/03\/coesion-1-scaled.jpg","contentUrl":"https:\/\/www.sbhss.eu\/wp-content\/uploads\/2022\/03\/coesion-1-scaled.jpg","width":2560,"height":1920},{"@type":"BreadcrumbList","@id":"https:\/\/www.sbhss.eu\/sv\/blandad-kompott-over-sammanhallningspolitikens-vag-framover\/#breadcrumb","itemListElement":[{"@type":"ListItem","position":1,"name":"Hem","item":"https:\/\/www.sbhss.eu\/sv\/"},{"@type":"ListItem","position":2,"name":"Blandad kompott \u00f6ver sammanh\u00e5llnings-politikens v\u00e4g fram\u00f6ver"}]},{"@type":"WebSite","@id":"https:\/\/www.sbhss.eu\/#website","url":"https:\/\/www.sbhss.eu\/","name":"SBHSS","description":"","potentialAction":[{"@type":"SearchAction","target":{"@type":"EntryPoint","urlTemplate":"https:\/\/www.sbhss.eu\/?s={search_term_string}"},"query-input":{"@type":"PropertyValueSpecification","valueRequired":true,"valueName":"search_term_string"}}],"inLanguage":"sv-SE"},{"@type":"Person","@id":"https:\/\/www.sbhss.eu\/#\/schema\/person\/0d3665668f47ce0146931df24b27c81b","name":"Christer Hammarstr\u00f6m","image":{"@type":"ImageObject","inLanguage":"sv-SE","@id":"https:\/\/secure.gravatar.com\/avatar\/2e94f5447b0cc268c5ca31e80a72d50927f2caef3756ffbe4073b7f3d4a226f1?s=96&d=mm&r=g","url":"https:\/\/secure.gravatar.com\/avatar\/2e94f5447b0cc268c5ca31e80a72d50927f2caef3756ffbe4073b7f3d4a226f1?s=96&d=mm&r=g","contentUrl":"https:\/\/secure.gravatar.com\/avatar\/2e94f5447b0cc268c5ca31e80a72d50927f2caef3756ffbe4073b7f3d4a226f1?s=96&d=mm&r=g","caption":"Christer Hammarstr\u00f6m"},"url":"https:\/\/www.sbhss.eu\/sv\/author\/christerkalmarit-com\/"}]}},"_links":{"self":[{"href":"https:\/\/www.sbhss.eu\/sv\/wp-json\/wp\/v2\/posts\/2527","targetHints":{"allow":["GET"]}}],"collection":[{"href":"https:\/\/www.sbhss.eu\/sv\/wp-json\/wp\/v2\/posts"}],"about":[{"href":"https:\/\/www.sbhss.eu\/sv\/wp-json\/wp\/v2\/types\/post"}],"author":[{"embeddable":true,"href":"https:\/\/www.sbhss.eu\/sv\/wp-json\/wp\/v2\/users\/6"}],"replies":[{"embeddable":true,"href":"https:\/\/www.sbhss.eu\/sv\/wp-json\/wp\/v2\/comments?post=2527"}],"version-history":[{"count":10,"href":"https:\/\/www.sbhss.eu\/sv\/wp-json\/wp\/v2\/posts\/2527\/revisions"}],"predecessor-version":[{"id":2568,"href":"https:\/\/www.sbhss.eu\/sv\/wp-json\/wp\/v2\/posts\/2527\/revisions\/2568"}],"wp:featuredmedia":[{"embeddable":true,"href":"https:\/\/www.sbhss.eu\/sv\/wp-json\/wp\/v2\/media\/2532"}],"wp:attachment":[{"href":"https:\/\/www.sbhss.eu\/sv\/wp-json\/wp\/v2\/media?parent=2527"}],"wp:term":[{"taxonomy":"category","embeddable":true,"href":"https:\/\/www.sbhss.eu\/sv\/wp-json\/wp\/v2\/categories?post=2527"},{"taxonomy":"post_tag","embeddable":true,"href":"https:\/\/www.sbhss.eu\/sv\/wp-json\/wp\/v2\/tags?post=2527"}],"curies":[{"name":"wp","href":"https:\/\/api.w.org\/{rel}","templated":true}]}}