{"id":2751,"date":"2022-05-27T08:29:52","date_gmt":"2022-05-27T08:29:52","guid":{"rendered":"https:\/\/www.sbhss.eu\/?p=2751"},"modified":"2022-05-30T09:01:54","modified_gmt":"2022-05-30T09:01:54","slug":"halsoplattformen-pa-besok-i-italien","status":"publish","type":"post","link":"https:\/\/www.sbhss.eu\/sv\/halsoplattformen-pa-besok-i-italien\/","title":{"rendered":"H\u00e4lsoplattformen p\u00e5 bes\u00f6k i Italien!"},"content":{"rendered":"<p><img loading=\"lazy\" decoding=\"async\" class=\"alignnone wp-image-2755\" src=\"https:\/\/www.sbhss.eu\/wp-content\/uploads\/2022\/05\/hp1.jpg\" alt=\"\" width=\"824\" height=\"463\" \/><\/p>\n<p><span data-contrast=\"auto\">Med en demografisk utveckling som pekar p\u00e5 en \u00e5ldrande befolkning tillkommer flera utmaningar, inte bara i Sverige, utan \u00e4ven runtom i Europa. \u00d6kad ensamhet, psykisk oh\u00e4lsa och tydliga oj\u00e4mlikheter i h\u00e4lsa mellan utrikes och inrikes f\u00f6dda i kombination med f\u00e4rre v\u00e5rdanst\u00e4llda \u00e4r stora utmaningar som samh\u00e4llet st\u00e5r inf\u00f6r. Att de tenderar att vara gr\u00e4ns\u00f6verskridande mellan nationsgr\u00e4nser, blev tydligt n\u00e4r Sm\u00e5land Blekinge Hallands H\u00e4lsoplattform f\u00f6rra veckan bes\u00f6kte en av Italiens regioner Emilia-Romagna. <\/span><span data-ccp-props=\"{&quot;201341983&quot;:0,&quot;335559739&quot;:160,&quot;335559740&quot;:259}\">\u00a0<\/span><\/p>\n<p><b><span data-contrast=\"auto\">Emilia-Romagna st\u00e5r inf\u00f6r samma utmaningar som v\u00e5ra regioner g\u00f6r<\/span><\/b><span data-contrast=\"auto\">, vilket \u00f6kar chanserna f\u00f6r ett f\u00f6rdjupat samarbete med den italienska regionen f\u00f6r att hitta gemensamma l\u00f6sningar. <\/span><i><span data-contrast=\"auto\">Kan vi svenskar l\u00e4ra oss av Italien?<\/span><\/i><span data-contrast=\"auto\"> kanske vissa t\u00e4nker. Om s\u00e5dana tankar fanns utmanades de under bes\u00f6ket och <\/span>ersattes <span data-contrast=\"auto\">i st\u00e4llet av inspirerande tankar om hur mycket vi kan l\u00e4ra oss av dem. V\u00e5rden i Emilia-Romagna besitter n\u00e4mligen flera lyckade l\u00f6sningar f\u00f6r att m\u00f6ta de utmanande situationer som vi st\u00e5r inf\u00f6r inom v\u00e5rden.<\/span><span data-ccp-props=\"{&quot;201341983&quot;:0,&quot;335559739&quot;:160,&quot;335559740&quot;:259}\">\u00a0<\/span><\/p>\n<p><b><span data-contrast=\"auto\">Samverkan, n\u00e4ra v\u00e5rd, f\u00f6rebyggande arbete och psykisk h\u00e4lsa.<\/span><\/b><span data-contrast=\"auto\"> Det \u00e4r n\u00e5gra exempel\u00a0 som Sm\u00e5land-Blekinge-Hallands h\u00e4lsoplattform har pekat ut som omr\u00e5den i behov av utveckling <\/span>f\u00f6r v\u00e5rden i v\u00e5ra regioner<span data-contrast=\"auto\">. Dessa utg\u00f6r \u00e4ven n\u00e5gra av huvudpunkterna av v\u00e5ra l\u00e4rdomar fr\u00e5n den italienska regionen Emilia-Romagna som vi fick h\u00f6ra om, och se exempel p\u00e5, under h\u00e4lsoplattformens bes\u00f6k i Emilia-Romagna. F\u00f6rutom l\u00e4rdomar och inspiration av den italienska regionens arbetss\u00e4tt i Bologna, Castelfranco och Modena, ledde h\u00e4lsoplattformens bes\u00f6k i Italien \u00e4ven till berikande diskussioner, utbyte av erfarenheter, samt en tydligare insikt om de gemensamma utvecklingsomr\u00e5den inom vilket det finns m\u00f6jligheter f\u00f6r ett f\u00f6rdjupande samarbete mellan v\u00e5ra regioner och Emilia-Romagna f\u00f6r att tillsammans finna l\u00f6sningar p\u00e5 gemensamma utmaningar som vi st\u00e5r inf\u00f6r.<\/span><span data-ccp-props=\"{&quot;201341983&quot;:0,&quot;335559739&quot;:160,&quot;335559740&quot;:259}\">\u00a0<\/span><\/p>\n<p><img loading=\"lazy\" decoding=\"async\" class=\"alignnone wp-image-2760 size-full\" src=\"https:\/\/www.sbhss.eu\/wp-content\/uploads\/2022\/05\/hp3-e1653891887726.jpg\" alt=\"\" width=\"1209\" height=\"900\" \/><\/p>\n<p><strong>Deltagare i bes\u00f6ket<\/strong> bestod av flera olika professioner som arbetar direkt inom v\u00e5rden och regional utveckling, s\u00e5som samordnare f\u00f6r n\u00e4ra v\u00e5rd, anst\u00e4llda inom psykiatrin, h\u00e4lso- och sjukv\u00e5rdsanalytiker, varav flertalet hade sjuksk\u00f6terskebakgrund. Anledningen till att personer som arbetar direkt i v\u00e5rden deltog i bes\u00f6ket i st\u00e4llet f\u00f6r de etablerade grupperna inom h\u00e4lsoplattformen \u00e4r f\u00f6r att p\u00e5 b\u00e4sta s\u00e4tt kunna ta med sig l\u00e4rdomarna fr\u00e5n bes\u00f6ket hem till verksamheten och implementera och anv\u00e4nda sig av dem f\u00f6r att utveckla nya metoder f\u00f6r arbete inom v\u00e5rden i v\u00e5ra regioner.<\/p>\n<p><strong>L\u00e4rdomar och erfarenhetsutbyte<\/strong><\/p>\n<p>H\u00e4lsoplattformen fick bes\u00f6ka s\u00e5 kallade <em>Community Health Centers<\/em> som \u00e4r Emilia-Romagnas fysiska motsvarighet till n\u00e4ra v\u00e5rd genom att samla olika professioner inom v\u00e5rden under ett och samma tak f\u00f6r f\u00f6renklad samordning och samarbete mellan olika v\u00e5rdenheter och socialtj\u00e4nst. \u00c4ven om det inte kan liknas vid ett sjukhus med utf\u00f6rande av st\u00f6rre ingrepp, samlar dessa center \u00e4ven ett antal l\u00e4kare, vilka har samma patienter under sin yrkesverksamma tid. Sm\u00e5land-Blekinge-Hallands H\u00e4lsoplattform uppfattade \u00e4ven att den italienska regionen och v\u00e5rden genom <em>Community Health Centers<\/em> anv\u00e4nde samh\u00e4llet som resurs snarare \u00e4n att endast samh\u00e4llet var i behov av v\u00e5rden, genom att de arbetade p\u00e5 ett inkluderande s\u00e4tt med inv\u00e5narna och d\u00e5 exempelvis centret <em>Casa della salute Navile <\/em>i Bologna dessutom \u00f6ppnats p\u00e5 initiativ av just medborgare. Tanken \u00e4r att det \u00e4r v\u00e5rden som ska anpassa sig till omr\u00e5det, snarare \u00e4n tv\u00e4rtom. <em>Community Health Centers<\/em> var ett exempel p\u00e5 hur Emilia-Romagna arbetade i ett n\u00e4tverk med samverkan mellan olika v\u00e5rdprofessioner och socialt arbete, i st\u00e4llet f\u00f6r att arbeta utifr\u00e5n traditionella stupr\u00f6r som f\u00f6rsv\u00e5rar samverkan och d\u00e4rmed riskerar v\u00e5rden av patienter som kan hamna mellan stolarna. Det v\u00e4cktes \u00e4ven intresse i h\u00e4lsoplattformen av deras betalningspolicy f\u00f6r patienter som m\u00e5ste betala f\u00f6r bes\u00f6ket p\u00e5 akutmottagningen om de inte \u00e4r i verkligt behov av akutv\u00e5rd men \u00e4nd\u00e5 bes\u00f6ker akutmottagningen. Det var intressant eftersom det finns akutmottagningar i v\u00e5ra regioner som tenderar att \u00e4ven f\u00e5 patienter som inte \u00e4r i behov av akut v\u00e5rd.<\/p>\n<p>Det var \u00e4ven tydligt att Emilia-Romagna arbetade p\u00e5 ett f\u00f6rebyggande s\u00e4tt, d\u00e5 de arbetade proaktivt snarare \u00e4n reaktivt. Det f\u00f6rebyggande arbetss\u00e4ttet handlade om att patienterna fick b\u00e4ttre f\u00f6rebyggande personcentrerad v\u00e5rd med noggrann uppf\u00f6ljning d\u00e4r v\u00e5rdpersonalen kontaktade patienten i st\u00e4llet f\u00f6r tv\u00e4rtom. Genom att arbeta proaktivt \u00e4r tanken att patienters oh\u00e4lsa kan f\u00f6rebyggas i st\u00e4llet f\u00f6r att patienterna ska kontakta v\u00e5rden vid senare stadie d\u00e5 sjukdom redan har brutit ut. Det h\u00e4r arbetss\u00e4ttet leder till att f\u00e4rre patienter tvingas s\u00f6ka sjukhusv\u00e5rd f\u00f6r allvarligare h\u00e4lsoproblem i ett senare stadie av sjukdom.<\/p>\n<p><img loading=\"lazy\" decoding=\"async\" class=\"alignnone size-full wp-image-2761\" src=\"https:\/\/www.sbhss.eu\/wp-content\/uploads\/2022\/05\/hp2.jpg\" alt=\"\" width=\"1386\" height=\"1040\" \/><\/p>\n<p>\u00c4ven inom psykiatrin i Emilia-Romagna inspirerades h\u00e4lsoplattformen av hur de arbetade med psykisk h\u00e4lsa genom h\u00f6g kompetens och ett \u00f6ppet och inkluderande arbetss\u00e4tt. Inga remisser kr\u00e4vdes f\u00f6r patienter att s\u00f6ka v\u00e5rd till den mentala h\u00e4lsoavdelningen och de arbetade utifr\u00e5n personens funktionsniv\u00e5 och inte utifr\u00e5n diagnos \u2013 som s\u00e5gs som en bisak. De slutna v\u00e5rdplatserna \u00e4r mycket f\u00e4rre \u00e4n i Sverige j\u00e4mf\u00f6rt med antal inv\u00e5nare.<\/p>\n<p><img loading=\"lazy\" decoding=\"async\" class=\"alignnone size-full wp-image-2762\" src=\"https:\/\/www.sbhss.eu\/wp-content\/uploads\/2022\/05\/hp4.jpg\" alt=\"\" width=\"1325\" height=\"994\" \/><\/p>\n<p>De arbetade ocks\u00e5 f\u00f6rebyggande med ungdomars psykiska och sexuella h\u00e4lsa genom en ungdomsavdelning f\u00f6r 14\u201317 \u00e5ringar, och en avdelning f\u00f6r upp till 25 \u00e5r, som kan liknas vid v\u00e5r motsvarighet av ungdomsmottagningen, men med mer fokus p\u00e5 preventivt och inkluderande arbete med ungdomarna. Det var drop-in dagligen och individuella samtal s\u00e5v\u00e4l som gruppterapi erbj\u00f6ds. P\u00e5 mottagningen arbetade bland annat psykologer, barnmorskor, gynekologer och dietister och vid de problem som inte kan l\u00f6sas av dem h\u00e4nvisas ungdomarna till r\u00e4tt v\u00e5rdinstans. En del av personalens uppdrag var h\u00f6g samverkan med skolor och utbildning. H\u00e4lsoplattformens intryck var att det var en v\u00e4lkomnande avdelning med l\u00e5g tr\u00f6skel som pr\u00e4glades av att aktivt arbeta med f\u00f6rbyggande och h\u00e4lsofr\u00e4mjande arbete.<\/p>\n<p><img loading=\"lazy\" decoding=\"async\" class=\"alignnone wp-image-2763\" src=\"https:\/\/www.sbhss.eu\/wp-content\/uploads\/2022\/05\/hp5.jpg\" alt=\"\" width=\"991\" height=\"549\" \/><\/p>\n<p><strong>Emilia-Romagna var s\u00e4rskilt intresserade<\/strong> av det svenska sjukv\u00e5rdsystemet och hur vi arbetar med datahanteringen inom v\u00e5rden genom s\u00e5 kallat riskstratifieringsverktyg f\u00f6r att identifiera personer med h\u00f6g risk f\u00f6r inl\u00e4ggning eller sk\u00f6rhet. De var bland annat imponerade \u00f6ver hur Halland kan identifiera kostnader och medicinsk analys genom data. \u00c4ven hur h\u00e4lsodata kan anv\u00e4ndas f\u00f6r ett mer proaktivt arbetss\u00e4tt och hur det kan koppla an till arbetet med n\u00e4ra v\u00e5rd ans\u00e5g de italienska kollegorna som intressant. De \u00e4r ocks\u00e5 intresserade av hur reservationer och v\u00e4ntelistor med specialister fungerar i Sverige och imponerades av m\u00f6jligheten att fritt kunna v\u00e4lja specialist. De ville dessutom l\u00e4ra sig mer om akutv\u00e5rd i Sverige.<\/p>\n<p>Med alla dessa omr\u00e5den som identifierats som gemensamma utmaningar f\u00f6r h\u00e4lso- och sjukv\u00e5rden i Sm\u00e5land Blekinge Halland och Emilia-Romagna och l\u00e4rdomar av varandra att l\u00e4ra oss mer av, g\u00e4ller det nu att v\u00e5rda relationerna med den italienska regionen och bibeh\u00e5lla den goda kontakten f\u00f6r att se vad ett f\u00f6rdjupat samarbete kan leda till. M\u00e5nga m\u00f6jligheter finns, och med denna goda start f\u00f6r ett bilateralt samarbete med Emilia-Romagna, l\u00e4gger det en god grund f\u00f6r \u00f6kade chanser f\u00f6r att i framtiden kunna delta i EU-program som ofta kr\u00e4ver europeiskt samarbete mellan ett flertal l\u00e4nder f\u00f6r att tillsammans arbeta fram l\u00f6sningar p\u00e5 gemensamma utmaningar.<\/p>\n<p><strong>N\u00e4sta steg <\/strong>blir att ta fram en handlingsplan med gemensamma utmaningar och omr\u00e5den f\u00f6r samarbete. Om det blir ett formellt dokument signerat av v\u00e5ra sydsvenska regioner och Emilia-Romagna eller ett mer informellt dokument \u00e5terst\u00e5r att se utifr\u00e5n vidare diskussion inom h\u00e4lsoplattformen. Det diskuterades \u00e4ven m\u00f6jligheter f\u00f6r digitala sessioner inom olika omr\u00e5den av intresse f\u00f6r regionerna, samt forskningsprojekt med intentionen att l\u00e4ra sig tillsammans.<\/p>\n","protected":false},"excerpt":{"rendered":"<p>Med en demografisk utveckling som pekar p\u00e5 en \u00e5ldrande befolkning tillkommer flera utmaningar, inte bara i Sverige, utan \u00e4ven runtom i Europa. \u00d6kad ensamhet, psykisk oh\u00e4lsa och tydliga oj\u00e4mlikheter i h\u00e4lsa mellan utrikes och inrikes f\u00f6dda i kombination med f\u00e4rre v\u00e5rdanst\u00e4llda \u00e4r stora utmaningar som samh\u00e4llet st\u00e5r inf\u00f6r. Att de tenderar att vara gr\u00e4ns\u00f6verskridande mellan [&hellip;]<\/p>\n","protected":false},"author":6,"featured_media":2755,"comment_status":"open","ping_status":"open","sticky":false,"template":"","format":"standard","meta":{"_acf_changed":false,"footnotes":""},"categories":[3],"tags":[],"class_list":["post-2751","post","type-post","status-publish","format-standard","has-post-thumbnail","hentry","category-okategoriserad"],"acf":[],"yoast_head":"<!-- This site is optimized with the Yoast SEO plugin v27.5 - https:\/\/yoast.com\/product\/yoast-seo-wordpress\/ -->\n<title>H\u00e4lsoplattformen p\u00e5 bes\u00f6k i Italien! - SBHSS<\/title>\n<meta name=\"robots\" content=\"index, follow, max-snippet:-1, max-image-preview:large, max-video-preview:-1\" \/>\n<link rel=\"canonical\" href=\"https:\/\/www.sbhss.eu\/sv\/halsoplattformen-pa-besok-i-italien\/\" \/>\n<meta property=\"og:locale\" content=\"sv_SE\" \/>\n<meta property=\"og:type\" content=\"article\" \/>\n<meta property=\"og:title\" content=\"H\u00e4lsoplattformen p\u00e5 bes\u00f6k i Italien! - SBHSS\" \/>\n<meta property=\"og:description\" content=\"Med en demografisk utveckling som pekar p\u00e5 en \u00e5ldrande befolkning tillkommer flera utmaningar, inte bara i Sverige, utan \u00e4ven runtom i Europa. \u00d6kad ensamhet, psykisk oh\u00e4lsa och tydliga oj\u00e4mlikheter i h\u00e4lsa mellan utrikes och inrikes f\u00f6dda i kombination med f\u00e4rre v\u00e5rdanst\u00e4llda \u00e4r stora utmaningar som samh\u00e4llet st\u00e5r inf\u00f6r. Att de tenderar att vara gr\u00e4ns\u00f6verskridande mellan [&hellip;]\" \/>\n<meta property=\"og:url\" content=\"https:\/\/www.sbhss.eu\/sv\/halsoplattformen-pa-besok-i-italien\/\" \/>\n<meta property=\"og:site_name\" content=\"SBHSS\" \/>\n<meta property=\"article:published_time\" content=\"2022-05-27T08:29:52+00:00\" \/>\n<meta property=\"article:modified_time\" content=\"2022-05-30T09:01:54+00:00\" \/>\n<meta property=\"og:image\" content=\"https:\/\/www.sbhss.eu\/wp-content\/uploads\/2022\/05\/hp1.jpg\" \/>\n\t<meta property=\"og:image:width\" content=\"605\" \/>\n\t<meta property=\"og:image:height\" content=\"340\" \/>\n\t<meta property=\"og:image:type\" content=\"image\/jpeg\" \/>\n<meta name=\"author\" content=\"Christer Hammarstr\u00f6m\" \/>\n<meta name=\"twitter:card\" content=\"summary_large_image\" \/>\n<meta name=\"twitter:label1\" content=\"Skriven av\" \/>\n\t<meta name=\"twitter:data1\" content=\"Christer Hammarstr\u00f6m\" \/>\n\t<meta name=\"twitter:label2\" content=\"Ber\u00e4knad l\u00e4stid\" \/>\n\t<meta name=\"twitter:data2\" content=\"6 minuter\" \/>\n<script type=\"application\/ld+json\" class=\"yoast-schema-graph\">{\"@context\":\"https:\\\/\\\/schema.org\",\"@graph\":[{\"@type\":\"Article\",\"@id\":\"https:\\\/\\\/www.sbhss.eu\\\/sv\\\/halsoplattformen-pa-besok-i-italien\\\/#article\",\"isPartOf\":{\"@id\":\"https:\\\/\\\/www.sbhss.eu\\\/sv\\\/halsoplattformen-pa-besok-i-italien\\\/\"},\"author\":{\"name\":\"Christer Hammarstr\u00f6m\",\"@id\":\"https:\\\/\\\/www.sbhss.eu\\\/#\\\/schema\\\/person\\\/0d3665668f47ce0146931df24b27c81b\"},\"headline\":\"H\u00e4lsoplattformen p\u00e5 bes\u00f6k i Italien!\",\"datePublished\":\"2022-05-27T08:29:52+00:00\",\"dateModified\":\"2022-05-30T09:01:54+00:00\",\"mainEntityOfPage\":{\"@id\":\"https:\\\/\\\/www.sbhss.eu\\\/sv\\\/halsoplattformen-pa-besok-i-italien\\\/\"},\"wordCount\":1394,\"commentCount\":0,\"image\":{\"@id\":\"https:\\\/\\\/www.sbhss.eu\\\/sv\\\/halsoplattformen-pa-besok-i-italien\\\/#primaryimage\"},\"thumbnailUrl\":\"https:\\\/\\\/www.sbhss.eu\\\/wp-content\\\/uploads\\\/2022\\\/05\\\/hp1.jpg\",\"articleSection\":[\"Okategoriserad\"],\"inLanguage\":\"sv-SE\"},{\"@type\":\"WebPage\",\"@id\":\"https:\\\/\\\/www.sbhss.eu\\\/sv\\\/halsoplattformen-pa-besok-i-italien\\\/\",\"url\":\"https:\\\/\\\/www.sbhss.eu\\\/sv\\\/halsoplattformen-pa-besok-i-italien\\\/\",\"name\":\"H\u00e4lsoplattformen p\u00e5 bes\u00f6k i Italien! - SBHSS\",\"isPartOf\":{\"@id\":\"https:\\\/\\\/www.sbhss.eu\\\/#website\"},\"primaryImageOfPage\":{\"@id\":\"https:\\\/\\\/www.sbhss.eu\\\/sv\\\/halsoplattformen-pa-besok-i-italien\\\/#primaryimage\"},\"image\":{\"@id\":\"https:\\\/\\\/www.sbhss.eu\\\/sv\\\/halsoplattformen-pa-besok-i-italien\\\/#primaryimage\"},\"thumbnailUrl\":\"https:\\\/\\\/www.sbhss.eu\\\/wp-content\\\/uploads\\\/2022\\\/05\\\/hp1.jpg\",\"datePublished\":\"2022-05-27T08:29:52+00:00\",\"dateModified\":\"2022-05-30T09:01:54+00:00\",\"author\":{\"@id\":\"https:\\\/\\\/www.sbhss.eu\\\/#\\\/schema\\\/person\\\/0d3665668f47ce0146931df24b27c81b\"},\"breadcrumb\":{\"@id\":\"https:\\\/\\\/www.sbhss.eu\\\/sv\\\/halsoplattformen-pa-besok-i-italien\\\/#breadcrumb\"},\"inLanguage\":\"sv-SE\",\"potentialAction\":[{\"@type\":\"ReadAction\",\"target\":[\"https:\\\/\\\/www.sbhss.eu\\\/sv\\\/halsoplattformen-pa-besok-i-italien\\\/\"]}]},{\"@type\":\"ImageObject\",\"inLanguage\":\"sv-SE\",\"@id\":\"https:\\\/\\\/www.sbhss.eu\\\/sv\\\/halsoplattformen-pa-besok-i-italien\\\/#primaryimage\",\"url\":\"https:\\\/\\\/www.sbhss.eu\\\/wp-content\\\/uploads\\\/2022\\\/05\\\/hp1.jpg\",\"contentUrl\":\"https:\\\/\\\/www.sbhss.eu\\\/wp-content\\\/uploads\\\/2022\\\/05\\\/hp1.jpg\",\"width\":605,\"height\":340},{\"@type\":\"BreadcrumbList\",\"@id\":\"https:\\\/\\\/www.sbhss.eu\\\/sv\\\/halsoplattformen-pa-besok-i-italien\\\/#breadcrumb\",\"itemListElement\":[{\"@type\":\"ListItem\",\"position\":1,\"name\":\"Hem\",\"item\":\"https:\\\/\\\/www.sbhss.eu\\\/sv\\\/\"},{\"@type\":\"ListItem\",\"position\":2,\"name\":\"H\u00e4lsoplattformen p\u00e5 bes\u00f6k i Italien!\"}]},{\"@type\":\"WebSite\",\"@id\":\"https:\\\/\\\/www.sbhss.eu\\\/#website\",\"url\":\"https:\\\/\\\/www.sbhss.eu\\\/\",\"name\":\"SBHSS\",\"description\":\"\",\"potentialAction\":[{\"@type\":\"SearchAction\",\"target\":{\"@type\":\"EntryPoint\",\"urlTemplate\":\"https:\\\/\\\/www.sbhss.eu\\\/?s={search_term_string}\"},\"query-input\":{\"@type\":\"PropertyValueSpecification\",\"valueRequired\":true,\"valueName\":\"search_term_string\"}}],\"inLanguage\":\"sv-SE\"},{\"@type\":\"Person\",\"@id\":\"https:\\\/\\\/www.sbhss.eu\\\/#\\\/schema\\\/person\\\/0d3665668f47ce0146931df24b27c81b\",\"name\":\"Christer Hammarstr\u00f6m\",\"image\":{\"@type\":\"ImageObject\",\"inLanguage\":\"sv-SE\",\"@id\":\"https:\\\/\\\/secure.gravatar.com\\\/avatar\\\/2e94f5447b0cc268c5ca31e80a72d50927f2caef3756ffbe4073b7f3d4a226f1?s=96&d=mm&r=g\",\"url\":\"https:\\\/\\\/secure.gravatar.com\\\/avatar\\\/2e94f5447b0cc268c5ca31e80a72d50927f2caef3756ffbe4073b7f3d4a226f1?s=96&d=mm&r=g\",\"contentUrl\":\"https:\\\/\\\/secure.gravatar.com\\\/avatar\\\/2e94f5447b0cc268c5ca31e80a72d50927f2caef3756ffbe4073b7f3d4a226f1?s=96&d=mm&r=g\",\"caption\":\"Christer Hammarstr\u00f6m\"},\"url\":\"https:\\\/\\\/www.sbhss.eu\\\/sv\\\/author\\\/christerkalmarit-com\\\/\"}]}<\/script>\n<!-- \/ Yoast SEO plugin. -->","yoast_head_json":{"title":"H\u00e4lsoplattformen p\u00e5 bes\u00f6k i Italien! - SBHSS","robots":{"index":"index","follow":"follow","max-snippet":"max-snippet:-1","max-image-preview":"max-image-preview:large","max-video-preview":"max-video-preview:-1"},"canonical":"https:\/\/www.sbhss.eu\/sv\/halsoplattformen-pa-besok-i-italien\/","og_locale":"sv_SE","og_type":"article","og_title":"H\u00e4lsoplattformen p\u00e5 bes\u00f6k i Italien! - SBHSS","og_description":"Med en demografisk utveckling som pekar p\u00e5 en \u00e5ldrande befolkning tillkommer flera utmaningar, inte bara i Sverige, utan \u00e4ven runtom i Europa. \u00d6kad ensamhet, psykisk oh\u00e4lsa och tydliga oj\u00e4mlikheter i h\u00e4lsa mellan utrikes och inrikes f\u00f6dda i kombination med f\u00e4rre v\u00e5rdanst\u00e4llda \u00e4r stora utmaningar som samh\u00e4llet st\u00e5r inf\u00f6r. Att de tenderar att vara gr\u00e4ns\u00f6verskridande mellan [&hellip;]","og_url":"https:\/\/www.sbhss.eu\/sv\/halsoplattformen-pa-besok-i-italien\/","og_site_name":"SBHSS","article_published_time":"2022-05-27T08:29:52+00:00","article_modified_time":"2022-05-30T09:01:54+00:00","og_image":[{"width":605,"height":340,"url":"https:\/\/www.sbhss.eu\/wp-content\/uploads\/2022\/05\/hp1.jpg","type":"image\/jpeg"}],"author":"Christer Hammarstr\u00f6m","twitter_card":"summary_large_image","twitter_misc":{"Skriven av":"Christer Hammarstr\u00f6m","Ber\u00e4knad l\u00e4stid":"6 minuter"},"schema":{"@context":"https:\/\/schema.org","@graph":[{"@type":"Article","@id":"https:\/\/www.sbhss.eu\/sv\/halsoplattformen-pa-besok-i-italien\/#article","isPartOf":{"@id":"https:\/\/www.sbhss.eu\/sv\/halsoplattformen-pa-besok-i-italien\/"},"author":{"name":"Christer Hammarstr\u00f6m","@id":"https:\/\/www.sbhss.eu\/#\/schema\/person\/0d3665668f47ce0146931df24b27c81b"},"headline":"H\u00e4lsoplattformen p\u00e5 bes\u00f6k i Italien!","datePublished":"2022-05-27T08:29:52+00:00","dateModified":"2022-05-30T09:01:54+00:00","mainEntityOfPage":{"@id":"https:\/\/www.sbhss.eu\/sv\/halsoplattformen-pa-besok-i-italien\/"},"wordCount":1394,"commentCount":0,"image":{"@id":"https:\/\/www.sbhss.eu\/sv\/halsoplattformen-pa-besok-i-italien\/#primaryimage"},"thumbnailUrl":"https:\/\/www.sbhss.eu\/wp-content\/uploads\/2022\/05\/hp1.jpg","articleSection":["Okategoriserad"],"inLanguage":"sv-SE"},{"@type":"WebPage","@id":"https:\/\/www.sbhss.eu\/sv\/halsoplattformen-pa-besok-i-italien\/","url":"https:\/\/www.sbhss.eu\/sv\/halsoplattformen-pa-besok-i-italien\/","name":"H\u00e4lsoplattformen p\u00e5 bes\u00f6k i Italien! - SBHSS","isPartOf":{"@id":"https:\/\/www.sbhss.eu\/#website"},"primaryImageOfPage":{"@id":"https:\/\/www.sbhss.eu\/sv\/halsoplattformen-pa-besok-i-italien\/#primaryimage"},"image":{"@id":"https:\/\/www.sbhss.eu\/sv\/halsoplattformen-pa-besok-i-italien\/#primaryimage"},"thumbnailUrl":"https:\/\/www.sbhss.eu\/wp-content\/uploads\/2022\/05\/hp1.jpg","datePublished":"2022-05-27T08:29:52+00:00","dateModified":"2022-05-30T09:01:54+00:00","author":{"@id":"https:\/\/www.sbhss.eu\/#\/schema\/person\/0d3665668f47ce0146931df24b27c81b"},"breadcrumb":{"@id":"https:\/\/www.sbhss.eu\/sv\/halsoplattformen-pa-besok-i-italien\/#breadcrumb"},"inLanguage":"sv-SE","potentialAction":[{"@type":"ReadAction","target":["https:\/\/www.sbhss.eu\/sv\/halsoplattformen-pa-besok-i-italien\/"]}]},{"@type":"ImageObject","inLanguage":"sv-SE","@id":"https:\/\/www.sbhss.eu\/sv\/halsoplattformen-pa-besok-i-italien\/#primaryimage","url":"https:\/\/www.sbhss.eu\/wp-content\/uploads\/2022\/05\/hp1.jpg","contentUrl":"https:\/\/www.sbhss.eu\/wp-content\/uploads\/2022\/05\/hp1.jpg","width":605,"height":340},{"@type":"BreadcrumbList","@id":"https:\/\/www.sbhss.eu\/sv\/halsoplattformen-pa-besok-i-italien\/#breadcrumb","itemListElement":[{"@type":"ListItem","position":1,"name":"Hem","item":"https:\/\/www.sbhss.eu\/sv\/"},{"@type":"ListItem","position":2,"name":"H\u00e4lsoplattformen p\u00e5 bes\u00f6k i Italien!"}]},{"@type":"WebSite","@id":"https:\/\/www.sbhss.eu\/#website","url":"https:\/\/www.sbhss.eu\/","name":"SBHSS","description":"","potentialAction":[{"@type":"SearchAction","target":{"@type":"EntryPoint","urlTemplate":"https:\/\/www.sbhss.eu\/?s={search_term_string}"},"query-input":{"@type":"PropertyValueSpecification","valueRequired":true,"valueName":"search_term_string"}}],"inLanguage":"sv-SE"},{"@type":"Person","@id":"https:\/\/www.sbhss.eu\/#\/schema\/person\/0d3665668f47ce0146931df24b27c81b","name":"Christer Hammarstr\u00f6m","image":{"@type":"ImageObject","inLanguage":"sv-SE","@id":"https:\/\/secure.gravatar.com\/avatar\/2e94f5447b0cc268c5ca31e80a72d50927f2caef3756ffbe4073b7f3d4a226f1?s=96&d=mm&r=g","url":"https:\/\/secure.gravatar.com\/avatar\/2e94f5447b0cc268c5ca31e80a72d50927f2caef3756ffbe4073b7f3d4a226f1?s=96&d=mm&r=g","contentUrl":"https:\/\/secure.gravatar.com\/avatar\/2e94f5447b0cc268c5ca31e80a72d50927f2caef3756ffbe4073b7f3d4a226f1?s=96&d=mm&r=g","caption":"Christer Hammarstr\u00f6m"},"url":"https:\/\/www.sbhss.eu\/sv\/author\/christerkalmarit-com\/"}]}},"_links":{"self":[{"href":"https:\/\/www.sbhss.eu\/sv\/wp-json\/wp\/v2\/posts\/2751","targetHints":{"allow":["GET"]}}],"collection":[{"href":"https:\/\/www.sbhss.eu\/sv\/wp-json\/wp\/v2\/posts"}],"about":[{"href":"https:\/\/www.sbhss.eu\/sv\/wp-json\/wp\/v2\/types\/post"}],"author":[{"embeddable":true,"href":"https:\/\/www.sbhss.eu\/sv\/wp-json\/wp\/v2\/users\/6"}],"replies":[{"embeddable":true,"href":"https:\/\/www.sbhss.eu\/sv\/wp-json\/wp\/v2\/comments?post=2751"}],"version-history":[{"count":10,"href":"https:\/\/www.sbhss.eu\/sv\/wp-json\/wp\/v2\/posts\/2751\/revisions"}],"predecessor-version":[{"id":2774,"href":"https:\/\/www.sbhss.eu\/sv\/wp-json\/wp\/v2\/posts\/2751\/revisions\/2774"}],"wp:featuredmedia":[{"embeddable":true,"href":"https:\/\/www.sbhss.eu\/sv\/wp-json\/wp\/v2\/media\/2755"}],"wp:attachment":[{"href":"https:\/\/www.sbhss.eu\/sv\/wp-json\/wp\/v2\/media?parent=2751"}],"wp:term":[{"taxonomy":"category","embeddable":true,"href":"https:\/\/www.sbhss.eu\/sv\/wp-json\/wp\/v2\/categories?post=2751"},{"taxonomy":"post_tag","embeddable":true,"href":"https:\/\/www.sbhss.eu\/sv\/wp-json\/wp\/v2\/tags?post=2751"}],"curies":[{"name":"wp","href":"https:\/\/api.w.org\/{rel}","templated":true}]}}