{"id":2841,"date":"2022-06-09T13:57:59","date_gmt":"2022-06-09T13:57:59","guid":{"rendered":"https:\/\/www.sbhss.eu\/?p=2841"},"modified":"2022-06-09T13:57:59","modified_gmt":"2022-06-09T13:57:59","slug":"eu-green-week-2022","status":"publish","type":"post","link":"https:\/\/www.sbhss.eu\/sv\/eu-green-week-2022\/","title":{"rendered":"EU Green Week 2022"},"content":{"rendered":"<p>F\u00f6rra veckan gick EU Green Week 2022 av stapeln, som \u00e4r Europas st\u00f6rsta \u00e5rliga evenemang inom milj\u00f6politik. Veckan \u00e4r ett \u00e5rligt tillf\u00e4lle att diskutera europeisk milj\u00f6politik med beslutsfattare, milj\u00f6aktivister och intressenter fr\u00e5n och utanf\u00f6r Europa. Evenemanget\u00a0 startade med fr\u00e5gan \u201dfinns det fortfarande plats f\u00f6r en gr\u00f6n politik i dessa tider d\u00e4r m\u00e4nniskor k\u00e4mpar med h\u00f6ga energipriser, st\u00f6rningar i f\u00f6rs\u00f6rjningskedjan som leder till stigande arbetsl\u00f6shet, h\u00f6g inflation och ett krig?\u201d<!--more--><\/p>\n<p>Under tv\u00e5dagars-konferensen som \u00f6ppnade evenemanget diskuterade man vad som kr\u00e4vs f\u00f6r att skapa en cirkul\u00e4r, naturpositiv och f\u00f6roreningsfri ekonomi. Virginijus Sinkevi\u010dius, kommission\u00e4r f\u00f6r milj\u00f6, hav och fiske, Ruslan Strilets, Ukrainas milj\u00f6minister och alla andra talare var \u00f6verens om att det \u00e4r ytterst viktigt att forts\u00e4tta den gr\u00f6na omst\u00e4llningen. Att bli cirkul\u00e4r inneb\u00e4r bland annat att minska beroenden, och f\u00f6r att hantera de allvarliga milj\u00f6f\u00f6rst\u00f6ringar som kriget har orsakat kr\u00e4vs en gr\u00f6n \u00e5teruppbyggnad f\u00f6r att s\u00e4kerst\u00e4lla mindre f\u00f6roreningar, b\u00e4ttre h\u00e4lsa och som en f\u00f6rs\u00e4kring f\u00f6r den framtida ekonomin. H\u00e4r pekade Strilets p\u00e5 att man kommer beh\u00f6va hj\u00e4lp fr\u00e5n EU-l\u00e4nderna med v\u00e4gledning.<\/p>\n<p>Under konferensen fick vi \u00e4ven ta del av tre tematiska paneler som visade p\u00e5 att Europa fortfarande \u00e4r p\u00e5 den gr\u00f6na v\u00e4gen och f\u00f6rklarade varf\u00f6r den europeiska gr\u00f6na given idag \u00e4r lika relevant som n\u00e5gonsin tidigare. Bland annat diskuterades nollutsl\u00e4pp och vem som betalar f\u00f6r dem, vilket man kom fram till var inv\u00e5narna med sin h\u00e4lsa och inte de f\u00f6retag och industrier som sl\u00e4pper ut. MEP Martin Hojs\u00edk pekade p\u00e5 att f\u00f6retagen g\u00f6r allt f\u00f6r att produktionen ska vara s\u00e5 billig som m\u00f6jligt, om de d\u00e5 inte beh\u00f6ver betala skatt f\u00f6r utsl\u00e4ppen kommer inte en milj\u00f6v\u00e4nlig produktion vara deras prioritering. Om de d\u00e4remot m\u00e5ste betala f\u00f6r utsl\u00e4ppen kommer det vara billigare att ha en milj\u00f6v\u00e4nlig produktion.<\/p>\n<p>Mycket fokus l\u00e5g \u00e4ven p\u00e5 regioner, st\u00e4der och landsbygd som har f\u00e5tt hantera f\u00f6ljderna av Covid-19, kriget, flyktingar, energikrisen och den gr\u00f6na omst\u00e4llningen.\u00a0 Hur man ska l\u00f6sa detta vet man inte riktigt \u00e4n, men det beh\u00f6vs mer flexibilitet menar Kata T\u00fctt\u0151 fr\u00e5n regionkommitt\u00e9n, och det finns en dialog mellan regionkommitt\u00e9n, medlemsl\u00e4nderna och EU-kommissionen om framtida \u00e5tg\u00e4rder.<\/p>\n<p><img loading=\"lazy\" decoding=\"async\" class=\"alignnone size-medium wp-image-2842\" src=\"https:\/\/www.sbhss.eu\/wp-content\/uploads\/2022\/06\/img4856-300x225.jpg\" alt=\"\" width=\"300\" height=\"225\" \/><\/p>\n","protected":false},"excerpt":{"rendered":"<p>F\u00f6rra veckan gick EU Green Week 2022 av stapeln, som \u00e4r Europas st\u00f6rsta \u00e5rliga evenemang inom milj\u00f6politik. Veckan \u00e4r ett \u00e5rligt tillf\u00e4lle att diskutera europeisk milj\u00f6politik med beslutsfattare, milj\u00f6aktivister och intressenter fr\u00e5n och utanf\u00f6r Europa. Evenemanget\u00a0 startade med fr\u00e5gan \u201dfinns det fortfarande plats f\u00f6r en gr\u00f6n politik i dessa tider d\u00e4r m\u00e4nniskor k\u00e4mpar med h\u00f6ga [&hellip;]<\/p>\n","protected":false},"author":9,"featured_media":2842,"comment_status":"open","ping_status":"open","sticky":false,"template":"","format":"standard","meta":{"_acf_changed":false,"footnotes":""},"categories":[3],"tags":[],"class_list":["post-2841","post","type-post","status-publish","format-standard","has-post-thumbnail","hentry","category-okategoriserad"],"acf":[],"yoast_head":"<!-- This site is optimized with the Yoast SEO plugin v27.5 - https:\/\/yoast.com\/product\/yoast-seo-wordpress\/ -->\n<title>EU Green Week 2022 - SBHSS<\/title>\n<meta name=\"robots\" content=\"index, follow, max-snippet:-1, max-image-preview:large, max-video-preview:-1\" \/>\n<link rel=\"canonical\" href=\"https:\/\/www.sbhss.eu\/sv\/eu-green-week-2022\/\" \/>\n<meta property=\"og:locale\" content=\"sv_SE\" \/>\n<meta property=\"og:type\" content=\"article\" \/>\n<meta property=\"og:title\" content=\"EU Green Week 2022 - SBHSS\" \/>\n<meta property=\"og:description\" content=\"F\u00f6rra veckan gick EU Green Week 2022 av stapeln, som \u00e4r Europas st\u00f6rsta \u00e5rliga evenemang inom milj\u00f6politik. Veckan \u00e4r ett \u00e5rligt tillf\u00e4lle att diskutera europeisk milj\u00f6politik med beslutsfattare, milj\u00f6aktivister och intressenter fr\u00e5n och utanf\u00f6r Europa. Evenemanget\u00a0 startade med fr\u00e5gan \u201dfinns det fortfarande plats f\u00f6r en gr\u00f6n politik i dessa tider d\u00e4r m\u00e4nniskor k\u00e4mpar med h\u00f6ga [&hellip;]\" \/>\n<meta property=\"og:url\" content=\"https:\/\/www.sbhss.eu\/sv\/eu-green-week-2022\/\" \/>\n<meta property=\"og:site_name\" content=\"SBHSS\" \/>\n<meta property=\"article:published_time\" content=\"2022-06-09T13:57:59+00:00\" \/>\n<meta property=\"og:image\" content=\"https:\/\/www.sbhss.eu\/wp-content\/uploads\/2022\/06\/img4856-scaled.jpg\" \/>\n\t<meta property=\"og:image:width\" content=\"2560\" \/>\n\t<meta property=\"og:image:height\" content=\"1920\" \/>\n\t<meta property=\"og:image:type\" content=\"image\/jpeg\" \/>\n<meta name=\"author\" content=\"Michelle Andersson\" \/>\n<meta name=\"twitter:card\" content=\"summary_large_image\" \/>\n<meta name=\"twitter:label1\" content=\"Skriven av\" \/>\n\t<meta name=\"twitter:data1\" content=\"Michelle Andersson\" \/>\n\t<meta name=\"twitter:label2\" content=\"Ber\u00e4knad l\u00e4stid\" \/>\n\t<meta name=\"twitter:data2\" content=\"2 minuter\" \/>\n<script type=\"application\/ld+json\" class=\"yoast-schema-graph\">{\"@context\":\"https:\\\/\\\/schema.org\",\"@graph\":[{\"@type\":\"Article\",\"@id\":\"https:\\\/\\\/www.sbhss.eu\\\/sv\\\/eu-green-week-2022\\\/#article\",\"isPartOf\":{\"@id\":\"https:\\\/\\\/www.sbhss.eu\\\/sv\\\/eu-green-week-2022\\\/\"},\"author\":{\"name\":\"Michelle Andersson\",\"@id\":\"https:\\\/\\\/www.sbhss.eu\\\/#\\\/schema\\\/person\\\/52b8bf2099a5f715c0fdff80c45252c8\"},\"headline\":\"EU Green Week 2022\",\"datePublished\":\"2022-06-09T13:57:59+00:00\",\"mainEntityOfPage\":{\"@id\":\"https:\\\/\\\/www.sbhss.eu\\\/sv\\\/eu-green-week-2022\\\/\"},\"wordCount\":440,\"commentCount\":0,\"image\":{\"@id\":\"https:\\\/\\\/www.sbhss.eu\\\/sv\\\/eu-green-week-2022\\\/#primaryimage\"},\"thumbnailUrl\":\"https:\\\/\\\/www.sbhss.eu\\\/wp-content\\\/uploads\\\/2022\\\/06\\\/img4856-scaled.jpg\",\"articleSection\":[\"Okategoriserad\"],\"inLanguage\":\"sv-SE\"},{\"@type\":\"WebPage\",\"@id\":\"https:\\\/\\\/www.sbhss.eu\\\/sv\\\/eu-green-week-2022\\\/\",\"url\":\"https:\\\/\\\/www.sbhss.eu\\\/sv\\\/eu-green-week-2022\\\/\",\"name\":\"EU Green Week 2022 - SBHSS\",\"isPartOf\":{\"@id\":\"https:\\\/\\\/www.sbhss.eu\\\/#website\"},\"primaryImageOfPage\":{\"@id\":\"https:\\\/\\\/www.sbhss.eu\\\/sv\\\/eu-green-week-2022\\\/#primaryimage\"},\"image\":{\"@id\":\"https:\\\/\\\/www.sbhss.eu\\\/sv\\\/eu-green-week-2022\\\/#primaryimage\"},\"thumbnailUrl\":\"https:\\\/\\\/www.sbhss.eu\\\/wp-content\\\/uploads\\\/2022\\\/06\\\/img4856-scaled.jpg\",\"datePublished\":\"2022-06-09T13:57:59+00:00\",\"author\":{\"@id\":\"https:\\\/\\\/www.sbhss.eu\\\/#\\\/schema\\\/person\\\/52b8bf2099a5f715c0fdff80c45252c8\"},\"breadcrumb\":{\"@id\":\"https:\\\/\\\/www.sbhss.eu\\\/sv\\\/eu-green-week-2022\\\/#breadcrumb\"},\"inLanguage\":\"sv-SE\",\"potentialAction\":[{\"@type\":\"ReadAction\",\"target\":[\"https:\\\/\\\/www.sbhss.eu\\\/sv\\\/eu-green-week-2022\\\/\"]}]},{\"@type\":\"ImageObject\",\"inLanguage\":\"sv-SE\",\"@id\":\"https:\\\/\\\/www.sbhss.eu\\\/sv\\\/eu-green-week-2022\\\/#primaryimage\",\"url\":\"https:\\\/\\\/www.sbhss.eu\\\/wp-content\\\/uploads\\\/2022\\\/06\\\/img4856-scaled.jpg\",\"contentUrl\":\"https:\\\/\\\/www.sbhss.eu\\\/wp-content\\\/uploads\\\/2022\\\/06\\\/img4856-scaled.jpg\",\"width\":2560,\"height\":1920},{\"@type\":\"BreadcrumbList\",\"@id\":\"https:\\\/\\\/www.sbhss.eu\\\/sv\\\/eu-green-week-2022\\\/#breadcrumb\",\"itemListElement\":[{\"@type\":\"ListItem\",\"position\":1,\"name\":\"Hem\",\"item\":\"https:\\\/\\\/www.sbhss.eu\\\/sv\\\/\"},{\"@type\":\"ListItem\",\"position\":2,\"name\":\"EU Green Week 2022\"}]},{\"@type\":\"WebSite\",\"@id\":\"https:\\\/\\\/www.sbhss.eu\\\/#website\",\"url\":\"https:\\\/\\\/www.sbhss.eu\\\/\",\"name\":\"SBHSS\",\"description\":\"\",\"potentialAction\":[{\"@type\":\"SearchAction\",\"target\":{\"@type\":\"EntryPoint\",\"urlTemplate\":\"https:\\\/\\\/www.sbhss.eu\\\/?s={search_term_string}\"},\"query-input\":{\"@type\":\"PropertyValueSpecification\",\"valueRequired\":true,\"valueName\":\"search_term_string\"}}],\"inLanguage\":\"sv-SE\"},{\"@type\":\"Person\",\"@id\":\"https:\\\/\\\/www.sbhss.eu\\\/#\\\/schema\\\/person\\\/52b8bf2099a5f715c0fdff80c45252c8\",\"name\":\"Michelle Andersson\",\"image\":{\"@type\":\"ImageObject\",\"inLanguage\":\"sv-SE\",\"@id\":\"https:\\\/\\\/secure.gravatar.com\\\/avatar\\\/9b7fedf6d6087b008cb0fa4a3ad52949fe55c3fa26f869372d5f2b8b52151ab2?s=96&d=mm&r=g\",\"url\":\"https:\\\/\\\/secure.gravatar.com\\\/avatar\\\/9b7fedf6d6087b008cb0fa4a3ad52949fe55c3fa26f869372d5f2b8b52151ab2?s=96&d=mm&r=g\",\"contentUrl\":\"https:\\\/\\\/secure.gravatar.com\\\/avatar\\\/9b7fedf6d6087b008cb0fa4a3ad52949fe55c3fa26f869372d5f2b8b52151ab2?s=96&d=mm&r=g\",\"caption\":\"Michelle Andersson\"},\"url\":\"https:\\\/\\\/www.sbhss.eu\\\/sv\\\/author\\\/michelle-anderssonsbhss-eu\\\/\"}]}<\/script>\n<!-- \/ Yoast SEO plugin. -->","yoast_head_json":{"title":"EU Green Week 2022 - SBHSS","robots":{"index":"index","follow":"follow","max-snippet":"max-snippet:-1","max-image-preview":"max-image-preview:large","max-video-preview":"max-video-preview:-1"},"canonical":"https:\/\/www.sbhss.eu\/sv\/eu-green-week-2022\/","og_locale":"sv_SE","og_type":"article","og_title":"EU Green Week 2022 - SBHSS","og_description":"F\u00f6rra veckan gick EU Green Week 2022 av stapeln, som \u00e4r Europas st\u00f6rsta \u00e5rliga evenemang inom milj\u00f6politik. Veckan \u00e4r ett \u00e5rligt tillf\u00e4lle att diskutera europeisk milj\u00f6politik med beslutsfattare, milj\u00f6aktivister och intressenter fr\u00e5n och utanf\u00f6r Europa. Evenemanget\u00a0 startade med fr\u00e5gan \u201dfinns det fortfarande plats f\u00f6r en gr\u00f6n politik i dessa tider d\u00e4r m\u00e4nniskor k\u00e4mpar med h\u00f6ga [&hellip;]","og_url":"https:\/\/www.sbhss.eu\/sv\/eu-green-week-2022\/","og_site_name":"SBHSS","article_published_time":"2022-06-09T13:57:59+00:00","og_image":[{"width":2560,"height":1920,"url":"https:\/\/www.sbhss.eu\/wp-content\/uploads\/2022\/06\/img4856-scaled.jpg","type":"image\/jpeg"}],"author":"Michelle Andersson","twitter_card":"summary_large_image","twitter_misc":{"Skriven av":"Michelle Andersson","Ber\u00e4knad l\u00e4stid":"2 minuter"},"schema":{"@context":"https:\/\/schema.org","@graph":[{"@type":"Article","@id":"https:\/\/www.sbhss.eu\/sv\/eu-green-week-2022\/#article","isPartOf":{"@id":"https:\/\/www.sbhss.eu\/sv\/eu-green-week-2022\/"},"author":{"name":"Michelle Andersson","@id":"https:\/\/www.sbhss.eu\/#\/schema\/person\/52b8bf2099a5f715c0fdff80c45252c8"},"headline":"EU Green Week 2022","datePublished":"2022-06-09T13:57:59+00:00","mainEntityOfPage":{"@id":"https:\/\/www.sbhss.eu\/sv\/eu-green-week-2022\/"},"wordCount":440,"commentCount":0,"image":{"@id":"https:\/\/www.sbhss.eu\/sv\/eu-green-week-2022\/#primaryimage"},"thumbnailUrl":"https:\/\/www.sbhss.eu\/wp-content\/uploads\/2022\/06\/img4856-scaled.jpg","articleSection":["Okategoriserad"],"inLanguage":"sv-SE"},{"@type":"WebPage","@id":"https:\/\/www.sbhss.eu\/sv\/eu-green-week-2022\/","url":"https:\/\/www.sbhss.eu\/sv\/eu-green-week-2022\/","name":"EU Green Week 2022 - SBHSS","isPartOf":{"@id":"https:\/\/www.sbhss.eu\/#website"},"primaryImageOfPage":{"@id":"https:\/\/www.sbhss.eu\/sv\/eu-green-week-2022\/#primaryimage"},"image":{"@id":"https:\/\/www.sbhss.eu\/sv\/eu-green-week-2022\/#primaryimage"},"thumbnailUrl":"https:\/\/www.sbhss.eu\/wp-content\/uploads\/2022\/06\/img4856-scaled.jpg","datePublished":"2022-06-09T13:57:59+00:00","author":{"@id":"https:\/\/www.sbhss.eu\/#\/schema\/person\/52b8bf2099a5f715c0fdff80c45252c8"},"breadcrumb":{"@id":"https:\/\/www.sbhss.eu\/sv\/eu-green-week-2022\/#breadcrumb"},"inLanguage":"sv-SE","potentialAction":[{"@type":"ReadAction","target":["https:\/\/www.sbhss.eu\/sv\/eu-green-week-2022\/"]}]},{"@type":"ImageObject","inLanguage":"sv-SE","@id":"https:\/\/www.sbhss.eu\/sv\/eu-green-week-2022\/#primaryimage","url":"https:\/\/www.sbhss.eu\/wp-content\/uploads\/2022\/06\/img4856-scaled.jpg","contentUrl":"https:\/\/www.sbhss.eu\/wp-content\/uploads\/2022\/06\/img4856-scaled.jpg","width":2560,"height":1920},{"@type":"BreadcrumbList","@id":"https:\/\/www.sbhss.eu\/sv\/eu-green-week-2022\/#breadcrumb","itemListElement":[{"@type":"ListItem","position":1,"name":"Hem","item":"https:\/\/www.sbhss.eu\/sv\/"},{"@type":"ListItem","position":2,"name":"EU Green Week 2022"}]},{"@type":"WebSite","@id":"https:\/\/www.sbhss.eu\/#website","url":"https:\/\/www.sbhss.eu\/","name":"SBHSS","description":"","potentialAction":[{"@type":"SearchAction","target":{"@type":"EntryPoint","urlTemplate":"https:\/\/www.sbhss.eu\/?s={search_term_string}"},"query-input":{"@type":"PropertyValueSpecification","valueRequired":true,"valueName":"search_term_string"}}],"inLanguage":"sv-SE"},{"@type":"Person","@id":"https:\/\/www.sbhss.eu\/#\/schema\/person\/52b8bf2099a5f715c0fdff80c45252c8","name":"Michelle Andersson","image":{"@type":"ImageObject","inLanguage":"sv-SE","@id":"https:\/\/secure.gravatar.com\/avatar\/9b7fedf6d6087b008cb0fa4a3ad52949fe55c3fa26f869372d5f2b8b52151ab2?s=96&d=mm&r=g","url":"https:\/\/secure.gravatar.com\/avatar\/9b7fedf6d6087b008cb0fa4a3ad52949fe55c3fa26f869372d5f2b8b52151ab2?s=96&d=mm&r=g","contentUrl":"https:\/\/secure.gravatar.com\/avatar\/9b7fedf6d6087b008cb0fa4a3ad52949fe55c3fa26f869372d5f2b8b52151ab2?s=96&d=mm&r=g","caption":"Michelle Andersson"},"url":"https:\/\/www.sbhss.eu\/sv\/author\/michelle-anderssonsbhss-eu\/"}]}},"_links":{"self":[{"href":"https:\/\/www.sbhss.eu\/sv\/wp-json\/wp\/v2\/posts\/2841","targetHints":{"allow":["GET"]}}],"collection":[{"href":"https:\/\/www.sbhss.eu\/sv\/wp-json\/wp\/v2\/posts"}],"about":[{"href":"https:\/\/www.sbhss.eu\/sv\/wp-json\/wp\/v2\/types\/post"}],"author":[{"embeddable":true,"href":"https:\/\/www.sbhss.eu\/sv\/wp-json\/wp\/v2\/users\/9"}],"replies":[{"embeddable":true,"href":"https:\/\/www.sbhss.eu\/sv\/wp-json\/wp\/v2\/comments?post=2841"}],"version-history":[{"count":2,"href":"https:\/\/www.sbhss.eu\/sv\/wp-json\/wp\/v2\/posts\/2841\/revisions"}],"predecessor-version":[{"id":2844,"href":"https:\/\/www.sbhss.eu\/sv\/wp-json\/wp\/v2\/posts\/2841\/revisions\/2844"}],"wp:featuredmedia":[{"embeddable":true,"href":"https:\/\/www.sbhss.eu\/sv\/wp-json\/wp\/v2\/media\/2842"}],"wp:attachment":[{"href":"https:\/\/www.sbhss.eu\/sv\/wp-json\/wp\/v2\/media?parent=2841"}],"wp:term":[{"taxonomy":"category","embeddable":true,"href":"https:\/\/www.sbhss.eu\/sv\/wp-json\/wp\/v2\/categories?post=2841"},{"taxonomy":"post_tag","embeddable":true,"href":"https:\/\/www.sbhss.eu\/sv\/wp-json\/wp\/v2\/tags?post=2841"}],"curies":[{"name":"wp","href":"https:\/\/api.w.org\/{rel}","templated":true}]}}