{"id":3735,"date":"2022-12-15T13:42:18","date_gmt":"2022-12-15T13:42:18","guid":{"rendered":"https:\/\/www.sbhss.eu\/?p=3735"},"modified":"2022-12-15T14:01:14","modified_gmt":"2022-12-15T14:01:14","slug":"mobilisering-i-husam-nordsjoprogrammet-arrangerar-event","status":"publish","type":"post","link":"https:\/\/www.sbhss.eu\/sv\/mobilisering-i-husam-nordsjoprogrammet-arrangerar-event\/","title":{"rendered":"Get Ready-evenemang om Interreg Nordsj\u00f6programmet i tyska Husum"},"content":{"rendered":"<p>Den 8 februari n\u00e4sta \u00e5r arrangerar Nordsj\u00f6programmet ett mobiliseringsevent i Husum, Tyskland. Detta g\u00f6rs inf\u00f6r utlysningsomg\u00e5ng nr.3, som kommer vara \u00f6ppen <strong>6 mars \u2013 9 juni 2023<\/strong>. Evenemanget erbjuder kompetensh\u00f6jande sessioner som bland annat ber\u00f6r vad man b\u00f6r t\u00e4nka p\u00e5 n\u00e4r man skriver en ans\u00f6kan till Nordsj\u00f6programmet, hur man bygger partnerskap och information g\u00e4llande programregler.<\/p>\n<p>Framf\u00f6r allt \u00e4r detta ett bra tillf\u00e4lle f\u00f6r intressenter att tr\u00e4ffa varandra, knyta nya kontakter \u2013 kanske till er projektid\u00e9 och ert konsortium, eller f\u00f6r er att hitta i ett redan existerande partnerskap och projekt ni kan ansluta till.<\/p>\n<p><strong>L\u00e4s g\u00e4rna mer om evenemanget och anm\u00e4l er via <\/strong><a href=\"https:\/\/www.interregnorthsea.eu\/our-events\/get-ready\"><strong>denna l\u00e4nk! <\/strong><\/a><\/p>\n<p>F\u00f6r er som inte har m\u00f6jlighet att resa till Husum ser det just nu inte ut som att evenemanget kommer att webbs\u00e4ndas. D\u00e4remot finns tidigare webbinarier och generella tips tillg\u00e4ngliga p\u00e5 programmets <a href=\"https:\/\/www.youtube.com\/user\/NSRProgramme\/videos\">Youtube-kanal<\/a>, och mycket mer information p\u00e5 <a href=\"https:\/\/www.interregnorthsea.eu\/\">hemsidan.<\/a><\/p>\n<p>Finns n\u00e5gra \u00f6vriga fr\u00e5gor g\u00e5r de bra att st\u00e4lla dem till <a href=\"mailto:robin.stenstrom@vgregion.se\">Robin Stenstr\u00f6m<\/a>, som \u00e4r nationell kontaktpunkt f\u00f6r Sverige till Interreg Nordsj\u00f6programmet med <a href=\"mailto:martin.broberg@sbhss.eu\">Martin Broberg<\/a> p\u00e5 kopia.<\/p>\n","protected":false},"excerpt":{"rendered":"<p>Den 8 februari n\u00e4sta \u00e5r arrangerar Nordsj\u00f6programmet ett mobiliseringsevent i Husum, Tyskland. Detta g\u00f6rs inf\u00f6r utlysningsomg\u00e5ng nr.3, som kommer vara \u00f6ppen 6 mars \u2013 9 juni 2023. Evenemanget erbjuder kompetensh\u00f6jande sessioner som bland annat ber\u00f6r vad man b\u00f6r t\u00e4nka p\u00e5 n\u00e4r man skriver en ans\u00f6kan till Nordsj\u00f6programmet, hur man bygger partnerskap och information g\u00e4llande programregler. [&hellip;]<\/p>\n","protected":false},"author":11,"featured_media":3741,"comment_status":"open","ping_status":"open","sticky":false,"template":"","format":"standard","meta":{"_acf_changed":false,"footnotes":""},"categories":[3],"tags":[],"class_list":["post-3735","post","type-post","status-publish","format-standard","has-post-thumbnail","hentry","category-okategoriserad"],"acf":[],"yoast_head":"<!-- This site is optimized with the Yoast SEO plugin v27.5 - https:\/\/yoast.com\/product\/yoast-seo-wordpress\/ -->\n<title>Get Ready-evenemang om Interreg Nordsj\u00f6programmet i tyska Husum - SBHSS<\/title>\n<meta name=\"robots\" content=\"index, follow, max-snippet:-1, max-image-preview:large, max-video-preview:-1\" \/>\n<link rel=\"canonical\" href=\"https:\/\/www.sbhss.eu\/sv\/mobilisering-i-husam-nordsjoprogrammet-arrangerar-event\/\" \/>\n<meta property=\"og:locale\" content=\"sv_SE\" \/>\n<meta property=\"og:type\" content=\"article\" \/>\n<meta property=\"og:title\" content=\"Get Ready-evenemang om Interreg Nordsj\u00f6programmet i tyska Husum - SBHSS\" \/>\n<meta property=\"og:description\" content=\"Den 8 februari n\u00e4sta \u00e5r arrangerar Nordsj\u00f6programmet ett mobiliseringsevent i Husum, Tyskland. Detta g\u00f6rs inf\u00f6r utlysningsomg\u00e5ng nr.3, som kommer vara \u00f6ppen 6 mars \u2013 9 juni 2023. Evenemanget erbjuder kompetensh\u00f6jande sessioner som bland annat ber\u00f6r vad man b\u00f6r t\u00e4nka p\u00e5 n\u00e4r man skriver en ans\u00f6kan till Nordsj\u00f6programmet, hur man bygger partnerskap och information g\u00e4llande programregler. [&hellip;]\" \/>\n<meta property=\"og:url\" content=\"https:\/\/www.sbhss.eu\/sv\/mobilisering-i-husam-nordsjoprogrammet-arrangerar-event\/\" \/>\n<meta property=\"og:site_name\" content=\"SBHSS\" \/>\n<meta property=\"article:published_time\" content=\"2022-12-15T13:42:18+00:00\" \/>\n<meta property=\"article:modified_time\" content=\"2022-12-15T14:01:14+00:00\" \/>\n<meta property=\"og:image\" content=\"https:\/\/www.sbhss.eu\/wp-content\/uploads\/2022\/12\/allemagne-sylt.jpg\" \/>\n\t<meta property=\"og:image:width\" content=\"749\" \/>\n\t<meta property=\"og:image:height\" content=\"500\" \/>\n\t<meta property=\"og:image:type\" content=\"image\/jpeg\" \/>\n<meta name=\"author\" content=\"Hanna Bergman\" \/>\n<meta name=\"twitter:card\" content=\"summary_large_image\" \/>\n<meta name=\"twitter:label1\" content=\"Skriven av\" \/>\n\t<meta name=\"twitter:data1\" content=\"Hanna Bergman\" \/>\n\t<meta name=\"twitter:label2\" content=\"Ber\u00e4knad l\u00e4stid\" \/>\n\t<meta name=\"twitter:data2\" content=\"1 minut\" \/>\n<script type=\"application\/ld+json\" class=\"yoast-schema-graph\">{\"@context\":\"https:\\\/\\\/schema.org\",\"@graph\":[{\"@type\":\"Article\",\"@id\":\"https:\\\/\\\/www.sbhss.eu\\\/sv\\\/mobilisering-i-husam-nordsjoprogrammet-arrangerar-event\\\/#article\",\"isPartOf\":{\"@id\":\"https:\\\/\\\/www.sbhss.eu\\\/sv\\\/mobilisering-i-husam-nordsjoprogrammet-arrangerar-event\\\/\"},\"author\":{\"name\":\"Hanna Bergman\",\"@id\":\"https:\\\/\\\/www.sbhss.eu\\\/#\\\/schema\\\/person\\\/221dff1ce4ad04433b5fec99a510f69e\"},\"headline\":\"Get Ready-evenemang om Interreg Nordsj\u00f6programmet i tyska Husum\",\"datePublished\":\"2022-12-15T13:42:18+00:00\",\"dateModified\":\"2022-12-15T14:01:14+00:00\",\"mainEntityOfPage\":{\"@id\":\"https:\\\/\\\/www.sbhss.eu\\\/sv\\\/mobilisering-i-husam-nordsjoprogrammet-arrangerar-event\\\/\"},\"wordCount\":208,\"commentCount\":0,\"image\":{\"@id\":\"https:\\\/\\\/www.sbhss.eu\\\/sv\\\/mobilisering-i-husam-nordsjoprogrammet-arrangerar-event\\\/#primaryimage\"},\"thumbnailUrl\":\"https:\\\/\\\/www.sbhss.eu\\\/wp-content\\\/uploads\\\/2022\\\/12\\\/allemagne-sylt.jpg\",\"articleSection\":[\"Okategoriserad\"],\"inLanguage\":\"sv-SE\"},{\"@type\":\"WebPage\",\"@id\":\"https:\\\/\\\/www.sbhss.eu\\\/sv\\\/mobilisering-i-husam-nordsjoprogrammet-arrangerar-event\\\/\",\"url\":\"https:\\\/\\\/www.sbhss.eu\\\/sv\\\/mobilisering-i-husam-nordsjoprogrammet-arrangerar-event\\\/\",\"name\":\"Get Ready-evenemang om Interreg Nordsj\u00f6programmet i tyska Husum - SBHSS\",\"isPartOf\":{\"@id\":\"https:\\\/\\\/www.sbhss.eu\\\/#website\"},\"primaryImageOfPage\":{\"@id\":\"https:\\\/\\\/www.sbhss.eu\\\/sv\\\/mobilisering-i-husam-nordsjoprogrammet-arrangerar-event\\\/#primaryimage\"},\"image\":{\"@id\":\"https:\\\/\\\/www.sbhss.eu\\\/sv\\\/mobilisering-i-husam-nordsjoprogrammet-arrangerar-event\\\/#primaryimage\"},\"thumbnailUrl\":\"https:\\\/\\\/www.sbhss.eu\\\/wp-content\\\/uploads\\\/2022\\\/12\\\/allemagne-sylt.jpg\",\"datePublished\":\"2022-12-15T13:42:18+00:00\",\"dateModified\":\"2022-12-15T14:01:14+00:00\",\"author\":{\"@id\":\"https:\\\/\\\/www.sbhss.eu\\\/#\\\/schema\\\/person\\\/221dff1ce4ad04433b5fec99a510f69e\"},\"breadcrumb\":{\"@id\":\"https:\\\/\\\/www.sbhss.eu\\\/sv\\\/mobilisering-i-husam-nordsjoprogrammet-arrangerar-event\\\/#breadcrumb\"},\"inLanguage\":\"sv-SE\",\"potentialAction\":[{\"@type\":\"ReadAction\",\"target\":[\"https:\\\/\\\/www.sbhss.eu\\\/sv\\\/mobilisering-i-husam-nordsjoprogrammet-arrangerar-event\\\/\"]}]},{\"@type\":\"ImageObject\",\"inLanguage\":\"sv-SE\",\"@id\":\"https:\\\/\\\/www.sbhss.eu\\\/sv\\\/mobilisering-i-husam-nordsjoprogrammet-arrangerar-event\\\/#primaryimage\",\"url\":\"https:\\\/\\\/www.sbhss.eu\\\/wp-content\\\/uploads\\\/2022\\\/12\\\/allemagne-sylt.jpg\",\"contentUrl\":\"https:\\\/\\\/www.sbhss.eu\\\/wp-content\\\/uploads\\\/2022\\\/12\\\/allemagne-sylt.jpg\",\"width\":749,\"height\":500},{\"@type\":\"BreadcrumbList\",\"@id\":\"https:\\\/\\\/www.sbhss.eu\\\/sv\\\/mobilisering-i-husam-nordsjoprogrammet-arrangerar-event\\\/#breadcrumb\",\"itemListElement\":[{\"@type\":\"ListItem\",\"position\":1,\"name\":\"Hem\",\"item\":\"https:\\\/\\\/www.sbhss.eu\\\/sv\\\/\"},{\"@type\":\"ListItem\",\"position\":2,\"name\":\"Get Ready-evenemang om Interreg Nordsj\u00f6programmet i tyska Husum\"}]},{\"@type\":\"WebSite\",\"@id\":\"https:\\\/\\\/www.sbhss.eu\\\/#website\",\"url\":\"https:\\\/\\\/www.sbhss.eu\\\/\",\"name\":\"SBHSS\",\"description\":\"\",\"potentialAction\":[{\"@type\":\"SearchAction\",\"target\":{\"@type\":\"EntryPoint\",\"urlTemplate\":\"https:\\\/\\\/www.sbhss.eu\\\/?s={search_term_string}\"},\"query-input\":{\"@type\":\"PropertyValueSpecification\",\"valueRequired\":true,\"valueName\":\"search_term_string\"}}],\"inLanguage\":\"sv-SE\"},{\"@type\":\"Person\",\"@id\":\"https:\\\/\\\/www.sbhss.eu\\\/#\\\/schema\\\/person\\\/221dff1ce4ad04433b5fec99a510f69e\",\"name\":\"Hanna Bergman\",\"image\":{\"@type\":\"ImageObject\",\"inLanguage\":\"sv-SE\",\"@id\":\"https:\\\/\\\/secure.gravatar.com\\\/avatar\\\/01cf7a0c9413ba4f2440d8cfa7719620eab2c04ae6066d955d38506bc1c07ddc?s=96&d=mm&r=g\",\"url\":\"https:\\\/\\\/secure.gravatar.com\\\/avatar\\\/01cf7a0c9413ba4f2440d8cfa7719620eab2c04ae6066d955d38506bc1c07ddc?s=96&d=mm&r=g\",\"contentUrl\":\"https:\\\/\\\/secure.gravatar.com\\\/avatar\\\/01cf7a0c9413ba4f2440d8cfa7719620eab2c04ae6066d955d38506bc1c07ddc?s=96&d=mm&r=g\",\"caption\":\"Hanna Bergman\"},\"url\":\"https:\\\/\\\/www.sbhss.eu\\\/sv\\\/author\\\/hanna-bergman\\\/\"}]}<\/script>\n<!-- \/ Yoast SEO plugin. -->","yoast_head_json":{"title":"Get Ready-evenemang om Interreg Nordsj\u00f6programmet i tyska Husum - SBHSS","robots":{"index":"index","follow":"follow","max-snippet":"max-snippet:-1","max-image-preview":"max-image-preview:large","max-video-preview":"max-video-preview:-1"},"canonical":"https:\/\/www.sbhss.eu\/sv\/mobilisering-i-husam-nordsjoprogrammet-arrangerar-event\/","og_locale":"sv_SE","og_type":"article","og_title":"Get Ready-evenemang om Interreg Nordsj\u00f6programmet i tyska Husum - SBHSS","og_description":"Den 8 februari n\u00e4sta \u00e5r arrangerar Nordsj\u00f6programmet ett mobiliseringsevent i Husum, Tyskland. Detta g\u00f6rs inf\u00f6r utlysningsomg\u00e5ng nr.3, som kommer vara \u00f6ppen 6 mars \u2013 9 juni 2023. Evenemanget erbjuder kompetensh\u00f6jande sessioner som bland annat ber\u00f6r vad man b\u00f6r t\u00e4nka p\u00e5 n\u00e4r man skriver en ans\u00f6kan till Nordsj\u00f6programmet, hur man bygger partnerskap och information g\u00e4llande programregler. [&hellip;]","og_url":"https:\/\/www.sbhss.eu\/sv\/mobilisering-i-husam-nordsjoprogrammet-arrangerar-event\/","og_site_name":"SBHSS","article_published_time":"2022-12-15T13:42:18+00:00","article_modified_time":"2022-12-15T14:01:14+00:00","og_image":[{"width":749,"height":500,"url":"https:\/\/www.sbhss.eu\/wp-content\/uploads\/2022\/12\/allemagne-sylt.jpg","type":"image\/jpeg"}],"author":"Hanna Bergman","twitter_card":"summary_large_image","twitter_misc":{"Skriven av":"Hanna Bergman","Ber\u00e4knad l\u00e4stid":"1 minut"},"schema":{"@context":"https:\/\/schema.org","@graph":[{"@type":"Article","@id":"https:\/\/www.sbhss.eu\/sv\/mobilisering-i-husam-nordsjoprogrammet-arrangerar-event\/#article","isPartOf":{"@id":"https:\/\/www.sbhss.eu\/sv\/mobilisering-i-husam-nordsjoprogrammet-arrangerar-event\/"},"author":{"name":"Hanna Bergman","@id":"https:\/\/www.sbhss.eu\/#\/schema\/person\/221dff1ce4ad04433b5fec99a510f69e"},"headline":"Get Ready-evenemang om Interreg Nordsj\u00f6programmet i tyska Husum","datePublished":"2022-12-15T13:42:18+00:00","dateModified":"2022-12-15T14:01:14+00:00","mainEntityOfPage":{"@id":"https:\/\/www.sbhss.eu\/sv\/mobilisering-i-husam-nordsjoprogrammet-arrangerar-event\/"},"wordCount":208,"commentCount":0,"image":{"@id":"https:\/\/www.sbhss.eu\/sv\/mobilisering-i-husam-nordsjoprogrammet-arrangerar-event\/#primaryimage"},"thumbnailUrl":"https:\/\/www.sbhss.eu\/wp-content\/uploads\/2022\/12\/allemagne-sylt.jpg","articleSection":["Okategoriserad"],"inLanguage":"sv-SE"},{"@type":"WebPage","@id":"https:\/\/www.sbhss.eu\/sv\/mobilisering-i-husam-nordsjoprogrammet-arrangerar-event\/","url":"https:\/\/www.sbhss.eu\/sv\/mobilisering-i-husam-nordsjoprogrammet-arrangerar-event\/","name":"Get Ready-evenemang om Interreg Nordsj\u00f6programmet i tyska Husum - SBHSS","isPartOf":{"@id":"https:\/\/www.sbhss.eu\/#website"},"primaryImageOfPage":{"@id":"https:\/\/www.sbhss.eu\/sv\/mobilisering-i-husam-nordsjoprogrammet-arrangerar-event\/#primaryimage"},"image":{"@id":"https:\/\/www.sbhss.eu\/sv\/mobilisering-i-husam-nordsjoprogrammet-arrangerar-event\/#primaryimage"},"thumbnailUrl":"https:\/\/www.sbhss.eu\/wp-content\/uploads\/2022\/12\/allemagne-sylt.jpg","datePublished":"2022-12-15T13:42:18+00:00","dateModified":"2022-12-15T14:01:14+00:00","author":{"@id":"https:\/\/www.sbhss.eu\/#\/schema\/person\/221dff1ce4ad04433b5fec99a510f69e"},"breadcrumb":{"@id":"https:\/\/www.sbhss.eu\/sv\/mobilisering-i-husam-nordsjoprogrammet-arrangerar-event\/#breadcrumb"},"inLanguage":"sv-SE","potentialAction":[{"@type":"ReadAction","target":["https:\/\/www.sbhss.eu\/sv\/mobilisering-i-husam-nordsjoprogrammet-arrangerar-event\/"]}]},{"@type":"ImageObject","inLanguage":"sv-SE","@id":"https:\/\/www.sbhss.eu\/sv\/mobilisering-i-husam-nordsjoprogrammet-arrangerar-event\/#primaryimage","url":"https:\/\/www.sbhss.eu\/wp-content\/uploads\/2022\/12\/allemagne-sylt.jpg","contentUrl":"https:\/\/www.sbhss.eu\/wp-content\/uploads\/2022\/12\/allemagne-sylt.jpg","width":749,"height":500},{"@type":"BreadcrumbList","@id":"https:\/\/www.sbhss.eu\/sv\/mobilisering-i-husam-nordsjoprogrammet-arrangerar-event\/#breadcrumb","itemListElement":[{"@type":"ListItem","position":1,"name":"Hem","item":"https:\/\/www.sbhss.eu\/sv\/"},{"@type":"ListItem","position":2,"name":"Get Ready-evenemang om Interreg Nordsj\u00f6programmet i tyska Husum"}]},{"@type":"WebSite","@id":"https:\/\/www.sbhss.eu\/#website","url":"https:\/\/www.sbhss.eu\/","name":"SBHSS","description":"","potentialAction":[{"@type":"SearchAction","target":{"@type":"EntryPoint","urlTemplate":"https:\/\/www.sbhss.eu\/?s={search_term_string}"},"query-input":{"@type":"PropertyValueSpecification","valueRequired":true,"valueName":"search_term_string"}}],"inLanguage":"sv-SE"},{"@type":"Person","@id":"https:\/\/www.sbhss.eu\/#\/schema\/person\/221dff1ce4ad04433b5fec99a510f69e","name":"Hanna Bergman","image":{"@type":"ImageObject","inLanguage":"sv-SE","@id":"https:\/\/secure.gravatar.com\/avatar\/01cf7a0c9413ba4f2440d8cfa7719620eab2c04ae6066d955d38506bc1c07ddc?s=96&d=mm&r=g","url":"https:\/\/secure.gravatar.com\/avatar\/01cf7a0c9413ba4f2440d8cfa7719620eab2c04ae6066d955d38506bc1c07ddc?s=96&d=mm&r=g","contentUrl":"https:\/\/secure.gravatar.com\/avatar\/01cf7a0c9413ba4f2440d8cfa7719620eab2c04ae6066d955d38506bc1c07ddc?s=96&d=mm&r=g","caption":"Hanna Bergman"},"url":"https:\/\/www.sbhss.eu\/sv\/author\/hanna-bergman\/"}]}},"_links":{"self":[{"href":"https:\/\/www.sbhss.eu\/sv\/wp-json\/wp\/v2\/posts\/3735","targetHints":{"allow":["GET"]}}],"collection":[{"href":"https:\/\/www.sbhss.eu\/sv\/wp-json\/wp\/v2\/posts"}],"about":[{"href":"https:\/\/www.sbhss.eu\/sv\/wp-json\/wp\/v2\/types\/post"}],"author":[{"embeddable":true,"href":"https:\/\/www.sbhss.eu\/sv\/wp-json\/wp\/v2\/users\/11"}],"replies":[{"embeddable":true,"href":"https:\/\/www.sbhss.eu\/sv\/wp-json\/wp\/v2\/comments?post=3735"}],"version-history":[{"count":6,"href":"https:\/\/www.sbhss.eu\/sv\/wp-json\/wp\/v2\/posts\/3735\/revisions"}],"predecessor-version":[{"id":3744,"href":"https:\/\/www.sbhss.eu\/sv\/wp-json\/wp\/v2\/posts\/3735\/revisions\/3744"}],"wp:featuredmedia":[{"embeddable":true,"href":"https:\/\/www.sbhss.eu\/sv\/wp-json\/wp\/v2\/media\/3741"}],"wp:attachment":[{"href":"https:\/\/www.sbhss.eu\/sv\/wp-json\/wp\/v2\/media?parent=3735"}],"wp:term":[{"taxonomy":"category","embeddable":true,"href":"https:\/\/www.sbhss.eu\/sv\/wp-json\/wp\/v2\/categories?post=3735"},{"taxonomy":"post_tag","embeddable":true,"href":"https:\/\/www.sbhss.eu\/sv\/wp-json\/wp\/v2\/tags?post=3735"}],"curies":[{"name":"wp","href":"https:\/\/api.w.org\/{rel}","templated":true}]}}