{"id":3786,"date":"2023-02-03T13:13:10","date_gmt":"2023-02-03T13:13:10","guid":{"rendered":"https:\/\/www.sbhss.eu\/?p=3786"},"modified":"2023-02-03T13:13:10","modified_gmt":"2023-02-03T13:13:10","slug":"vad-har-eus-sammanhallningspolitik-nagonsin-gjort-for-oss","status":"publish","type":"post","link":"https:\/\/www.sbhss.eu\/sv\/vad-har-eus-sammanhallningspolitik-nagonsin-gjort-for-oss\/","title":{"rendered":"Vad har EU:s sammanh\u00e5llningspolitik n\u00e5gonsin gjort f\u00f6r oss?"},"content":{"rendered":"<p><em>EU:s sammanh\u00e5llningspolitik med sina strukturfonder \u00e4r en av EU:s grundstenar och ett viktigt instrument f\u00f6r att skapa f\u00f6ruts\u00e4ttningar f\u00f6r ett sammanh\u00e5llet, h\u00e5llbart och v\u00e4xande Europa. Sammanh\u00e5llningspolitiken som utg\u00f6r cirka en tredjedel av EU:s budget syftar till att minska skillnader mellan regioner, stimulera tillv\u00e4xt och att minska de sociala gapen inom v\u00e5r union. Nyligen sl\u00e4pptes en rapport som belyser hur pengar inom EU:s struktur- och investeringsfonder har anv\u00e4nts under \u00e5ren 2014\u20132020 och vilken skillnad de gjort. <\/em><\/p>\n<p>Under perioden har EU bidragit med betydande belopp. Enligt EU-kommissionen har insatserna bidragit till att fler \u00e4n 4 miljoner sm\u00e5 och medelstora f\u00f6retag f\u00e5tt st\u00f6d, att omkring 55.2 miljoner m\u00e4nniskor har f\u00e5tt m\u00f6jligheten att utvecklas genom f\u00f6rb\u00e4ttrade arbetsm\u00f6jligheter, social inkludering och insatser inom utbildning och slutligen har 2.3 miljoner projekt f\u00e5tt st\u00f6d i att utveckla f\u00f6retag inom jordbruk och p\u00e5 landsbygden. Dessa \u00e4r n\u00e5gra av de framg\u00e5ngar som <a href=\"https:\/\/ec.europa.eu\/commission\/presscorner\/detail\/en\/IP_23_389\">framg\u00e5r i rapporten.<\/a><\/p>\n<p><strong>Vilken erfarenhet av strukturfonderna har du?<\/strong><\/p>\n<p>Just nu ligger ett samr\u00e5d om sammanh\u00e5llningspolitiken f\u00f6r 2014\u20132020 ute p\u00e5 EU-kommissionens hemsida. F\u00f6r att svara f\u00e5r man genomf\u00f6ra en enkel registrering. D\u00e4refter g\u00e5r det ganska snabbt genom att besvara flervalsfr\u00e5gor och utveckla till det man vill f\u00f6rklara. Samr\u00e5det kan besvaras fram till 12 april. <a href=\"https:\/\/ec.europa.eu\/info\/law\/better-regulation\/have-your-say\/initiatives\/13301-European-Regional-Development-Fund-Cohesion-Fund-2014-2020-ex-post-evaluation_en\">H\u00e4r hittar du samr\u00e5det<\/a>.<\/p>\n<p><strong>Nu b\u00f6rjar diskussionen om framtidens sammanh\u00e5llningspolitik<\/strong><\/p>\n<p>I en tid n\u00e4r Europa upplever hot i form av krig och en rad andra utmaningar, har debatten om hur EU:s gemensamma medel b\u00e4st anv\u00e4nds fram\u00f6ver. Nya behov och nya finansieringss\u00e4tt har lett till att inte minst sammanh\u00e5llningspolitiken med sina strukturfonder ifr\u00e5gas\u00e4tts. I sammanhanget b\u00f6r vi beakta att strukturfonderna idag utg\u00f6r cirka 50% av svenska regioners utvecklingskapital. I den debatt som nu f\u00f6ljer \u00e4r det med andra ord viktigt att vi deltar och pekar p\u00e5 vad v\u00e5ra regioner beh\u00f6ver f\u00f6r att forts\u00e4tta utvecklas, f\u00f6r att kunna samordna innovation och bedriva internationellt samarbete. SBHSS styrgrupp har gett Brysselkontoret i uppdrag att skyndsamt initiera en svensk dialog med m\u00e5let att kunna ta fram en gemensam svensk st\u00e5ndpunkt till de remisser som f\u00f6rv\u00e4ntas 2024.<\/p>\n<p><em><img loading=\"lazy\" decoding=\"async\" class=\" wp-image-3788 aligncenter\" src=\"https:\/\/www.sbhss.eu\/wp-content\/uploads\/2023\/02\/markus-spiske-wiuxlhndclw-unsplash-300x177.jpg\" alt=\"\" width=\"634\" height=\"374\" \/><\/em><\/p>\n","protected":false},"excerpt":{"rendered":"<p>EU:s sammanh\u00e5llningspolitik med sina strukturfonder \u00e4r en av EU:s grundstenar och ett viktigt instrument f\u00f6r att skapa f\u00f6ruts\u00e4ttningar f\u00f6r ett sammanh\u00e5llet, h\u00e5llbart och v\u00e4xande Europa. Sammanh\u00e5llningspolitiken som utg\u00f6r cirka en tredjedel av EU:s budget syftar till att minska skillnader mellan regioner, stimulera tillv\u00e4xt och att minska de sociala gapen inom v\u00e5r union. Nyligen sl\u00e4pptes en [&hellip;]<\/p>\n","protected":false},"author":13,"featured_media":3789,"comment_status":"open","ping_status":"open","sticky":false,"template":"","format":"standard","meta":{"_acf_changed":false,"footnotes":""},"categories":[3],"tags":[],"class_list":["post-3786","post","type-post","status-publish","format-standard","has-post-thumbnail","hentry","category-okategoriserad"],"acf":[],"yoast_head":"<!-- This site is optimized with the Yoast SEO plugin v27.5 - https:\/\/yoast.com\/product\/yoast-seo-wordpress\/ -->\n<title>Vad har EU:s sammanh\u00e5llningspolitik n\u00e5gonsin gjort f\u00f6r oss? - SBHSS<\/title>\n<meta name=\"robots\" content=\"index, follow, max-snippet:-1, max-image-preview:large, max-video-preview:-1\" \/>\n<link rel=\"canonical\" href=\"https:\/\/www.sbhss.eu\/sv\/vad-har-eus-sammanhallningspolitik-nagonsin-gjort-for-oss\/\" \/>\n<meta property=\"og:locale\" content=\"sv_SE\" \/>\n<meta property=\"og:type\" content=\"article\" \/>\n<meta property=\"og:title\" content=\"Vad har EU:s sammanh\u00e5llningspolitik n\u00e5gonsin gjort f\u00f6r oss? - SBHSS\" \/>\n<meta property=\"og:description\" content=\"EU:s sammanh\u00e5llningspolitik med sina strukturfonder \u00e4r en av EU:s grundstenar och ett viktigt instrument f\u00f6r att skapa f\u00f6ruts\u00e4ttningar f\u00f6r ett sammanh\u00e5llet, h\u00e5llbart och v\u00e4xande Europa. Sammanh\u00e5llningspolitiken som utg\u00f6r cirka en tredjedel av EU:s budget syftar till att minska skillnader mellan regioner, stimulera tillv\u00e4xt och att minska de sociala gapen inom v\u00e5r union. Nyligen sl\u00e4pptes en [&hellip;]\" \/>\n<meta property=\"og:url\" content=\"https:\/\/www.sbhss.eu\/sv\/vad-har-eus-sammanhallningspolitik-nagonsin-gjort-for-oss\/\" \/>\n<meta property=\"og:site_name\" content=\"SBHSS\" \/>\n<meta property=\"article:published_time\" content=\"2023-02-03T13:13:10+00:00\" \/>\n<meta property=\"og:image\" content=\"https:\/\/www.sbhss.eu\/wp-content\/uploads\/2023\/02\/christian-lue-7deytj7-8os-unsplash-scaled.jpg\" \/>\n\t<meta property=\"og:image:width\" content=\"2560\" \/>\n\t<meta property=\"og:image:height\" content=\"1707\" \/>\n\t<meta property=\"og:image:type\" content=\"image\/jpeg\" \/>\n<meta name=\"author\" content=\"Mahir Tatarevic\" \/>\n<meta name=\"twitter:card\" content=\"summary_large_image\" \/>\n<meta name=\"twitter:label1\" content=\"Skriven av\" \/>\n\t<meta name=\"twitter:data1\" content=\"Mahir Tatarevic\" \/>\n\t<meta name=\"twitter:label2\" content=\"Ber\u00e4knad l\u00e4stid\" \/>\n\t<meta name=\"twitter:data2\" content=\"2 minuter\" \/>\n<script type=\"application\/ld+json\" class=\"yoast-schema-graph\">{\"@context\":\"https:\\\/\\\/schema.org\",\"@graph\":[{\"@type\":\"Article\",\"@id\":\"https:\\\/\\\/www.sbhss.eu\\\/sv\\\/vad-har-eus-sammanhallningspolitik-nagonsin-gjort-for-oss\\\/#article\",\"isPartOf\":{\"@id\":\"https:\\\/\\\/www.sbhss.eu\\\/sv\\\/vad-har-eus-sammanhallningspolitik-nagonsin-gjort-for-oss\\\/\"},\"author\":{\"name\":\"Mahir Tatarevic\",\"@id\":\"https:\\\/\\\/www.sbhss.eu\\\/#\\\/schema\\\/person\\\/70b24d9b52a0e379b6bf9ab6bc744008\"},\"headline\":\"Vad har EU:s sammanh\u00e5llningspolitik n\u00e5gonsin gjort f\u00f6r oss?\",\"datePublished\":\"2023-02-03T13:13:10+00:00\",\"mainEntityOfPage\":{\"@id\":\"https:\\\/\\\/www.sbhss.eu\\\/sv\\\/vad-har-eus-sammanhallningspolitik-nagonsin-gjort-for-oss\\\/\"},\"wordCount\":401,\"commentCount\":0,\"image\":{\"@id\":\"https:\\\/\\\/www.sbhss.eu\\\/sv\\\/vad-har-eus-sammanhallningspolitik-nagonsin-gjort-for-oss\\\/#primaryimage\"},\"thumbnailUrl\":\"https:\\\/\\\/www.sbhss.eu\\\/wp-content\\\/uploads\\\/2023\\\/02\\\/christian-lue-7deytj7-8os-unsplash-scaled.jpg\",\"articleSection\":[\"Okategoriserad\"],\"inLanguage\":\"sv-SE\"},{\"@type\":\"WebPage\",\"@id\":\"https:\\\/\\\/www.sbhss.eu\\\/sv\\\/vad-har-eus-sammanhallningspolitik-nagonsin-gjort-for-oss\\\/\",\"url\":\"https:\\\/\\\/www.sbhss.eu\\\/sv\\\/vad-har-eus-sammanhallningspolitik-nagonsin-gjort-for-oss\\\/\",\"name\":\"Vad har EU:s sammanh\u00e5llningspolitik n\u00e5gonsin gjort f\u00f6r oss? - SBHSS\",\"isPartOf\":{\"@id\":\"https:\\\/\\\/www.sbhss.eu\\\/#website\"},\"primaryImageOfPage\":{\"@id\":\"https:\\\/\\\/www.sbhss.eu\\\/sv\\\/vad-har-eus-sammanhallningspolitik-nagonsin-gjort-for-oss\\\/#primaryimage\"},\"image\":{\"@id\":\"https:\\\/\\\/www.sbhss.eu\\\/sv\\\/vad-har-eus-sammanhallningspolitik-nagonsin-gjort-for-oss\\\/#primaryimage\"},\"thumbnailUrl\":\"https:\\\/\\\/www.sbhss.eu\\\/wp-content\\\/uploads\\\/2023\\\/02\\\/christian-lue-7deytj7-8os-unsplash-scaled.jpg\",\"datePublished\":\"2023-02-03T13:13:10+00:00\",\"author\":{\"@id\":\"https:\\\/\\\/www.sbhss.eu\\\/#\\\/schema\\\/person\\\/70b24d9b52a0e379b6bf9ab6bc744008\"},\"breadcrumb\":{\"@id\":\"https:\\\/\\\/www.sbhss.eu\\\/sv\\\/vad-har-eus-sammanhallningspolitik-nagonsin-gjort-for-oss\\\/#breadcrumb\"},\"inLanguage\":\"sv-SE\",\"potentialAction\":[{\"@type\":\"ReadAction\",\"target\":[\"https:\\\/\\\/www.sbhss.eu\\\/sv\\\/vad-har-eus-sammanhallningspolitik-nagonsin-gjort-for-oss\\\/\"]}]},{\"@type\":\"ImageObject\",\"inLanguage\":\"sv-SE\",\"@id\":\"https:\\\/\\\/www.sbhss.eu\\\/sv\\\/vad-har-eus-sammanhallningspolitik-nagonsin-gjort-for-oss\\\/#primaryimage\",\"url\":\"https:\\\/\\\/www.sbhss.eu\\\/wp-content\\\/uploads\\\/2023\\\/02\\\/christian-lue-7deytj7-8os-unsplash-scaled.jpg\",\"contentUrl\":\"https:\\\/\\\/www.sbhss.eu\\\/wp-content\\\/uploads\\\/2023\\\/02\\\/christian-lue-7deytj7-8os-unsplash-scaled.jpg\",\"width\":2560,\"height\":1707},{\"@type\":\"BreadcrumbList\",\"@id\":\"https:\\\/\\\/www.sbhss.eu\\\/sv\\\/vad-har-eus-sammanhallningspolitik-nagonsin-gjort-for-oss\\\/#breadcrumb\",\"itemListElement\":[{\"@type\":\"ListItem\",\"position\":1,\"name\":\"Hem\",\"item\":\"https:\\\/\\\/www.sbhss.eu\\\/sv\\\/\"},{\"@type\":\"ListItem\",\"position\":2,\"name\":\"Vad har EU:s sammanh\u00e5llningspolitik n\u00e5gonsin gjort f\u00f6r oss?\"}]},{\"@type\":\"WebSite\",\"@id\":\"https:\\\/\\\/www.sbhss.eu\\\/#website\",\"url\":\"https:\\\/\\\/www.sbhss.eu\\\/\",\"name\":\"SBHSS\",\"description\":\"\",\"potentialAction\":[{\"@type\":\"SearchAction\",\"target\":{\"@type\":\"EntryPoint\",\"urlTemplate\":\"https:\\\/\\\/www.sbhss.eu\\\/?s={search_term_string}\"},\"query-input\":{\"@type\":\"PropertyValueSpecification\",\"valueRequired\":true,\"valueName\":\"search_term_string\"}}],\"inLanguage\":\"sv-SE\"},{\"@type\":\"Person\",\"@id\":\"https:\\\/\\\/www.sbhss.eu\\\/#\\\/schema\\\/person\\\/70b24d9b52a0e379b6bf9ab6bc744008\",\"name\":\"Mahir Tatarevic\",\"image\":{\"@type\":\"ImageObject\",\"inLanguage\":\"sv-SE\",\"@id\":\"https:\\\/\\\/secure.gravatar.com\\\/avatar\\\/9bbd1173eca456cb04516acf78dc249d1ad8caa9eecc27cb671c205a81b549fb?s=96&d=mm&r=g\",\"url\":\"https:\\\/\\\/secure.gravatar.com\\\/avatar\\\/9bbd1173eca456cb04516acf78dc249d1ad8caa9eecc27cb671c205a81b549fb?s=96&d=mm&r=g\",\"contentUrl\":\"https:\\\/\\\/secure.gravatar.com\\\/avatar\\\/9bbd1173eca456cb04516acf78dc249d1ad8caa9eecc27cb671c205a81b549fb?s=96&d=mm&r=g\",\"caption\":\"Mahir Tatarevic\"},\"url\":\"https:\\\/\\\/www.sbhss.eu\\\/sv\\\/author\\\/mahir-tatarevic\\\/\"}]}<\/script>\n<!-- \/ Yoast SEO plugin. -->","yoast_head_json":{"title":"Vad har EU:s sammanh\u00e5llningspolitik n\u00e5gonsin gjort f\u00f6r oss? - SBHSS","robots":{"index":"index","follow":"follow","max-snippet":"max-snippet:-1","max-image-preview":"max-image-preview:large","max-video-preview":"max-video-preview:-1"},"canonical":"https:\/\/www.sbhss.eu\/sv\/vad-har-eus-sammanhallningspolitik-nagonsin-gjort-for-oss\/","og_locale":"sv_SE","og_type":"article","og_title":"Vad har EU:s sammanh\u00e5llningspolitik n\u00e5gonsin gjort f\u00f6r oss? - SBHSS","og_description":"EU:s sammanh\u00e5llningspolitik med sina strukturfonder \u00e4r en av EU:s grundstenar och ett viktigt instrument f\u00f6r att skapa f\u00f6ruts\u00e4ttningar f\u00f6r ett sammanh\u00e5llet, h\u00e5llbart och v\u00e4xande Europa. Sammanh\u00e5llningspolitiken som utg\u00f6r cirka en tredjedel av EU:s budget syftar till att minska skillnader mellan regioner, stimulera tillv\u00e4xt och att minska de sociala gapen inom v\u00e5r union. Nyligen sl\u00e4pptes en [&hellip;]","og_url":"https:\/\/www.sbhss.eu\/sv\/vad-har-eus-sammanhallningspolitik-nagonsin-gjort-for-oss\/","og_site_name":"SBHSS","article_published_time":"2023-02-03T13:13:10+00:00","og_image":[{"width":2560,"height":1707,"url":"https:\/\/www.sbhss.eu\/wp-content\/uploads\/2023\/02\/christian-lue-7deytj7-8os-unsplash-scaled.jpg","type":"image\/jpeg"}],"author":"Mahir Tatarevic","twitter_card":"summary_large_image","twitter_misc":{"Skriven av":"Mahir Tatarevic","Ber\u00e4knad l\u00e4stid":"2 minuter"},"schema":{"@context":"https:\/\/schema.org","@graph":[{"@type":"Article","@id":"https:\/\/www.sbhss.eu\/sv\/vad-har-eus-sammanhallningspolitik-nagonsin-gjort-for-oss\/#article","isPartOf":{"@id":"https:\/\/www.sbhss.eu\/sv\/vad-har-eus-sammanhallningspolitik-nagonsin-gjort-for-oss\/"},"author":{"name":"Mahir Tatarevic","@id":"https:\/\/www.sbhss.eu\/#\/schema\/person\/70b24d9b52a0e379b6bf9ab6bc744008"},"headline":"Vad har EU:s sammanh\u00e5llningspolitik n\u00e5gonsin gjort f\u00f6r oss?","datePublished":"2023-02-03T13:13:10+00:00","mainEntityOfPage":{"@id":"https:\/\/www.sbhss.eu\/sv\/vad-har-eus-sammanhallningspolitik-nagonsin-gjort-for-oss\/"},"wordCount":401,"commentCount":0,"image":{"@id":"https:\/\/www.sbhss.eu\/sv\/vad-har-eus-sammanhallningspolitik-nagonsin-gjort-for-oss\/#primaryimage"},"thumbnailUrl":"https:\/\/www.sbhss.eu\/wp-content\/uploads\/2023\/02\/christian-lue-7deytj7-8os-unsplash-scaled.jpg","articleSection":["Okategoriserad"],"inLanguage":"sv-SE"},{"@type":"WebPage","@id":"https:\/\/www.sbhss.eu\/sv\/vad-har-eus-sammanhallningspolitik-nagonsin-gjort-for-oss\/","url":"https:\/\/www.sbhss.eu\/sv\/vad-har-eus-sammanhallningspolitik-nagonsin-gjort-for-oss\/","name":"Vad har EU:s sammanh\u00e5llningspolitik n\u00e5gonsin gjort f\u00f6r oss? - SBHSS","isPartOf":{"@id":"https:\/\/www.sbhss.eu\/#website"},"primaryImageOfPage":{"@id":"https:\/\/www.sbhss.eu\/sv\/vad-har-eus-sammanhallningspolitik-nagonsin-gjort-for-oss\/#primaryimage"},"image":{"@id":"https:\/\/www.sbhss.eu\/sv\/vad-har-eus-sammanhallningspolitik-nagonsin-gjort-for-oss\/#primaryimage"},"thumbnailUrl":"https:\/\/www.sbhss.eu\/wp-content\/uploads\/2023\/02\/christian-lue-7deytj7-8os-unsplash-scaled.jpg","datePublished":"2023-02-03T13:13:10+00:00","author":{"@id":"https:\/\/www.sbhss.eu\/#\/schema\/person\/70b24d9b52a0e379b6bf9ab6bc744008"},"breadcrumb":{"@id":"https:\/\/www.sbhss.eu\/sv\/vad-har-eus-sammanhallningspolitik-nagonsin-gjort-for-oss\/#breadcrumb"},"inLanguage":"sv-SE","potentialAction":[{"@type":"ReadAction","target":["https:\/\/www.sbhss.eu\/sv\/vad-har-eus-sammanhallningspolitik-nagonsin-gjort-for-oss\/"]}]},{"@type":"ImageObject","inLanguage":"sv-SE","@id":"https:\/\/www.sbhss.eu\/sv\/vad-har-eus-sammanhallningspolitik-nagonsin-gjort-for-oss\/#primaryimage","url":"https:\/\/www.sbhss.eu\/wp-content\/uploads\/2023\/02\/christian-lue-7deytj7-8os-unsplash-scaled.jpg","contentUrl":"https:\/\/www.sbhss.eu\/wp-content\/uploads\/2023\/02\/christian-lue-7deytj7-8os-unsplash-scaled.jpg","width":2560,"height":1707},{"@type":"BreadcrumbList","@id":"https:\/\/www.sbhss.eu\/sv\/vad-har-eus-sammanhallningspolitik-nagonsin-gjort-for-oss\/#breadcrumb","itemListElement":[{"@type":"ListItem","position":1,"name":"Hem","item":"https:\/\/www.sbhss.eu\/sv\/"},{"@type":"ListItem","position":2,"name":"Vad har EU:s sammanh\u00e5llningspolitik n\u00e5gonsin gjort f\u00f6r oss?"}]},{"@type":"WebSite","@id":"https:\/\/www.sbhss.eu\/#website","url":"https:\/\/www.sbhss.eu\/","name":"SBHSS","description":"","potentialAction":[{"@type":"SearchAction","target":{"@type":"EntryPoint","urlTemplate":"https:\/\/www.sbhss.eu\/?s={search_term_string}"},"query-input":{"@type":"PropertyValueSpecification","valueRequired":true,"valueName":"search_term_string"}}],"inLanguage":"sv-SE"},{"@type":"Person","@id":"https:\/\/www.sbhss.eu\/#\/schema\/person\/70b24d9b52a0e379b6bf9ab6bc744008","name":"Mahir Tatarevic","image":{"@type":"ImageObject","inLanguage":"sv-SE","@id":"https:\/\/secure.gravatar.com\/avatar\/9bbd1173eca456cb04516acf78dc249d1ad8caa9eecc27cb671c205a81b549fb?s=96&d=mm&r=g","url":"https:\/\/secure.gravatar.com\/avatar\/9bbd1173eca456cb04516acf78dc249d1ad8caa9eecc27cb671c205a81b549fb?s=96&d=mm&r=g","contentUrl":"https:\/\/secure.gravatar.com\/avatar\/9bbd1173eca456cb04516acf78dc249d1ad8caa9eecc27cb671c205a81b549fb?s=96&d=mm&r=g","caption":"Mahir Tatarevic"},"url":"https:\/\/www.sbhss.eu\/sv\/author\/mahir-tatarevic\/"}]}},"_links":{"self":[{"href":"https:\/\/www.sbhss.eu\/sv\/wp-json\/wp\/v2\/posts\/3786","targetHints":{"allow":["GET"]}}],"collection":[{"href":"https:\/\/www.sbhss.eu\/sv\/wp-json\/wp\/v2\/posts"}],"about":[{"href":"https:\/\/www.sbhss.eu\/sv\/wp-json\/wp\/v2\/types\/post"}],"author":[{"embeddable":true,"href":"https:\/\/www.sbhss.eu\/sv\/wp-json\/wp\/v2\/users\/13"}],"replies":[{"embeddable":true,"href":"https:\/\/www.sbhss.eu\/sv\/wp-json\/wp\/v2\/comments?post=3786"}],"version-history":[{"count":10,"href":"https:\/\/www.sbhss.eu\/sv\/wp-json\/wp\/v2\/posts\/3786\/revisions"}],"predecessor-version":[{"id":3822,"href":"https:\/\/www.sbhss.eu\/sv\/wp-json\/wp\/v2\/posts\/3786\/revisions\/3822"}],"wp:featuredmedia":[{"embeddable":true,"href":"https:\/\/www.sbhss.eu\/sv\/wp-json\/wp\/v2\/media\/3789"}],"wp:attachment":[{"href":"https:\/\/www.sbhss.eu\/sv\/wp-json\/wp\/v2\/media?parent=3786"}],"wp:term":[{"taxonomy":"category","embeddable":true,"href":"https:\/\/www.sbhss.eu\/sv\/wp-json\/wp\/v2\/categories?post=3786"},{"taxonomy":"post_tag","embeddable":true,"href":"https:\/\/www.sbhss.eu\/sv\/wp-json\/wp\/v2\/tags?post=3786"}],"curies":[{"name":"wp","href":"https:\/\/api.w.org\/{rel}","templated":true}]}}