{"id":400,"date":"2016-02-17T17:03:28","date_gmt":"2016-02-17T16:03:28","guid":{"rendered":"http:\/\/wp.sbhss.eu\/?p=400"},"modified":"2016-02-17T17:03:28","modified_gmt":"2016-02-17T16:03:28","slug":"nytt-initiativ-pa-energifronten-kan-komma-till-nytta-for-smaland-blekinge","status":"publish","type":"post","link":"https:\/\/www.sbhss.eu\/sv\/nytt-initiativ-pa-energifronten-kan-komma-till-nytta-for-smaland-blekinge\/","title":{"rendered":"Nytt initiativ p\u00e5 energifronten kan komma till nytta f\u00f6r Sm\u00e5land-Blekinge"},"content":{"rendered":"<div>\n\tSm&aring;land-Blekinges goda erfarenheter g&auml;llande energianv&auml;ndning kan spela oss rakt i h&auml;nderna n&auml;r EU-kommissionen nu sl&auml;pper ett nytt paket om energitrygghet.<\/div>\n<div>\n\t&nbsp;<\/div>\n<div>\n\t<a href=\"http:\/\/europa.eu\/rapid\/press-release_IP-16-307_en.htm\">Paketet om energitrygghet<\/a>, som sl&auml;pptes ig&aring;r den 16:e februari, inneh&aring;ller bland annat en strategi f&ouml;r kyla och uppv&auml;rmning, som ska leda till energisparande &aring;tg&auml;rder f&ouml;r temperaturreglering av byggnader. B&aring;de Sveriges och v&aring;ra l&auml;ns kompetens kring energi- och resursanv&auml;ndning kan g&ouml;ra att vi redan har ett f&ouml;rspr&aring;ng inom omr&aring;det, men det finns ocks&aring; nya f&ouml;rdelar att vinna i och med att paketet &ouml;ppnar upp f&ouml;r nya samarbeten. I takt med att energiutbytet &ouml;kar l&auml;nder emellan, blir det &auml;ven allt viktigare f&ouml;r Sverige att anpassa sig till gr&auml;ns&ouml;verskridande standarder.&nbsp;<\/div>\n<p><!--more--><\/p>\n<div>\n\tDet f&ouml;rsta paketet om energitrygghet initierades redan under 2014, och ett av de l&aring;ngsiktiga m&aring;len &auml;r att &ouml;ka effektiviteten och produktionen av europeisk energi f&ouml;r att uppn&aring; 2030 &aring;rs klimatm&aring;l. Kyla och uppv&auml;rmning st&aring;r f&ouml;r n&auml;rmare 50 % av energif&ouml;rs&ouml;rjningen i EU, och den nya strategin skulle kunna vara n&aring;got som inte bara p&aring;verkar p&aring; nationell, utan &auml;ven p&aring; regional niv&aring;.&nbsp;<\/div>\n<div>\n\t&nbsp;<\/div>\n<div>\n\tTv&aring; delar inom strategin f&ouml;r kyla och uppv&auml;rmning syftar till att hitta s&auml;tt f&ouml;r att &ouml;ka andelen f&ouml;rnybar energi, samt m&ouml;jligheter att ta tillvara p&aring; energispill fr&aring;n fabriker. Genom att h&aring;lla sig uppdaterad om s&aring;dana f&ouml;rslag till effektivisering och energisparande &aring;tg&auml;rder har Sm&aring;land-Blekinge m&ouml;jlighet att f&aring;nga utvecklingsm&ouml;jligheter f&ouml;r n&auml;ringsliv samtidigt som man bidrar till att uppn&aring; klimatm&aring;len, och det skulle &auml;ven kunna ha en positiv aspekt rent ekonomiskt.&nbsp;<\/div>\n<div>\n\t&nbsp;<\/div>\n<div>\n\tI dagsl&auml;get kommer &ouml;ver h&auml;lften av den energi som konsumeras av EU:s medlemsl&auml;nder fr&aring;n l&auml;nder utanf&ouml;r unionen (t.ex. s&aring; har Ryssland n&auml;stan uteslutande monopol p&aring; leveransen av naturgas till m&aring;nga medlemsstater, och till och med Sverige som till viss del &auml;r sj&auml;lvf&ouml;rs&ouml;rjande, har fortfarande Ryssland som st&ouml;rsta energi-import&ouml;r). EU:s importberoende och den stundtals ovissa och instabila relationen med Ryssland var en bidragande orsak till att kommissionen under 2014 initierade strategin f&ouml;r energis&auml;kerhet i Europa. Trots att ny statistik visar att EU under de senaste 10 &aring;ren har f&ouml;rdubblat andelen energi som kommer fr&aring;n f&ouml;rnybara k&auml;llor st&aring;r naturgasen fortfarande f&ouml;r mer &auml;n 20 % av energif&ouml;rs&ouml;rjningen, j&auml;mf&ouml;rt med f&ouml;rnyelsebara energik&auml;llor som bidrar med drygt 16 %. Strategin syftar d&auml;rf&ouml;r &auml;ven till att trygga tillg&aring;ngen p&aring; energi f&ouml;r medlemsl&auml;nderna och reducera beroendet av ryska energik&auml;llor. Fr&aring;n de gr&ouml;na partierna i europaparlamentet har det nya paketet f&aring;tt viss kritik, d&aring; man h&auml;vdar att beroendet av naturgas inte &auml;r s&aring; stort som kommissionen p&aring;st&aring;r. Genom att till varje pris minska naturgasberoendet fr&aring;n Ryssland menar EU-parlamentarikern Peter Eriksson att det finns en risk f&ouml;r att naturgasen endast byts ut mot andra fossila br&auml;nslen. &nbsp; &nbsp;<\/div>\n<div>\n\t&nbsp;<\/div>\n<div>\n\tOavsett vad man anser om naturgasfr&aring;gan finns det andra aspekter av energipaketet som vore f&ouml;rdelaktigt f&ouml;r medlemsl&auml;nderna. Genom att &ouml;ka insynen i energimarknaden och till&aring;ta kommissionen att granska energiavtal hoppas man till exempel &ouml;ka konkurrensen och f&aring; ner priserna p&aring; marknaden. Framtagandet av en strategi f&ouml;r energitrygghet avser &auml;ven bidra till att samordna resurser genom ett &ouml;kat samarbete mellan medlemsl&auml;nderna. Den nuvarande energipolitiken &auml;r mycket splittrad och i vissa avseenden skulle man n&auml;stan kunna s&auml;ga att medlemsl&auml;nderna snarare arbetar mot &auml;n med varandra.&nbsp;<\/div>\n<div>\n\t&nbsp;<\/div>\n<div>\n\tP&aring; grund av att Sverige till st&ouml;rsta delen &auml;r sj&auml;lvf&ouml;rs&ouml;rjande med energi anses ett europeiskt samarbete ofta inte n&ouml;dv&auml;ndigt, men det &auml;r viktigt att komma ih&aring;g att &auml;ven vi beh&ouml;ver importera energi med j&auml;mna mellanrum, och att det dessutom finns f&ouml;rdelar med att kunna s&auml;lja &ouml;verskottsenergi till andra l&auml;nder.&nbsp;<\/div>\n<div>\n\t&nbsp;<\/div>\n<div>\n\tMed tanke p&aring; att allt st&ouml;rre fokus l&auml;ggs p&aring; milj&ouml;v&auml;nlighet &auml;r ett europeiskt samarbete &auml;ven en m&ouml;jlighet f&ouml;r Sverige att utnyttja f&ouml;rnyelsebara energik&auml;llor fr&aring;n andra l&auml;nder. Kommissionen nya paket inneh&aring;ller bland annat ett f&ouml;rslag om att dela in EU i energiregioner, vilket f&ouml;r Sveriges del skulle inneb&auml;ra ett samarbete med Danmark. Ett gemensamt sparande av energi skulle g&ouml;ra att Sverige skulle kunna dra nytta av Danmarks vindkraft, medan vi i geng&auml;ld kan erbjuda energi i form av vattenkraft vid tillf&auml;llen d&aring; behov finns. Alla dessa aspekter visar f&ouml;rdelarna med en gemensam energipolitik; ett b&auml;ttre f&ouml;rhandlingsl&auml;ge med l&auml;gre priser och st&ouml;rre inflytande p&aring; marknaden, samt en gemensam energiresurs d&auml;r individuella l&auml;nders fluktuerande energibehov tillgodoses. &nbsp; &nbsp;<\/div>\n<div>\n\t&nbsp;<\/div>\n","protected":false},"excerpt":{"rendered":"<p>Sm&aring;land-Blekinges goda erfarenheter g&auml;llande energianv&auml;ndning kan spela oss rakt i h&auml;nderna n&auml;r EU-kommissionen nu sl&auml;pper ett nytt paket om energitrygghet. &nbsp; Paketet om energitrygghet, som sl&auml;pptes ig&aring;r den 16:e februari, inneh&aring;ller bland annat en strategi f&ouml;r kyla och uppv&auml;rmning, som ska leda till energisparande &aring;tg&auml;rder f&ouml;r temperaturreglering av byggnader. B&aring;de Sveriges och v&aring;ra l&auml;ns kompetens [&hellip;]<\/p>\n","protected":false},"author":3,"featured_media":0,"comment_status":"open","ping_status":"open","sticky":false,"template":"","format":"standard","meta":{"_acf_changed":false,"footnotes":""},"categories":[11],"tags":[],"class_list":["post-400","post","type-post","status-publish","format-standard","hentry","category-hem"],"acf":[],"yoast_head":"<!-- This site is optimized with the Yoast SEO plugin v27.5 - https:\/\/yoast.com\/product\/yoast-seo-wordpress\/ -->\n<title>Nytt initiativ p\u00e5 energifronten kan komma till nytta f\u00f6r Sm\u00e5land-Blekinge - SBHSS<\/title>\n<meta name=\"robots\" content=\"index, follow, max-snippet:-1, max-image-preview:large, max-video-preview:-1\" \/>\n<link rel=\"canonical\" href=\"https:\/\/www.sbhss.eu\/sv\/nytt-initiativ-pa-energifronten-kan-komma-till-nytta-for-smaland-blekinge\/\" \/>\n<meta property=\"og:locale\" content=\"sv_SE\" \/>\n<meta property=\"og:type\" content=\"article\" \/>\n<meta property=\"og:title\" content=\"Nytt initiativ p\u00e5 energifronten kan komma till nytta f\u00f6r Sm\u00e5land-Blekinge - SBHSS\" \/>\n<meta property=\"og:description\" content=\"Sm&aring;land-Blekinges goda erfarenheter g&auml;llande energianv&auml;ndning kan spela oss rakt i h&auml;nderna n&auml;r EU-kommissionen nu sl&auml;pper ett nytt paket om energitrygghet. &nbsp; Paketet om energitrygghet, som sl&auml;pptes ig&aring;r den 16:e februari, inneh&aring;ller bland annat en strategi f&ouml;r kyla och uppv&auml;rmning, som ska leda till energisparande &aring;tg&auml;rder f&ouml;r temperaturreglering av byggnader. B&aring;de Sveriges och v&aring;ra l&auml;ns kompetens [&hellip;]\" \/>\n<meta property=\"og:url\" content=\"https:\/\/www.sbhss.eu\/sv\/nytt-initiativ-pa-energifronten-kan-komma-till-nytta-for-smaland-blekinge\/\" \/>\n<meta property=\"og:site_name\" content=\"SBHSS\" \/>\n<meta property=\"article:published_time\" content=\"2016-02-17T16:03:28+00:00\" \/>\n<meta name=\"author\" content=\"Sven Kast\u00f6\" \/>\n<meta name=\"twitter:card\" content=\"summary_large_image\" \/>\n<meta name=\"twitter:label1\" content=\"Skriven av\" \/>\n\t<meta name=\"twitter:data1\" content=\"Sven Kast\u00f6\" \/>\n\t<meta name=\"twitter:label2\" content=\"Ber\u00e4knad l\u00e4stid\" \/>\n\t<meta name=\"twitter:data2\" content=\"5 minuter\" \/>\n<script type=\"application\/ld+json\" class=\"yoast-schema-graph\">{\"@context\":\"https:\\\/\\\/schema.org\",\"@graph\":[{\"@type\":\"Article\",\"@id\":\"https:\\\/\\\/www.sbhss.eu\\\/sv\\\/nytt-initiativ-pa-energifronten-kan-komma-till-nytta-for-smaland-blekinge\\\/#article\",\"isPartOf\":{\"@id\":\"https:\\\/\\\/www.sbhss.eu\\\/sv\\\/nytt-initiativ-pa-energifronten-kan-komma-till-nytta-for-smaland-blekinge\\\/\"},\"author\":{\"name\":\"Sven Kast\u00f6\",\"@id\":\"https:\\\/\\\/www.sbhss.eu\\\/#\\\/schema\\\/person\\\/b8d8eb4c1088a05ed50ecff9b2bf643f\"},\"headline\":\"Nytt initiativ p\u00e5 energifronten kan komma till nytta f\u00f6r Sm\u00e5land-Blekinge\",\"datePublished\":\"2016-02-17T16:03:28+00:00\",\"mainEntityOfPage\":{\"@id\":\"https:\\\/\\\/www.sbhss.eu\\\/sv\\\/nytt-initiativ-pa-energifronten-kan-komma-till-nytta-for-smaland-blekinge\\\/\"},\"wordCount\":1033,\"commentCount\":0,\"articleSection\":[\"Hem - Startsidan\"],\"inLanguage\":\"sv-SE\"},{\"@type\":\"WebPage\",\"@id\":\"https:\\\/\\\/www.sbhss.eu\\\/sv\\\/nytt-initiativ-pa-energifronten-kan-komma-till-nytta-for-smaland-blekinge\\\/\",\"url\":\"https:\\\/\\\/www.sbhss.eu\\\/sv\\\/nytt-initiativ-pa-energifronten-kan-komma-till-nytta-for-smaland-blekinge\\\/\",\"name\":\"Nytt initiativ p\u00e5 energifronten kan komma till nytta f\u00f6r Sm\u00e5land-Blekinge - SBHSS\",\"isPartOf\":{\"@id\":\"https:\\\/\\\/www.sbhss.eu\\\/#website\"},\"datePublished\":\"2016-02-17T16:03:28+00:00\",\"author\":{\"@id\":\"https:\\\/\\\/www.sbhss.eu\\\/#\\\/schema\\\/person\\\/b8d8eb4c1088a05ed50ecff9b2bf643f\"},\"breadcrumb\":{\"@id\":\"https:\\\/\\\/www.sbhss.eu\\\/sv\\\/nytt-initiativ-pa-energifronten-kan-komma-till-nytta-for-smaland-blekinge\\\/#breadcrumb\"},\"inLanguage\":\"sv-SE\",\"potentialAction\":[{\"@type\":\"ReadAction\",\"target\":[\"https:\\\/\\\/www.sbhss.eu\\\/sv\\\/nytt-initiativ-pa-energifronten-kan-komma-till-nytta-for-smaland-blekinge\\\/\"]}]},{\"@type\":\"BreadcrumbList\",\"@id\":\"https:\\\/\\\/www.sbhss.eu\\\/sv\\\/nytt-initiativ-pa-energifronten-kan-komma-till-nytta-for-smaland-blekinge\\\/#breadcrumb\",\"itemListElement\":[{\"@type\":\"ListItem\",\"position\":1,\"name\":\"Hem\",\"item\":\"https:\\\/\\\/www.sbhss.eu\\\/sv\\\/\"},{\"@type\":\"ListItem\",\"position\":2,\"name\":\"Nytt initiativ p\u00e5 energifronten kan komma till nytta f\u00f6r Sm\u00e5land-Blekinge\"}]},{\"@type\":\"WebSite\",\"@id\":\"https:\\\/\\\/www.sbhss.eu\\\/#website\",\"url\":\"https:\\\/\\\/www.sbhss.eu\\\/\",\"name\":\"SBHSS\",\"description\":\"\",\"potentialAction\":[{\"@type\":\"SearchAction\",\"target\":{\"@type\":\"EntryPoint\",\"urlTemplate\":\"https:\\\/\\\/www.sbhss.eu\\\/?s={search_term_string}\"},\"query-input\":{\"@type\":\"PropertyValueSpecification\",\"valueRequired\":true,\"valueName\":\"search_term_string\"}}],\"inLanguage\":\"sv-SE\"},{\"@type\":\"Person\",\"@id\":\"https:\\\/\\\/www.sbhss.eu\\\/#\\\/schema\\\/person\\\/b8d8eb4c1088a05ed50ecff9b2bf643f\",\"name\":\"Sven Kast\u00f6\",\"image\":{\"@type\":\"ImageObject\",\"inLanguage\":\"sv-SE\",\"@id\":\"https:\\\/\\\/secure.gravatar.com\\\/avatar\\\/4ce3985fbe5a36073e6a0cbba2acaad0da794332aeb9a944eca4c7548361a263?s=96&d=mm&r=g\",\"url\":\"https:\\\/\\\/secure.gravatar.com\\\/avatar\\\/4ce3985fbe5a36073e6a0cbba2acaad0da794332aeb9a944eca4c7548361a263?s=96&d=mm&r=g\",\"contentUrl\":\"https:\\\/\\\/secure.gravatar.com\\\/avatar\\\/4ce3985fbe5a36073e6a0cbba2acaad0da794332aeb9a944eca4c7548361a263?s=96&d=mm&r=g\",\"caption\":\"Sven Kast\u00f6\"},\"url\":\"https:\\\/\\\/www.sbhss.eu\\\/sv\\\/author\\\/sven-kastosbhss-eu\\\/\"}]}<\/script>\n<!-- \/ Yoast SEO plugin. -->","yoast_head_json":{"title":"Nytt initiativ p\u00e5 energifronten kan komma till nytta f\u00f6r Sm\u00e5land-Blekinge - SBHSS","robots":{"index":"index","follow":"follow","max-snippet":"max-snippet:-1","max-image-preview":"max-image-preview:large","max-video-preview":"max-video-preview:-1"},"canonical":"https:\/\/www.sbhss.eu\/sv\/nytt-initiativ-pa-energifronten-kan-komma-till-nytta-for-smaland-blekinge\/","og_locale":"sv_SE","og_type":"article","og_title":"Nytt initiativ p\u00e5 energifronten kan komma till nytta f\u00f6r Sm\u00e5land-Blekinge - SBHSS","og_description":"Sm&aring;land-Blekinges goda erfarenheter g&auml;llande energianv&auml;ndning kan spela oss rakt i h&auml;nderna n&auml;r EU-kommissionen nu sl&auml;pper ett nytt paket om energitrygghet. &nbsp; Paketet om energitrygghet, som sl&auml;pptes ig&aring;r den 16:e februari, inneh&aring;ller bland annat en strategi f&ouml;r kyla och uppv&auml;rmning, som ska leda till energisparande &aring;tg&auml;rder f&ouml;r temperaturreglering av byggnader. B&aring;de Sveriges och v&aring;ra l&auml;ns kompetens [&hellip;]","og_url":"https:\/\/www.sbhss.eu\/sv\/nytt-initiativ-pa-energifronten-kan-komma-till-nytta-for-smaland-blekinge\/","og_site_name":"SBHSS","article_published_time":"2016-02-17T16:03:28+00:00","author":"Sven Kast\u00f6","twitter_card":"summary_large_image","twitter_misc":{"Skriven av":"Sven Kast\u00f6","Ber\u00e4knad l\u00e4stid":"5 minuter"},"schema":{"@context":"https:\/\/schema.org","@graph":[{"@type":"Article","@id":"https:\/\/www.sbhss.eu\/sv\/nytt-initiativ-pa-energifronten-kan-komma-till-nytta-for-smaland-blekinge\/#article","isPartOf":{"@id":"https:\/\/www.sbhss.eu\/sv\/nytt-initiativ-pa-energifronten-kan-komma-till-nytta-for-smaland-blekinge\/"},"author":{"name":"Sven Kast\u00f6","@id":"https:\/\/www.sbhss.eu\/#\/schema\/person\/b8d8eb4c1088a05ed50ecff9b2bf643f"},"headline":"Nytt initiativ p\u00e5 energifronten kan komma till nytta f\u00f6r Sm\u00e5land-Blekinge","datePublished":"2016-02-17T16:03:28+00:00","mainEntityOfPage":{"@id":"https:\/\/www.sbhss.eu\/sv\/nytt-initiativ-pa-energifronten-kan-komma-till-nytta-for-smaland-blekinge\/"},"wordCount":1033,"commentCount":0,"articleSection":["Hem - Startsidan"],"inLanguage":"sv-SE"},{"@type":"WebPage","@id":"https:\/\/www.sbhss.eu\/sv\/nytt-initiativ-pa-energifronten-kan-komma-till-nytta-for-smaland-blekinge\/","url":"https:\/\/www.sbhss.eu\/sv\/nytt-initiativ-pa-energifronten-kan-komma-till-nytta-for-smaland-blekinge\/","name":"Nytt initiativ p\u00e5 energifronten kan komma till nytta f\u00f6r Sm\u00e5land-Blekinge - SBHSS","isPartOf":{"@id":"https:\/\/www.sbhss.eu\/#website"},"datePublished":"2016-02-17T16:03:28+00:00","author":{"@id":"https:\/\/www.sbhss.eu\/#\/schema\/person\/b8d8eb4c1088a05ed50ecff9b2bf643f"},"breadcrumb":{"@id":"https:\/\/www.sbhss.eu\/sv\/nytt-initiativ-pa-energifronten-kan-komma-till-nytta-for-smaland-blekinge\/#breadcrumb"},"inLanguage":"sv-SE","potentialAction":[{"@type":"ReadAction","target":["https:\/\/www.sbhss.eu\/sv\/nytt-initiativ-pa-energifronten-kan-komma-till-nytta-for-smaland-blekinge\/"]}]},{"@type":"BreadcrumbList","@id":"https:\/\/www.sbhss.eu\/sv\/nytt-initiativ-pa-energifronten-kan-komma-till-nytta-for-smaland-blekinge\/#breadcrumb","itemListElement":[{"@type":"ListItem","position":1,"name":"Hem","item":"https:\/\/www.sbhss.eu\/sv\/"},{"@type":"ListItem","position":2,"name":"Nytt initiativ p\u00e5 energifronten kan komma till nytta f\u00f6r Sm\u00e5land-Blekinge"}]},{"@type":"WebSite","@id":"https:\/\/www.sbhss.eu\/#website","url":"https:\/\/www.sbhss.eu\/","name":"SBHSS","description":"","potentialAction":[{"@type":"SearchAction","target":{"@type":"EntryPoint","urlTemplate":"https:\/\/www.sbhss.eu\/?s={search_term_string}"},"query-input":{"@type":"PropertyValueSpecification","valueRequired":true,"valueName":"search_term_string"}}],"inLanguage":"sv-SE"},{"@type":"Person","@id":"https:\/\/www.sbhss.eu\/#\/schema\/person\/b8d8eb4c1088a05ed50ecff9b2bf643f","name":"Sven Kast\u00f6","image":{"@type":"ImageObject","inLanguage":"sv-SE","@id":"https:\/\/secure.gravatar.com\/avatar\/4ce3985fbe5a36073e6a0cbba2acaad0da794332aeb9a944eca4c7548361a263?s=96&d=mm&r=g","url":"https:\/\/secure.gravatar.com\/avatar\/4ce3985fbe5a36073e6a0cbba2acaad0da794332aeb9a944eca4c7548361a263?s=96&d=mm&r=g","contentUrl":"https:\/\/secure.gravatar.com\/avatar\/4ce3985fbe5a36073e6a0cbba2acaad0da794332aeb9a944eca4c7548361a263?s=96&d=mm&r=g","caption":"Sven Kast\u00f6"},"url":"https:\/\/www.sbhss.eu\/sv\/author\/sven-kastosbhss-eu\/"}]}},"_links":{"self":[{"href":"https:\/\/www.sbhss.eu\/sv\/wp-json\/wp\/v2\/posts\/400","targetHints":{"allow":["GET"]}}],"collection":[{"href":"https:\/\/www.sbhss.eu\/sv\/wp-json\/wp\/v2\/posts"}],"about":[{"href":"https:\/\/www.sbhss.eu\/sv\/wp-json\/wp\/v2\/types\/post"}],"author":[{"embeddable":true,"href":"https:\/\/www.sbhss.eu\/sv\/wp-json\/wp\/v2\/users\/3"}],"replies":[{"embeddable":true,"href":"https:\/\/www.sbhss.eu\/sv\/wp-json\/wp\/v2\/comments?post=400"}],"version-history":[{"count":0,"href":"https:\/\/www.sbhss.eu\/sv\/wp-json\/wp\/v2\/posts\/400\/revisions"}],"wp:attachment":[{"href":"https:\/\/www.sbhss.eu\/sv\/wp-json\/wp\/v2\/media?parent=400"}],"wp:term":[{"taxonomy":"category","embeddable":true,"href":"https:\/\/www.sbhss.eu\/sv\/wp-json\/wp\/v2\/categories?post=400"},{"taxonomy":"post_tag","embeddable":true,"href":"https:\/\/www.sbhss.eu\/sv\/wp-json\/wp\/v2\/tags?post=400"}],"curies":[{"name":"wp","href":"https:\/\/api.w.org\/{rel}","templated":true}]}}