{"id":4254,"date":"2023-03-31T11:44:17","date_gmt":"2023-03-31T11:44:17","guid":{"rendered":"https:\/\/www.sbhss.eu\/?p=4254"},"modified":"2023-03-31T11:44:17","modified_gmt":"2023-03-31T11:44:17","slug":"digitaliseringsarbetet-tar-konkreta-steg-framat","status":"publish","type":"post","link":"https:\/\/www.sbhss.eu\/sv\/digitaliseringsarbetet-tar-konkreta-steg-framat\/","title":{"rendered":"Digitaliseringsarbetet tar konkreta steg fram\u00e5t"},"content":{"rendered":"<p><em>Digitalisering \u00e4r ett h\u00f6gt prioriterat omr\u00e5de f\u00f6r EU som arbetar f\u00f6r att fr\u00e4mja ett uppkopplat och digitalt Europa. Brysselkontoret har <a href=\"https:\/\/www.sbhss.eu\/sv\/vara-regioners-roll-i-eus-digitala-omstallning-del-1-policy\/\">tidigare skrivit om EU:s digitala omst\u00e4llning<\/a> och kommer forts\u00e4tta bevaka de olika initiativ och lagf\u00f6rslag som ligger p\u00e5 EU:s bord.\u00a0<\/em><\/p>\n<p><strong>Bredbandsutbyggnad \u2013 Gigabit Infrastructure Act<\/strong><\/p>\n<p>Nyligen har EU-kommissionen presenterat det nya f\u00f6rslaget <a href=\"https:\/\/digital-strategy.ec.europa.eu\/en\/library\/gigabit-infrastructure-act-proposal-and-impact-assessment\"><em>Gigabit Infrastructure Act<\/em> (GIA)<\/a>, vars ambition\u00a0\u00e4r att underl\u00e4tta den fysiska utbyggnaden\u00a0av bredbandsn\u00e4t med gigabitkapacitet. Genom att etablera nya regler f\u00f6rv\u00e4ntas GIA minska kostnaderna och den administrativa b\u00f6rdan och d\u00e4rav bidra till ut\u00f6kat utbyggande av bredband i EU:s medlemsstater. F\u00f6rslaget syftar till att ers\u00e4tta det tidigare EU-direktivet <em>Broadband Cost Reduction Directive <\/em>som EU-kommissionen inte implementerats tillr\u00e4ckligt i medlemsstaterna. Ett samr\u00e5d \u00e4r nu \u00f6ppet fram tills den <strong>19 maj<\/strong> d\u00e4r relevanta akt\u00f6rer kan tyckatill. <a href=\"https:\/\/digital-strategy.ec.europa.eu\/sv\/consultations\/future-electronic-communications-sector-and-its-infrastructure\">H\u00e4r kan ni kan hitta samr\u00e5det.<\/a> F\u00f6rslaget kommer i ett senare skede att behandlas av Europaparlamentet och ministerr\u00e5det f\u00f6r att f\u00f6rs\u00f6ka n\u00e5 en eventuell \u00f6verenskommelse fram\u00f6ver.<\/p>\n<p><strong>Remiss har skickats till Region Kronoberg g\u00e4llande f\u00f6rslaget<\/strong><\/p>\n<p><img loading=\"lazy\" decoding=\"async\" class=\" wp-image-4255 alignright\" src=\"https:\/\/www.sbhss.eu\/wp-content\/uploads\/2023\/03\/digital-300x200.jpg\" alt=\"\" width=\"300\" height=\"200\" \/><\/p>\n<p>Innan den svenska regeringen tar st\u00e4llning till ett f\u00f6rslag, skickas f\u00f6rslaget ut p\u00e5 remiss till relevanta akt\u00f6rer. Syftet \u00e4r att lyfta synpunkter och se \u00f6ver st\u00f6det f\u00f6r f\u00f6rslaget. Det \u00e4r inte alltid att svenska regioner inkluderas i remissomg\u00e5ngarna, men i <strong>remissinstansen g\u00e4llande Gigabit Infrastructure Act som regeringen publicerade den 30 mars <\/strong>har <strong>Region Kronoberg <\/strong>f\u00e5tt en m\u00f6jlighet att kommentera och framf\u00f6ra sina synpunkter p\u00e5 f\u00f6rslaget fram till <strong>31 maj<\/strong>. Det finns goda f\u00f6ruts\u00e4ttningar f\u00f6r ett gott samarbete inom SBHSS f\u00f6r att n\u00e5 fram till konkreta f\u00f6rslag. Dels \u00e4r Brysselkontoret n\u00e4rvarande och kan informera om det som sker p\u00e5 den europeiska arenan g\u00e4llande f\u00f6rslaget, dels finns det grannregioner med intresse i bredbandsfr\u00e5gor som kan framf\u00f6ra sina tankar och funderingar. Det h\u00e4r en intressant m\u00f6jlighet f\u00f6r att synligg\u00f6ra v\u00e5ra regioners intressen med f\u00f6rhoppningen att p\u00e5verka det som sker s\u00e5v\u00e4l p\u00e5 nationell niv\u00e5 som p\u00e5 EU niv\u00e5.<\/p>\n<p><strong>Ministerr\u00e5det enat kring Dataakten<\/strong><\/p>\n<p><a href=\"https:\/\/www.consilium.europa.eu\/sv\/council-eu\/\">Europeiska unionens r\u00e5d<\/a>, eller ministerr\u00e5det som det informellt brukar kallas, har <a href=\"https:\/\/www.consilium.europa.eu\/sv\/press\/press-releases\/2023\/03\/24\/data-act-member-states-agree-common-position-on-fair-access-to-and-use-of-data\/\">nyligen enats om<\/a> en gemensam st\u00e5ndpunkt om den f\u00f6reslagna lagstiftningen om harmoniserade regler om <strong>r\u00e4ttvis tillg\u00e5ng till och anv\u00e4ndning av data<\/strong>, den <a href=\"https:\/\/digital-strategy.ec.europa.eu\/en\/policies\/data-act\">s\u00e5 kallade <em>Dataakten<\/em><\/a>. Akten syftar till att bland annat reglera \u00e5tkomsten och anv\u00e4ndandet av data som genereras i EU. Dels genom att klarg\u00f6ra <em>vem <\/em>som kan anv\u00e4nda <em>vilken <\/em>data och under <em>vilka <\/em>villkor, dels \u00f6ka tillg\u00e4ngligheten av data som en f\u00f6ruts\u00e4ttning f\u00f6r \u00f6kad innovation, h\u00e5llbar tillv\u00e4xt och utvecklingsm\u00f6jligheter inom forskning och n\u00e4ringsliv. N\u00e4sta steg \u00e4r att f\u00f6rslaget ska f\u00f6rhandlas mellan r\u00e5det och EU-parlamentet som ska n\u00e5 en \u00f6verenskommelse innan lagen tr\u00e4der i kraft. Vid eventuella fr\u00e5gor eller funderingar g\u00e4llande digitalisering, h\u00f6r av er till <a href=\"mailto:sandra.jansson@sbhss.eu\">Sandra<\/a>.<\/p>\n<p><img loading=\"lazy\" decoding=\"async\" class=\" wp-image-4259 aligncenter\" src=\"https:\/\/www.sbhss.eu\/wp-content\/uploads\/2023\/03\/nagot-300x200.jpg\" alt=\"\" width=\"677\" height=\"451\" \/><\/p>\n<p>&nbsp;<\/p>\n","protected":false},"excerpt":{"rendered":"<p>Digitalisering \u00e4r ett h\u00f6gt prioriterat omr\u00e5de f\u00f6r EU som arbetar f\u00f6r att fr\u00e4mja ett uppkopplat och digitalt Europa. Brysselkontoret har tidigare skrivit om EU:s digitala omst\u00e4llning och kommer forts\u00e4tta bevaka de olika initiativ och lagf\u00f6rslag som ligger p\u00e5 EU:s bord.\u00a0 Bredbandsutbyggnad \u2013 Gigabit Infrastructure Act Nyligen har EU-kommissionen presenterat det nya f\u00f6rslaget Gigabit Infrastructure Act [&hellip;]<\/p>\n","protected":false},"author":14,"featured_media":4256,"comment_status":"open","ping_status":"open","sticky":false,"template":"","format":"standard","meta":{"_acf_changed":false,"footnotes":""},"categories":[3],"tags":[],"class_list":["post-4254","post","type-post","status-publish","format-standard","has-post-thumbnail","hentry","category-okategoriserad"],"acf":[],"yoast_head":"<!-- This site is optimized with the Yoast SEO plugin v27.5 - https:\/\/yoast.com\/product\/yoast-seo-wordpress\/ -->\n<title>Digitaliseringsarbetet tar konkreta steg fram\u00e5t - SBHSS<\/title>\n<meta name=\"robots\" content=\"index, follow, max-snippet:-1, max-image-preview:large, max-video-preview:-1\" \/>\n<link rel=\"canonical\" href=\"https:\/\/www.sbhss.eu\/sv\/digitaliseringsarbetet-tar-konkreta-steg-framat\/\" \/>\n<meta property=\"og:locale\" content=\"sv_SE\" \/>\n<meta property=\"og:type\" content=\"article\" \/>\n<meta property=\"og:title\" content=\"Digitaliseringsarbetet tar konkreta steg fram\u00e5t - SBHSS\" \/>\n<meta property=\"og:description\" content=\"Digitalisering \u00e4r ett h\u00f6gt prioriterat omr\u00e5de f\u00f6r EU som arbetar f\u00f6r att fr\u00e4mja ett uppkopplat och digitalt Europa. Brysselkontoret har tidigare skrivit om EU:s digitala omst\u00e4llning och kommer forts\u00e4tta bevaka de olika initiativ och lagf\u00f6rslag som ligger p\u00e5 EU:s bord.\u00a0 Bredbandsutbyggnad \u2013 Gigabit Infrastructure Act Nyligen har EU-kommissionen presenterat det nya f\u00f6rslaget Gigabit Infrastructure Act [&hellip;]\" \/>\n<meta property=\"og:url\" content=\"https:\/\/www.sbhss.eu\/sv\/digitaliseringsarbetet-tar-konkreta-steg-framat\/\" \/>\n<meta property=\"og:site_name\" content=\"SBHSS\" \/>\n<meta property=\"article:published_time\" content=\"2023-03-31T11:44:17+00:00\" \/>\n<meta property=\"og:image\" content=\"https:\/\/www.sbhss.eu\/wp-content\/uploads\/2023\/03\/dig-scaled.jpg\" \/>\n\t<meta property=\"og:image:width\" content=\"2560\" \/>\n\t<meta property=\"og:image:height\" content=\"1373\" \/>\n\t<meta property=\"og:image:type\" content=\"image\/jpeg\" \/>\n<meta name=\"author\" content=\"Fanny Gotesson\" \/>\n<meta name=\"twitter:card\" content=\"summary_large_image\" \/>\n<meta name=\"twitter:label1\" content=\"Skriven av\" \/>\n\t<meta name=\"twitter:data1\" content=\"Fanny Gotesson\" \/>\n\t<meta name=\"twitter:label2\" content=\"Ber\u00e4knad l\u00e4stid\" \/>\n\t<meta name=\"twitter:data2\" content=\"3 minuter\" \/>\n<script type=\"application\/ld+json\" class=\"yoast-schema-graph\">{\"@context\":\"https:\\\/\\\/schema.org\",\"@graph\":[{\"@type\":\"Article\",\"@id\":\"https:\\\/\\\/www.sbhss.eu\\\/sv\\\/digitaliseringsarbetet-tar-konkreta-steg-framat\\\/#article\",\"isPartOf\":{\"@id\":\"https:\\\/\\\/www.sbhss.eu\\\/sv\\\/digitaliseringsarbetet-tar-konkreta-steg-framat\\\/\"},\"author\":{\"name\":\"Fanny Gotesson\",\"@id\":\"https:\\\/\\\/www.sbhss.eu\\\/#\\\/schema\\\/person\\\/1716714b80886aaae998abfba9811ea1\"},\"headline\":\"Digitaliseringsarbetet tar konkreta steg fram\u00e5t\",\"datePublished\":\"2023-03-31T11:44:17+00:00\",\"mainEntityOfPage\":{\"@id\":\"https:\\\/\\\/www.sbhss.eu\\\/sv\\\/digitaliseringsarbetet-tar-konkreta-steg-framat\\\/\"},\"wordCount\":523,\"commentCount\":0,\"image\":{\"@id\":\"https:\\\/\\\/www.sbhss.eu\\\/sv\\\/digitaliseringsarbetet-tar-konkreta-steg-framat\\\/#primaryimage\"},\"thumbnailUrl\":\"https:\\\/\\\/www.sbhss.eu\\\/wp-content\\\/uploads\\\/2023\\\/03\\\/dig-scaled.jpg\",\"articleSection\":[\"Okategoriserad\"],\"inLanguage\":\"sv-SE\"},{\"@type\":\"WebPage\",\"@id\":\"https:\\\/\\\/www.sbhss.eu\\\/sv\\\/digitaliseringsarbetet-tar-konkreta-steg-framat\\\/\",\"url\":\"https:\\\/\\\/www.sbhss.eu\\\/sv\\\/digitaliseringsarbetet-tar-konkreta-steg-framat\\\/\",\"name\":\"Digitaliseringsarbetet tar konkreta steg fram\u00e5t - SBHSS\",\"isPartOf\":{\"@id\":\"https:\\\/\\\/www.sbhss.eu\\\/#website\"},\"primaryImageOfPage\":{\"@id\":\"https:\\\/\\\/www.sbhss.eu\\\/sv\\\/digitaliseringsarbetet-tar-konkreta-steg-framat\\\/#primaryimage\"},\"image\":{\"@id\":\"https:\\\/\\\/www.sbhss.eu\\\/sv\\\/digitaliseringsarbetet-tar-konkreta-steg-framat\\\/#primaryimage\"},\"thumbnailUrl\":\"https:\\\/\\\/www.sbhss.eu\\\/wp-content\\\/uploads\\\/2023\\\/03\\\/dig-scaled.jpg\",\"datePublished\":\"2023-03-31T11:44:17+00:00\",\"author\":{\"@id\":\"https:\\\/\\\/www.sbhss.eu\\\/#\\\/schema\\\/person\\\/1716714b80886aaae998abfba9811ea1\"},\"breadcrumb\":{\"@id\":\"https:\\\/\\\/www.sbhss.eu\\\/sv\\\/digitaliseringsarbetet-tar-konkreta-steg-framat\\\/#breadcrumb\"},\"inLanguage\":\"sv-SE\",\"potentialAction\":[{\"@type\":\"ReadAction\",\"target\":[\"https:\\\/\\\/www.sbhss.eu\\\/sv\\\/digitaliseringsarbetet-tar-konkreta-steg-framat\\\/\"]}]},{\"@type\":\"ImageObject\",\"inLanguage\":\"sv-SE\",\"@id\":\"https:\\\/\\\/www.sbhss.eu\\\/sv\\\/digitaliseringsarbetet-tar-konkreta-steg-framat\\\/#primaryimage\",\"url\":\"https:\\\/\\\/www.sbhss.eu\\\/wp-content\\\/uploads\\\/2023\\\/03\\\/dig-scaled.jpg\",\"contentUrl\":\"https:\\\/\\\/www.sbhss.eu\\\/wp-content\\\/uploads\\\/2023\\\/03\\\/dig-scaled.jpg\",\"width\":2560,\"height\":1373},{\"@type\":\"BreadcrumbList\",\"@id\":\"https:\\\/\\\/www.sbhss.eu\\\/sv\\\/digitaliseringsarbetet-tar-konkreta-steg-framat\\\/#breadcrumb\",\"itemListElement\":[{\"@type\":\"ListItem\",\"position\":1,\"name\":\"Hem\",\"item\":\"https:\\\/\\\/www.sbhss.eu\\\/sv\\\/\"},{\"@type\":\"ListItem\",\"position\":2,\"name\":\"Digitaliseringsarbetet tar konkreta steg fram\u00e5t\"}]},{\"@type\":\"WebSite\",\"@id\":\"https:\\\/\\\/www.sbhss.eu\\\/#website\",\"url\":\"https:\\\/\\\/www.sbhss.eu\\\/\",\"name\":\"SBHSS\",\"description\":\"\",\"potentialAction\":[{\"@type\":\"SearchAction\",\"target\":{\"@type\":\"EntryPoint\",\"urlTemplate\":\"https:\\\/\\\/www.sbhss.eu\\\/?s={search_term_string}\"},\"query-input\":{\"@type\":\"PropertyValueSpecification\",\"valueRequired\":true,\"valueName\":\"search_term_string\"}}],\"inLanguage\":\"sv-SE\"},{\"@type\":\"Person\",\"@id\":\"https:\\\/\\\/www.sbhss.eu\\\/#\\\/schema\\\/person\\\/1716714b80886aaae998abfba9811ea1\",\"name\":\"Fanny Gotesson\",\"image\":{\"@type\":\"ImageObject\",\"inLanguage\":\"sv-SE\",\"@id\":\"https:\\\/\\\/secure.gravatar.com\\\/avatar\\\/96b47d3158944efeb0c68b1dacc6c23758cd49e3a5c78b97838c779bfb8d84f7?s=96&d=mm&r=g\",\"url\":\"https:\\\/\\\/secure.gravatar.com\\\/avatar\\\/96b47d3158944efeb0c68b1dacc6c23758cd49e3a5c78b97838c779bfb8d84f7?s=96&d=mm&r=g\",\"contentUrl\":\"https:\\\/\\\/secure.gravatar.com\\\/avatar\\\/96b47d3158944efeb0c68b1dacc6c23758cd49e3a5c78b97838c779bfb8d84f7?s=96&d=mm&r=g\",\"caption\":\"Fanny Gotesson\"},\"url\":\"https:\\\/\\\/www.sbhss.eu\\\/sv\\\/author\\\/fanny-gotesson\\\/\"}]}<\/script>\n<!-- \/ Yoast SEO plugin. -->","yoast_head_json":{"title":"Digitaliseringsarbetet tar konkreta steg fram\u00e5t - SBHSS","robots":{"index":"index","follow":"follow","max-snippet":"max-snippet:-1","max-image-preview":"max-image-preview:large","max-video-preview":"max-video-preview:-1"},"canonical":"https:\/\/www.sbhss.eu\/sv\/digitaliseringsarbetet-tar-konkreta-steg-framat\/","og_locale":"sv_SE","og_type":"article","og_title":"Digitaliseringsarbetet tar konkreta steg fram\u00e5t - SBHSS","og_description":"Digitalisering \u00e4r ett h\u00f6gt prioriterat omr\u00e5de f\u00f6r EU som arbetar f\u00f6r att fr\u00e4mja ett uppkopplat och digitalt Europa. Brysselkontoret har tidigare skrivit om EU:s digitala omst\u00e4llning och kommer forts\u00e4tta bevaka de olika initiativ och lagf\u00f6rslag som ligger p\u00e5 EU:s bord.\u00a0 Bredbandsutbyggnad \u2013 Gigabit Infrastructure Act Nyligen har EU-kommissionen presenterat det nya f\u00f6rslaget Gigabit Infrastructure Act [&hellip;]","og_url":"https:\/\/www.sbhss.eu\/sv\/digitaliseringsarbetet-tar-konkreta-steg-framat\/","og_site_name":"SBHSS","article_published_time":"2023-03-31T11:44:17+00:00","og_image":[{"width":2560,"height":1373,"url":"https:\/\/www.sbhss.eu\/wp-content\/uploads\/2023\/03\/dig-scaled.jpg","type":"image\/jpeg"}],"author":"Fanny Gotesson","twitter_card":"summary_large_image","twitter_misc":{"Skriven av":"Fanny Gotesson","Ber\u00e4knad l\u00e4stid":"3 minuter"},"schema":{"@context":"https:\/\/schema.org","@graph":[{"@type":"Article","@id":"https:\/\/www.sbhss.eu\/sv\/digitaliseringsarbetet-tar-konkreta-steg-framat\/#article","isPartOf":{"@id":"https:\/\/www.sbhss.eu\/sv\/digitaliseringsarbetet-tar-konkreta-steg-framat\/"},"author":{"name":"Fanny Gotesson","@id":"https:\/\/www.sbhss.eu\/#\/schema\/person\/1716714b80886aaae998abfba9811ea1"},"headline":"Digitaliseringsarbetet tar konkreta steg fram\u00e5t","datePublished":"2023-03-31T11:44:17+00:00","mainEntityOfPage":{"@id":"https:\/\/www.sbhss.eu\/sv\/digitaliseringsarbetet-tar-konkreta-steg-framat\/"},"wordCount":523,"commentCount":0,"image":{"@id":"https:\/\/www.sbhss.eu\/sv\/digitaliseringsarbetet-tar-konkreta-steg-framat\/#primaryimage"},"thumbnailUrl":"https:\/\/www.sbhss.eu\/wp-content\/uploads\/2023\/03\/dig-scaled.jpg","articleSection":["Okategoriserad"],"inLanguage":"sv-SE"},{"@type":"WebPage","@id":"https:\/\/www.sbhss.eu\/sv\/digitaliseringsarbetet-tar-konkreta-steg-framat\/","url":"https:\/\/www.sbhss.eu\/sv\/digitaliseringsarbetet-tar-konkreta-steg-framat\/","name":"Digitaliseringsarbetet tar konkreta steg fram\u00e5t - SBHSS","isPartOf":{"@id":"https:\/\/www.sbhss.eu\/#website"},"primaryImageOfPage":{"@id":"https:\/\/www.sbhss.eu\/sv\/digitaliseringsarbetet-tar-konkreta-steg-framat\/#primaryimage"},"image":{"@id":"https:\/\/www.sbhss.eu\/sv\/digitaliseringsarbetet-tar-konkreta-steg-framat\/#primaryimage"},"thumbnailUrl":"https:\/\/www.sbhss.eu\/wp-content\/uploads\/2023\/03\/dig-scaled.jpg","datePublished":"2023-03-31T11:44:17+00:00","author":{"@id":"https:\/\/www.sbhss.eu\/#\/schema\/person\/1716714b80886aaae998abfba9811ea1"},"breadcrumb":{"@id":"https:\/\/www.sbhss.eu\/sv\/digitaliseringsarbetet-tar-konkreta-steg-framat\/#breadcrumb"},"inLanguage":"sv-SE","potentialAction":[{"@type":"ReadAction","target":["https:\/\/www.sbhss.eu\/sv\/digitaliseringsarbetet-tar-konkreta-steg-framat\/"]}]},{"@type":"ImageObject","inLanguage":"sv-SE","@id":"https:\/\/www.sbhss.eu\/sv\/digitaliseringsarbetet-tar-konkreta-steg-framat\/#primaryimage","url":"https:\/\/www.sbhss.eu\/wp-content\/uploads\/2023\/03\/dig-scaled.jpg","contentUrl":"https:\/\/www.sbhss.eu\/wp-content\/uploads\/2023\/03\/dig-scaled.jpg","width":2560,"height":1373},{"@type":"BreadcrumbList","@id":"https:\/\/www.sbhss.eu\/sv\/digitaliseringsarbetet-tar-konkreta-steg-framat\/#breadcrumb","itemListElement":[{"@type":"ListItem","position":1,"name":"Hem","item":"https:\/\/www.sbhss.eu\/sv\/"},{"@type":"ListItem","position":2,"name":"Digitaliseringsarbetet tar konkreta steg fram\u00e5t"}]},{"@type":"WebSite","@id":"https:\/\/www.sbhss.eu\/#website","url":"https:\/\/www.sbhss.eu\/","name":"SBHSS","description":"","potentialAction":[{"@type":"SearchAction","target":{"@type":"EntryPoint","urlTemplate":"https:\/\/www.sbhss.eu\/?s={search_term_string}"},"query-input":{"@type":"PropertyValueSpecification","valueRequired":true,"valueName":"search_term_string"}}],"inLanguage":"sv-SE"},{"@type":"Person","@id":"https:\/\/www.sbhss.eu\/#\/schema\/person\/1716714b80886aaae998abfba9811ea1","name":"Fanny Gotesson","image":{"@type":"ImageObject","inLanguage":"sv-SE","@id":"https:\/\/secure.gravatar.com\/avatar\/96b47d3158944efeb0c68b1dacc6c23758cd49e3a5c78b97838c779bfb8d84f7?s=96&d=mm&r=g","url":"https:\/\/secure.gravatar.com\/avatar\/96b47d3158944efeb0c68b1dacc6c23758cd49e3a5c78b97838c779bfb8d84f7?s=96&d=mm&r=g","contentUrl":"https:\/\/secure.gravatar.com\/avatar\/96b47d3158944efeb0c68b1dacc6c23758cd49e3a5c78b97838c779bfb8d84f7?s=96&d=mm&r=g","caption":"Fanny Gotesson"},"url":"https:\/\/www.sbhss.eu\/sv\/author\/fanny-gotesson\/"}]}},"_links":{"self":[{"href":"https:\/\/www.sbhss.eu\/sv\/wp-json\/wp\/v2\/posts\/4254","targetHints":{"allow":["GET"]}}],"collection":[{"href":"https:\/\/www.sbhss.eu\/sv\/wp-json\/wp\/v2\/posts"}],"about":[{"href":"https:\/\/www.sbhss.eu\/sv\/wp-json\/wp\/v2\/types\/post"}],"author":[{"embeddable":true,"href":"https:\/\/www.sbhss.eu\/sv\/wp-json\/wp\/v2\/users\/14"}],"replies":[{"embeddable":true,"href":"https:\/\/www.sbhss.eu\/sv\/wp-json\/wp\/v2\/comments?post=4254"}],"version-history":[{"count":8,"href":"https:\/\/www.sbhss.eu\/sv\/wp-json\/wp\/v2\/posts\/4254\/revisions"}],"predecessor-version":[{"id":4265,"href":"https:\/\/www.sbhss.eu\/sv\/wp-json\/wp\/v2\/posts\/4254\/revisions\/4265"}],"wp:featuredmedia":[{"embeddable":true,"href":"https:\/\/www.sbhss.eu\/sv\/wp-json\/wp\/v2\/media\/4256"}],"wp:attachment":[{"href":"https:\/\/www.sbhss.eu\/sv\/wp-json\/wp\/v2\/media?parent=4254"}],"wp:term":[{"taxonomy":"category","embeddable":true,"href":"https:\/\/www.sbhss.eu\/sv\/wp-json\/wp\/v2\/categories?post=4254"},{"taxonomy":"post_tag","embeddable":true,"href":"https:\/\/www.sbhss.eu\/sv\/wp-json\/wp\/v2\/tags?post=4254"}],"curies":[{"name":"wp","href":"https:\/\/api.w.org\/{rel}","templated":true}]}}