{"id":4390,"date":"2023-04-21T08:22:39","date_gmt":"2023-04-21T08:22:39","guid":{"rendered":"https:\/\/www.sbhss.eu\/?p=4390"},"modified":"2023-04-21T08:25:22","modified_gmt":"2023-04-21T08:25:22","slug":"digitalisering-fran-regionen-till-eu-kommissionen-och-tillbaka-igen","status":"publish","type":"post","link":"https:\/\/www.sbhss.eu\/sv\/digitalisering-fran-regionen-till-eu-kommissionen-och-tillbaka-igen\/","title":{"rendered":"Digitalisering: Fr\u00e5n regionen till Europeiska unionen"},"content":{"rendered":"<p><strong>Fr\u00e5n en presentation om EU:s och Brysselkontorets arbete inom digitalisering p\u00e5 en n\u00e4tverkstr\u00e4ff i Stockholm, till ett flerdagars bes\u00f6k i hj\u00e4rtat av EU. Brysselkontoret fick \u00e4ran att koordinera ett tv\u00e5dagarsbes\u00f6k f\u00f6r det nationella n\u00e4tverket f\u00f6r regionala digitaliseringskoordinatorer, tillsammans med Tillv\u00e4xtverket och andra regionala Brysselkontor. Digitaliseringskoordinatorerna arbetar f\u00f6r att digitaliseringens m\u00f6jligheter ska nyttjas b\u00e4ttre i regionerna, med m\u00e5let att bidra till samverkan mellan relevanta akt\u00f6rer och regional utveckling. Under bes\u00f6ket i Bryssel fick digitaliseringskollegorna fr\u00e5n v\u00e5ra regioner in rej\u00e4l inblick i EU:s arbete med digitalisering, och vilka m\u00f6jligheter som erbjuds f\u00f6r att driva p\u00e5 den digitala utvecklingen i regionerna.<\/strong><\/p>\n<p><strong>EU:s fokus p\u00e5 den (gr\u00f6na och) digitala omst\u00e4llningen<\/strong><\/p>\n<p>EU-kommissionen har utn\u00e4mnt \u00e5ren fram till 2030 som EU:s digitala decennium och pekar p\u00e5 behovet av genomgripande samh\u00e4llsomst\u00e4llningar. Under Covid-pandemin uppm\u00e4rksammades inte bara m\u00f6jligheterna med digitaliseringen f\u00f6r att kunna st\u00e4lla om arbete, studier och andra engagemang till virtuellt format, utan \u00e4ven utmaningarna f\u00f6r att kunna genomf\u00f6ra den digitala omst\u00e4llningen. Dessa utmaningar st\u00e4ller h\u00f6ga krav p\u00e5 utbyggnad av digital infrastruktur, digitala kompetenser, cybers\u00e4kerhet, datadelning och AI f\u00f6r den regionala utvecklingen, i synnerhet d\u00e5 de \u00e4r sektors\u00f6verskridande, vilket kr\u00e4ver koordinering av b\u00e5de akt\u00f6rer och resurser.<\/p>\n<p>Att EU:s arbete p\u00e5verkar regionerna i Sverige \u00e4r ett faktum. Detta m\u00e4rks inte minst n\u00e4r lagf\u00f6rslagen landar p\u00e5 bordet hos tj\u00e4nstepersonen efter det klubbats igenom och ska g\u00e4lla i praktiken. Medvetenheten om behovet f\u00f6r regionala akt\u00f6rer att p\u00e5verka EU:s lagstiftningar redan tidigt i lagstiftningsprocessen har successivt \u00f6kat. Dessutom efterfr\u00e5gar EU-kommissionen (som tar fram lagf\u00f6rslagen) regioners synpunkter i fr\u00e5gorna, vilket har tydligt visats under bes\u00f6ket.<\/p>\n<p><strong><img loading=\"lazy\" decoding=\"async\" class=\"size-medium wp-image-4394 alignleft\" src=\"https:\/\/www.sbhss.eu\/wp-content\/uploads\/2023\/04\/besok-016-169x300.jpg\" alt=\"\" width=\"169\" height=\"300\" \/><\/strong><\/p>\n<p>Hur kan vi \u00f6ka regionernas delaktighet och deltagande i EU:s process f\u00f6r beslutsfattning och de m\u00f6jligheter som erbjuds inom digitalisering fr\u00e5n EU? Tillsammans med att fr\u00e5gan v\u00e4cktes kom \u00e4ven inbjudan f\u00f6r Sm\u00e5land-Blekinge-Hallands Brysselkontor att delta i ett m\u00f6te i Stockholm tillsammans med det nationella n\u00e4tverket f\u00f6r digitaliseringskoordinatorer som leds av Tillv\u00e4xtverket. D\u00e4r v\u00e4cktes inte bara intresset av att l\u00e4ra sig mer om hur EU p\u00e5verkar digitalisering i allm\u00e4nhet, utan \u00e4ven intresset av att ha n\u00e4sta nationella n\u00e4tverksm\u00f6te p\u00e5 plats i hj\u00e4rtat av EU f\u00f6r att med egna \u00f6gon f\u00e5 se arbetet som p\u00e5g\u00e5r och tr\u00e4ffa personerna bakom EU-initiativen.<\/p>\n<p><strong>Fr\u00e5n en presentation om hur Brysselkontoren arbetar med digitaliseringsfr\u00e5gan i EU till ett flerdagarsbes\u00f6k i EU:s h\u00f6gkvarter <\/strong><\/p>\n<p>F\u00f6r\u00a0 att kunna arbeta fram l\u00f6sningar till utmaningarna med digitaliseringen, likv\u00e4l som f\u00f6r att ta del av de m\u00f6jligheter som digitaliseringen f\u00f6r med sig, kr\u00e4vs koordinering av akt\u00f6rer. Ett praktexempel p\u00e5 denna koordinering \u00e4r det nationella n\u00e4tverket f\u00f6r regionala digitaliseringskoordinatorer som tillsammans med andra digitaliseringskollegor m\u00f6tte representanter fr\u00e5n EU med det gemensamma m\u00e5let att utveckla den digitala transformationen. Med en upplevd \u00a0fr\u00e5nvarande styrning och strategi f\u00f6r den digitala transformationen fr\u00e5n nationellt h\u00e5ll, har EU:s drivande roll i utvecklingen av digitalisering konstaterats allt viktigare \u00e4ven f\u00f6r omst\u00e4llningen i v\u00e5ra regioner, vilket blev \u00e4n tydligare under bes\u00f6ket i Bryssel.<\/p>\n<p><img loading=\"lazy\" decoding=\"async\" class=\" wp-image-4409 aligncenter\" src=\"https:\/\/www.sbhss.eu\/wp-content\/uploads\/2023\/04\/utanfor-dg-cnect-300x225.jpg\" alt=\"\" width=\"560\" height=\"420\" \/><\/p>\n<p>P\u00e5 plats i Bryssel har det digitala n\u00e4tverket f\u00e5tt en rej\u00e4l introduktion om allt fr\u00e5n EU:s beslutsprocesser, samarbets- och finansieringsm\u00f6jligheter till hur finska Tammerfors har anv\u00e4nt sig av EU:s digitala kompass i regionen. Fr\u00e5n SBHSS deltog Region Blekinge, Region Halland och Region Kalmar med representation fr\u00e5n koordinatorer inom b\u00e5de digitalisering och bredband.<\/p>\n<p><img loading=\"lazy\" decoding=\"async\" class=\"wp-image-4404 aligncenter\" src=\"https:\/\/www.sbhss.eu\/wp-content\/uploads\/2023\/04\/besok-ep-300x225.jpg\" alt=\"\" width=\"555\" height=\"416\" \/><\/p>\n<p><strong>Vad har bes\u00f6karna f\u00e5tt l\u00e4ra sig?<\/strong><\/p>\n<p>Dag ett under bes\u00f6ket bestod av en mer strategisk och generell utg\u00e5ngspunkt med inslag av en \u00e5terblick i hur Europeiska unionen kom till, policyprocessens delar i EU:s beslutsfattande, samt hur Europaparlamentets roll ser ut och fungerar i praktiken. Ett bes\u00f6k p\u00e5 kommissionens avdelning f\u00f6r digitalisering gav \u00e4ven en inblick i EU:s arbete med <a href=\"https:\/\/commission.europa.eu\/strategy-and-policy\/priorities-2019-2024\/europe-fit-digital-age\/europes-digital-decade-digital-targets-2030_sv\">EU:s digitala decennium<\/a> och dess tillh\u00f6rande m\u00e5l som den digitala kompassen ska hj\u00e4lpa till att n\u00e5, samt presenterades aktuella initiativ f\u00f6r regioner. En rad EU-lagstiftningar n\u00e4mndes och <a href=\"https:\/\/www.sbhss.eu\/sv\/vara-regioners-roll-i-eus-digitala-omstallning-del-1-policy\/\">Brysselkontoret har informerat om ett urval av dessa<\/a> med relevans f\u00f6r v\u00e5ra regioner. F\u00f6rutom <a href=\"https:\/\/www.sbhss.eu\/sv\/vara-regioners-roll-i-eus-digitala-omstallning-del-2-europeiska-samarbetsmojligheter\/\">Living-in.EU som vi tidigare skrivit om<\/a> p\u00e5 v\u00e5r hemsida, n\u00e4mndes \u00e4ven en rad andra hj\u00e4lpmedel och m\u00f6jligheter f\u00f6r regionerna. Under det interna diskussionstillf\u00e4llet \u00e5terkom ansvarsfr\u00e5gan, genom den nationella passivitet som uppm\u00e4rksammades och d\u00e4rmed vikten av EU-niv\u00e5n d\u00e5 den digitala implementeringen g\u00e5r fortare tack vare att EU tar t\u00e4ten.<\/p>\n<p><img loading=\"lazy\" decoding=\"async\" class=\"wp-image-4398 aligncenter\" src=\"https:\/\/www.sbhss.eu\/wp-content\/uploads\/2023\/04\/pa-dg-cnect-300x225.jpg\" alt=\"\" width=\"526\" height=\"395\" \/><\/p>\n<p>Under dag tv\u00e5 fortsatte bes\u00f6ken till EU-kommissionens digitala generaldirektorat DG CNECT, men med fokuset p\u00e5 de specifika initiativen <em>Europeiska digitala innovationshubbar EDIH<\/em>, vilket flera av <a href=\"https:\/\/www.sbhss.eu\/sv\/aktorer-fran-vara-lan-beviljades-att-bli-en-europeisk-innovationshubb\/\">Sm\u00e5land-Blekinge-Hallands akt\u00f6rer \u00e4r involverade<\/a> i och <em>Programmet f\u00f6r ett digitalt Europa<\/em>, <a href=\"https:\/\/www.sbhss.eu\/sv\/vara-regioners-roll-i-eus-digitala-omstallning-del-3-finansiering\/\">som Brysselkontoret informerat om h\u00e4r<\/a>, d\u00e4r det finns finansieringsm\u00f6jligheter f\u00f6r projekt f\u00f6r kapacitetsbyggnad inom digitalisering.<\/p>\n<p><strong>Den digitala kompassen som st\u00e4ndigt tema<\/strong><\/p>\n<p>F\u00f6rutom att den digitala kompassen n\u00e4mndes i varje presentation i m\u00f6tena med DG CNECT, inrymdes den \u00e4ven i en dedikerad del av bes\u00f6ksprogrammet genom en presentation av finska regionen Tammerfors som ber\u00e4ttade om hur de anv\u00e4nder sig av den digitala kompassen i regionen. Intresset f\u00f6r den digitala kompassen \u00e4r stort bland de olika regionerna, vilket det inte minst gjordes uttryck f\u00f6r i den avslutande diskussionen.<\/p>\n<p><strong>Slutsatser fr\u00e5n Brysselbes\u00f6ket<\/strong><\/p>\n<p>Brysselbes\u00f6ket avslutades med en diskussion kring de nya l\u00e4rdomarna och reflektioner fr\u00e5n bes\u00f6kets delar. Framf\u00f6r allt fanns det ett brett intresse av att anv\u00e4nda sig av den digitala kompassen f\u00f6r de regionala digitaliseringsstrategierna, kanske \u00e4ven i Regionala utvecklingsstrategin hos vissa regioner. Om regionerna skulle ta t\u00e4ten eller inv\u00e4nta den nationella regeringen r\u00e5dde det olika \u00e5sikter om mellan regionerna, men medskicket fr\u00e5n Tammerfors var att influera, snarare \u00e4n att inv\u00e4nta, v\u00e5r nationella ledning i digitaliseringsfr\u00e5gan.<\/p>\n<p>F\u00f6rutom det \u00e5terkommande temat kring den digitala kompassen uttrycktes \u00e4ven ett stort intresse av att \u00f6ka anv\u00e4ndning av Programmet f\u00f6r ett digitalt Europa bland deltagarna f\u00f6r digitaliseringsprojekt i de svenska regionerna. En annan reflektion var hur tillg\u00e4nglig och inbjudande EU-kommissionen \u00e4r och vikten med v\u00e5ra regioners positionering i EU. Slutligen var vikten att p\u00e5verka lagf\u00f6rslag tidigt i lagstiftningsprocessen innan regeringens remiss ligger p\u00e5 bordet en av de tydligaste slutsatserna fr\u00e5n bes\u00f6ket.<\/p>\n<p>Nu \u00e5terst\u00e5r fr\u00e5gan \u2013 vad blir n\u00e4sta steg?<\/p>\n","protected":false},"excerpt":{"rendered":"<p>Fr\u00e5n en presentation om EU:s och Brysselkontorets arbete inom digitalisering p\u00e5 en n\u00e4tverkstr\u00e4ff i Stockholm, till ett flerdagars bes\u00f6k i hj\u00e4rtat av EU. Brysselkontoret fick \u00e4ran att koordinera ett tv\u00e5dagarsbes\u00f6k f\u00f6r det nationella n\u00e4tverket f\u00f6r regionala digitaliseringskoordinatorer, tillsammans med Tillv\u00e4xtverket och andra regionala Brysselkontor. Digitaliseringskoordinatorerna arbetar f\u00f6r att digitaliseringens m\u00f6jligheter ska nyttjas b\u00e4ttre i regionerna, [&hellip;]<\/p>\n","protected":false},"author":7,"featured_media":4404,"comment_status":"open","ping_status":"open","sticky":false,"template":"","format":"standard","meta":{"_acf_changed":false,"footnotes":""},"categories":[3],"tags":[],"class_list":["post-4390","post","type-post","status-publish","format-standard","has-post-thumbnail","hentry","category-okategoriserad"],"acf":[],"yoast_head":"<!-- This site is optimized with the Yoast SEO plugin v27.5 - https:\/\/yoast.com\/product\/yoast-seo-wordpress\/ -->\n<title>Digitalisering: Fr\u00e5n regionen till Europeiska unionen - SBHSS<\/title>\n<meta name=\"robots\" content=\"index, follow, max-snippet:-1, max-image-preview:large, max-video-preview:-1\" \/>\n<link rel=\"canonical\" href=\"https:\/\/www.sbhss.eu\/sv\/digitalisering-fran-regionen-till-eu-kommissionen-och-tillbaka-igen\/\" \/>\n<meta property=\"og:locale\" content=\"sv_SE\" \/>\n<meta property=\"og:type\" content=\"article\" \/>\n<meta property=\"og:title\" content=\"Digitalisering: Fr\u00e5n regionen till Europeiska unionen - SBHSS\" \/>\n<meta property=\"og:description\" content=\"Fr\u00e5n en presentation om EU:s och Brysselkontorets arbete inom digitalisering p\u00e5 en n\u00e4tverkstr\u00e4ff i Stockholm, till ett flerdagars bes\u00f6k i hj\u00e4rtat av EU. Brysselkontoret fick \u00e4ran att koordinera ett tv\u00e5dagarsbes\u00f6k f\u00f6r det nationella n\u00e4tverket f\u00f6r regionala digitaliseringskoordinatorer, tillsammans med Tillv\u00e4xtverket och andra regionala Brysselkontor. Digitaliseringskoordinatorerna arbetar f\u00f6r att digitaliseringens m\u00f6jligheter ska nyttjas b\u00e4ttre i regionerna, [&hellip;]\" \/>\n<meta property=\"og:url\" content=\"https:\/\/www.sbhss.eu\/sv\/digitalisering-fran-regionen-till-eu-kommissionen-och-tillbaka-igen\/\" \/>\n<meta property=\"og:site_name\" content=\"SBHSS\" \/>\n<meta property=\"article:published_time\" content=\"2023-04-21T08:22:39+00:00\" \/>\n<meta property=\"article:modified_time\" content=\"2023-04-21T08:25:22+00:00\" \/>\n<meta property=\"og:image\" content=\"https:\/\/www.sbhss.eu\/wp-content\/uploads\/2023\/04\/besok-ep.jpg\" \/>\n\t<meta property=\"og:image:width\" content=\"2420\" \/>\n\t<meta property=\"og:image:height\" content=\"1816\" \/>\n\t<meta property=\"og:image:type\" content=\"image\/jpeg\" \/>\n<meta name=\"author\" content=\"Sandra Jansson\" \/>\n<meta name=\"twitter:card\" content=\"summary_large_image\" \/>\n<meta name=\"twitter:label1\" content=\"Skriven av\" \/>\n\t<meta name=\"twitter:data1\" content=\"Sandra Jansson\" \/>\n\t<meta name=\"twitter:label2\" content=\"Ber\u00e4knad l\u00e4stid\" \/>\n\t<meta name=\"twitter:data2\" content=\"5 minuter\" \/>\n<script type=\"application\/ld+json\" class=\"yoast-schema-graph\">{\"@context\":\"https:\\\/\\\/schema.org\",\"@graph\":[{\"@type\":\"Article\",\"@id\":\"https:\\\/\\\/www.sbhss.eu\\\/sv\\\/digitalisering-fran-regionen-till-eu-kommissionen-och-tillbaka-igen\\\/#article\",\"isPartOf\":{\"@id\":\"https:\\\/\\\/www.sbhss.eu\\\/sv\\\/digitalisering-fran-regionen-till-eu-kommissionen-och-tillbaka-igen\\\/\"},\"author\":{\"name\":\"Sandra Jansson\",\"@id\":\"https:\\\/\\\/www.sbhss.eu\\\/#\\\/schema\\\/person\\\/58301e9522a8417fbf39f806a07de64d\"},\"headline\":\"Digitalisering: Fr\u00e5n regionen till Europeiska unionen\",\"datePublished\":\"2023-04-21T08:22:39+00:00\",\"dateModified\":\"2023-04-21T08:25:22+00:00\",\"mainEntityOfPage\":{\"@id\":\"https:\\\/\\\/www.sbhss.eu\\\/sv\\\/digitalisering-fran-regionen-till-eu-kommissionen-och-tillbaka-igen\\\/\"},\"wordCount\":1150,\"commentCount\":0,\"image\":{\"@id\":\"https:\\\/\\\/www.sbhss.eu\\\/sv\\\/digitalisering-fran-regionen-till-eu-kommissionen-och-tillbaka-igen\\\/#primaryimage\"},\"thumbnailUrl\":\"https:\\\/\\\/www.sbhss.eu\\\/wp-content\\\/uploads\\\/2023\\\/04\\\/besok-ep.jpg\",\"articleSection\":[\"Okategoriserad\"],\"inLanguage\":\"sv-SE\"},{\"@type\":\"WebPage\",\"@id\":\"https:\\\/\\\/www.sbhss.eu\\\/sv\\\/digitalisering-fran-regionen-till-eu-kommissionen-och-tillbaka-igen\\\/\",\"url\":\"https:\\\/\\\/www.sbhss.eu\\\/sv\\\/digitalisering-fran-regionen-till-eu-kommissionen-och-tillbaka-igen\\\/\",\"name\":\"Digitalisering: Fr\u00e5n regionen till Europeiska unionen - SBHSS\",\"isPartOf\":{\"@id\":\"https:\\\/\\\/www.sbhss.eu\\\/#website\"},\"primaryImageOfPage\":{\"@id\":\"https:\\\/\\\/www.sbhss.eu\\\/sv\\\/digitalisering-fran-regionen-till-eu-kommissionen-och-tillbaka-igen\\\/#primaryimage\"},\"image\":{\"@id\":\"https:\\\/\\\/www.sbhss.eu\\\/sv\\\/digitalisering-fran-regionen-till-eu-kommissionen-och-tillbaka-igen\\\/#primaryimage\"},\"thumbnailUrl\":\"https:\\\/\\\/www.sbhss.eu\\\/wp-content\\\/uploads\\\/2023\\\/04\\\/besok-ep.jpg\",\"datePublished\":\"2023-04-21T08:22:39+00:00\",\"dateModified\":\"2023-04-21T08:25:22+00:00\",\"author\":{\"@id\":\"https:\\\/\\\/www.sbhss.eu\\\/#\\\/schema\\\/person\\\/58301e9522a8417fbf39f806a07de64d\"},\"breadcrumb\":{\"@id\":\"https:\\\/\\\/www.sbhss.eu\\\/sv\\\/digitalisering-fran-regionen-till-eu-kommissionen-och-tillbaka-igen\\\/#breadcrumb\"},\"inLanguage\":\"sv-SE\",\"potentialAction\":[{\"@type\":\"ReadAction\",\"target\":[\"https:\\\/\\\/www.sbhss.eu\\\/sv\\\/digitalisering-fran-regionen-till-eu-kommissionen-och-tillbaka-igen\\\/\"]}]},{\"@type\":\"ImageObject\",\"inLanguage\":\"sv-SE\",\"@id\":\"https:\\\/\\\/www.sbhss.eu\\\/sv\\\/digitalisering-fran-regionen-till-eu-kommissionen-och-tillbaka-igen\\\/#primaryimage\",\"url\":\"https:\\\/\\\/www.sbhss.eu\\\/wp-content\\\/uploads\\\/2023\\\/04\\\/besok-ep.jpg\",\"contentUrl\":\"https:\\\/\\\/www.sbhss.eu\\\/wp-content\\\/uploads\\\/2023\\\/04\\\/besok-ep.jpg\",\"width\":2420,\"height\":1816},{\"@type\":\"BreadcrumbList\",\"@id\":\"https:\\\/\\\/www.sbhss.eu\\\/sv\\\/digitalisering-fran-regionen-till-eu-kommissionen-och-tillbaka-igen\\\/#breadcrumb\",\"itemListElement\":[{\"@type\":\"ListItem\",\"position\":1,\"name\":\"Hem\",\"item\":\"https:\\\/\\\/www.sbhss.eu\\\/sv\\\/\"},{\"@type\":\"ListItem\",\"position\":2,\"name\":\"Digitalisering: Fr\u00e5n regionen till Europeiska unionen\"}]},{\"@type\":\"WebSite\",\"@id\":\"https:\\\/\\\/www.sbhss.eu\\\/#website\",\"url\":\"https:\\\/\\\/www.sbhss.eu\\\/\",\"name\":\"SBHSS\",\"description\":\"\",\"potentialAction\":[{\"@type\":\"SearchAction\",\"target\":{\"@type\":\"EntryPoint\",\"urlTemplate\":\"https:\\\/\\\/www.sbhss.eu\\\/?s={search_term_string}\"},\"query-input\":{\"@type\":\"PropertyValueSpecification\",\"valueRequired\":true,\"valueName\":\"search_term_string\"}}],\"inLanguage\":\"sv-SE\"},{\"@type\":\"Person\",\"@id\":\"https:\\\/\\\/www.sbhss.eu\\\/#\\\/schema\\\/person\\\/58301e9522a8417fbf39f806a07de64d\",\"name\":\"Sandra Jansson\",\"image\":{\"@type\":\"ImageObject\",\"inLanguage\":\"sv-SE\",\"@id\":\"https:\\\/\\\/secure.gravatar.com\\\/avatar\\\/593308a958ef3dfc490e55bed7de57ffe74feb376c4c2096f406e2dfad6b039a?s=96&d=mm&r=g\",\"url\":\"https:\\\/\\\/secure.gravatar.com\\\/avatar\\\/593308a958ef3dfc490e55bed7de57ffe74feb376c4c2096f406e2dfad6b039a?s=96&d=mm&r=g\",\"contentUrl\":\"https:\\\/\\\/secure.gravatar.com\\\/avatar\\\/593308a958ef3dfc490e55bed7de57ffe74feb376c4c2096f406e2dfad6b039a?s=96&d=mm&r=g\",\"caption\":\"Sandra Jansson\"},\"url\":\"https:\\\/\\\/www.sbhss.eu\\\/sv\\\/author\\\/sandra-janssonsbhss-eu\\\/\"}]}<\/script>\n<!-- \/ Yoast SEO plugin. -->","yoast_head_json":{"title":"Digitalisering: Fr\u00e5n regionen till Europeiska unionen - SBHSS","robots":{"index":"index","follow":"follow","max-snippet":"max-snippet:-1","max-image-preview":"max-image-preview:large","max-video-preview":"max-video-preview:-1"},"canonical":"https:\/\/www.sbhss.eu\/sv\/digitalisering-fran-regionen-till-eu-kommissionen-och-tillbaka-igen\/","og_locale":"sv_SE","og_type":"article","og_title":"Digitalisering: Fr\u00e5n regionen till Europeiska unionen - SBHSS","og_description":"Fr\u00e5n en presentation om EU:s och Brysselkontorets arbete inom digitalisering p\u00e5 en n\u00e4tverkstr\u00e4ff i Stockholm, till ett flerdagars bes\u00f6k i hj\u00e4rtat av EU. Brysselkontoret fick \u00e4ran att koordinera ett tv\u00e5dagarsbes\u00f6k f\u00f6r det nationella n\u00e4tverket f\u00f6r regionala digitaliseringskoordinatorer, tillsammans med Tillv\u00e4xtverket och andra regionala Brysselkontor. Digitaliseringskoordinatorerna arbetar f\u00f6r att digitaliseringens m\u00f6jligheter ska nyttjas b\u00e4ttre i regionerna, [&hellip;]","og_url":"https:\/\/www.sbhss.eu\/sv\/digitalisering-fran-regionen-till-eu-kommissionen-och-tillbaka-igen\/","og_site_name":"SBHSS","article_published_time":"2023-04-21T08:22:39+00:00","article_modified_time":"2023-04-21T08:25:22+00:00","og_image":[{"width":2420,"height":1816,"url":"https:\/\/www.sbhss.eu\/wp-content\/uploads\/2023\/04\/besok-ep.jpg","type":"image\/jpeg"}],"author":"Sandra Jansson","twitter_card":"summary_large_image","twitter_misc":{"Skriven av":"Sandra Jansson","Ber\u00e4knad l\u00e4stid":"5 minuter"},"schema":{"@context":"https:\/\/schema.org","@graph":[{"@type":"Article","@id":"https:\/\/www.sbhss.eu\/sv\/digitalisering-fran-regionen-till-eu-kommissionen-och-tillbaka-igen\/#article","isPartOf":{"@id":"https:\/\/www.sbhss.eu\/sv\/digitalisering-fran-regionen-till-eu-kommissionen-och-tillbaka-igen\/"},"author":{"name":"Sandra Jansson","@id":"https:\/\/www.sbhss.eu\/#\/schema\/person\/58301e9522a8417fbf39f806a07de64d"},"headline":"Digitalisering: Fr\u00e5n regionen till Europeiska unionen","datePublished":"2023-04-21T08:22:39+00:00","dateModified":"2023-04-21T08:25:22+00:00","mainEntityOfPage":{"@id":"https:\/\/www.sbhss.eu\/sv\/digitalisering-fran-regionen-till-eu-kommissionen-och-tillbaka-igen\/"},"wordCount":1150,"commentCount":0,"image":{"@id":"https:\/\/www.sbhss.eu\/sv\/digitalisering-fran-regionen-till-eu-kommissionen-och-tillbaka-igen\/#primaryimage"},"thumbnailUrl":"https:\/\/www.sbhss.eu\/wp-content\/uploads\/2023\/04\/besok-ep.jpg","articleSection":["Okategoriserad"],"inLanguage":"sv-SE"},{"@type":"WebPage","@id":"https:\/\/www.sbhss.eu\/sv\/digitalisering-fran-regionen-till-eu-kommissionen-och-tillbaka-igen\/","url":"https:\/\/www.sbhss.eu\/sv\/digitalisering-fran-regionen-till-eu-kommissionen-och-tillbaka-igen\/","name":"Digitalisering: Fr\u00e5n regionen till Europeiska unionen - SBHSS","isPartOf":{"@id":"https:\/\/www.sbhss.eu\/#website"},"primaryImageOfPage":{"@id":"https:\/\/www.sbhss.eu\/sv\/digitalisering-fran-regionen-till-eu-kommissionen-och-tillbaka-igen\/#primaryimage"},"image":{"@id":"https:\/\/www.sbhss.eu\/sv\/digitalisering-fran-regionen-till-eu-kommissionen-och-tillbaka-igen\/#primaryimage"},"thumbnailUrl":"https:\/\/www.sbhss.eu\/wp-content\/uploads\/2023\/04\/besok-ep.jpg","datePublished":"2023-04-21T08:22:39+00:00","dateModified":"2023-04-21T08:25:22+00:00","author":{"@id":"https:\/\/www.sbhss.eu\/#\/schema\/person\/58301e9522a8417fbf39f806a07de64d"},"breadcrumb":{"@id":"https:\/\/www.sbhss.eu\/sv\/digitalisering-fran-regionen-till-eu-kommissionen-och-tillbaka-igen\/#breadcrumb"},"inLanguage":"sv-SE","potentialAction":[{"@type":"ReadAction","target":["https:\/\/www.sbhss.eu\/sv\/digitalisering-fran-regionen-till-eu-kommissionen-och-tillbaka-igen\/"]}]},{"@type":"ImageObject","inLanguage":"sv-SE","@id":"https:\/\/www.sbhss.eu\/sv\/digitalisering-fran-regionen-till-eu-kommissionen-och-tillbaka-igen\/#primaryimage","url":"https:\/\/www.sbhss.eu\/wp-content\/uploads\/2023\/04\/besok-ep.jpg","contentUrl":"https:\/\/www.sbhss.eu\/wp-content\/uploads\/2023\/04\/besok-ep.jpg","width":2420,"height":1816},{"@type":"BreadcrumbList","@id":"https:\/\/www.sbhss.eu\/sv\/digitalisering-fran-regionen-till-eu-kommissionen-och-tillbaka-igen\/#breadcrumb","itemListElement":[{"@type":"ListItem","position":1,"name":"Hem","item":"https:\/\/www.sbhss.eu\/sv\/"},{"@type":"ListItem","position":2,"name":"Digitalisering: Fr\u00e5n regionen till Europeiska unionen"}]},{"@type":"WebSite","@id":"https:\/\/www.sbhss.eu\/#website","url":"https:\/\/www.sbhss.eu\/","name":"SBHSS","description":"","potentialAction":[{"@type":"SearchAction","target":{"@type":"EntryPoint","urlTemplate":"https:\/\/www.sbhss.eu\/?s={search_term_string}"},"query-input":{"@type":"PropertyValueSpecification","valueRequired":true,"valueName":"search_term_string"}}],"inLanguage":"sv-SE"},{"@type":"Person","@id":"https:\/\/www.sbhss.eu\/#\/schema\/person\/58301e9522a8417fbf39f806a07de64d","name":"Sandra Jansson","image":{"@type":"ImageObject","inLanguage":"sv-SE","@id":"https:\/\/secure.gravatar.com\/avatar\/593308a958ef3dfc490e55bed7de57ffe74feb376c4c2096f406e2dfad6b039a?s=96&d=mm&r=g","url":"https:\/\/secure.gravatar.com\/avatar\/593308a958ef3dfc490e55bed7de57ffe74feb376c4c2096f406e2dfad6b039a?s=96&d=mm&r=g","contentUrl":"https:\/\/secure.gravatar.com\/avatar\/593308a958ef3dfc490e55bed7de57ffe74feb376c4c2096f406e2dfad6b039a?s=96&d=mm&r=g","caption":"Sandra Jansson"},"url":"https:\/\/www.sbhss.eu\/sv\/author\/sandra-janssonsbhss-eu\/"}]}},"_links":{"self":[{"href":"https:\/\/www.sbhss.eu\/sv\/wp-json\/wp\/v2\/posts\/4390","targetHints":{"allow":["GET"]}}],"collection":[{"href":"https:\/\/www.sbhss.eu\/sv\/wp-json\/wp\/v2\/posts"}],"about":[{"href":"https:\/\/www.sbhss.eu\/sv\/wp-json\/wp\/v2\/types\/post"}],"author":[{"embeddable":true,"href":"https:\/\/www.sbhss.eu\/sv\/wp-json\/wp\/v2\/users\/7"}],"replies":[{"embeddable":true,"href":"https:\/\/www.sbhss.eu\/sv\/wp-json\/wp\/v2\/comments?post=4390"}],"version-history":[{"count":10,"href":"https:\/\/www.sbhss.eu\/sv\/wp-json\/wp\/v2\/posts\/4390\/revisions"}],"predecessor-version":[{"id":4414,"href":"https:\/\/www.sbhss.eu\/sv\/wp-json\/wp\/v2\/posts\/4390\/revisions\/4414"}],"wp:featuredmedia":[{"embeddable":true,"href":"https:\/\/www.sbhss.eu\/sv\/wp-json\/wp\/v2\/media\/4404"}],"wp:attachment":[{"href":"https:\/\/www.sbhss.eu\/sv\/wp-json\/wp\/v2\/media?parent=4390"}],"wp:term":[{"taxonomy":"category","embeddable":true,"href":"https:\/\/www.sbhss.eu\/sv\/wp-json\/wp\/v2\/categories?post=4390"},{"taxonomy":"post_tag","embeddable":true,"href":"https:\/\/www.sbhss.eu\/sv\/wp-json\/wp\/v2\/tags?post=4390"}],"curies":[{"name":"wp","href":"https:\/\/api.w.org\/{rel}","templated":true}]}}