{"id":4451,"date":"2023-04-28T08:50:30","date_gmt":"2023-04-28T08:50:30","guid":{"rendered":"https:\/\/www.sbhss.eu\/?p=4451"},"modified":"2023-04-28T08:51:38","modified_gmt":"2023-04-28T08:51:38","slug":"digital-utbildning-pa-agendan-inom-europaaret-for-kompetens-2023","status":"publish","type":"post","link":"https:\/\/www.sbhss.eu\/sv\/digital-utbildning-pa-agendan-inom-europaaret-for-kompetens-2023\/","title":{"rendered":"Digital utbildning p\u00e5 agendan inom Europa\u00e5ret f\u00f6r kompetens 2023!"},"content":{"rendered":"<p>F\u00f6rra veckan antog EU-kommissionen tv\u00e5 f\u00f6rslag till rekommendation inom ramen f\u00f6r <a href=\"https:\/\/www.sbhss.eu\/sv\/2023-blir-kunskapens-ar\/\"><em>Europa\u00e5ret f\u00f6r kompetens<\/em><\/a> d\u00e4r syftet \u00e4r att st\u00f6dja EU:s medlemsstater och utbildningssektorer f\u00f6r att kunna erbjuda inkluderande och tillg\u00e4nglig digital utbildning av god kvalitet till alla europ\u00e9er och utveckla digitala f\u00e4rdigheter inom EU. F\u00f6rslagen behandlar tv\u00e5 utmaningar: avsaknaden av ett myndighets\u00f6vergripande tillv\u00e4gag\u00e5ngss\u00e4tt f\u00f6r digital utbildning och sv\u00e5righeter med digital kompetensf\u00f6rs\u00f6rjning. Samma vecka deltog Brysselkontoret i ett m\u00f6te tillsammans med Central Sweden (b\u00e5de Brysselkontoret och digitaliseringskoordinatorer fr\u00e5n regionerna) med ansvarig avdelning f\u00f6r dessa tv\u00e5 rekommendationer p\u00e5 EU-kommissionens avdelning f\u00f6r utbildning, ungdom, idrott och kultur \u2013 <em>DG EAC. <\/em>Under m\u00f6tet informerade representanter fr\u00e5n EU-kommissionen om dessa f\u00f6rslag tillsammans med andra satsningar som g\u00f6rs inom omr\u00e5det f\u00f6r digitala f\u00e4rdigheter.<\/p>\n<p><img loading=\"lazy\" decoding=\"async\" class=\" wp-image-4463 alignright\" src=\"https:\/\/www.sbhss.eu\/wp-content\/uploads\/2023\/04\/annie-spratt-zswaylimzfs-unsplash-200x300.jpg\" alt=\"\" width=\"279\" height=\"419\" \/><\/p>\n<p>I det f\u00f6rsta f\u00f6rslaget till <a href=\"https:\/\/education.ec.europa.eu\/sv\/focus-topics\/digital-education\/action-plan\/action-10\">r\u00e5dets rekommendation om de viktigaste m\u00f6jligg\u00f6rande faktorerna f\u00f6r framg\u00e5ngsrik digital utbildning<\/a>, uppmanas EU:s medlemsstater att tillg\u00e4ngligg\u00f6ra en inkluderande digital utbildning av god kvalitet. F\u00f6rslaget \u00e4mnar \u00e4ven till att belysa vikten av att ta itu med den digitala klyftan som blivi tydligare efter covid-19-pandemin. Genom en enhetlig ram f\u00f6r investeringar, styrning och l\u00e4rarutbildning, ger rekommendationen en \u00f6vergripande v\u00e4gledning f\u00f6r de \u00e5tg\u00e4rder som b\u00f6r tas f\u00f6r att genomf\u00f6ra en myndighets\u00f6vergripande strategi d\u00e4r innovation b\u00f6rjar nerifr\u00e5n, och omfattar m\u00e5nga akt\u00f6rer.<\/p>\n<p>I det andra f\u00f6rslaget till <a href=\"https:\/\/education.ec.europa.eu\/focus-topics\/digital-education\/action-plan\/action-1#Proposal\">r\u00e5dets rekommendation om att f\u00f6rb\u00e4ttra digitala f\u00e4rdigheter i utbildningen<\/a>, lyfts vikten av att tidigt b\u00f6rja arbeta med digitala f\u00e4rdigheter p\u00e5 ett enhetligt s\u00e4tt p\u00e5 alla utbildningsniv\u00e5er, d\u00e4r riktade insatser g\u00f6rs f\u00f6r vissa prioriterade grupper eller grupper som \u00e4r sv\u00e5rn\u00e5dda. F\u00f6rslaget uppmanar medlemsl\u00e4nder att st\u00f6dja integrering av digitala f\u00e4rdigheter i vuxenutbildning och \u00e5tg\u00e4rda brister i IT-yrken genom inkluderande\u00a0strategier.<\/p>\n<p>N\u00e4sta steg blir att medlemsstaterna ska anta de tv\u00e5 ovann\u00e4mnda f\u00f6rslagen. En h\u00f6gniv\u00e5grupp f\u00f6r digital utbildning och digitala f\u00e4rdigheter f\u00f6r att st\u00f6dja genomf\u00f6randet av de tv\u00e5 rekommendationerna kommer \u00e4ven att inr\u00e4ttas. Dessa f\u00f6rslag skapar ramverk f\u00f6r hur regioner, lokal och nationella akt\u00f6rer kan arbeta f\u00f6r att p\u00e5skynda digitaliseringsaspekterna inom kompetensf\u00f6rs\u00f6rjning, f\u00f6r att skapa ett digitalt Europa som \u00e4r inkluderande och erbjuder digital utbildning av god kvalitet. Dessa f\u00f6rslag blir verktyg f\u00f6r v\u00e5ra regioner som g\u00e5r att anv\u00e4nda p\u00e5 hemmaplan f\u00f6r att fortsatt arbeta med digitalisering och kompetensf\u00f6rs\u00f6rjning.<\/p>\n<p><strong>Samverkan mellan lokal, regional och nationell niv\u00e5<\/strong><\/p>\n<p>Ut\u00f6ver de tv\u00e5 nya rekommendationerna diskuterades \u00e4ven vikten av samverkan mellan olika nationella myndigheter tillsammans med lokal och regional niv\u00e5. De ber\u00e4ttade \u00e4ven om en pilot som kommer presenteras l\u00e4ngre fram f\u00f6r ett <em>European Digital Skills Certificate<\/em>, likt det nuvarande spr\u00e5ksystemet som finns i EU d\u00e4r det g\u00e5r att f\u00e5 ett certifikat som visar ens spr\u00e5kniv\u00e5 i ett andraspr\u00e5k (till exempel engelska eller franska) fr\u00e5n A1 till C2. Ansvaret f\u00f6r certifikatet kommer troligen bli nationell niv\u00e5. \u00c4ven vikten av datainsamling och datadelning f\u00f6r kartl\u00e4ggning av digitala f\u00e4rdigheter, f\u00f6r att l\u00e4ttare utveckla dem, uppm\u00e4rksammades i sammanhanget. Slutligen tipsades det \u00e4ven om <a href=\"https:\/\/education.ec.europa.eu\/focus-topics\/digital-education\/action-plan\/european-digital-education-hub\">European Digital Innovation Hub<\/a> som med \u00f6ver 2500 medlemmar faciliterar dialog och erbjuder webbinarier, workshops och nyhetsbrev inom omr\u00e5det f\u00f6r digital utbildning.<\/p>\n<p>Hubben borde vara intressant f\u00f6r kollegor i Sm\u00e5land-Blekinge-Halland som arbetar med kompetensf\u00f6rs\u00f6rjning eller digital kompetens och utbildning i olika sammanhang, b\u00e5de som informationskanal kring aktuellt p\u00e5 omr\u00e5det inom EU samt f\u00f6r erfarenhetsutbyten och andra engagemang f\u00f6r att utveckla digital kompetens i l\u00e4net. \u00a0Intressant f\u00f6r v\u00e5ra utbildningsakt\u00f6rer att k\u00e4nna till kan vara att initiativ f\u00f6rv\u00e4ntas komma kopplat till interoperabiliten mellan universiteten, allts\u00e5 f\u00f6rm\u00e5gan hos olika system (till exempel f\u00f6r l\u00e4rare, studenter och universitet) att fungera tillsammans och kunna kommunicera med varandra p\u00e5 ett s\u00f6ml\u00f6st s\u00e4tt. \u00c4ven riktlinjer kring etisk anv\u00e4ndning av data och AI f\u00f6rv\u00e4ntas presenteras l\u00e4ngre fram med praktiska dokument f\u00f6r l\u00e4rare.<\/p>\n<p>Det allm\u00e4nna intrycket under det informella m\u00f6tet var att inte bara vi regionrepresentanter var tacksamma att f\u00e5 bes\u00f6ka EU-kommissionen, utan \u00e4ven att de var tacksamma f\u00f6r att vi ville bes\u00f6ka dem och diskutera v\u00e5ra regionala perspektiv inom omr\u00e5det f\u00f6r digital utbildning. Precis som vi fick l\u00e4ra oss under <a href=\"https:\/\/www.sbhss.eu\/sv\/digitalisering-fran-regionen-till-eu-kommissionen-och-tillbaka-igen\/\">digitaliseringskoordinatorernas bes\u00f6k i Bryssel<\/a> \u00e4r EU-kommissionen n\u00e4rmare, mer l\u00e4ttillg\u00e4nglig och inlyssnande \u00e4n man kan tro!<\/p>\n<p><img loading=\"lazy\" decoding=\"async\" class=\" wp-image-4467 aligncenter\" src=\"https:\/\/www.sbhss.eu\/wp-content\/uploads\/2023\/04\/edge2edge-media-x21kgbfod4-unsplash-300x199.jpg\" alt=\"\" width=\"645\" height=\"428\" \/><\/p>\n","protected":false},"excerpt":{"rendered":"<p>F\u00f6rra veckan antog EU-kommissionen tv\u00e5 f\u00f6rslag till rekommendation inom ramen f\u00f6r Europa\u00e5ret f\u00f6r kompetens d\u00e4r syftet \u00e4r att st\u00f6dja EU:s medlemsstater och utbildningssektorer f\u00f6r att kunna erbjuda inkluderande och tillg\u00e4nglig digital utbildning av god kvalitet till alla europ\u00e9er och utveckla digitala f\u00e4rdigheter inom EU. F\u00f6rslagen behandlar tv\u00e5 utmaningar: avsaknaden av ett myndighets\u00f6vergripande tillv\u00e4gag\u00e5ngss\u00e4tt f\u00f6r digital [&hellip;]<\/p>\n","protected":false},"author":13,"featured_media":4466,"comment_status":"open","ping_status":"open","sticky":false,"template":"","format":"standard","meta":{"_acf_changed":false,"footnotes":""},"categories":[3],"tags":[],"class_list":["post-4451","post","type-post","status-publish","format-standard","has-post-thumbnail","hentry","category-okategoriserad"],"acf":[],"yoast_head":"<!-- This site is optimized with the Yoast SEO plugin v27.5 - https:\/\/yoast.com\/product\/yoast-seo-wordpress\/ -->\n<title>Digital utbildning p\u00e5 agendan inom Europa\u00e5ret f\u00f6r kompetens 2023! - SBHSS<\/title>\n<meta name=\"robots\" content=\"index, follow, max-snippet:-1, max-image-preview:large, max-video-preview:-1\" \/>\n<link rel=\"canonical\" href=\"https:\/\/www.sbhss.eu\/sv\/digital-utbildning-pa-agendan-inom-europaaret-for-kompetens-2023\/\" \/>\n<meta property=\"og:locale\" content=\"sv_SE\" \/>\n<meta property=\"og:type\" content=\"article\" \/>\n<meta property=\"og:title\" content=\"Digital utbildning p\u00e5 agendan inom Europa\u00e5ret f\u00f6r kompetens 2023! - SBHSS\" \/>\n<meta property=\"og:description\" content=\"F\u00f6rra veckan antog EU-kommissionen tv\u00e5 f\u00f6rslag till rekommendation inom ramen f\u00f6r Europa\u00e5ret f\u00f6r kompetens d\u00e4r syftet \u00e4r att st\u00f6dja EU:s medlemsstater och utbildningssektorer f\u00f6r att kunna erbjuda inkluderande och tillg\u00e4nglig digital utbildning av god kvalitet till alla europ\u00e9er och utveckla digitala f\u00e4rdigheter inom EU. F\u00f6rslagen behandlar tv\u00e5 utmaningar: avsaknaden av ett myndighets\u00f6vergripande tillv\u00e4gag\u00e5ngss\u00e4tt f\u00f6r digital [&hellip;]\" \/>\n<meta property=\"og:url\" content=\"https:\/\/www.sbhss.eu\/sv\/digital-utbildning-pa-agendan-inom-europaaret-for-kompetens-2023\/\" \/>\n<meta property=\"og:site_name\" content=\"SBHSS\" \/>\n<meta property=\"article:published_time\" content=\"2023-04-28T08:50:30+00:00\" \/>\n<meta property=\"article:modified_time\" content=\"2023-04-28T08:51:38+00:00\" \/>\n<meta property=\"og:image\" content=\"https:\/\/www.sbhss.eu\/wp-content\/uploads\/2023\/04\/aaron-chavez-irbuqkth9o4-unsplash.jpg\" \/>\n\t<meta property=\"og:image:width\" content=\"1\" \/>\n\t<meta property=\"og:image:height\" content=\"1\" \/>\n\t<meta property=\"og:image:type\" content=\"image\/jpeg\" \/>\n<meta name=\"author\" content=\"Mahir Tatarevic\" \/>\n<meta name=\"twitter:card\" content=\"summary_large_image\" \/>\n<meta name=\"twitter:label1\" content=\"Skriven av\" \/>\n\t<meta name=\"twitter:data1\" content=\"Mahir Tatarevic\" \/>\n\t<meta name=\"twitter:label2\" content=\"Ber\u00e4knad l\u00e4stid\" \/>\n\t<meta name=\"twitter:data2\" content=\"4 minuter\" \/>\n<script type=\"application\/ld+json\" class=\"yoast-schema-graph\">{\"@context\":\"https:\\\/\\\/schema.org\",\"@graph\":[{\"@type\":\"Article\",\"@id\":\"https:\\\/\\\/www.sbhss.eu\\\/sv\\\/digital-utbildning-pa-agendan-inom-europaaret-for-kompetens-2023\\\/#article\",\"isPartOf\":{\"@id\":\"https:\\\/\\\/www.sbhss.eu\\\/sv\\\/digital-utbildning-pa-agendan-inom-europaaret-for-kompetens-2023\\\/\"},\"author\":{\"name\":\"Mahir Tatarevic\",\"@id\":\"https:\\\/\\\/www.sbhss.eu\\\/#\\\/schema\\\/person\\\/70b24d9b52a0e379b6bf9ab6bc744008\"},\"headline\":\"Digital utbildning p\u00e5 agendan inom Europa\u00e5ret f\u00f6r kompetens 2023!\",\"datePublished\":\"2023-04-28T08:50:30+00:00\",\"dateModified\":\"2023-04-28T08:51:38+00:00\",\"mainEntityOfPage\":{\"@id\":\"https:\\\/\\\/www.sbhss.eu\\\/sv\\\/digital-utbildning-pa-agendan-inom-europaaret-for-kompetens-2023\\\/\"},\"wordCount\":816,\"commentCount\":0,\"image\":{\"@id\":\"https:\\\/\\\/www.sbhss.eu\\\/sv\\\/digital-utbildning-pa-agendan-inom-europaaret-for-kompetens-2023\\\/#primaryimage\"},\"thumbnailUrl\":\"https:\\\/\\\/www.sbhss.eu\\\/wp-content\\\/uploads\\\/2023\\\/04\\\/aaron-chavez-irbuqkth9o4-unsplash.jpg\",\"articleSection\":[\"Okategoriserad\"],\"inLanguage\":\"sv-SE\"},{\"@type\":\"WebPage\",\"@id\":\"https:\\\/\\\/www.sbhss.eu\\\/sv\\\/digital-utbildning-pa-agendan-inom-europaaret-for-kompetens-2023\\\/\",\"url\":\"https:\\\/\\\/www.sbhss.eu\\\/sv\\\/digital-utbildning-pa-agendan-inom-europaaret-for-kompetens-2023\\\/\",\"name\":\"Digital utbildning p\u00e5 agendan inom Europa\u00e5ret f\u00f6r kompetens 2023! - SBHSS\",\"isPartOf\":{\"@id\":\"https:\\\/\\\/www.sbhss.eu\\\/#website\"},\"primaryImageOfPage\":{\"@id\":\"https:\\\/\\\/www.sbhss.eu\\\/sv\\\/digital-utbildning-pa-agendan-inom-europaaret-for-kompetens-2023\\\/#primaryimage\"},\"image\":{\"@id\":\"https:\\\/\\\/www.sbhss.eu\\\/sv\\\/digital-utbildning-pa-agendan-inom-europaaret-for-kompetens-2023\\\/#primaryimage\"},\"thumbnailUrl\":\"https:\\\/\\\/www.sbhss.eu\\\/wp-content\\\/uploads\\\/2023\\\/04\\\/aaron-chavez-irbuqkth9o4-unsplash.jpg\",\"datePublished\":\"2023-04-28T08:50:30+00:00\",\"dateModified\":\"2023-04-28T08:51:38+00:00\",\"author\":{\"@id\":\"https:\\\/\\\/www.sbhss.eu\\\/#\\\/schema\\\/person\\\/70b24d9b52a0e379b6bf9ab6bc744008\"},\"breadcrumb\":{\"@id\":\"https:\\\/\\\/www.sbhss.eu\\\/sv\\\/digital-utbildning-pa-agendan-inom-europaaret-for-kompetens-2023\\\/#breadcrumb\"},\"inLanguage\":\"sv-SE\",\"potentialAction\":[{\"@type\":\"ReadAction\",\"target\":[\"https:\\\/\\\/www.sbhss.eu\\\/sv\\\/digital-utbildning-pa-agendan-inom-europaaret-for-kompetens-2023\\\/\"]}]},{\"@type\":\"ImageObject\",\"inLanguage\":\"sv-SE\",\"@id\":\"https:\\\/\\\/www.sbhss.eu\\\/sv\\\/digital-utbildning-pa-agendan-inom-europaaret-for-kompetens-2023\\\/#primaryimage\",\"url\":\"https:\\\/\\\/www.sbhss.eu\\\/wp-content\\\/uploads\\\/2023\\\/04\\\/aaron-chavez-irbuqkth9o4-unsplash.jpg\",\"contentUrl\":\"https:\\\/\\\/www.sbhss.eu\\\/wp-content\\\/uploads\\\/2023\\\/04\\\/aaron-chavez-irbuqkth9o4-unsplash.jpg\"},{\"@type\":\"BreadcrumbList\",\"@id\":\"https:\\\/\\\/www.sbhss.eu\\\/sv\\\/digital-utbildning-pa-agendan-inom-europaaret-for-kompetens-2023\\\/#breadcrumb\",\"itemListElement\":[{\"@type\":\"ListItem\",\"position\":1,\"name\":\"Hem\",\"item\":\"https:\\\/\\\/www.sbhss.eu\\\/sv\\\/\"},{\"@type\":\"ListItem\",\"position\":2,\"name\":\"Digital utbildning p\u00e5 agendan inom Europa\u00e5ret f\u00f6r kompetens 2023!\"}]},{\"@type\":\"WebSite\",\"@id\":\"https:\\\/\\\/www.sbhss.eu\\\/#website\",\"url\":\"https:\\\/\\\/www.sbhss.eu\\\/\",\"name\":\"SBHSS\",\"description\":\"\",\"potentialAction\":[{\"@type\":\"SearchAction\",\"target\":{\"@type\":\"EntryPoint\",\"urlTemplate\":\"https:\\\/\\\/www.sbhss.eu\\\/?s={search_term_string}\"},\"query-input\":{\"@type\":\"PropertyValueSpecification\",\"valueRequired\":true,\"valueName\":\"search_term_string\"}}],\"inLanguage\":\"sv-SE\"},{\"@type\":\"Person\",\"@id\":\"https:\\\/\\\/www.sbhss.eu\\\/#\\\/schema\\\/person\\\/70b24d9b52a0e379b6bf9ab6bc744008\",\"name\":\"Mahir Tatarevic\",\"image\":{\"@type\":\"ImageObject\",\"inLanguage\":\"sv-SE\",\"@id\":\"https:\\\/\\\/secure.gravatar.com\\\/avatar\\\/9bbd1173eca456cb04516acf78dc249d1ad8caa9eecc27cb671c205a81b549fb?s=96&d=mm&r=g\",\"url\":\"https:\\\/\\\/secure.gravatar.com\\\/avatar\\\/9bbd1173eca456cb04516acf78dc249d1ad8caa9eecc27cb671c205a81b549fb?s=96&d=mm&r=g\",\"contentUrl\":\"https:\\\/\\\/secure.gravatar.com\\\/avatar\\\/9bbd1173eca456cb04516acf78dc249d1ad8caa9eecc27cb671c205a81b549fb?s=96&d=mm&r=g\",\"caption\":\"Mahir Tatarevic\"},\"url\":\"https:\\\/\\\/www.sbhss.eu\\\/sv\\\/author\\\/mahir-tatarevic\\\/\"}]}<\/script>\n<!-- \/ Yoast SEO plugin. -->","yoast_head_json":{"title":"Digital utbildning p\u00e5 agendan inom Europa\u00e5ret f\u00f6r kompetens 2023! - SBHSS","robots":{"index":"index","follow":"follow","max-snippet":"max-snippet:-1","max-image-preview":"max-image-preview:large","max-video-preview":"max-video-preview:-1"},"canonical":"https:\/\/www.sbhss.eu\/sv\/digital-utbildning-pa-agendan-inom-europaaret-for-kompetens-2023\/","og_locale":"sv_SE","og_type":"article","og_title":"Digital utbildning p\u00e5 agendan inom Europa\u00e5ret f\u00f6r kompetens 2023! - SBHSS","og_description":"F\u00f6rra veckan antog EU-kommissionen tv\u00e5 f\u00f6rslag till rekommendation inom ramen f\u00f6r Europa\u00e5ret f\u00f6r kompetens d\u00e4r syftet \u00e4r att st\u00f6dja EU:s medlemsstater och utbildningssektorer f\u00f6r att kunna erbjuda inkluderande och tillg\u00e4nglig digital utbildning av god kvalitet till alla europ\u00e9er och utveckla digitala f\u00e4rdigheter inom EU. F\u00f6rslagen behandlar tv\u00e5 utmaningar: avsaknaden av ett myndighets\u00f6vergripande tillv\u00e4gag\u00e5ngss\u00e4tt f\u00f6r digital [&hellip;]","og_url":"https:\/\/www.sbhss.eu\/sv\/digital-utbildning-pa-agendan-inom-europaaret-for-kompetens-2023\/","og_site_name":"SBHSS","article_published_time":"2023-04-28T08:50:30+00:00","article_modified_time":"2023-04-28T08:51:38+00:00","og_image":[{"url":"https:\/\/www.sbhss.eu\/wp-content\/uploads\/2023\/04\/aaron-chavez-irbuqkth9o4-unsplash.jpg","width":1,"height":1,"type":"image\/jpeg"}],"author":"Mahir Tatarevic","twitter_card":"summary_large_image","twitter_misc":{"Skriven av":"Mahir Tatarevic","Ber\u00e4knad l\u00e4stid":"4 minuter"},"schema":{"@context":"https:\/\/schema.org","@graph":[{"@type":"Article","@id":"https:\/\/www.sbhss.eu\/sv\/digital-utbildning-pa-agendan-inom-europaaret-for-kompetens-2023\/#article","isPartOf":{"@id":"https:\/\/www.sbhss.eu\/sv\/digital-utbildning-pa-agendan-inom-europaaret-for-kompetens-2023\/"},"author":{"name":"Mahir Tatarevic","@id":"https:\/\/www.sbhss.eu\/#\/schema\/person\/70b24d9b52a0e379b6bf9ab6bc744008"},"headline":"Digital utbildning p\u00e5 agendan inom Europa\u00e5ret f\u00f6r kompetens 2023!","datePublished":"2023-04-28T08:50:30+00:00","dateModified":"2023-04-28T08:51:38+00:00","mainEntityOfPage":{"@id":"https:\/\/www.sbhss.eu\/sv\/digital-utbildning-pa-agendan-inom-europaaret-for-kompetens-2023\/"},"wordCount":816,"commentCount":0,"image":{"@id":"https:\/\/www.sbhss.eu\/sv\/digital-utbildning-pa-agendan-inom-europaaret-for-kompetens-2023\/#primaryimage"},"thumbnailUrl":"https:\/\/www.sbhss.eu\/wp-content\/uploads\/2023\/04\/aaron-chavez-irbuqkth9o4-unsplash.jpg","articleSection":["Okategoriserad"],"inLanguage":"sv-SE"},{"@type":"WebPage","@id":"https:\/\/www.sbhss.eu\/sv\/digital-utbildning-pa-agendan-inom-europaaret-for-kompetens-2023\/","url":"https:\/\/www.sbhss.eu\/sv\/digital-utbildning-pa-agendan-inom-europaaret-for-kompetens-2023\/","name":"Digital utbildning p\u00e5 agendan inom Europa\u00e5ret f\u00f6r kompetens 2023! - SBHSS","isPartOf":{"@id":"https:\/\/www.sbhss.eu\/#website"},"primaryImageOfPage":{"@id":"https:\/\/www.sbhss.eu\/sv\/digital-utbildning-pa-agendan-inom-europaaret-for-kompetens-2023\/#primaryimage"},"image":{"@id":"https:\/\/www.sbhss.eu\/sv\/digital-utbildning-pa-agendan-inom-europaaret-for-kompetens-2023\/#primaryimage"},"thumbnailUrl":"https:\/\/www.sbhss.eu\/wp-content\/uploads\/2023\/04\/aaron-chavez-irbuqkth9o4-unsplash.jpg","datePublished":"2023-04-28T08:50:30+00:00","dateModified":"2023-04-28T08:51:38+00:00","author":{"@id":"https:\/\/www.sbhss.eu\/#\/schema\/person\/70b24d9b52a0e379b6bf9ab6bc744008"},"breadcrumb":{"@id":"https:\/\/www.sbhss.eu\/sv\/digital-utbildning-pa-agendan-inom-europaaret-for-kompetens-2023\/#breadcrumb"},"inLanguage":"sv-SE","potentialAction":[{"@type":"ReadAction","target":["https:\/\/www.sbhss.eu\/sv\/digital-utbildning-pa-agendan-inom-europaaret-for-kompetens-2023\/"]}]},{"@type":"ImageObject","inLanguage":"sv-SE","@id":"https:\/\/www.sbhss.eu\/sv\/digital-utbildning-pa-agendan-inom-europaaret-for-kompetens-2023\/#primaryimage","url":"https:\/\/www.sbhss.eu\/wp-content\/uploads\/2023\/04\/aaron-chavez-irbuqkth9o4-unsplash.jpg","contentUrl":"https:\/\/www.sbhss.eu\/wp-content\/uploads\/2023\/04\/aaron-chavez-irbuqkth9o4-unsplash.jpg"},{"@type":"BreadcrumbList","@id":"https:\/\/www.sbhss.eu\/sv\/digital-utbildning-pa-agendan-inom-europaaret-for-kompetens-2023\/#breadcrumb","itemListElement":[{"@type":"ListItem","position":1,"name":"Hem","item":"https:\/\/www.sbhss.eu\/sv\/"},{"@type":"ListItem","position":2,"name":"Digital utbildning p\u00e5 agendan inom Europa\u00e5ret f\u00f6r kompetens 2023!"}]},{"@type":"WebSite","@id":"https:\/\/www.sbhss.eu\/#website","url":"https:\/\/www.sbhss.eu\/","name":"SBHSS","description":"","potentialAction":[{"@type":"SearchAction","target":{"@type":"EntryPoint","urlTemplate":"https:\/\/www.sbhss.eu\/?s={search_term_string}"},"query-input":{"@type":"PropertyValueSpecification","valueRequired":true,"valueName":"search_term_string"}}],"inLanguage":"sv-SE"},{"@type":"Person","@id":"https:\/\/www.sbhss.eu\/#\/schema\/person\/70b24d9b52a0e379b6bf9ab6bc744008","name":"Mahir Tatarevic","image":{"@type":"ImageObject","inLanguage":"sv-SE","@id":"https:\/\/secure.gravatar.com\/avatar\/9bbd1173eca456cb04516acf78dc249d1ad8caa9eecc27cb671c205a81b549fb?s=96&d=mm&r=g","url":"https:\/\/secure.gravatar.com\/avatar\/9bbd1173eca456cb04516acf78dc249d1ad8caa9eecc27cb671c205a81b549fb?s=96&d=mm&r=g","contentUrl":"https:\/\/secure.gravatar.com\/avatar\/9bbd1173eca456cb04516acf78dc249d1ad8caa9eecc27cb671c205a81b549fb?s=96&d=mm&r=g","caption":"Mahir Tatarevic"},"url":"https:\/\/www.sbhss.eu\/sv\/author\/mahir-tatarevic\/"}]}},"_links":{"self":[{"href":"https:\/\/www.sbhss.eu\/sv\/wp-json\/wp\/v2\/posts\/4451","targetHints":{"allow":["GET"]}}],"collection":[{"href":"https:\/\/www.sbhss.eu\/sv\/wp-json\/wp\/v2\/posts"}],"about":[{"href":"https:\/\/www.sbhss.eu\/sv\/wp-json\/wp\/v2\/types\/post"}],"author":[{"embeddable":true,"href":"https:\/\/www.sbhss.eu\/sv\/wp-json\/wp\/v2\/users\/13"}],"replies":[{"embeddable":true,"href":"https:\/\/www.sbhss.eu\/sv\/wp-json\/wp\/v2\/comments?post=4451"}],"version-history":[{"count":10,"href":"https:\/\/www.sbhss.eu\/sv\/wp-json\/wp\/v2\/posts\/4451\/revisions"}],"predecessor-version":[{"id":4470,"href":"https:\/\/www.sbhss.eu\/sv\/wp-json\/wp\/v2\/posts\/4451\/revisions\/4470"}],"wp:featuredmedia":[{"embeddable":true,"href":"https:\/\/www.sbhss.eu\/sv\/wp-json\/wp\/v2\/media\/4466"}],"wp:attachment":[{"href":"https:\/\/www.sbhss.eu\/sv\/wp-json\/wp\/v2\/media?parent=4451"}],"wp:term":[{"taxonomy":"category","embeddable":true,"href":"https:\/\/www.sbhss.eu\/sv\/wp-json\/wp\/v2\/categories?post=4451"},{"taxonomy":"post_tag","embeddable":true,"href":"https:\/\/www.sbhss.eu\/sv\/wp-json\/wp\/v2\/tags?post=4451"}],"curies":[{"name":"wp","href":"https:\/\/api.w.org\/{rel}","templated":true}]}}