{"id":4509,"date":"2023-05-12T10:11:42","date_gmt":"2023-05-12T10:11:42","guid":{"rendered":"https:\/\/www.sbhss.eu\/?p=4509"},"modified":"2023-05-12T11:38:02","modified_gmt":"2023-05-12T11:38:02","slug":"europa-banar-vagen-for-digitalisering","status":"publish","type":"post","link":"https:\/\/www.sbhss.eu\/sv\/europa-banar-vagen-for-digitalisering\/","title":{"rendered":"Europa banar v\u00e4gen f\u00f6r digitalisering"},"content":{"rendered":"<p><em>Under de senaste veckorna har Brysselkontoret publicerat en rad olika artiklar med digitalisering i fokus. Dels har Brysselkontoret f\u00e5tt bes\u00f6k av digitaliseringskoordinatorer fr\u00e5n hela Sverige, dels har det skett en hel del aktivitet p\u00e5 den europeiska arenan. Brysselkontoret har h\u00e5llit sig aktiva genom att bevaka dessa olika initiativ, samt evenemang. Bland annat har Brysselkontoret nyligen n\u00e4rvarat p\u00e5 POLITICO:s Europe Tech Summit 2023, d\u00e4r en del v\u00e4rdefulla insikter och diskussioner delades mellan allt fr\u00e5n EU-representanter till teknik- och telekomf\u00f6retag. <\/em><\/p>\n<p>Tidskriften POLITICO anordnade den 26\u201327 april sitt \u00e5rliga <em>Europe Tech Summit <\/em>som samlar beslutsfattare, entrepren\u00f6rer och experter f\u00f6r att diskutera och lyfta de senaste h\u00e4ndelserna inom Europas snabbt v\u00e4xande tekniksektor. Toppm\u00f6tet lyfter ett brett spektrum av br\u00e5dskande fr\u00e5gor inom teknikindustrin och digitaliseringsomr\u00e5det, fr\u00e5n EU:s insatser att reglera artificiell intelligens till diskussioner om hur Europa kan skapa en sammanh\u00e5llning och koordinering g\u00e4llande internationella teknikstandarder. Med h\u00e4nsyn till digitalisering som ett av v\u00e5ra bevakningsomr\u00e5den deltog Brysselkontoret i det h\u00e4r eventet f\u00f6r att skapa en st\u00f6rre uppfattning om vad som sker i Bryssel och p\u00e5 den europeiska arenan inom omr\u00e5det. Programmet bestod utav flera panelsamtal, d\u00e4r en del intressanta aspekter lyftes g\u00e4llande olika EU-initiativ som ligger p\u00e5 bordet just nu. Flera av initiativen och f\u00f6rslagen har <a href=\"https:\/\/www.sbhss.eu\/sv\/vara-regioners-roll-i-eus-digitala-omstallning-del-1-policy\/\">Brysselkontoret tidigare rapporterat om.<\/a><\/p>\n<p><img loading=\"lazy\" decoding=\"async\" class=\"wp-image-4519 aligncenter\" src=\"https:\/\/www.sbhss.eu\/wp-content\/uploads\/2023\/05\/artificial-intelligence-ga1ea188e01920.jpg\" alt=\"\" width=\"755\" height=\"252\" \/><\/p>\n<p><strong>Artificiell intelligens<\/strong><\/p>\n<p>Med h\u00e4nsyn till AI:n som snabbt utvecklas, k\u00e4mpar beslutsfattare och branschledare med att balansera innovation och reglering f\u00f6r att s\u00e4kerst\u00e4lla att AI utvecklas och implementeras p\u00e5 ett ansvarsfullt och etiskt s\u00e4tt. Under POLITICO:s event diskuterades Europas framsteg inom omr\u00e5det och potentiella v\u00e4gar fram\u00e5t. Under en av m\u00e5nga sessioner <a href=\"https:\/\/digital-strategy.ec.europa.eu\/en\/library\/proposal-regulation-laying-down-harmonised-rules-artificial-intelligence\">n\u00e4mndes AI-f\u00f6rordningen<\/a> flitigt och diskuterades av flera akt\u00f6rer, bland annat av en representant fr\u00e5n EU-kommissionen och Spaniens statssekreterare f\u00f6r digitalisering och artificiell intelligens.<\/p>\n<p>De insikter som d\u00f6k upp under denna session var bland annat att det spanska ordf\u00f6randeskapet, som tar \u00f6ver efter Sverige i juni, hoppas kunna ro AI-f\u00f6rordningen i hamn innan mandatperioden tar slut vid \u00e5rsskiftet. Det g\u00e4llde \u00e4ven de sv\u00e5righeter som kommer uppst\u00e5 i att skapa ett regelverk som kan avg\u00f6ra huruvida ett AI-system har h\u00f6gre risk f\u00f6r att missbrukas eller inte och att nationella myndigheter kommer ha behov av verktyg f\u00f6r att ansvarsfullt bevaka de AI-system som kommer finnas inom EU. Utifr\u00e5n diskussionerna verkar det finnas olika id\u00e9er kring hur AI-f\u00f6rordningen skall utformas i de s\u00e5 kallade trilogf\u00f6rhandlingarna, allts\u00e5 f\u00f6rhandlingar mellan EU-kommissionen, ministerr\u00e5det och Europaparlamentet. D\u00e4r gav Europaparlamentet intrycket av att ha st\u00f6rre behov att skapa tydligare reglering fr\u00e5n start, medan ministerr\u00e5det lutar mer \u00e5t att l\u00e4ra sig l\u00e4ngs v\u00e4gen kring hur framtidens AI skall regleras. Ytterligare lyftes \u00e4ven vikten av att skapa r\u00e4tt f\u00f6ruts\u00e4ttningar f\u00f6r sm\u00e5 och medelstora f\u00f6retag att anpassa sig efter AI-f\u00f6rordningen.<\/p>\n<p>Med tanke p\u00e5 de komplicerade omst\u00e4ndigheterna v\u00e4rlden befinner sig i, lyftes \u00e4ven geopolitiska aspekter av AI. Det diskuterades att EU inte planerar att f\u00f6rbjuda specifika applikationer fr\u00e5n s\u00e4rskilda l\u00e4nder. I st\u00e4llet understryks id\u00e9n av att de applikationer och AI-system som befinner sig inom den europeiska arenan, ska f\u00f6rh\u00e5llas sig till EU:s lagstiftning. Inom ramen f\u00f6r detta lyftes \u00e4ven vikten av att fokusera en del av framtidens diskussioner mot hur AI-system skall lanseras inom den europeiska arenan och hur noggrant testade de b\u00f6r vara innan lansering. Det upplevs \u00e4ven finnas en risk f\u00f6r att AI-system och applikationer lanseras fr\u00e4mst p\u00e5 grund av vinstdrivande sk\u00e4l utan h\u00e4nsyn till de etiska och sociala implikationer ett AI-system kan ha p\u00e5 samh\u00e4llet. Utmaningar och f\u00f6rhandlingar kvarst\u00e5r g\u00e4llande AI-f\u00f6rordningen, dock lutade diskussionen \u00e4ven \u00e5t en viss positivitet g\u00e4llande det EU g\u00f6r och har gjort. Det \u00e5syftades att det EU f\u00f6rs\u00f6ker g\u00f6ra med AI-f\u00f6rordningen \u00e4r en bra startpunkt och en fantastik m\u00f6jlighet f\u00f6r reglering inom detta omr\u00e5de, dock att det \u00e4r en sv\u00e5r utmaning p\u00e5 grund av dess komplexitet och att de str\u00e4cker sig \u00f6ver flera sektorer. Vilket flera pekat p\u00e5 ocks\u00e5 \u00e4r en av anledningar till att det har tagit en l\u00e4ngre tid och blivit f\u00f6rsenat tidigare.<\/p>\n<p><a href=\"https:\/\/www.europarl.europa.eu\/news\/en\/press-room\/20230505IPR84904\/ai-act-a-step-closer-to-the-first-rules-on-artificial-intelligence\">Akten har nyligen r\u00f6stats igenom i ledande utskott<\/a> och f\u00f6rv\u00e4ntas nu r\u00f6stas om i EU-parlamentet under juni.<\/p>\n<p><strong>Data<\/strong><\/p>\n<p><img loading=\"lazy\" decoding=\"async\" class=\" wp-image-4529 alignright\" src=\"https:\/\/www.sbhss.eu\/wp-content\/uploads\/2023\/05\/pietro-jeng-n6b49ltx7nm-unsplash-300x200.jpg\" alt=\"\" width=\"446\" height=\"297\" \/><\/p>\n<p style=\"text-align: left;\">Som n\u00e4mnt diskuterades flera EU-f\u00f6rslag inom digitaliseringsomr\u00e5det under eventet. Likt AI-akten, lyftes \u00e4ven <a href=\"https:\/\/ec.europa.eu\/commission\/presscorner\/detail\/en\/ip_22_1113\">Dataakten<\/a> under paneldiskussioner och samtal, d\u00e4r bland annat en representant fr\u00e5n EU-kommissionen och representanter fr\u00e5n Europaparlamentet n\u00e4rvarade. I diskussionen lyftes att en \u00f6verenskommelse i trilogf\u00f6rhandlingarna g\u00e4llande dataakten f\u00f6rv\u00e4ntas i juni. Vidare diskuterades en rad olika punkter, bland annat att det kan komma att kr\u00e4vas en struktur f\u00f6r att tydligg\u00f6ra vilken typ av data som kan s\u00e4ljas p\u00e5 marknaden av de som skapar eller \u00e4ger data, att data l\u00e4ttare b\u00f6r kunna delas till tredje parter f\u00f6r att \u00f6ka innovation vilket b\u00e5de EU-kommissionen och EU-parlamentet tycktes vara eniga om. Dock skiljde sig tankarna kring huruvida en tv\u00e4rsektionell och horisontell lagstiftning b\u00f6r vara praxis f\u00f6r framtida f\u00f6rslag d\u00e5 vissa deltagande akt\u00f6rer menade att dataakten b\u00f6r anpassas efter sektorers olika databehov, medan EU-kommissionen tycktes f\u00f6rst vilja se hur dataakten i sin helhet appliceras, innan de g\u00e5r vidare till andra sektorer f\u00f6r vidareanpassning. Exempelvis var en akt\u00f6r fr\u00e5n transportindustrin med p\u00e5 detta panelsamtal, som ber\u00e4ttade att den data som finns inom transport skiljer sig fr\u00e5n andra sektorer och d\u00e4rav b\u00f6r dataakten anpassa sig beroende p\u00e5 vilken sektor.<\/p>\n<p><strong>Cybers\u00e4kerhet<\/strong><\/p>\n<p><img loading=\"lazy\" decoding=\"async\" class=\" wp-image-4524 alignleft\" src=\"https:\/\/www.sbhss.eu\/wp-content\/uploads\/2023\/05\/computer-g0cf7e475e1920-300x196.jpg\" alt=\"\" width=\"407\" height=\"266\" \/><\/p>\n<p>\u00c4ven cybers\u00e4kerhet diskuterades under eventet. Under detta panelsamtal diskuterades flera aspekter av cybers\u00e4kerhet \u2013 bland annat samspelet mellan konsumenter och tillverkare. Exempelvis <a href=\"https:\/\/digital-strategy.ec.europa.eu\/en\/policies\/cyber-resilience-act\"><em>Cyber Resilience Act<\/em><\/a><em>,<\/em> vilken syftar till att st\u00e4lla tydligare krav p\u00e5 de som producerar och tillverkar digitala komponenter\u00a0 och produkter f\u00f6r att \u00f6ka digital s\u00e4kerhet f\u00f6r konsumenterna. Behovet av gemensamma standarder och en horisontell reglering understr\u00f6ks. Akten \u00e4r fortfarande i ett stadie d\u00e4r f\u00f6rtydliganden beh\u00f6ver g\u00f6ras \u2013 exempelvis definitionsskillnader mellan en digital <u>produkt<\/u> och <u>komponent<\/u>. Under diskussionen belyste \u00e4ven de\u00a0 medverkande vikten av kompetensf\u00f6rs\u00f6rjning, som \u00e4r ett viktigt omr\u00e5de f\u00f6r SBHSS, d\u00e5 digitaliseringens frammarsch kommer kr\u00e4va en bred kompetensgrad bland allm\u00e4nheten och insatser l\u00e4r beh\u00f6vas f\u00f6r att utbilda inom cybers\u00e4kerhet. Cybers\u00e4kerhet relaterar till olika sektorer som \u00e4r i st\u00e4ndig f\u00f6r\u00e4ndring, vilket enligt diskussionen kan inneb\u00e4ra att ytterligare regleringar kan t\u00e4nkas beh\u00f6va ske i framtiden. Ut\u00f6ver detta diskuterades \u00e4ven implementering av f\u00f6rslagen kopplade till cybers\u00e4kerhet, d\u00e4r det blir viktigt att f\u00f6retagen \u00e4r v\u00e4l f\u00f6rberedda p\u00e5 att kunna uppfylla de krav som nya f\u00f6rordningar till\u00e4mpar, och som blir en viktig diskussionspunkt i f\u00f6rhandlingarna.<\/p>\n<p><strong>Bredbandsutvecklingen i Europa. <\/strong><\/p>\n<p>Bredbandsfr\u00e5gor inom EU har visat sig vara ett omstritt omr\u00e5de och p\u00e5 den europeiska arenan har det bildats olika uppfattningar kring hur man st\u00e4ller sig till dessa fr\u00e5gor. EU:s fokus \u00e4r att skapa ett visst incitament som f\u00f6ruts\u00e4tter ett \u201dsender-pays\u201d i EU, som inneb\u00e4r att stora inneh\u00e5llsleverant\u00f6rer ska bidra mer ekonomiskt till internetoperat\u00f6rer. <a href=\"https:\/\/www.euractiv.com\/section\/digital\/news\/ngos-streamers-join-forces-against-eu-commissions-senders-pay-initiative\/\">Vissa menar p\u00e5 att detta kommer skada n\u00e4tneutraliteten<\/a>, som bygger p\u00e5 principen att all internettrafik ska behandlas likv\u00e4rdigt oavsett avs\u00e4ndare. Dessa skiljaktigheter blev \u00e4nnu tydligare \u00e4ven i diskussioner under POLITICO:s event. D\u00e5 <a href=\"https:\/\/digital-strategy.ec.europa.eu\/en\/library\/gigabit-infrastructure-act-proposal-and-impact-assessment\"><em>Gigabit Infrastructure Act<\/em><\/a> och bredbandsutvecklingen i Europa lyftes under m\u00f6tet. Denna diskussion bestod av EU-kommissionen och representanter fr\u00e5n telekombolagen och teknikf\u00f6retagen. D\u00e4r representanten fr\u00e5n telekombolag menar att ansvaret f\u00f6r kostnader b\u00f6r ligga hos b\u00e5de telekombolagen och hos inneh\u00e5llsleverant\u00f6rer \u2013 med exempel som att tik-tok drar mer bandbredd \u00e4n facetime. Det p\u00e5stods \u00e4ven att inneh\u00e5llsleverant\u00f6rer investerar 55 g\u00e5nger mindre \u00e4n telekombolagen. Vid fr\u00e5gan hur de medverkande parterna tror att bredbandsuppslutningen i Europa kan utformas framg\u00e5ngsrikt fram\u00f6ver, \u00e4r svaren splittrade. Medan EU-kommissionen och telekombolagen pekar \u00e5t en mindre fragmentering inom den inre marknaden genom att dela p\u00e5 kostnadsansvaret, menar andra att det \u00e4r viktigt att uppr\u00e4tth\u00e5lla n\u00e4tneutralitet och att all kostnad inte sker i samband med \u00f6kad bandbredd, och att den enda konkurrens som b\u00f6r ske \u00e4r mellan telekombolagen och inte mellan inneh\u00e5llsleverant\u00f6rer.<\/p>\n<p><img loading=\"lazy\" decoding=\"async\" class=\" wp-image-4520 alignright\" src=\"https:\/\/www.sbhss.eu\/wp-content\/uploads\/2023\/05\/fiber-g682965de11920-300x200.jpg\" alt=\"\" width=\"518\" height=\"345\" \/><\/p>\n<p>Medan det finns r\u00f6ster som pekar p\u00e5 att EU-kommissionen med sina f\u00f6rslag p\u00e5 bredbandsomr\u00e5det riskerar att underminera n\u00e4tneutralitet, menade kommissionen sj\u00e4lva under samtalet att de inte ser att deras f\u00f6rslag kommer att skada det \u00f6ppna internet p\u00e5 n\u00e5got s\u00e4tt. Det framg\u00e5r under m\u00f6tet att flera f\u00f6retag och industrier visat ett missn\u00f6je mot f\u00f6rslaget som ligger p\u00e5 bordet.\u00a0 EU-kommissionen menar att det inte beh\u00f6ver handla om en \u201dbattle of two worlds\u201d, utan att kommissionen f\u00f6rs\u00f6ker finna svar till mycket breda och komplexa fr\u00e5gor.<\/p>\n<p>I sin helhet belyste denna session fr\u00e4mst de viktigaste ingredienserna f\u00f6r framg\u00e5ngsrik anslutning &#8211; att l\u00f6sa investeringsgapet och ansvaret, att beh\u00e5lla n\u00e4tneutralitet och \u00f6ppet internet, att hantera investeringsutmaningar och s\u00e4kerst\u00e4lla mindre fragmentering, att dela ansvaret mellan inneh\u00e5llsleverant\u00f6rer och telekomoperat\u00f6rer, att utforska alla m\u00f6jligheter, samt att optimera bandbredden och att investera i infrastruktur i Europa. Det uppm\u00e4rksammades att det \u00e4r av ytterst vikt att beh\u00e5lla ett \u00f6ppet internet och att det skall fortsatt vara tillg\u00e4ngligt f\u00f6r alla och att det b\u00f6r vara konkurrensen som driver investeringar. De konsultationer och konsekvensbed\u00f6mningar som sker, skall g\u00f6ras med \u00f6ppenhet och transparens f\u00f6r att s\u00e4kerst\u00e4lla att beslut \u00e4r evidensbaserade och r\u00e4ttvisa f\u00f6r alla parter.<\/p>\n<p><strong>Vad h\u00e4nder nu?<\/strong><\/p>\n<p>Sammanfattningsvis, lyftes ett flertal intressanta insikter g\u00e4llande digitalisering under POLITICO:s event. Dessa omr\u00e5den \u00e4r relevanta f\u00f6r v\u00e5ra regioner. Digital infrastruktur \u00e4r en f\u00f6ruts\u00e4ttning f\u00f6r att v\u00e5ra regioner ska uppn\u00e5 b\u00e4ttre internetuppkoppling och digitala tj\u00e4nster, vilket p\u00e5 sikt kan locka f\u00f6retag till regionerna och d\u00e4rigenom \u00f6ka ekonomisk tillv\u00e4xt och skapa nya jobbm\u00f6jligheter. Samtidigt \u00e4r cybers\u00e4kerheten en viktig aspekt f\u00f6r att ge konsumenter st\u00f6rre integritetsskydd. Detta kan hj\u00e4lpa till att bygga f\u00f6rtroende f\u00f6r digitala tj\u00e4nster och teknologier, vilket kan gynna f\u00f6retag som verkar i v\u00e5ra regioner. \u00c4ven EU:s datapolitik skapar f\u00f6ruts\u00e4ttningar f\u00f6r ett s\u00e4krare datautbyte mellan olika akt\u00f6rer, f\u00f6r att d\u00e4rifr\u00e5n \u00f6ka innovation och f\u00f6retagsamhet. D\u00e4rf\u00f6r \u00e4r det viktigt att bevaka dessa fr\u00e5gor, vilket Brysselkontoret kommer st\u00f6dja Sm\u00e5land-Blekinge-Halland i.<\/p>\n<p>.<img loading=\"lazy\" decoding=\"async\" class=\" wp-image-4530 aligncenter\" src=\"https:\/\/www.sbhss.eu\/wp-content\/uploads\/2023\/05\/europe-gf4c873d841920-300x200.jpg\" alt=\"\" width=\"578\" height=\"385\" \/><\/p>\n","protected":false},"excerpt":{"rendered":"<p>Under de senaste veckorna har Brysselkontoret publicerat en rad olika artiklar med digitalisering i fokus. Dels har Brysselkontoret f\u00e5tt bes\u00f6k av digitaliseringskoordinatorer fr\u00e5n hela Sverige, dels har det skett en hel del aktivitet p\u00e5 den europeiska arenan. Brysselkontoret har h\u00e5llit sig aktiva genom att bevaka dessa olika initiativ, samt evenemang. Bland annat har Brysselkontoret nyligen [&hellip;]<\/p>\n","protected":false},"author":13,"featured_media":4517,"comment_status":"open","ping_status":"open","sticky":false,"template":"","format":"standard","meta":{"_acf_changed":false,"footnotes":""},"categories":[3],"tags":[],"class_list":["post-4509","post","type-post","status-publish","format-standard","has-post-thumbnail","hentry","category-okategoriserad"],"acf":[],"yoast_head":"<!-- This site is optimized with the Yoast SEO plugin v27.5 - https:\/\/yoast.com\/product\/yoast-seo-wordpress\/ -->\n<title>Europa banar v\u00e4gen f\u00f6r digitalisering - SBHSS<\/title>\n<meta name=\"robots\" content=\"index, follow, max-snippet:-1, max-image-preview:large, max-video-preview:-1\" \/>\n<link rel=\"canonical\" href=\"https:\/\/www.sbhss.eu\/sv\/europa-banar-vagen-for-digitalisering\/\" \/>\n<meta property=\"og:locale\" content=\"sv_SE\" \/>\n<meta property=\"og:type\" content=\"article\" \/>\n<meta property=\"og:title\" content=\"Europa banar v\u00e4gen f\u00f6r digitalisering - SBHSS\" \/>\n<meta property=\"og:description\" content=\"Under de senaste veckorna har Brysselkontoret publicerat en rad olika artiklar med digitalisering i fokus. Dels har Brysselkontoret f\u00e5tt bes\u00f6k av digitaliseringskoordinatorer fr\u00e5n hela Sverige, dels har det skett en hel del aktivitet p\u00e5 den europeiska arenan. Brysselkontoret har h\u00e5llit sig aktiva genom att bevaka dessa olika initiativ, samt evenemang. Bland annat har Brysselkontoret nyligen [&hellip;]\" \/>\n<meta property=\"og:url\" content=\"https:\/\/www.sbhss.eu\/sv\/europa-banar-vagen-for-digitalisering\/\" \/>\n<meta property=\"og:site_name\" content=\"SBHSS\" \/>\n<meta property=\"article:published_time\" content=\"2023-05-12T10:11:42+00:00\" \/>\n<meta property=\"article:modified_time\" content=\"2023-05-12T11:38:02+00:00\" \/>\n<meta property=\"og:image\" content=\"https:\/\/www.sbhss.eu\/wp-content\/uploads\/2023\/05\/hd-wallpaper-g4833244db19202.jpg\" \/>\n\t<meta property=\"og:image:width\" content=\"1107\" \/>\n\t<meta property=\"og:image:height\" content=\"1107\" \/>\n\t<meta property=\"og:image:type\" content=\"image\/jpeg\" \/>\n<meta name=\"author\" content=\"Mahir Tatarevic\" \/>\n<meta name=\"twitter:card\" content=\"summary_large_image\" \/>\n<meta name=\"twitter:label1\" content=\"Skriven av\" \/>\n\t<meta name=\"twitter:data1\" content=\"Mahir Tatarevic\" \/>\n\t<meta name=\"twitter:label2\" content=\"Ber\u00e4knad l\u00e4stid\" \/>\n\t<meta name=\"twitter:data2\" content=\"9 minuter\" \/>\n<script type=\"application\/ld+json\" class=\"yoast-schema-graph\">{\"@context\":\"https:\\\/\\\/schema.org\",\"@graph\":[{\"@type\":\"Article\",\"@id\":\"https:\\\/\\\/www.sbhss.eu\\\/sv\\\/europa-banar-vagen-for-digitalisering\\\/#article\",\"isPartOf\":{\"@id\":\"https:\\\/\\\/www.sbhss.eu\\\/sv\\\/europa-banar-vagen-for-digitalisering\\\/\"},\"author\":{\"name\":\"Mahir Tatarevic\",\"@id\":\"https:\\\/\\\/www.sbhss.eu\\\/#\\\/schema\\\/person\\\/70b24d9b52a0e379b6bf9ab6bc744008\"},\"headline\":\"Europa banar v\u00e4gen f\u00f6r digitalisering\",\"datePublished\":\"2023-05-12T10:11:42+00:00\",\"dateModified\":\"2023-05-12T11:38:02+00:00\",\"mainEntityOfPage\":{\"@id\":\"https:\\\/\\\/www.sbhss.eu\\\/sv\\\/europa-banar-vagen-for-digitalisering\\\/\"},\"wordCount\":1850,\"commentCount\":0,\"image\":{\"@id\":\"https:\\\/\\\/www.sbhss.eu\\\/sv\\\/europa-banar-vagen-for-digitalisering\\\/#primaryimage\"},\"thumbnailUrl\":\"https:\\\/\\\/www.sbhss.eu\\\/wp-content\\\/uploads\\\/2023\\\/05\\\/hd-wallpaper-g4833244db19202.jpg\",\"articleSection\":[\"Okategoriserad\"],\"inLanguage\":\"sv-SE\"},{\"@type\":\"WebPage\",\"@id\":\"https:\\\/\\\/www.sbhss.eu\\\/sv\\\/europa-banar-vagen-for-digitalisering\\\/\",\"url\":\"https:\\\/\\\/www.sbhss.eu\\\/sv\\\/europa-banar-vagen-for-digitalisering\\\/\",\"name\":\"Europa banar v\u00e4gen f\u00f6r digitalisering - SBHSS\",\"isPartOf\":{\"@id\":\"https:\\\/\\\/www.sbhss.eu\\\/#website\"},\"primaryImageOfPage\":{\"@id\":\"https:\\\/\\\/www.sbhss.eu\\\/sv\\\/europa-banar-vagen-for-digitalisering\\\/#primaryimage\"},\"image\":{\"@id\":\"https:\\\/\\\/www.sbhss.eu\\\/sv\\\/europa-banar-vagen-for-digitalisering\\\/#primaryimage\"},\"thumbnailUrl\":\"https:\\\/\\\/www.sbhss.eu\\\/wp-content\\\/uploads\\\/2023\\\/05\\\/hd-wallpaper-g4833244db19202.jpg\",\"datePublished\":\"2023-05-12T10:11:42+00:00\",\"dateModified\":\"2023-05-12T11:38:02+00:00\",\"author\":{\"@id\":\"https:\\\/\\\/www.sbhss.eu\\\/#\\\/schema\\\/person\\\/70b24d9b52a0e379b6bf9ab6bc744008\"},\"breadcrumb\":{\"@id\":\"https:\\\/\\\/www.sbhss.eu\\\/sv\\\/europa-banar-vagen-for-digitalisering\\\/#breadcrumb\"},\"inLanguage\":\"sv-SE\",\"potentialAction\":[{\"@type\":\"ReadAction\",\"target\":[\"https:\\\/\\\/www.sbhss.eu\\\/sv\\\/europa-banar-vagen-for-digitalisering\\\/\"]}]},{\"@type\":\"ImageObject\",\"inLanguage\":\"sv-SE\",\"@id\":\"https:\\\/\\\/www.sbhss.eu\\\/sv\\\/europa-banar-vagen-for-digitalisering\\\/#primaryimage\",\"url\":\"https:\\\/\\\/www.sbhss.eu\\\/wp-content\\\/uploads\\\/2023\\\/05\\\/hd-wallpaper-g4833244db19202.jpg\",\"contentUrl\":\"https:\\\/\\\/www.sbhss.eu\\\/wp-content\\\/uploads\\\/2023\\\/05\\\/hd-wallpaper-g4833244db19202.jpg\",\"width\":1107,\"height\":1107},{\"@type\":\"BreadcrumbList\",\"@id\":\"https:\\\/\\\/www.sbhss.eu\\\/sv\\\/europa-banar-vagen-for-digitalisering\\\/#breadcrumb\",\"itemListElement\":[{\"@type\":\"ListItem\",\"position\":1,\"name\":\"Hem\",\"item\":\"https:\\\/\\\/www.sbhss.eu\\\/sv\\\/\"},{\"@type\":\"ListItem\",\"position\":2,\"name\":\"Europa banar v\u00e4gen f\u00f6r digitalisering\"}]},{\"@type\":\"WebSite\",\"@id\":\"https:\\\/\\\/www.sbhss.eu\\\/#website\",\"url\":\"https:\\\/\\\/www.sbhss.eu\\\/\",\"name\":\"SBHSS\",\"description\":\"\",\"potentialAction\":[{\"@type\":\"SearchAction\",\"target\":{\"@type\":\"EntryPoint\",\"urlTemplate\":\"https:\\\/\\\/www.sbhss.eu\\\/?s={search_term_string}\"},\"query-input\":{\"@type\":\"PropertyValueSpecification\",\"valueRequired\":true,\"valueName\":\"search_term_string\"}}],\"inLanguage\":\"sv-SE\"},{\"@type\":\"Person\",\"@id\":\"https:\\\/\\\/www.sbhss.eu\\\/#\\\/schema\\\/person\\\/70b24d9b52a0e379b6bf9ab6bc744008\",\"name\":\"Mahir Tatarevic\",\"image\":{\"@type\":\"ImageObject\",\"inLanguage\":\"sv-SE\",\"@id\":\"https:\\\/\\\/secure.gravatar.com\\\/avatar\\\/9bbd1173eca456cb04516acf78dc249d1ad8caa9eecc27cb671c205a81b549fb?s=96&d=mm&r=g\",\"url\":\"https:\\\/\\\/secure.gravatar.com\\\/avatar\\\/9bbd1173eca456cb04516acf78dc249d1ad8caa9eecc27cb671c205a81b549fb?s=96&d=mm&r=g\",\"contentUrl\":\"https:\\\/\\\/secure.gravatar.com\\\/avatar\\\/9bbd1173eca456cb04516acf78dc249d1ad8caa9eecc27cb671c205a81b549fb?s=96&d=mm&r=g\",\"caption\":\"Mahir Tatarevic\"},\"url\":\"https:\\\/\\\/www.sbhss.eu\\\/sv\\\/author\\\/mahir-tatarevic\\\/\"}]}<\/script>\n<!-- \/ Yoast SEO plugin. -->","yoast_head_json":{"title":"Europa banar v\u00e4gen f\u00f6r digitalisering - SBHSS","robots":{"index":"index","follow":"follow","max-snippet":"max-snippet:-1","max-image-preview":"max-image-preview:large","max-video-preview":"max-video-preview:-1"},"canonical":"https:\/\/www.sbhss.eu\/sv\/europa-banar-vagen-for-digitalisering\/","og_locale":"sv_SE","og_type":"article","og_title":"Europa banar v\u00e4gen f\u00f6r digitalisering - SBHSS","og_description":"Under de senaste veckorna har Brysselkontoret publicerat en rad olika artiklar med digitalisering i fokus. Dels har Brysselkontoret f\u00e5tt bes\u00f6k av digitaliseringskoordinatorer fr\u00e5n hela Sverige, dels har det skett en hel del aktivitet p\u00e5 den europeiska arenan. Brysselkontoret har h\u00e5llit sig aktiva genom att bevaka dessa olika initiativ, samt evenemang. Bland annat har Brysselkontoret nyligen [&hellip;]","og_url":"https:\/\/www.sbhss.eu\/sv\/europa-banar-vagen-for-digitalisering\/","og_site_name":"SBHSS","article_published_time":"2023-05-12T10:11:42+00:00","article_modified_time":"2023-05-12T11:38:02+00:00","og_image":[{"width":1107,"height":1107,"url":"https:\/\/www.sbhss.eu\/wp-content\/uploads\/2023\/05\/hd-wallpaper-g4833244db19202.jpg","type":"image\/jpeg"}],"author":"Mahir Tatarevic","twitter_card":"summary_large_image","twitter_misc":{"Skriven av":"Mahir Tatarevic","Ber\u00e4knad l\u00e4stid":"9 minuter"},"schema":{"@context":"https:\/\/schema.org","@graph":[{"@type":"Article","@id":"https:\/\/www.sbhss.eu\/sv\/europa-banar-vagen-for-digitalisering\/#article","isPartOf":{"@id":"https:\/\/www.sbhss.eu\/sv\/europa-banar-vagen-for-digitalisering\/"},"author":{"name":"Mahir Tatarevic","@id":"https:\/\/www.sbhss.eu\/#\/schema\/person\/70b24d9b52a0e379b6bf9ab6bc744008"},"headline":"Europa banar v\u00e4gen f\u00f6r digitalisering","datePublished":"2023-05-12T10:11:42+00:00","dateModified":"2023-05-12T11:38:02+00:00","mainEntityOfPage":{"@id":"https:\/\/www.sbhss.eu\/sv\/europa-banar-vagen-for-digitalisering\/"},"wordCount":1850,"commentCount":0,"image":{"@id":"https:\/\/www.sbhss.eu\/sv\/europa-banar-vagen-for-digitalisering\/#primaryimage"},"thumbnailUrl":"https:\/\/www.sbhss.eu\/wp-content\/uploads\/2023\/05\/hd-wallpaper-g4833244db19202.jpg","articleSection":["Okategoriserad"],"inLanguage":"sv-SE"},{"@type":"WebPage","@id":"https:\/\/www.sbhss.eu\/sv\/europa-banar-vagen-for-digitalisering\/","url":"https:\/\/www.sbhss.eu\/sv\/europa-banar-vagen-for-digitalisering\/","name":"Europa banar v\u00e4gen f\u00f6r digitalisering - SBHSS","isPartOf":{"@id":"https:\/\/www.sbhss.eu\/#website"},"primaryImageOfPage":{"@id":"https:\/\/www.sbhss.eu\/sv\/europa-banar-vagen-for-digitalisering\/#primaryimage"},"image":{"@id":"https:\/\/www.sbhss.eu\/sv\/europa-banar-vagen-for-digitalisering\/#primaryimage"},"thumbnailUrl":"https:\/\/www.sbhss.eu\/wp-content\/uploads\/2023\/05\/hd-wallpaper-g4833244db19202.jpg","datePublished":"2023-05-12T10:11:42+00:00","dateModified":"2023-05-12T11:38:02+00:00","author":{"@id":"https:\/\/www.sbhss.eu\/#\/schema\/person\/70b24d9b52a0e379b6bf9ab6bc744008"},"breadcrumb":{"@id":"https:\/\/www.sbhss.eu\/sv\/europa-banar-vagen-for-digitalisering\/#breadcrumb"},"inLanguage":"sv-SE","potentialAction":[{"@type":"ReadAction","target":["https:\/\/www.sbhss.eu\/sv\/europa-banar-vagen-for-digitalisering\/"]}]},{"@type":"ImageObject","inLanguage":"sv-SE","@id":"https:\/\/www.sbhss.eu\/sv\/europa-banar-vagen-for-digitalisering\/#primaryimage","url":"https:\/\/www.sbhss.eu\/wp-content\/uploads\/2023\/05\/hd-wallpaper-g4833244db19202.jpg","contentUrl":"https:\/\/www.sbhss.eu\/wp-content\/uploads\/2023\/05\/hd-wallpaper-g4833244db19202.jpg","width":1107,"height":1107},{"@type":"BreadcrumbList","@id":"https:\/\/www.sbhss.eu\/sv\/europa-banar-vagen-for-digitalisering\/#breadcrumb","itemListElement":[{"@type":"ListItem","position":1,"name":"Hem","item":"https:\/\/www.sbhss.eu\/sv\/"},{"@type":"ListItem","position":2,"name":"Europa banar v\u00e4gen f\u00f6r digitalisering"}]},{"@type":"WebSite","@id":"https:\/\/www.sbhss.eu\/#website","url":"https:\/\/www.sbhss.eu\/","name":"SBHSS","description":"","potentialAction":[{"@type":"SearchAction","target":{"@type":"EntryPoint","urlTemplate":"https:\/\/www.sbhss.eu\/?s={search_term_string}"},"query-input":{"@type":"PropertyValueSpecification","valueRequired":true,"valueName":"search_term_string"}}],"inLanguage":"sv-SE"},{"@type":"Person","@id":"https:\/\/www.sbhss.eu\/#\/schema\/person\/70b24d9b52a0e379b6bf9ab6bc744008","name":"Mahir Tatarevic","image":{"@type":"ImageObject","inLanguage":"sv-SE","@id":"https:\/\/secure.gravatar.com\/avatar\/9bbd1173eca456cb04516acf78dc249d1ad8caa9eecc27cb671c205a81b549fb?s=96&d=mm&r=g","url":"https:\/\/secure.gravatar.com\/avatar\/9bbd1173eca456cb04516acf78dc249d1ad8caa9eecc27cb671c205a81b549fb?s=96&d=mm&r=g","contentUrl":"https:\/\/secure.gravatar.com\/avatar\/9bbd1173eca456cb04516acf78dc249d1ad8caa9eecc27cb671c205a81b549fb?s=96&d=mm&r=g","caption":"Mahir Tatarevic"},"url":"https:\/\/www.sbhss.eu\/sv\/author\/mahir-tatarevic\/"}]}},"_links":{"self":[{"href":"https:\/\/www.sbhss.eu\/sv\/wp-json\/wp\/v2\/posts\/4509","targetHints":{"allow":["GET"]}}],"collection":[{"href":"https:\/\/www.sbhss.eu\/sv\/wp-json\/wp\/v2\/posts"}],"about":[{"href":"https:\/\/www.sbhss.eu\/sv\/wp-json\/wp\/v2\/types\/post"}],"author":[{"embeddable":true,"href":"https:\/\/www.sbhss.eu\/sv\/wp-json\/wp\/v2\/users\/13"}],"replies":[{"embeddable":true,"href":"https:\/\/www.sbhss.eu\/sv\/wp-json\/wp\/v2\/comments?post=4509"}],"version-history":[{"count":5,"href":"https:\/\/www.sbhss.eu\/sv\/wp-json\/wp\/v2\/posts\/4509\/revisions"}],"predecessor-version":[{"id":4556,"href":"https:\/\/www.sbhss.eu\/sv\/wp-json\/wp\/v2\/posts\/4509\/revisions\/4556"}],"wp:featuredmedia":[{"embeddable":true,"href":"https:\/\/www.sbhss.eu\/sv\/wp-json\/wp\/v2\/media\/4517"}],"wp:attachment":[{"href":"https:\/\/www.sbhss.eu\/sv\/wp-json\/wp\/v2\/media?parent=4509"}],"wp:term":[{"taxonomy":"category","embeddable":true,"href":"https:\/\/www.sbhss.eu\/sv\/wp-json\/wp\/v2\/categories?post=4509"},{"taxonomy":"post_tag","embeddable":true,"href":"https:\/\/www.sbhss.eu\/sv\/wp-json\/wp\/v2\/tags?post=4509"}],"curies":[{"name":"wp","href":"https:\/\/api.w.org\/{rel}","templated":true}]}}