{"id":4510,"date":"2023-05-12T10:03:24","date_gmt":"2023-05-12T10:03:24","guid":{"rendered":"https:\/\/www.sbhss.eu\/?p=4510"},"modified":"2023-05-12T10:50:53","modified_gmt":"2023-05-12T10:50:53","slug":"initiativ-for-utbyggnad-av-digital-infrastruktur-och-5g-natverk","status":"publish","type":"post","link":"https:\/\/www.sbhss.eu\/sv\/initiativ-for-utbyggnad-av-digital-infrastruktur-och-5g-natverk\/","title":{"rendered":"Initiativ f\u00f6r utbyggnad av digital infrastruktur och 5G-n\u00e4tverk\u00a0"},"content":{"rendered":"<p><i><span data-contrast=\"auto\">Den digitala omst\u00e4llningen i EU \u00e4r avg\u00f6ran<\/span><\/i><i><span data-contrast=\"auto\">de f\u00f6r att effektivt m\u00f6ta nuvarande och framtida utmaningar, n\u00e5 v\u00e5ra klimatm\u00e5l och st\u00e4rka konkurrenskraften. I den utvecklingen spelar bland annat utbyggnaden av 5G-n\u00e4tverk en betydande roll f\u00f6r att f\u00f6rb\u00e4ttra digitala tj\u00e4nster och anslutning lokalt men \u00e4ven uppn\u00e5 EU:s digitala m\u00e5l till 2030. 5G for Smart Communities (5GSC) \u00e4r ett av EU:s initiativ som syftar till att st\u00f6dja utbyggnaden av h\u00f6gkvalitativa 5G-n\u00e4tverk och bygga lokala partnerskap som utg\u00e5r fr\u00e5n slutanv\u00e4ndaren.\u00a0<\/span><\/i><span data-ccp-props=\"{&quot;201341983&quot;:0,&quot;335559739&quot;:160,&quot;335559740&quot;:259}\">\u00a0<\/span><\/p>\n<p><b><span data-contrast=\"auto\">5G for Smart Communities och den digitala omst\u00e4llningen<\/span><\/b><span data-ccp-props=\"{&quot;201341983&quot;:0,&quot;335559739&quot;:160,&quot;335559740&quot;:259}\">\u00a0<\/span><\/p>\n<p><span data-contrast=\"auto\">Som <\/span><a href=\"https:\/\/www.sbhss.eu\/sv\/digitalisering-fran-regionen-till-eu-kommissionen-och-tillbaka-igen\/\"><span data-contrast=\"none\">Brysselkontoret tidigare skrivit<\/span><\/a><span data-contrast=\"auto\"> om har EU-kommissionen utn\u00e4mnt \u00e5ren fram till 2030 som <\/span><a href=\"https:\/\/commission.europa.eu\/strategy-and-policy\/priorities-2019-2024\/europe-fit-digital-age\/europes-digital-decade-digital-targets-2030_en\"><span data-contrast=\"none\">EU:s digitala decennium<\/span><\/a><span data-contrast=\"auto\"> vilket v\u00e4gleds av den digitala kompassen. Det inneb\u00e4r b\u00e5de nya m\u00f6jligheter och utmaningar f\u00f6r f\u00f6retag, regioner, och privatpersoner d\u00e4r den digitala infrastrukturen spelar en central roll i att uppn\u00e5 de \u00f6vergripande m\u00e5len. Ut\u00f6ver f\u00f6rb\u00e4ttrade moln-tj\u00e4nster och fler dataomr\u00e5den, \u00e4r utbyggnaden av 5G-n\u00e4tverk prioriterad f\u00f6r att \u00f6ka anslutningen i mindre t\u00e4tbefolkade omr\u00e5den och stimulera nya socioekonomiska drivkrafter inom flera sektorer, s\u00e5som utbildning, h\u00e4lso- och sjukv\u00e5rd och transport. \u00a0F\u00f6r att st\u00f6dja och uppmuntra till denna utbyggnad lanserade EU-kommissionen 2022 initiativet <\/span><a href=\"https:\/\/digital-strategy.ec.europa.eu\/en\/activities\/5g-smart-communities\"><i><span data-contrast=\"none\">5G for Smart Communities (5GSC)<\/span><\/i><\/a> <span data-contrast=\"auto\">som \u00e4mnar till att st\u00f6dja lokala och regionala projekt av utbyggnad och anv\u00e4ndning av 5G-n\u00e4tverk. Initiativet \u00e4r \u00e4ven en del av <\/span><a href=\"https:\/\/digital-strategy.ec.europa.eu\/en\/activities\/cef-digital\"><span data-contrast=\"none\">Connecting Europe Facility\u2019s, (CEF<\/span><\/a><span data-contrast=\"auto\">) digitala program som ska st\u00f6dja b\u00e5de privata och offentliga investeringar i digital infrastruktur, och bidrar d\u00e4rav med finansiering av projekten.<\/span><\/p>\n<p><span data-contrast=\"auto\">Utlysningarna inom 5GSC publiceras under CEF-programmet och\u00a0koordineras generellt p\u00e5 nationell niv\u00e5. F\u00f6r att ans\u00f6ka beh\u00f6ver minst tv\u00e5 akt\u00f6rer bilda<\/span> ett partnerskap, en som ansvarar f\u00f6r utbyggnaden av n\u00e4tverksinfrastrukturen och en som \u00e4r slutanv\u00e4ndaren, vilket ofta \u00e4r en privat och en offentlig\u00a0<span data-contrast=\"auto\">akt\u00f6r. Det har sedan starten 2022 varit tv\u00e5 omg\u00e5ngar med utlysningar och en tredje f\u00f6rv\u00e4ntas presenteras inom snar framtid. V\u00e4rt att notera \u00e4r att CEF-programmet finansierar upp till 75 procent av infrastrukturkostnaderna i form av bidrag och att specifikt identifierade anv\u00e4ndningsfall (use cases) spelar en central roll i utlysningarna, med m\u00e5let att 5G ska n\u00e5 ut till alla sektorer och inte bara st\u00e4der. <\/span><span data-ccp-props=\"{&quot;134233117&quot;:false,&quot;134233118&quot;:false,&quot;201341983&quot;:0,&quot;335551550&quot;:1,&quot;335551620&quot;:1,&quot;335559685&quot;:0,&quot;335559737&quot;:0,&quot;335559738&quot;:0,&quot;335559739&quot;:160,&quot;335559740&quot;:259}\">\u00a0<\/span><\/p>\n<p><img loading=\"lazy\" decoding=\"async\" class=\" wp-image-4531 aligncenter\" src=\"https:\/\/www.sbhss.eu\/wp-content\/uploads\/2023\/05\/5g-ec-300x152.jpg\" alt=\"\" width=\"582\" height=\"295\" \/><\/p>\n<p><b><span data-contrast=\"auto\">5GSC Supportplattform<\/span><\/b><\/p>\n<p><span data-contrast=\"auto\">F\u00f6r att st\u00f6dja och engagera akt\u00f6rer<\/span><span data-contrast=\"auto\">\u00a0arrangerade EU-kommissionen ett lanseringsevent den 25 april av <\/span><i><span data-contrast=\"auto\">5GSC:s<\/span><\/i><span data-contrast=\"auto\"> nya supportplattform, d\u00e4r representanter fr\u00e5n EU-kommissionens enhet f\u00f6r digitala fr\u00e5gor, DG CNECT, medverkade tillsammans med HaDEA som \u00e4r ansvarig byr\u00e5 f\u00f6r implementering av EU:s digitala m\u00e5l. D\u00e4rut\u00f6ver deltog \u00e4ven mobiln\u00e4tsoperat\u00f6rer, offentliga myndigheter och tillverkare av<\/span><span data-contrast=\"auto\">\u00a0n\u00e4tverksinfrastruktur f\u00f6r att dela med sig av sina erfarenheter av <\/span><i><span data-contrast=\"auto\">5GSC<\/span><\/i><span data-contrast=\"auto\">, fr\u00e4mst vad g\u00e4ller utlysningar, ans\u00f6kningsprocessen och vilka utmaningar de m\u00f6tt p\u00e5 v\u00e4gen.<\/span><\/p>\n<p><span data-contrast=\"auto\">F\u00f6r att st\u00f6dja intresserade akt\u00f6rer i ans\u00f6kningsprocessen och genomf\u00f6randet av framtida utlysningar har supportplattformen skapats med syftet att informera intressenter om olika evenemang och st\u00f6d\u00e5tg\u00e4rder relaterade till <\/span><i><span data-contrast=\"auto\">5GSC, <\/span><\/i><span data-contrast=\"auto\">men \u00e4ven \u00f6ka samarbetet och kunskapsutbytet mellan akt\u00f6rer. Plattformen erbjuder v\u00e4gledning och erfarenhetsutbyte f\u00f6r projektans\u00f6kningar, vilket ger intressenter m\u00f6jlighet att fatta v\u00e4lgrundade beslut och framg\u00e5ngsrikt navigera den komplexa ans\u00f6kningsprocessen, oavsett erfarenhetsniv\u00e5 eller expertis. D\u00e4rut\u00f6ver syftar plattformen ocks\u00e5 till att st\u00f6dja EU-kommissionen i policyutformning genom samr\u00e5d och dialog med intressenter, vilket kan vara s\u00e4rskilt intressant f\u00f6r akt\u00f6rer inom SBHSS som arbetar med digital infrastruktur och vill p\u00e5verka EU-beslut. <\/span><span data-ccp-props=\"{&quot;201341983&quot;:0,&quot;335559739&quot;:160,&quot;335559740&quot;:259}\">\u00a0<\/span><\/p>\n<p><span data-contrast=\"auto\">Under lanseringseventet diskuterades flera exempel och projekt fr\u00e5n tidigare utlysningar, bland annat hur<\/span><span data-contrast=\"auto\"> 5G kommit att anv\u00e4nds inom h<\/span><span data-contrast=\"auto\">\u00e4lso- och sjukv\u00e5rd och utbildning. Ett exempel som presenterades av regionen V\u00e4stra Flanders i Belgien, var 5G-utbyggnad inom sjukv\u00e5rd och utbildning med <\/span><span data-contrast=\"auto\">fokus p\u00e5 f\u00f6ljande tre anv\u00e4ndningsomr\u00e5den, vilket visar p\u00e5 hur projekt inom ramen av 5GSC kan se ut:<img loading=\"lazy\" decoding=\"async\" class=\"size-medium wp-image-4535 alignright\" src=\"https:\/\/www.sbhss.eu\/wp-content\/uploads\/2023\/05\/5gg-2-300x300.jpg\" alt=\"\" width=\"300\" height=\"300\" \/><\/span><\/p>\n<ul>\n<li data-leveltext=\"\uf0b7\" data-font=\"Symbol\" data-listid=\"8\" data-list-defn-props=\"{&quot;335552541&quot;:1,&quot;335559684&quot;:-2,&quot;335559685&quot;:720,&quot;335559991&quot;:360,&quot;469769226&quot;:&quot;Symbol&quot;,&quot;469769242&quot;:[8226],&quot;469777803&quot;:&quot;left&quot;,&quot;469777804&quot;:&quot;\uf0b7&quot;,&quot;469777815&quot;:&quot;hybridMultilevel&quot;}\" aria-setsize=\"-1\" data-aria-posinset=\"1\" data-aria-level=\"1\"><span data-contrast=\"auto\">transport av blodprover med dr\u00f6nare,\u00a0<\/span><span data-ccp-props=\"{&quot;201341983&quot;:0,&quot;335559739&quot;:160,&quot;335559740&quot;:259}\">\u00a0<\/span><\/li>\n<li data-leveltext=\"\uf0b7\" data-font=\"Symbol\" data-listid=\"8\" data-list-defn-props=\"{&quot;335552541&quot;:1,&quot;335559684&quot;:-2,&quot;335559685&quot;:720,&quot;335559991&quot;:360,&quot;469769226&quot;:&quot;Symbol&quot;,&quot;469769242&quot;:[8226],&quot;469777803&quot;:&quot;left&quot;,&quot;469777804&quot;:&quot;\uf0b7&quot;,&quot;469777815&quot;:&quot;hybridMultilevel&quot;}\" aria-setsize=\"-1\" data-aria-posinset=\"1\" data-aria-level=\"1\"><span data-contrast=\"auto\">virtuella klassrum f\u00f6r elever som inte har m\u00f6jlighet att delta fysiskt,<\/span><span data-ccp-props=\"{&quot;201341983&quot;:0,&quot;335559739&quot;:160,&quot;335559740&quot;:259}\">\u00a0<\/span><\/li>\n<li data-leveltext=\"\uf0b7\" data-font=\"Symbol\" data-listid=\"8\" data-list-defn-props=\"{&quot;335552541&quot;:1,&quot;335559684&quot;:-2,&quot;335559685&quot;:720,&quot;335559991&quot;:360,&quot;469769226&quot;:&quot;Symbol&quot;,&quot;469769242&quot;:[8226],&quot;469777803&quot;:&quot;left&quot;,&quot;469777804&quot;:&quot;\uf0b7&quot;,&quot;469777815&quot;:&quot;hybridMultilevel&quot;}\" aria-setsize=\"-1\" data-aria-posinset=\"1\" data-aria-level=\"1\"><span data-contrast=\"auto\">5G-anslutna ambulanser som kopplar <\/span><span data-contrast=\"auto\">ambulanssjukv\u00e5rdarna med en l\u00e4kare p\u00e5 distans f\u00f6r b\u00e4ttre behandling och r\u00e5dgivning.<\/span><span data-contrast=\"auto\">\u00a0<\/span><span data-ccp-props=\"{&quot;201341983&quot;:0,&quot;335559739&quot;:160,&quot;335559740&quot;:259}\">\u00a0<\/span><\/li>\n<\/ul>\n<p><b><span data-contrast=\"auto\">Vad kan f\u00f6rv\u00e4ntas fram\u00f6ver?<\/span><\/b><span data-ccp-props=\"{&quot;201341983&quot;:0,&quot;335559739&quot;:160,&quot;335559740&quot;:259}\">\u00a0<\/span><\/p>\n<p><span data-contrast=\"auto\">Trots att <\/span><i><span data-contrast=\"auto\">5GSC<\/span><\/i><span data-contrast=\"auto\"> endast varit verksamt sen 2022 ser EU-kommissionen och andra relevanta akt\u00f6rer stor utvecklingspotential, speciellt f\u00f6r landsbygden och mindre utvecklade omr\u00e5den d\u00e4r <\/span><i><span data-contrast=\"auto\">5GSC<\/span><\/i><span data-contrast=\"auto\"> kan leda till b\u00e4ttre samarbete, anslutning och kvalit\u00e9. Flera anser \u00e4ven att den nya Gigabit Infrastructure Act, <\/span><a href=\"https:\/\/www.sbhss.eu\/sv\/digitaliseringsarbetet-tar-konkreta-steg-framat\/\"><span data-contrast=\"none\">som Brysselkontoret skrivit om tidigare<\/span><\/a><span data-contrast=\"auto\">, kan bli en viktig pelare f\u00f6r att p\u00e5skynda utbyggnaden, vilket redan engagerat flera av v\u00e5ra regioner <\/span><span data-contrast=\"none\">som planerar att p\u00e5verka utfallet i f\u00f6rslaget. <\/span><span data-contrast=\"auto\">\u00a0Dock ser flertalet akt\u00f6rer i nul\u00e4get att ans\u00f6kningsprocessen \u00e4r komplex och finansieringen i vissa fall \u00e4r otillr\u00e4cklig. Inom ramen av 5GSC kommer d\u00e4rf\u00f6r\u00a0en grupp f\u00f6r offentliga myndighete<\/span><span data-contrast=\"auto\">r skapas (PA5GSC) d\u00e4r medlemsl\u00e4nder och regioner tr\u00e4ffas tv\u00e5 g\u00e5nger om \u00e5ret f\u00f6r diskussioner och inspel till EU-kommissionen<\/span><span data-contrast=\"none\">, vilket kan vara intressant f\u00f6r v\u00e5ra kollegor i Sm\u00e5land-Blekinge-Halland att k\u00e4nna till f\u00f6r att f\u00e5 en direkt ing\u00e5ng till EU-kommissionen.<\/span><span data-contrast=\"auto\"> Initialt fokus \u00e4r att forma framtida 5GSC-utlysningar genom olika samr\u00e5d och samarbete med andra koordinerings- och st\u00f6d\u00e5tg\u00e4rder (Coordination and support actions, CSA). <\/span><span data-contrast=\"none\">Detta kan ocks\u00e5 vara en m\u00f6jlighet f\u00f6r v\u00e5ra regioner att p\u00e5verka hur kommande utlysningar ska se ut utefter v\u00e5ra regionala behov.<\/span><span data-ccp-props=\"{&quot;201341983&quot;:0,&quot;335559739&quot;:160,&quot;335559740&quot;:259}\">\u00a0<\/span><\/p>\n<p><span data-contrast=\"auto\">Vidare presenterades \u00e4ven flera planerade evenemang, s\u00e5som kapacitetsuppbyggnad och m\u00f6ten f\u00f6r att \u00f6ka deltagandet i CEF och samarbeten med kandidater. Plattformen kommer att genomf\u00f6ra en serie online-workshops under 2023 f\u00f6r att dela goda exempel och st\u00e4rka projektledare i planerings- och ans\u00f6kningsprocessen. Dessa workshops kommer att \u00e4ga rum f\u00f6rsta torsdagen varje m\u00e5nad, med start i juni. Nedan ser ni Supportplattformens prelimin\u00e4ra evenemangskalender: <\/span><span data-ccp-props=\"{&quot;201341983&quot;:0,&quot;335559739&quot;:160,&quot;335559740&quot;:259}\">\u00a0<\/span><\/p>\n<ul>\n<li data-leveltext=\"\uf0b7\" data-font=\"Symbol\" data-listid=\"6\" data-list-defn-props=\"{&quot;335552541&quot;:1,&quot;335559684&quot;:-2,&quot;335559685&quot;:720,&quot;335559991&quot;:360,&quot;469769226&quot;:&quot;Symbol&quot;,&quot;469769242&quot;:[8226],&quot;469777803&quot;:&quot;left&quot;,&quot;469777804&quot;:&quot;\uf0b7&quot;,&quot;469777815&quot;:&quot;hybridMultilevel&quot;}\" aria-setsize=\"-1\" data-aria-posinset=\"1\" data-aria-level=\"1\"><span data-contrast=\"auto\">1 juni: Exploring 5G Use Cases<\/span><span data-ccp-props=\"{&quot;201341983&quot;:0,&quot;335559739&quot;:160,&quot;335559740&quot;:259}\">\u00a0<\/span><\/li>\n<li data-leveltext=\"\uf0b7\" data-font=\"Symbol\" data-listid=\"6\" data-list-defn-props=\"{&quot;335552541&quot;:1,&quot;335559684&quot;:-2,&quot;335559685&quot;:720,&quot;335559991&quot;:360,&quot;469769226&quot;:&quot;Symbol&quot;,&quot;469769242&quot;:[8226],&quot;469777803&quot;:&quot;left&quot;,&quot;469777804&quot;:&quot;\uf0b7&quot;,&quot;469777815&quot;:&quot;hybridMultilevel&quot;}\" aria-setsize=\"-1\" data-aria-posinset=\"2\" data-aria-level=\"1\"><span data-contrast=\"auto\">22 juni: Smart communities health care use cases<\/span><span data-ccp-props=\"{&quot;201341983&quot;:0,&quot;335559739&quot;:160,&quot;335559740&quot;:259}\">\u00a0<\/span><\/li>\n<li data-leveltext=\"\uf0b7\" data-font=\"Symbol\" data-listid=\"6\" data-list-defn-props=\"{&quot;335552541&quot;:1,&quot;335559684&quot;:-2,&quot;335559685&quot;:720,&quot;335559991&quot;:360,&quot;469769226&quot;:&quot;Symbol&quot;,&quot;469769242&quot;:[8226],&quot;469777803&quot;:&quot;left&quot;,&quot;469777804&quot;:&quot;\uf0b7&quot;,&quot;469777815&quot;:&quot;hybridMultilevel&quot;}\" aria-setsize=\"-1\" data-aria-posinset=\"3\" data-aria-level=\"1\"><span data-contrast=\"auto\">6 juli: Introduction to campus networks for smart communities<\/span><span data-ccp-props=\"{&quot;201341983&quot;:0,&quot;335559739&quot;:160,&quot;335559740&quot;:259}\">\u00a0<\/span><\/li>\n<li data-leveltext=\"\uf0b7\" data-font=\"Symbol\" data-listid=\"6\" data-list-defn-props=\"{&quot;335552541&quot;:1,&quot;335559684&quot;:-2,&quot;335559685&quot;:720,&quot;335559991&quot;:360,&quot;469769226&quot;:&quot;Symbol&quot;,&quot;469769242&quot;:[8226],&quot;469777803&quot;:&quot;left&quot;,&quot;469777804&quot;:&quot;\uf0b7&quot;,&quot;469777815&quot;:&quot;hybridMultilevel&quot;}\" aria-setsize=\"-1\" data-aria-posinset=\"4\" data-aria-level=\"1\"><span data-contrast=\"auto\">7 september: 5G Infrastructure sharing for CEFF 5G Smart Community Projects<\/span><span data-ccp-props=\"{&quot;201341983&quot;:0,&quot;335559739&quot;:160,&quot;335559740&quot;:259}\">\u00a0<\/span><\/li>\n<li data-leveltext=\"\uf0b7\" data-font=\"Symbol\" data-listid=\"6\" data-list-defn-props=\"{&quot;335552541&quot;:1,&quot;335559684&quot;:-2,&quot;335559685&quot;:720,&quot;335559991&quot;:360,&quot;469769226&quot;:&quot;Symbol&quot;,&quot;469769242&quot;:[8226],&quot;469777803&quot;:&quot;left&quot;,&quot;469777804&quot;:&quot;\uf0b7&quot;,&quot;469777815&quot;:&quot;hybridMultilevel&quot;}\" aria-setsize=\"-1\" data-aria-posinset=\"5\" data-aria-level=\"1\"><span data-contrast=\"auto\">5 oktober: Consortium planning and management for smart community projects<\/span><span data-ccp-props=\"{&quot;201341983&quot;:0,&quot;335559739&quot;:160,&quot;335559740&quot;:259}\">\u00a0<\/span><\/li>\n<li data-leveltext=\"\uf0b7\" data-font=\"Symbol\" data-listid=\"6\" data-list-defn-props=\"{&quot;335552541&quot;:1,&quot;335559684&quot;:-2,&quot;335559685&quot;:720,&quot;335559991&quot;:360,&quot;469769226&quot;:&quot;Symbol&quot;,&quot;469769242&quot;:[8226],&quot;469777803&quot;:&quot;left&quot;,&quot;469777804&quot;:&quot;\uf0b7&quot;,&quot;469777815&quot;:&quot;hybridMultilevel&quot;}\" aria-setsize=\"-1\" data-aria-posinset=\"5\" data-aria-level=\"1\"><span data-contrast=\"auto\">19 oktober: Co-funding and procurement obligations for contractors<\/span><\/li>\n<li data-leveltext=\"\uf0b7\" data-font=\"Symbol\" data-listid=\"6\" data-list-defn-props=\"{&quot;335552541&quot;:1,&quot;335559684&quot;:-2,&quot;335559685&quot;:720,&quot;335559991&quot;:360,&quot;469769226&quot;:&quot;Symbol&quot;,&quot;469769242&quot;:[8226],&quot;469777803&quot;:&quot;left&quot;,&quot;469777804&quot;:&quot;\uf0b7&quot;,&quot;469777815&quot;:&quot;hybridMultilevel&quot;}\" aria-setsize=\"-1\" data-aria-posinset=\"5\" data-aria-level=\"1\"><span data-contrast=\"auto\">7 december: Bid writing process for CEF 5GSC.<\/span><span data-ccp-props=\"{&quot;201341983&quot;:0,&quot;335559739&quot;:160,&quot;335559740&quot;:259}\">\u00a0<\/span><\/li>\n<\/ul>\n<p><b><span data-contrast=\"auto\">Vill ni veta mer?<\/span><\/b><span data-ccp-props=\"{&quot;201341983&quot;:0,&quot;335559739&quot;:160,&quot;335559740&quot;:259}\">\u00a0<\/span><\/p>\n<p><span data-contrast=\"auto\">L\u00e4s mer om <a href=\"https:\/\/digital-strategy.ec.europa.eu\/en\/activities\/5g-smart-communities\">5G for Smart Communities h\u00e4r<\/a> och kontakta Brysselkontoret vi intresse f\u00f6r finansieringsprogrammet, plattformen eller n\u00e4tverket!<\/span><span data-ccp-props=\"{&quot;201341983&quot;:0,&quot;335559739&quot;:160,&quot;335559740&quot;:259}\">\u00a0<\/span><\/p>\n","protected":false},"excerpt":{"rendered":"<p>Den digitala omst\u00e4llningen i EU \u00e4r avg\u00f6rande f\u00f6r att effektivt m\u00f6ta nuvarande och framtida utmaningar, n\u00e5 v\u00e5ra klimatm\u00e5l och st\u00e4rka konkurrenskraften. I den utvecklingen spelar bland annat utbyggnaden av 5G-n\u00e4tverk en betydande roll f\u00f6r att f\u00f6rb\u00e4ttra digitala tj\u00e4nster och anslutning lokalt men \u00e4ven uppn\u00e5 EU:s digitala m\u00e5l till 2030. 5G for Smart Communities (5GSC) \u00e4r [&hellip;]<\/p>\n","protected":false},"author":14,"featured_media":4511,"comment_status":"open","ping_status":"open","sticky":false,"template":"","format":"standard","meta":{"_acf_changed":false,"footnotes":""},"categories":[3],"tags":[],"class_list":["post-4510","post","type-post","status-publish","format-standard","has-post-thumbnail","hentry","category-okategoriserad"],"acf":[],"yoast_head":"<!-- This site is optimized with the Yoast SEO plugin v27.5 - https:\/\/yoast.com\/product\/yoast-seo-wordpress\/ -->\n<title>Initiativ f\u00f6r utbyggnad av digital infrastruktur och 5G-n\u00e4tverk\u00a0 - SBHSS<\/title>\n<meta name=\"robots\" content=\"index, follow, max-snippet:-1, max-image-preview:large, max-video-preview:-1\" \/>\n<link rel=\"canonical\" href=\"https:\/\/www.sbhss.eu\/sv\/initiativ-for-utbyggnad-av-digital-infrastruktur-och-5g-natverk\/\" \/>\n<meta property=\"og:locale\" content=\"sv_SE\" \/>\n<meta property=\"og:type\" content=\"article\" \/>\n<meta property=\"og:title\" content=\"Initiativ f\u00f6r utbyggnad av digital infrastruktur och 5G-n\u00e4tverk\u00a0 - SBHSS\" \/>\n<meta property=\"og:description\" content=\"Den digitala omst\u00e4llningen i EU \u00e4r avg\u00f6rande f\u00f6r att effektivt m\u00f6ta nuvarande och framtida utmaningar, n\u00e5 v\u00e5ra klimatm\u00e5l och st\u00e4rka konkurrenskraften. I den utvecklingen spelar bland annat utbyggnaden av 5G-n\u00e4tverk en betydande roll f\u00f6r att f\u00f6rb\u00e4ttra digitala tj\u00e4nster och anslutning lokalt men \u00e4ven uppn\u00e5 EU:s digitala m\u00e5l till 2030. 5G for Smart Communities (5GSC) \u00e4r [&hellip;]\" \/>\n<meta property=\"og:url\" content=\"https:\/\/www.sbhss.eu\/sv\/initiativ-for-utbyggnad-av-digital-infrastruktur-och-5g-natverk\/\" \/>\n<meta property=\"og:site_name\" content=\"SBHSS\" \/>\n<meta property=\"article:published_time\" content=\"2023-05-12T10:03:24+00:00\" \/>\n<meta property=\"article:modified_time\" content=\"2023-05-12T10:50:53+00:00\" \/>\n<meta property=\"og:image\" content=\"https:\/\/www.sbhss.eu\/wp-content\/uploads\/2023\/05\/5gsc-2.png\" \/>\n\t<meta property=\"og:image:width\" content=\"371\" \/>\n\t<meta property=\"og:image:height\" content=\"201\" \/>\n\t<meta property=\"og:image:type\" content=\"image\/png\" \/>\n<meta name=\"author\" content=\"Fanny Gotesson\" \/>\n<meta name=\"twitter:card\" content=\"summary_large_image\" \/>\n<meta name=\"twitter:label1\" content=\"Skriven av\" \/>\n\t<meta name=\"twitter:data1\" content=\"Fanny Gotesson\" \/>\n\t<meta name=\"twitter:label2\" content=\"Ber\u00e4knad l\u00e4stid\" \/>\n\t<meta name=\"twitter:data2\" content=\"6 minuter\" \/>\n<script type=\"application\/ld+json\" class=\"yoast-schema-graph\">{\"@context\":\"https:\\\/\\\/schema.org\",\"@graph\":[{\"@type\":\"Article\",\"@id\":\"https:\\\/\\\/www.sbhss.eu\\\/sv\\\/initiativ-for-utbyggnad-av-digital-infrastruktur-och-5g-natverk\\\/#article\",\"isPartOf\":{\"@id\":\"https:\\\/\\\/www.sbhss.eu\\\/sv\\\/initiativ-for-utbyggnad-av-digital-infrastruktur-och-5g-natverk\\\/\"},\"author\":{\"name\":\"Fanny Gotesson\",\"@id\":\"https:\\\/\\\/www.sbhss.eu\\\/#\\\/schema\\\/person\\\/1716714b80886aaae998abfba9811ea1\"},\"headline\":\"Initiativ f\u00f6r utbyggnad av digital infrastruktur och 5G-n\u00e4tverk\u00a0\",\"datePublished\":\"2023-05-12T10:03:24+00:00\",\"dateModified\":\"2023-05-12T10:50:53+00:00\",\"mainEntityOfPage\":{\"@id\":\"https:\\\/\\\/www.sbhss.eu\\\/sv\\\/initiativ-for-utbyggnad-av-digital-infrastruktur-och-5g-natverk\\\/\"},\"wordCount\":1099,\"commentCount\":0,\"image\":{\"@id\":\"https:\\\/\\\/www.sbhss.eu\\\/sv\\\/initiativ-for-utbyggnad-av-digital-infrastruktur-och-5g-natverk\\\/#primaryimage\"},\"thumbnailUrl\":\"https:\\\/\\\/www.sbhss.eu\\\/wp-content\\\/uploads\\\/2023\\\/05\\\/5gsc-2.png\",\"articleSection\":[\"Okategoriserad\"],\"inLanguage\":\"sv-SE\"},{\"@type\":\"WebPage\",\"@id\":\"https:\\\/\\\/www.sbhss.eu\\\/sv\\\/initiativ-for-utbyggnad-av-digital-infrastruktur-och-5g-natverk\\\/\",\"url\":\"https:\\\/\\\/www.sbhss.eu\\\/sv\\\/initiativ-for-utbyggnad-av-digital-infrastruktur-och-5g-natverk\\\/\",\"name\":\"Initiativ f\u00f6r utbyggnad av digital infrastruktur och 5G-n\u00e4tverk\u00a0 - SBHSS\",\"isPartOf\":{\"@id\":\"https:\\\/\\\/www.sbhss.eu\\\/#website\"},\"primaryImageOfPage\":{\"@id\":\"https:\\\/\\\/www.sbhss.eu\\\/sv\\\/initiativ-for-utbyggnad-av-digital-infrastruktur-och-5g-natverk\\\/#primaryimage\"},\"image\":{\"@id\":\"https:\\\/\\\/www.sbhss.eu\\\/sv\\\/initiativ-for-utbyggnad-av-digital-infrastruktur-och-5g-natverk\\\/#primaryimage\"},\"thumbnailUrl\":\"https:\\\/\\\/www.sbhss.eu\\\/wp-content\\\/uploads\\\/2023\\\/05\\\/5gsc-2.png\",\"datePublished\":\"2023-05-12T10:03:24+00:00\",\"dateModified\":\"2023-05-12T10:50:53+00:00\",\"author\":{\"@id\":\"https:\\\/\\\/www.sbhss.eu\\\/#\\\/schema\\\/person\\\/1716714b80886aaae998abfba9811ea1\"},\"breadcrumb\":{\"@id\":\"https:\\\/\\\/www.sbhss.eu\\\/sv\\\/initiativ-for-utbyggnad-av-digital-infrastruktur-och-5g-natverk\\\/#breadcrumb\"},\"inLanguage\":\"sv-SE\",\"potentialAction\":[{\"@type\":\"ReadAction\",\"target\":[\"https:\\\/\\\/www.sbhss.eu\\\/sv\\\/initiativ-for-utbyggnad-av-digital-infrastruktur-och-5g-natverk\\\/\"]}]},{\"@type\":\"ImageObject\",\"inLanguage\":\"sv-SE\",\"@id\":\"https:\\\/\\\/www.sbhss.eu\\\/sv\\\/initiativ-for-utbyggnad-av-digital-infrastruktur-och-5g-natverk\\\/#primaryimage\",\"url\":\"https:\\\/\\\/www.sbhss.eu\\\/wp-content\\\/uploads\\\/2023\\\/05\\\/5gsc-2.png\",\"contentUrl\":\"https:\\\/\\\/www.sbhss.eu\\\/wp-content\\\/uploads\\\/2023\\\/05\\\/5gsc-2.png\",\"width\":371,\"height\":201},{\"@type\":\"BreadcrumbList\",\"@id\":\"https:\\\/\\\/www.sbhss.eu\\\/sv\\\/initiativ-for-utbyggnad-av-digital-infrastruktur-och-5g-natverk\\\/#breadcrumb\",\"itemListElement\":[{\"@type\":\"ListItem\",\"position\":1,\"name\":\"Hem\",\"item\":\"https:\\\/\\\/www.sbhss.eu\\\/sv\\\/\"},{\"@type\":\"ListItem\",\"position\":2,\"name\":\"Initiativ f\u00f6r utbyggnad av digital infrastruktur och 5G-n\u00e4tverk\u00a0\"}]},{\"@type\":\"WebSite\",\"@id\":\"https:\\\/\\\/www.sbhss.eu\\\/#website\",\"url\":\"https:\\\/\\\/www.sbhss.eu\\\/\",\"name\":\"SBHSS\",\"description\":\"\",\"potentialAction\":[{\"@type\":\"SearchAction\",\"target\":{\"@type\":\"EntryPoint\",\"urlTemplate\":\"https:\\\/\\\/www.sbhss.eu\\\/?s={search_term_string}\"},\"query-input\":{\"@type\":\"PropertyValueSpecification\",\"valueRequired\":true,\"valueName\":\"search_term_string\"}}],\"inLanguage\":\"sv-SE\"},{\"@type\":\"Person\",\"@id\":\"https:\\\/\\\/www.sbhss.eu\\\/#\\\/schema\\\/person\\\/1716714b80886aaae998abfba9811ea1\",\"name\":\"Fanny Gotesson\",\"image\":{\"@type\":\"ImageObject\",\"inLanguage\":\"sv-SE\",\"@id\":\"https:\\\/\\\/secure.gravatar.com\\\/avatar\\\/96b47d3158944efeb0c68b1dacc6c23758cd49e3a5c78b97838c779bfb8d84f7?s=96&d=mm&r=g\",\"url\":\"https:\\\/\\\/secure.gravatar.com\\\/avatar\\\/96b47d3158944efeb0c68b1dacc6c23758cd49e3a5c78b97838c779bfb8d84f7?s=96&d=mm&r=g\",\"contentUrl\":\"https:\\\/\\\/secure.gravatar.com\\\/avatar\\\/96b47d3158944efeb0c68b1dacc6c23758cd49e3a5c78b97838c779bfb8d84f7?s=96&d=mm&r=g\",\"caption\":\"Fanny Gotesson\"},\"url\":\"https:\\\/\\\/www.sbhss.eu\\\/sv\\\/author\\\/fanny-gotesson\\\/\"}]}<\/script>\n<!-- \/ Yoast SEO plugin. -->","yoast_head_json":{"title":"Initiativ f\u00f6r utbyggnad av digital infrastruktur och 5G-n\u00e4tverk\u00a0 - SBHSS","robots":{"index":"index","follow":"follow","max-snippet":"max-snippet:-1","max-image-preview":"max-image-preview:large","max-video-preview":"max-video-preview:-1"},"canonical":"https:\/\/www.sbhss.eu\/sv\/initiativ-for-utbyggnad-av-digital-infrastruktur-och-5g-natverk\/","og_locale":"sv_SE","og_type":"article","og_title":"Initiativ f\u00f6r utbyggnad av digital infrastruktur och 5G-n\u00e4tverk\u00a0 - SBHSS","og_description":"Den digitala omst\u00e4llningen i EU \u00e4r avg\u00f6rande f\u00f6r att effektivt m\u00f6ta nuvarande och framtida utmaningar, n\u00e5 v\u00e5ra klimatm\u00e5l och st\u00e4rka konkurrenskraften. I den utvecklingen spelar bland annat utbyggnaden av 5G-n\u00e4tverk en betydande roll f\u00f6r att f\u00f6rb\u00e4ttra digitala tj\u00e4nster och anslutning lokalt men \u00e4ven uppn\u00e5 EU:s digitala m\u00e5l till 2030. 5G for Smart Communities (5GSC) \u00e4r [&hellip;]","og_url":"https:\/\/www.sbhss.eu\/sv\/initiativ-for-utbyggnad-av-digital-infrastruktur-och-5g-natverk\/","og_site_name":"SBHSS","article_published_time":"2023-05-12T10:03:24+00:00","article_modified_time":"2023-05-12T10:50:53+00:00","og_image":[{"width":371,"height":201,"url":"https:\/\/www.sbhss.eu\/wp-content\/uploads\/2023\/05\/5gsc-2.png","type":"image\/png"}],"author":"Fanny Gotesson","twitter_card":"summary_large_image","twitter_misc":{"Skriven av":"Fanny Gotesson","Ber\u00e4knad l\u00e4stid":"6 minuter"},"schema":{"@context":"https:\/\/schema.org","@graph":[{"@type":"Article","@id":"https:\/\/www.sbhss.eu\/sv\/initiativ-for-utbyggnad-av-digital-infrastruktur-och-5g-natverk\/#article","isPartOf":{"@id":"https:\/\/www.sbhss.eu\/sv\/initiativ-for-utbyggnad-av-digital-infrastruktur-och-5g-natverk\/"},"author":{"name":"Fanny Gotesson","@id":"https:\/\/www.sbhss.eu\/#\/schema\/person\/1716714b80886aaae998abfba9811ea1"},"headline":"Initiativ f\u00f6r utbyggnad av digital infrastruktur och 5G-n\u00e4tverk\u00a0","datePublished":"2023-05-12T10:03:24+00:00","dateModified":"2023-05-12T10:50:53+00:00","mainEntityOfPage":{"@id":"https:\/\/www.sbhss.eu\/sv\/initiativ-for-utbyggnad-av-digital-infrastruktur-och-5g-natverk\/"},"wordCount":1099,"commentCount":0,"image":{"@id":"https:\/\/www.sbhss.eu\/sv\/initiativ-for-utbyggnad-av-digital-infrastruktur-och-5g-natverk\/#primaryimage"},"thumbnailUrl":"https:\/\/www.sbhss.eu\/wp-content\/uploads\/2023\/05\/5gsc-2.png","articleSection":["Okategoriserad"],"inLanguage":"sv-SE"},{"@type":"WebPage","@id":"https:\/\/www.sbhss.eu\/sv\/initiativ-for-utbyggnad-av-digital-infrastruktur-och-5g-natverk\/","url":"https:\/\/www.sbhss.eu\/sv\/initiativ-for-utbyggnad-av-digital-infrastruktur-och-5g-natverk\/","name":"Initiativ f\u00f6r utbyggnad av digital infrastruktur och 5G-n\u00e4tverk\u00a0 - SBHSS","isPartOf":{"@id":"https:\/\/www.sbhss.eu\/#website"},"primaryImageOfPage":{"@id":"https:\/\/www.sbhss.eu\/sv\/initiativ-for-utbyggnad-av-digital-infrastruktur-och-5g-natverk\/#primaryimage"},"image":{"@id":"https:\/\/www.sbhss.eu\/sv\/initiativ-for-utbyggnad-av-digital-infrastruktur-och-5g-natverk\/#primaryimage"},"thumbnailUrl":"https:\/\/www.sbhss.eu\/wp-content\/uploads\/2023\/05\/5gsc-2.png","datePublished":"2023-05-12T10:03:24+00:00","dateModified":"2023-05-12T10:50:53+00:00","author":{"@id":"https:\/\/www.sbhss.eu\/#\/schema\/person\/1716714b80886aaae998abfba9811ea1"},"breadcrumb":{"@id":"https:\/\/www.sbhss.eu\/sv\/initiativ-for-utbyggnad-av-digital-infrastruktur-och-5g-natverk\/#breadcrumb"},"inLanguage":"sv-SE","potentialAction":[{"@type":"ReadAction","target":["https:\/\/www.sbhss.eu\/sv\/initiativ-for-utbyggnad-av-digital-infrastruktur-och-5g-natverk\/"]}]},{"@type":"ImageObject","inLanguage":"sv-SE","@id":"https:\/\/www.sbhss.eu\/sv\/initiativ-for-utbyggnad-av-digital-infrastruktur-och-5g-natverk\/#primaryimage","url":"https:\/\/www.sbhss.eu\/wp-content\/uploads\/2023\/05\/5gsc-2.png","contentUrl":"https:\/\/www.sbhss.eu\/wp-content\/uploads\/2023\/05\/5gsc-2.png","width":371,"height":201},{"@type":"BreadcrumbList","@id":"https:\/\/www.sbhss.eu\/sv\/initiativ-for-utbyggnad-av-digital-infrastruktur-och-5g-natverk\/#breadcrumb","itemListElement":[{"@type":"ListItem","position":1,"name":"Hem","item":"https:\/\/www.sbhss.eu\/sv\/"},{"@type":"ListItem","position":2,"name":"Initiativ f\u00f6r utbyggnad av digital infrastruktur och 5G-n\u00e4tverk\u00a0"}]},{"@type":"WebSite","@id":"https:\/\/www.sbhss.eu\/#website","url":"https:\/\/www.sbhss.eu\/","name":"SBHSS","description":"","potentialAction":[{"@type":"SearchAction","target":{"@type":"EntryPoint","urlTemplate":"https:\/\/www.sbhss.eu\/?s={search_term_string}"},"query-input":{"@type":"PropertyValueSpecification","valueRequired":true,"valueName":"search_term_string"}}],"inLanguage":"sv-SE"},{"@type":"Person","@id":"https:\/\/www.sbhss.eu\/#\/schema\/person\/1716714b80886aaae998abfba9811ea1","name":"Fanny Gotesson","image":{"@type":"ImageObject","inLanguage":"sv-SE","@id":"https:\/\/secure.gravatar.com\/avatar\/96b47d3158944efeb0c68b1dacc6c23758cd49e3a5c78b97838c779bfb8d84f7?s=96&d=mm&r=g","url":"https:\/\/secure.gravatar.com\/avatar\/96b47d3158944efeb0c68b1dacc6c23758cd49e3a5c78b97838c779bfb8d84f7?s=96&d=mm&r=g","contentUrl":"https:\/\/secure.gravatar.com\/avatar\/96b47d3158944efeb0c68b1dacc6c23758cd49e3a5c78b97838c779bfb8d84f7?s=96&d=mm&r=g","caption":"Fanny Gotesson"},"url":"https:\/\/www.sbhss.eu\/sv\/author\/fanny-gotesson\/"}]}},"_links":{"self":[{"href":"https:\/\/www.sbhss.eu\/sv\/wp-json\/wp\/v2\/posts\/4510","targetHints":{"allow":["GET"]}}],"collection":[{"href":"https:\/\/www.sbhss.eu\/sv\/wp-json\/wp\/v2\/posts"}],"about":[{"href":"https:\/\/www.sbhss.eu\/sv\/wp-json\/wp\/v2\/types\/post"}],"author":[{"embeddable":true,"href":"https:\/\/www.sbhss.eu\/sv\/wp-json\/wp\/v2\/users\/14"}],"replies":[{"embeddable":true,"href":"https:\/\/www.sbhss.eu\/sv\/wp-json\/wp\/v2\/comments?post=4510"}],"version-history":[{"count":10,"href":"https:\/\/www.sbhss.eu\/sv\/wp-json\/wp\/v2\/posts\/4510\/revisions"}],"predecessor-version":[{"id":4543,"href":"https:\/\/www.sbhss.eu\/sv\/wp-json\/wp\/v2\/posts\/4510\/revisions\/4543"}],"wp:featuredmedia":[{"embeddable":true,"href":"https:\/\/www.sbhss.eu\/sv\/wp-json\/wp\/v2\/media\/4511"}],"wp:attachment":[{"href":"https:\/\/www.sbhss.eu\/sv\/wp-json\/wp\/v2\/media?parent=4510"}],"wp:term":[{"taxonomy":"category","embeddable":true,"href":"https:\/\/www.sbhss.eu\/sv\/wp-json\/wp\/v2\/categories?post=4510"},{"taxonomy":"post_tag","embeddable":true,"href":"https:\/\/www.sbhss.eu\/sv\/wp-json\/wp\/v2\/tags?post=4510"}],"curies":[{"name":"wp","href":"https:\/\/api.w.org\/{rel}","templated":true}]}}