{"id":452,"date":"2016-05-30T10:13:49","date_gmt":"2016-05-30T08:13:49","guid":{"rendered":"http:\/\/wp.sbhss.eu\/?p=452"},"modified":"2016-05-30T10:13:49","modified_gmt":"2016-05-30T08:13:49","slug":"vad-ar-framtiden-for-den-gemensamma-arbetsmarknaden","status":"publish","type":"post","link":"https:\/\/www.sbhss.eu\/sv\/vad-ar-framtiden-for-den-gemensamma-arbetsmarknaden\/","title":{"rendered":"Vad \u00e4r framtiden f\u00f6r den gemensamma arbetsmarknaden?"},"content":{"rendered":"<div style=\"text-align: justify;\">\n\tEU har under en l&auml;ngre tid f&ouml;rs&ouml;kt harmonisera arbetsmarknaden som &auml;r en stor del av den inre marknaden genom diverse direktiv, s&aring;som <a href=\"http:\/\/ec.europa.eu\/growth\/single-market\/services\/services-directive\/index_en.htm\">servicedirektivet. <\/a>I f&ouml;rra veckan deltog Sm&aring;land-Blekinge i en konferens d&auml;r olika akt&ouml;rer deltog i att utv&auml;rdera arbetet hittills samt att dela med sig av sina erfarenheter f&ouml;r att kunna hj&auml;lpa varandra vidare i arbetet mot en integrerad arbetsmarknad. Vilka &auml;r hindren och vad kan medlemsl&auml;nderna g&ouml;ra f&ouml;r att komma &ouml;ver dessa.<\/div>\n<div style=\"text-align: justify;\">\n\t&nbsp;<\/div>\n<div style=\"text-align: justify;\">\n\tSom &ouml;ppningstal presenterade professor Kleine fr&aring;n Harvard University hur de t&auml;nker kring licensiering f&ouml;r olika yrken f&ouml;r att dela med sig av sin erfarenheter p&aring; omr&aring;det. Det finns konkret forskning som visar p&aring; att yrken som kr&auml;ver licensiering, s&aring;som l&auml;karyrket, har h&ouml;gre intagningskrav &auml;n andra utbildningar. Detta &auml;r i och f&ouml;r sig inget problem men det kan skapa en tr&ouml;ghet i systemet vilket hindrar utbildandet av fler inom yrken som kr&auml;ver licens. Fr&aring;n h&ouml;gsta domstolen i USA, The Supreme Court, v&auml;lkomnar man licens f&ouml;r vissa yrken f&ouml;r att kunna bevara och skydda dessa yrken fr&aring;n ett d&aring;ligt utf&ouml;rande. Vidare anf&ouml;r h&ouml;gsta domstolen att om n&aring;gon skulle missbruka sin licens kan man alltid f&ouml;reta legala handlingar och &aring;terkalla dessa s&aring; att yrket skyddas.&nbsp;<\/div>\n<div style=\"text-align: justify;\">\n\t&nbsp;<\/div>\n<div style=\"text-align: justify;\">\n\t&Ouml;ppningstalet var t&auml;nkt att ge medlemsl&auml;nderna en insyn i vilka f&ouml;rdelar samt nackdelar det finns med att kr&auml;va licens f&ouml;r vissa yrken. Detta d&aring; EU har sett licens f&ouml;r vissa yrken som v&auml;gen fram&aring;t f&ouml;r &ouml;ppen arbetsmarknad i EU. Problematiken som lyftes fram under konferensen f&ouml;r detta &auml;r att m&aring;nga licenser inom EU idag &auml;r nationella och inte brukbara i andra medlemsl&auml;nder. F&ouml;r att licensiering ska kunna fungera inom EU m&aring;ste man harmonisera standarden f&ouml;r dessa yrken med gemensamma villkor och krav p&aring; utbildning inom hela EU. En harmonisering underl&auml;ttar &auml;ven f&ouml;r validering av vissa yrken emellan medlemsl&auml;nderna p&aring; arbetsmarknaden. Baksidorna med detta s&auml;tt att reformera den gemensamma arbetsmarknaden har bland annat visat sig inom l&auml;karyrket, d&auml;r f&auml;rdigutbildade l&auml;kare i de mindre v&auml;lb&auml;rgade l&auml;nderna v&auml;ljer att l&auml;mna dessa l&auml;nder f&ouml;r att arbeta som l&auml;kare i medlemsl&auml;nder d&auml;r yrket &auml;r mer v&auml;lbetalt.&nbsp;<\/div>\n<div style=\"text-align: justify;\">\n\t&nbsp;<\/div>\n<div style=\"text-align: justify;\">\n\tKommission&auml;ren f&ouml;r den inre marknaden El\u017cbieta Bie\u0144kowska, framf&ouml;rde att arbetet &auml;n s&aring; l&auml;nge inte g&aring;tt fram&aring;t i den takt hon hade hoppats p&aring;, men att det &auml;r b&auml;ttre att utvecklingen g&aring;r fram&aring;t l&aring;ngsamt och att EU v&auml;ljer en h&aring;llbar strategi som alla medlemsl&auml;nderna st&aring;r bakom. Service direktivet som &auml;mnar att f&aring; en gemensam marknad inom serviceyrkena har st&ouml;tt p&aring; en del problem d&aring; dessa yrken f&ouml;ljer nationell lagstiftning &auml;ven om tj&auml;nsterna utf&ouml;rs utanf&ouml;r landets gr&auml;nser. Detta vill kommission&auml;ren &auml;ndra p&aring; fram&ouml;ver f&ouml;r att underl&auml;tta f&ouml;r en integrerad gemensam arbetsmarknad.&nbsp;<\/div>\n<div style=\"text-align: justify;\">\n\t&nbsp;<\/div>\n<div style=\"text-align: justify;\">\n\tUnder konferensen framf&ouml;rdes &auml;ven att om licensiering avreglerades s&aring; skulle servicen f&ouml;r vissa yrken, exempelvis r&auml;ttshj&auml;lp av en advokat, bli mycket billigare. Problematiken med detta och som &auml;ven lades fram p&aring; konferensen &auml;r att man d&aring; riskerar att f&aring; s&auml;mre kvalitet inom dessa yrken, d&aring; det inte finns n&aring;gon kontroll av vem som utf&ouml;r yrket. Som det ser ut nu &auml;r EU-kommissionen tveksamma &aring;t vilken riktning de ska g&aring;, mer harmonisering i form av licensiering av yrken eller en avreglering av licensiering f&ouml;r att g&ouml;ra det l&auml;tt att ut&ouml;va yrken &ouml;ver nationella gr&auml;nser och regler? D&auml;rf&ouml;r har kommissionen nu utlyst en konsultation som &auml;r &ouml;ppen till den 27 juli, d&auml;r medlemsl&auml;nderna kan komma med synpunkter om hur arbetet ska fortskrida. Mer information om utlysningen l&auml;s vidare<a href=\"http:\/\/ec.europa.eu\/growth\/tools-databases\/newsroom\/cf\/itemdetail.cfm?item_id=8796\"> h&auml;r.<\/a><\/div>\n","protected":false},"excerpt":{"rendered":"<p>EU har under en l&auml;ngre tid f&ouml;rs&ouml;kt harmonisera arbetsmarknaden som &auml;r en stor del av den inre marknaden genom diverse direktiv, s&aring;som servicedirektivet. I f&ouml;rra veckan deltog Sm&aring;land-Blekinge i en konferens d&auml;r olika akt&ouml;rer deltog i att utv&auml;rdera arbetet hittills samt att dela med sig av sina erfarenheter f&ouml;r att kunna hj&auml;lpa varandra vidare i [&hellip;]<\/p>\n","protected":false},"author":3,"featured_media":0,"comment_status":"open","ping_status":"open","sticky":false,"template":"","format":"standard","meta":{"_acf_changed":false,"footnotes":""},"categories":[11],"tags":[],"class_list":["post-452","post","type-post","status-publish","format-standard","hentry","category-hem"],"acf":[],"yoast_head":"<!-- This site is optimized with the Yoast SEO plugin v27.5 - https:\/\/yoast.com\/product\/yoast-seo-wordpress\/ -->\n<title>Vad \u00e4r framtiden f\u00f6r den gemensamma arbetsmarknaden? - SBHSS<\/title>\n<meta name=\"robots\" content=\"index, follow, max-snippet:-1, max-image-preview:large, max-video-preview:-1\" \/>\n<link rel=\"canonical\" href=\"https:\/\/www.sbhss.eu\/sv\/vad-ar-framtiden-for-den-gemensamma-arbetsmarknaden\/\" \/>\n<meta property=\"og:locale\" content=\"sv_SE\" \/>\n<meta property=\"og:type\" content=\"article\" \/>\n<meta property=\"og:title\" content=\"Vad \u00e4r framtiden f\u00f6r den gemensamma arbetsmarknaden? - SBHSS\" \/>\n<meta property=\"og:description\" content=\"EU har under en l&auml;ngre tid f&ouml;rs&ouml;kt harmonisera arbetsmarknaden som &auml;r en stor del av den inre marknaden genom diverse direktiv, s&aring;som servicedirektivet. I f&ouml;rra veckan deltog Sm&aring;land-Blekinge i en konferens d&auml;r olika akt&ouml;rer deltog i att utv&auml;rdera arbetet hittills samt att dela med sig av sina erfarenheter f&ouml;r att kunna hj&auml;lpa varandra vidare i [&hellip;]\" \/>\n<meta property=\"og:url\" content=\"https:\/\/www.sbhss.eu\/sv\/vad-ar-framtiden-for-den-gemensamma-arbetsmarknaden\/\" \/>\n<meta property=\"og:site_name\" content=\"SBHSS\" \/>\n<meta property=\"article:published_time\" content=\"2016-05-30T08:13:49+00:00\" \/>\n<meta name=\"author\" content=\"Sven Kast\u00f6\" \/>\n<meta name=\"twitter:card\" content=\"summary_large_image\" \/>\n<meta name=\"twitter:label1\" content=\"Skriven av\" \/>\n\t<meta name=\"twitter:data1\" content=\"Sven Kast\u00f6\" \/>\n\t<meta name=\"twitter:label2\" content=\"Ber\u00e4knad l\u00e4stid\" \/>\n\t<meta name=\"twitter:data2\" content=\"4 minuter\" \/>\n<script type=\"application\/ld+json\" class=\"yoast-schema-graph\">{\"@context\":\"https:\\\/\\\/schema.org\",\"@graph\":[{\"@type\":\"Article\",\"@id\":\"https:\\\/\\\/www.sbhss.eu\\\/sv\\\/vad-ar-framtiden-for-den-gemensamma-arbetsmarknaden\\\/#article\",\"isPartOf\":{\"@id\":\"https:\\\/\\\/www.sbhss.eu\\\/sv\\\/vad-ar-framtiden-for-den-gemensamma-arbetsmarknaden\\\/\"},\"author\":{\"name\":\"Sven Kast\u00f6\",\"@id\":\"https:\\\/\\\/www.sbhss.eu\\\/#\\\/schema\\\/person\\\/b8d8eb4c1088a05ed50ecff9b2bf643f\"},\"headline\":\"Vad \u00e4r framtiden f\u00f6r den gemensamma arbetsmarknaden?\",\"datePublished\":\"2016-05-30T08:13:49+00:00\",\"mainEntityOfPage\":{\"@id\":\"https:\\\/\\\/www.sbhss.eu\\\/sv\\\/vad-ar-framtiden-for-den-gemensamma-arbetsmarknaden\\\/\"},\"wordCount\":842,\"commentCount\":0,\"articleSection\":[\"Hem - Startsidan\"],\"inLanguage\":\"sv-SE\"},{\"@type\":\"WebPage\",\"@id\":\"https:\\\/\\\/www.sbhss.eu\\\/sv\\\/vad-ar-framtiden-for-den-gemensamma-arbetsmarknaden\\\/\",\"url\":\"https:\\\/\\\/www.sbhss.eu\\\/sv\\\/vad-ar-framtiden-for-den-gemensamma-arbetsmarknaden\\\/\",\"name\":\"Vad \u00e4r framtiden f\u00f6r den gemensamma arbetsmarknaden? - SBHSS\",\"isPartOf\":{\"@id\":\"https:\\\/\\\/www.sbhss.eu\\\/#website\"},\"datePublished\":\"2016-05-30T08:13:49+00:00\",\"author\":{\"@id\":\"https:\\\/\\\/www.sbhss.eu\\\/#\\\/schema\\\/person\\\/b8d8eb4c1088a05ed50ecff9b2bf643f\"},\"breadcrumb\":{\"@id\":\"https:\\\/\\\/www.sbhss.eu\\\/sv\\\/vad-ar-framtiden-for-den-gemensamma-arbetsmarknaden\\\/#breadcrumb\"},\"inLanguage\":\"sv-SE\",\"potentialAction\":[{\"@type\":\"ReadAction\",\"target\":[\"https:\\\/\\\/www.sbhss.eu\\\/sv\\\/vad-ar-framtiden-for-den-gemensamma-arbetsmarknaden\\\/\"]}]},{\"@type\":\"BreadcrumbList\",\"@id\":\"https:\\\/\\\/www.sbhss.eu\\\/sv\\\/vad-ar-framtiden-for-den-gemensamma-arbetsmarknaden\\\/#breadcrumb\",\"itemListElement\":[{\"@type\":\"ListItem\",\"position\":1,\"name\":\"Hem\",\"item\":\"https:\\\/\\\/www.sbhss.eu\\\/sv\\\/\"},{\"@type\":\"ListItem\",\"position\":2,\"name\":\"Vad \u00e4r framtiden f\u00f6r den gemensamma arbetsmarknaden?\"}]},{\"@type\":\"WebSite\",\"@id\":\"https:\\\/\\\/www.sbhss.eu\\\/#website\",\"url\":\"https:\\\/\\\/www.sbhss.eu\\\/\",\"name\":\"SBHSS\",\"description\":\"\",\"potentialAction\":[{\"@type\":\"SearchAction\",\"target\":{\"@type\":\"EntryPoint\",\"urlTemplate\":\"https:\\\/\\\/www.sbhss.eu\\\/?s={search_term_string}\"},\"query-input\":{\"@type\":\"PropertyValueSpecification\",\"valueRequired\":true,\"valueName\":\"search_term_string\"}}],\"inLanguage\":\"sv-SE\"},{\"@type\":\"Person\",\"@id\":\"https:\\\/\\\/www.sbhss.eu\\\/#\\\/schema\\\/person\\\/b8d8eb4c1088a05ed50ecff9b2bf643f\",\"name\":\"Sven Kast\u00f6\",\"image\":{\"@type\":\"ImageObject\",\"inLanguage\":\"sv-SE\",\"@id\":\"https:\\\/\\\/secure.gravatar.com\\\/avatar\\\/4ce3985fbe5a36073e6a0cbba2acaad0da794332aeb9a944eca4c7548361a263?s=96&d=mm&r=g\",\"url\":\"https:\\\/\\\/secure.gravatar.com\\\/avatar\\\/4ce3985fbe5a36073e6a0cbba2acaad0da794332aeb9a944eca4c7548361a263?s=96&d=mm&r=g\",\"contentUrl\":\"https:\\\/\\\/secure.gravatar.com\\\/avatar\\\/4ce3985fbe5a36073e6a0cbba2acaad0da794332aeb9a944eca4c7548361a263?s=96&d=mm&r=g\",\"caption\":\"Sven Kast\u00f6\"},\"url\":\"https:\\\/\\\/www.sbhss.eu\\\/sv\\\/author\\\/sven-kastosbhss-eu\\\/\"}]}<\/script>\n<!-- \/ Yoast SEO plugin. -->","yoast_head_json":{"title":"Vad \u00e4r framtiden f\u00f6r den gemensamma arbetsmarknaden? - SBHSS","robots":{"index":"index","follow":"follow","max-snippet":"max-snippet:-1","max-image-preview":"max-image-preview:large","max-video-preview":"max-video-preview:-1"},"canonical":"https:\/\/www.sbhss.eu\/sv\/vad-ar-framtiden-for-den-gemensamma-arbetsmarknaden\/","og_locale":"sv_SE","og_type":"article","og_title":"Vad \u00e4r framtiden f\u00f6r den gemensamma arbetsmarknaden? - SBHSS","og_description":"EU har under en l&auml;ngre tid f&ouml;rs&ouml;kt harmonisera arbetsmarknaden som &auml;r en stor del av den inre marknaden genom diverse direktiv, s&aring;som servicedirektivet. I f&ouml;rra veckan deltog Sm&aring;land-Blekinge i en konferens d&auml;r olika akt&ouml;rer deltog i att utv&auml;rdera arbetet hittills samt att dela med sig av sina erfarenheter f&ouml;r att kunna hj&auml;lpa varandra vidare i [&hellip;]","og_url":"https:\/\/www.sbhss.eu\/sv\/vad-ar-framtiden-for-den-gemensamma-arbetsmarknaden\/","og_site_name":"SBHSS","article_published_time":"2016-05-30T08:13:49+00:00","author":"Sven Kast\u00f6","twitter_card":"summary_large_image","twitter_misc":{"Skriven av":"Sven Kast\u00f6","Ber\u00e4knad l\u00e4stid":"4 minuter"},"schema":{"@context":"https:\/\/schema.org","@graph":[{"@type":"Article","@id":"https:\/\/www.sbhss.eu\/sv\/vad-ar-framtiden-for-den-gemensamma-arbetsmarknaden\/#article","isPartOf":{"@id":"https:\/\/www.sbhss.eu\/sv\/vad-ar-framtiden-for-den-gemensamma-arbetsmarknaden\/"},"author":{"name":"Sven Kast\u00f6","@id":"https:\/\/www.sbhss.eu\/#\/schema\/person\/b8d8eb4c1088a05ed50ecff9b2bf643f"},"headline":"Vad \u00e4r framtiden f\u00f6r den gemensamma arbetsmarknaden?","datePublished":"2016-05-30T08:13:49+00:00","mainEntityOfPage":{"@id":"https:\/\/www.sbhss.eu\/sv\/vad-ar-framtiden-for-den-gemensamma-arbetsmarknaden\/"},"wordCount":842,"commentCount":0,"articleSection":["Hem - Startsidan"],"inLanguage":"sv-SE"},{"@type":"WebPage","@id":"https:\/\/www.sbhss.eu\/sv\/vad-ar-framtiden-for-den-gemensamma-arbetsmarknaden\/","url":"https:\/\/www.sbhss.eu\/sv\/vad-ar-framtiden-for-den-gemensamma-arbetsmarknaden\/","name":"Vad \u00e4r framtiden f\u00f6r den gemensamma arbetsmarknaden? - SBHSS","isPartOf":{"@id":"https:\/\/www.sbhss.eu\/#website"},"datePublished":"2016-05-30T08:13:49+00:00","author":{"@id":"https:\/\/www.sbhss.eu\/#\/schema\/person\/b8d8eb4c1088a05ed50ecff9b2bf643f"},"breadcrumb":{"@id":"https:\/\/www.sbhss.eu\/sv\/vad-ar-framtiden-for-den-gemensamma-arbetsmarknaden\/#breadcrumb"},"inLanguage":"sv-SE","potentialAction":[{"@type":"ReadAction","target":["https:\/\/www.sbhss.eu\/sv\/vad-ar-framtiden-for-den-gemensamma-arbetsmarknaden\/"]}]},{"@type":"BreadcrumbList","@id":"https:\/\/www.sbhss.eu\/sv\/vad-ar-framtiden-for-den-gemensamma-arbetsmarknaden\/#breadcrumb","itemListElement":[{"@type":"ListItem","position":1,"name":"Hem","item":"https:\/\/www.sbhss.eu\/sv\/"},{"@type":"ListItem","position":2,"name":"Vad \u00e4r framtiden f\u00f6r den gemensamma arbetsmarknaden?"}]},{"@type":"WebSite","@id":"https:\/\/www.sbhss.eu\/#website","url":"https:\/\/www.sbhss.eu\/","name":"SBHSS","description":"","potentialAction":[{"@type":"SearchAction","target":{"@type":"EntryPoint","urlTemplate":"https:\/\/www.sbhss.eu\/?s={search_term_string}"},"query-input":{"@type":"PropertyValueSpecification","valueRequired":true,"valueName":"search_term_string"}}],"inLanguage":"sv-SE"},{"@type":"Person","@id":"https:\/\/www.sbhss.eu\/#\/schema\/person\/b8d8eb4c1088a05ed50ecff9b2bf643f","name":"Sven Kast\u00f6","image":{"@type":"ImageObject","inLanguage":"sv-SE","@id":"https:\/\/secure.gravatar.com\/avatar\/4ce3985fbe5a36073e6a0cbba2acaad0da794332aeb9a944eca4c7548361a263?s=96&d=mm&r=g","url":"https:\/\/secure.gravatar.com\/avatar\/4ce3985fbe5a36073e6a0cbba2acaad0da794332aeb9a944eca4c7548361a263?s=96&d=mm&r=g","contentUrl":"https:\/\/secure.gravatar.com\/avatar\/4ce3985fbe5a36073e6a0cbba2acaad0da794332aeb9a944eca4c7548361a263?s=96&d=mm&r=g","caption":"Sven Kast\u00f6"},"url":"https:\/\/www.sbhss.eu\/sv\/author\/sven-kastosbhss-eu\/"}]}},"_links":{"self":[{"href":"https:\/\/www.sbhss.eu\/sv\/wp-json\/wp\/v2\/posts\/452","targetHints":{"allow":["GET"]}}],"collection":[{"href":"https:\/\/www.sbhss.eu\/sv\/wp-json\/wp\/v2\/posts"}],"about":[{"href":"https:\/\/www.sbhss.eu\/sv\/wp-json\/wp\/v2\/types\/post"}],"author":[{"embeddable":true,"href":"https:\/\/www.sbhss.eu\/sv\/wp-json\/wp\/v2\/users\/3"}],"replies":[{"embeddable":true,"href":"https:\/\/www.sbhss.eu\/sv\/wp-json\/wp\/v2\/comments?post=452"}],"version-history":[{"count":0,"href":"https:\/\/www.sbhss.eu\/sv\/wp-json\/wp\/v2\/posts\/452\/revisions"}],"wp:attachment":[{"href":"https:\/\/www.sbhss.eu\/sv\/wp-json\/wp\/v2\/media?parent=452"}],"wp:term":[{"taxonomy":"category","embeddable":true,"href":"https:\/\/www.sbhss.eu\/sv\/wp-json\/wp\/v2\/categories?post=452"},{"taxonomy":"post_tag","embeddable":true,"href":"https:\/\/www.sbhss.eu\/sv\/wp-json\/wp\/v2\/tags?post=452"}],"curies":[{"name":"wp","href":"https:\/\/api.w.org\/{rel}","templated":true}]}}