{"id":5012,"date":"2023-10-06T05:07:05","date_gmt":"2023-10-06T05:07:05","guid":{"rendered":"https:\/\/www.sbhss.eu\/?p=5012"},"modified":"2023-10-06T06:48:12","modified_gmt":"2023-10-06T06:48:12","slug":"region-jonkopings-lans-ledningsgrupp-pa-besok","status":"publish","type":"post","link":"https:\/\/www.sbhss.eu\/sv\/region-jonkopings-lans-ledningsgrupp-pa-besok\/","title":{"rendered":"Region J\u00f6nk\u00f6pings l\u00e4ns ledningsgrupp p\u00e5 bes\u00f6k!"},"content":{"rendered":"<p><em>I veckan kom<\/em><em> ledningsgruppen f\u00f6r regional utveckling p\u00e5 Region J\u00f6nk\u00f6pings l\u00e4ns till Bryssel. Bes\u00f6ket beskrevs av deltagarna som ett s\u00e4tt att \u00f6ka f\u00f6rst\u00e5elsen f\u00f6r hur arbetet p\u00e5 hemmaplan och EU-arenan g\u00e5r hand i hand.<\/em><\/p>\n<p><img loading=\"lazy\" decoding=\"async\" class=\"wp-image-5013 aligncenter\" src=\"https:\/\/www.sbhss.eu\/wp-content\/uploads\/2023\/10\/grand-place-300x225.jpg\" alt=\"\" width=\"741\" height=\"556\" \/><\/p>\n<p><strong>Varierat program<\/strong><\/p>\n<p>Under bes\u00f6ket i Bryssel l\u00e5g fokuset p\u00e5 att f\u00f6rtydliga kopplingen mellan regional, nationell och europeisk niv\u00e5. F\u00f6rutom \u00f6verl\u00e4ggningar med oss p\u00e5 Brysselkontoret, bes\u00f6kte gruppen Europaparlamentet och Sveriges delegation vid NATO. Dessutom genomf\u00f6rdes tematiska m\u00f6ten med ett n\u00e4tverk f\u00f6r energifr\u00e5gor samt EU-kommissionens generaldirektorat f\u00f6r utbildning, ungdom, kultur och sport. Sista f\u00f6rmiddagen gick i innovationsutvecklingens tecken. Gruppen m\u00f6tte representanter f\u00f6r ett Brysselbaserat innovationsn\u00e4tverk (ERRIN) och Central Swedens Brysselkontor f\u00f6r att diskutera hur man kan bygga upp ekosystem f\u00f6r innovation p\u00e5 hemmaplan som kan kopplas ihop med andra i Europa.<\/p>\n<p>F\u00f6rutom att \u00f6ka kunskapen kring hur EU fungerar, tydliggjordes i vilken utstr\u00e4ckning vi p\u00e5verkas av det som h\u00e4nder inom EU, men \u00e4ven vilka m\u00f6jligheter som finns f\u00f6r oss att p\u00e5verka utvecklingen p\u00e5 EU-arenan \u2013 i synnerhet eftersom vi inte kan r\u00e4kna med att n\u00e5gon annan f\u00f6r v\u00e5r talan.<\/p>\n<p><img loading=\"lazy\" decoding=\"async\" class=\" wp-image-5015 alignleft\" src=\"https:\/\/www.sbhss.eu\/wp-content\/uploads\/2023\/10\/dgeac2-300x225.jpg\" alt=\"\" width=\"381\" height=\"285\" \/><\/p>\n<p><img loading=\"lazy\" decoding=\"async\" class=\"wp-image-5014 alignleft\" src=\"https:\/\/www.sbhss.eu\/wp-content\/uploads\/2023\/10\/microsoftteams-image-5-300x225.jpg\" alt=\"\" width=\"382\" height=\"286\" \/><\/p>\n<p>&nbsp;<\/p>\n<p>&nbsp;<\/p>\n<p>&nbsp;<\/p>\n<p><strong>Vill \u00f6ka sitt engagemang<\/strong><\/p>\n<p>Flera av deltagarna reflekterade \u00f6ver att s\u00e5 m\u00e5nga fr\u00e5gor i Bryssel handlade om det som gruppen arbetar med p\u00e5 hemmaplan. \u201dVi har s\u00e5 m\u00e5nga styrkor som kan v\u00e4xlas upp \u2013 det \u00e4r dags f\u00f6r oss att i h\u00f6gre grad anv\u00e4nda oss av m\u00f6jligheterna EU-arenan erbjuder!\u201d var en inspirerande kommentar fr\u00e5n gruppen efter bes\u00f6ket.<\/p>\n","protected":false},"excerpt":{"rendered":"<p>I veckan kom ledningsgruppen f\u00f6r regional utveckling p\u00e5 Region J\u00f6nk\u00f6pings l\u00e4ns till Bryssel. Bes\u00f6ket beskrevs av deltagarna som ett s\u00e4tt att \u00f6ka f\u00f6rst\u00e5elsen f\u00f6r hur arbetet p\u00e5 hemmaplan och EU-arenan g\u00e5r hand i hand. Varierat program Under bes\u00f6ket i Bryssel l\u00e5g fokuset p\u00e5 att f\u00f6rtydliga kopplingen mellan regional, nationell och europeisk niv\u00e5. F\u00f6rutom \u00f6verl\u00e4ggningar med [&hellip;]<\/p>\n","protected":false},"author":15,"featured_media":5055,"comment_status":"open","ping_status":"open","sticky":false,"template":"","format":"standard","meta":{"_acf_changed":false,"footnotes":""},"categories":[3],"tags":[],"class_list":["post-5012","post","type-post","status-publish","format-standard","has-post-thumbnail","hentry","category-okategoriserad"],"acf":[],"yoast_head":"<!-- This site is optimized with the Yoast SEO plugin v27.5 - https:\/\/yoast.com\/product\/yoast-seo-wordpress\/ -->\n<title>Region J\u00f6nk\u00f6pings l\u00e4ns ledningsgrupp p\u00e5 bes\u00f6k! - SBHSS<\/title>\n<meta name=\"robots\" content=\"index, follow, max-snippet:-1, max-image-preview:large, max-video-preview:-1\" \/>\n<link rel=\"canonical\" href=\"https:\/\/www.sbhss.eu\/sv\/region-jonkopings-lans-ledningsgrupp-pa-besok\/\" \/>\n<meta property=\"og:locale\" content=\"sv_SE\" \/>\n<meta property=\"og:type\" content=\"article\" \/>\n<meta property=\"og:title\" content=\"Region J\u00f6nk\u00f6pings l\u00e4ns ledningsgrupp p\u00e5 bes\u00f6k! - SBHSS\" \/>\n<meta property=\"og:description\" content=\"I veckan kom ledningsgruppen f\u00f6r regional utveckling p\u00e5 Region J\u00f6nk\u00f6pings l\u00e4ns till Bryssel. Bes\u00f6ket beskrevs av deltagarna som ett s\u00e4tt att \u00f6ka f\u00f6rst\u00e5elsen f\u00f6r hur arbetet p\u00e5 hemmaplan och EU-arenan g\u00e5r hand i hand. Varierat program Under bes\u00f6ket i Bryssel l\u00e5g fokuset p\u00e5 att f\u00f6rtydliga kopplingen mellan regional, nationell och europeisk niv\u00e5. F\u00f6rutom \u00f6verl\u00e4ggningar med [&hellip;]\" \/>\n<meta property=\"og:url\" content=\"https:\/\/www.sbhss.eu\/sv\/region-jonkopings-lans-ledningsgrupp-pa-besok\/\" \/>\n<meta property=\"og:site_name\" content=\"SBHSS\" \/>\n<meta property=\"article:published_time\" content=\"2023-10-06T05:07:05+00:00\" \/>\n<meta property=\"article:modified_time\" content=\"2023-10-06T06:48:12+00:00\" \/>\n<meta property=\"og:image\" content=\"https:\/\/www.sbhss.eu\/wp-content\/uploads\/2023\/10\/microsoftteams-image-3-scaled-e1696568797940.jpg\" \/>\n\t<meta property=\"og:image:width\" content=\"1792\" \/>\n\t<meta property=\"og:image:height\" content=\"1211\" \/>\n\t<meta property=\"og:image:type\" content=\"image\/jpeg\" \/>\n<meta name=\"author\" content=\"Emilia Palmkvist\" \/>\n<meta name=\"twitter:card\" content=\"summary_large_image\" \/>\n<meta name=\"twitter:label1\" content=\"Skriven av\" \/>\n\t<meta name=\"twitter:data1\" content=\"Emilia Palmkvist\" \/>\n\t<meta name=\"twitter:label2\" content=\"Ber\u00e4knad l\u00e4stid\" \/>\n\t<meta name=\"twitter:data2\" content=\"2 minuter\" \/>\n<script type=\"application\/ld+json\" class=\"yoast-schema-graph\">{\"@context\":\"https:\\\/\\\/schema.org\",\"@graph\":[{\"@type\":\"Article\",\"@id\":\"https:\\\/\\\/www.sbhss.eu\\\/sv\\\/region-jonkopings-lans-ledningsgrupp-pa-besok\\\/#article\",\"isPartOf\":{\"@id\":\"https:\\\/\\\/www.sbhss.eu\\\/sv\\\/region-jonkopings-lans-ledningsgrupp-pa-besok\\\/\"},\"author\":{\"name\":\"Emilia Palmkvist\",\"@id\":\"https:\\\/\\\/www.sbhss.eu\\\/#\\\/schema\\\/person\\\/9e5d324a05a5378cca921aa3a88ef1c8\"},\"headline\":\"Region J\u00f6nk\u00f6pings l\u00e4ns ledningsgrupp p\u00e5 bes\u00f6k!\",\"datePublished\":\"2023-10-06T05:07:05+00:00\",\"dateModified\":\"2023-10-06T06:48:12+00:00\",\"mainEntityOfPage\":{\"@id\":\"https:\\\/\\\/www.sbhss.eu\\\/sv\\\/region-jonkopings-lans-ledningsgrupp-pa-besok\\\/\"},\"wordCount\":288,\"commentCount\":0,\"image\":{\"@id\":\"https:\\\/\\\/www.sbhss.eu\\\/sv\\\/region-jonkopings-lans-ledningsgrupp-pa-besok\\\/#primaryimage\"},\"thumbnailUrl\":\"https:\\\/\\\/www.sbhss.eu\\\/wp-content\\\/uploads\\\/2023\\\/10\\\/microsoftteams-image-3-scaled-e1696568797940.jpg\",\"articleSection\":[\"Okategoriserad\"],\"inLanguage\":\"sv-SE\"},{\"@type\":\"WebPage\",\"@id\":\"https:\\\/\\\/www.sbhss.eu\\\/sv\\\/region-jonkopings-lans-ledningsgrupp-pa-besok\\\/\",\"url\":\"https:\\\/\\\/www.sbhss.eu\\\/sv\\\/region-jonkopings-lans-ledningsgrupp-pa-besok\\\/\",\"name\":\"Region J\u00f6nk\u00f6pings l\u00e4ns ledningsgrupp p\u00e5 bes\u00f6k! - SBHSS\",\"isPartOf\":{\"@id\":\"https:\\\/\\\/www.sbhss.eu\\\/#website\"},\"primaryImageOfPage\":{\"@id\":\"https:\\\/\\\/www.sbhss.eu\\\/sv\\\/region-jonkopings-lans-ledningsgrupp-pa-besok\\\/#primaryimage\"},\"image\":{\"@id\":\"https:\\\/\\\/www.sbhss.eu\\\/sv\\\/region-jonkopings-lans-ledningsgrupp-pa-besok\\\/#primaryimage\"},\"thumbnailUrl\":\"https:\\\/\\\/www.sbhss.eu\\\/wp-content\\\/uploads\\\/2023\\\/10\\\/microsoftteams-image-3-scaled-e1696568797940.jpg\",\"datePublished\":\"2023-10-06T05:07:05+00:00\",\"dateModified\":\"2023-10-06T06:48:12+00:00\",\"author\":{\"@id\":\"https:\\\/\\\/www.sbhss.eu\\\/#\\\/schema\\\/person\\\/9e5d324a05a5378cca921aa3a88ef1c8\"},\"breadcrumb\":{\"@id\":\"https:\\\/\\\/www.sbhss.eu\\\/sv\\\/region-jonkopings-lans-ledningsgrupp-pa-besok\\\/#breadcrumb\"},\"inLanguage\":\"sv-SE\",\"potentialAction\":[{\"@type\":\"ReadAction\",\"target\":[\"https:\\\/\\\/www.sbhss.eu\\\/sv\\\/region-jonkopings-lans-ledningsgrupp-pa-besok\\\/\"]}]},{\"@type\":\"ImageObject\",\"inLanguage\":\"sv-SE\",\"@id\":\"https:\\\/\\\/www.sbhss.eu\\\/sv\\\/region-jonkopings-lans-ledningsgrupp-pa-besok\\\/#primaryimage\",\"url\":\"https:\\\/\\\/www.sbhss.eu\\\/wp-content\\\/uploads\\\/2023\\\/10\\\/microsoftteams-image-3-scaled-e1696568797940.jpg\",\"contentUrl\":\"https:\\\/\\\/www.sbhss.eu\\\/wp-content\\\/uploads\\\/2023\\\/10\\\/microsoftteams-image-3-scaled-e1696568797940.jpg\",\"width\":1792,\"height\":1211},{\"@type\":\"BreadcrumbList\",\"@id\":\"https:\\\/\\\/www.sbhss.eu\\\/sv\\\/region-jonkopings-lans-ledningsgrupp-pa-besok\\\/#breadcrumb\",\"itemListElement\":[{\"@type\":\"ListItem\",\"position\":1,\"name\":\"Hem\",\"item\":\"https:\\\/\\\/www.sbhss.eu\\\/sv\\\/\"},{\"@type\":\"ListItem\",\"position\":2,\"name\":\"Region J\u00f6nk\u00f6pings l\u00e4ns ledningsgrupp p\u00e5 bes\u00f6k!\"}]},{\"@type\":\"WebSite\",\"@id\":\"https:\\\/\\\/www.sbhss.eu\\\/#website\",\"url\":\"https:\\\/\\\/www.sbhss.eu\\\/\",\"name\":\"SBHSS\",\"description\":\"\",\"potentialAction\":[{\"@type\":\"SearchAction\",\"target\":{\"@type\":\"EntryPoint\",\"urlTemplate\":\"https:\\\/\\\/www.sbhss.eu\\\/?s={search_term_string}\"},\"query-input\":{\"@type\":\"PropertyValueSpecification\",\"valueRequired\":true,\"valueName\":\"search_term_string\"}}],\"inLanguage\":\"sv-SE\"},{\"@type\":\"Person\",\"@id\":\"https:\\\/\\\/www.sbhss.eu\\\/#\\\/schema\\\/person\\\/9e5d324a05a5378cca921aa3a88ef1c8\",\"name\":\"Emilia Palmkvist\",\"image\":{\"@type\":\"ImageObject\",\"inLanguage\":\"sv-SE\",\"@id\":\"https:\\\/\\\/secure.gravatar.com\\\/avatar\\\/63c825553e35d653b1dccbf74306b093f9cc418a77bc92e615e75ba121c1e342?s=96&d=mm&r=g\",\"url\":\"https:\\\/\\\/secure.gravatar.com\\\/avatar\\\/63c825553e35d653b1dccbf74306b093f9cc418a77bc92e615e75ba121c1e342?s=96&d=mm&r=g\",\"contentUrl\":\"https:\\\/\\\/secure.gravatar.com\\\/avatar\\\/63c825553e35d653b1dccbf74306b093f9cc418a77bc92e615e75ba121c1e342?s=96&d=mm&r=g\",\"caption\":\"Emilia Palmkvist\"},\"url\":\"https:\\\/\\\/www.sbhss.eu\\\/sv\\\/author\\\/emilia\\\/\"}]}<\/script>\n<!-- \/ Yoast SEO plugin. -->","yoast_head_json":{"title":"Region J\u00f6nk\u00f6pings l\u00e4ns ledningsgrupp p\u00e5 bes\u00f6k! - SBHSS","robots":{"index":"index","follow":"follow","max-snippet":"max-snippet:-1","max-image-preview":"max-image-preview:large","max-video-preview":"max-video-preview:-1"},"canonical":"https:\/\/www.sbhss.eu\/sv\/region-jonkopings-lans-ledningsgrupp-pa-besok\/","og_locale":"sv_SE","og_type":"article","og_title":"Region J\u00f6nk\u00f6pings l\u00e4ns ledningsgrupp p\u00e5 bes\u00f6k! - SBHSS","og_description":"I veckan kom ledningsgruppen f\u00f6r regional utveckling p\u00e5 Region J\u00f6nk\u00f6pings l\u00e4ns till Bryssel. Bes\u00f6ket beskrevs av deltagarna som ett s\u00e4tt att \u00f6ka f\u00f6rst\u00e5elsen f\u00f6r hur arbetet p\u00e5 hemmaplan och EU-arenan g\u00e5r hand i hand. Varierat program Under bes\u00f6ket i Bryssel l\u00e5g fokuset p\u00e5 att f\u00f6rtydliga kopplingen mellan regional, nationell och europeisk niv\u00e5. F\u00f6rutom \u00f6verl\u00e4ggningar med [&hellip;]","og_url":"https:\/\/www.sbhss.eu\/sv\/region-jonkopings-lans-ledningsgrupp-pa-besok\/","og_site_name":"SBHSS","article_published_time":"2023-10-06T05:07:05+00:00","article_modified_time":"2023-10-06T06:48:12+00:00","og_image":[{"width":1792,"height":1211,"url":"https:\/\/www.sbhss.eu\/wp-content\/uploads\/2023\/10\/microsoftteams-image-3-scaled-e1696568797940.jpg","type":"image\/jpeg"}],"author":"Emilia Palmkvist","twitter_card":"summary_large_image","twitter_misc":{"Skriven av":"Emilia Palmkvist","Ber\u00e4knad l\u00e4stid":"2 minuter"},"schema":{"@context":"https:\/\/schema.org","@graph":[{"@type":"Article","@id":"https:\/\/www.sbhss.eu\/sv\/region-jonkopings-lans-ledningsgrupp-pa-besok\/#article","isPartOf":{"@id":"https:\/\/www.sbhss.eu\/sv\/region-jonkopings-lans-ledningsgrupp-pa-besok\/"},"author":{"name":"Emilia Palmkvist","@id":"https:\/\/www.sbhss.eu\/#\/schema\/person\/9e5d324a05a5378cca921aa3a88ef1c8"},"headline":"Region J\u00f6nk\u00f6pings l\u00e4ns ledningsgrupp p\u00e5 bes\u00f6k!","datePublished":"2023-10-06T05:07:05+00:00","dateModified":"2023-10-06T06:48:12+00:00","mainEntityOfPage":{"@id":"https:\/\/www.sbhss.eu\/sv\/region-jonkopings-lans-ledningsgrupp-pa-besok\/"},"wordCount":288,"commentCount":0,"image":{"@id":"https:\/\/www.sbhss.eu\/sv\/region-jonkopings-lans-ledningsgrupp-pa-besok\/#primaryimage"},"thumbnailUrl":"https:\/\/www.sbhss.eu\/wp-content\/uploads\/2023\/10\/microsoftteams-image-3-scaled-e1696568797940.jpg","articleSection":["Okategoriserad"],"inLanguage":"sv-SE"},{"@type":"WebPage","@id":"https:\/\/www.sbhss.eu\/sv\/region-jonkopings-lans-ledningsgrupp-pa-besok\/","url":"https:\/\/www.sbhss.eu\/sv\/region-jonkopings-lans-ledningsgrupp-pa-besok\/","name":"Region J\u00f6nk\u00f6pings l\u00e4ns ledningsgrupp p\u00e5 bes\u00f6k! - SBHSS","isPartOf":{"@id":"https:\/\/www.sbhss.eu\/#website"},"primaryImageOfPage":{"@id":"https:\/\/www.sbhss.eu\/sv\/region-jonkopings-lans-ledningsgrupp-pa-besok\/#primaryimage"},"image":{"@id":"https:\/\/www.sbhss.eu\/sv\/region-jonkopings-lans-ledningsgrupp-pa-besok\/#primaryimage"},"thumbnailUrl":"https:\/\/www.sbhss.eu\/wp-content\/uploads\/2023\/10\/microsoftteams-image-3-scaled-e1696568797940.jpg","datePublished":"2023-10-06T05:07:05+00:00","dateModified":"2023-10-06T06:48:12+00:00","author":{"@id":"https:\/\/www.sbhss.eu\/#\/schema\/person\/9e5d324a05a5378cca921aa3a88ef1c8"},"breadcrumb":{"@id":"https:\/\/www.sbhss.eu\/sv\/region-jonkopings-lans-ledningsgrupp-pa-besok\/#breadcrumb"},"inLanguage":"sv-SE","potentialAction":[{"@type":"ReadAction","target":["https:\/\/www.sbhss.eu\/sv\/region-jonkopings-lans-ledningsgrupp-pa-besok\/"]}]},{"@type":"ImageObject","inLanguage":"sv-SE","@id":"https:\/\/www.sbhss.eu\/sv\/region-jonkopings-lans-ledningsgrupp-pa-besok\/#primaryimage","url":"https:\/\/www.sbhss.eu\/wp-content\/uploads\/2023\/10\/microsoftteams-image-3-scaled-e1696568797940.jpg","contentUrl":"https:\/\/www.sbhss.eu\/wp-content\/uploads\/2023\/10\/microsoftteams-image-3-scaled-e1696568797940.jpg","width":1792,"height":1211},{"@type":"BreadcrumbList","@id":"https:\/\/www.sbhss.eu\/sv\/region-jonkopings-lans-ledningsgrupp-pa-besok\/#breadcrumb","itemListElement":[{"@type":"ListItem","position":1,"name":"Hem","item":"https:\/\/www.sbhss.eu\/sv\/"},{"@type":"ListItem","position":2,"name":"Region J\u00f6nk\u00f6pings l\u00e4ns ledningsgrupp p\u00e5 bes\u00f6k!"}]},{"@type":"WebSite","@id":"https:\/\/www.sbhss.eu\/#website","url":"https:\/\/www.sbhss.eu\/","name":"SBHSS","description":"","potentialAction":[{"@type":"SearchAction","target":{"@type":"EntryPoint","urlTemplate":"https:\/\/www.sbhss.eu\/?s={search_term_string}"},"query-input":{"@type":"PropertyValueSpecification","valueRequired":true,"valueName":"search_term_string"}}],"inLanguage":"sv-SE"},{"@type":"Person","@id":"https:\/\/www.sbhss.eu\/#\/schema\/person\/9e5d324a05a5378cca921aa3a88ef1c8","name":"Emilia Palmkvist","image":{"@type":"ImageObject","inLanguage":"sv-SE","@id":"https:\/\/secure.gravatar.com\/avatar\/63c825553e35d653b1dccbf74306b093f9cc418a77bc92e615e75ba121c1e342?s=96&d=mm&r=g","url":"https:\/\/secure.gravatar.com\/avatar\/63c825553e35d653b1dccbf74306b093f9cc418a77bc92e615e75ba121c1e342?s=96&d=mm&r=g","contentUrl":"https:\/\/secure.gravatar.com\/avatar\/63c825553e35d653b1dccbf74306b093f9cc418a77bc92e615e75ba121c1e342?s=96&d=mm&r=g","caption":"Emilia Palmkvist"},"url":"https:\/\/www.sbhss.eu\/sv\/author\/emilia\/"}]}},"_links":{"self":[{"href":"https:\/\/www.sbhss.eu\/sv\/wp-json\/wp\/v2\/posts\/5012","targetHints":{"allow":["GET"]}}],"collection":[{"href":"https:\/\/www.sbhss.eu\/sv\/wp-json\/wp\/v2\/posts"}],"about":[{"href":"https:\/\/www.sbhss.eu\/sv\/wp-json\/wp\/v2\/types\/post"}],"author":[{"embeddable":true,"href":"https:\/\/www.sbhss.eu\/sv\/wp-json\/wp\/v2\/users\/15"}],"replies":[{"embeddable":true,"href":"https:\/\/www.sbhss.eu\/sv\/wp-json\/wp\/v2\/comments?post=5012"}],"version-history":[{"count":10,"href":"https:\/\/www.sbhss.eu\/sv\/wp-json\/wp\/v2\/posts\/5012\/revisions"}],"predecessor-version":[{"id":5069,"href":"https:\/\/www.sbhss.eu\/sv\/wp-json\/wp\/v2\/posts\/5012\/revisions\/5069"}],"wp:featuredmedia":[{"embeddable":true,"href":"https:\/\/www.sbhss.eu\/sv\/wp-json\/wp\/v2\/media\/5055"}],"wp:attachment":[{"href":"https:\/\/www.sbhss.eu\/sv\/wp-json\/wp\/v2\/media?parent=5012"}],"wp:term":[{"taxonomy":"category","embeddable":true,"href":"https:\/\/www.sbhss.eu\/sv\/wp-json\/wp\/v2\/categories?post=5012"},{"taxonomy":"post_tag","embeddable":true,"href":"https:\/\/www.sbhss.eu\/sv\/wp-json\/wp\/v2\/tags?post=5012"}],"curies":[{"name":"wp","href":"https:\/\/api.w.org\/{rel}","templated":true}]}}