{"id":512,"date":"2016-09-22T12:08:47","date_gmt":"2016-09-22T10:08:47","guid":{"rendered":"http:\/\/wp.sbhss.eu\/?p=512"},"modified":"2016-09-22T12:08:47","modified_gmt":"2016-09-22T10:08:47","slug":"ny-utlysning-inom-eu-s-program-for-att-framja-entreprenorskap-hos-unga-och-nyanlanda-invandrande-personer","status":"publish","type":"post","link":"https:\/\/www.sbhss.eu\/sv\/ny-utlysning-inom-eu-s-program-for-att-framja-entreprenorskap-hos-unga-och-nyanlanda-invandrande-personer\/","title":{"rendered":"Ny utlysning inom EU:s program f\u00f6r att fr\u00e4mja entrepren\u00f6rskap hos unga och nyanl\u00e4nda invandrande personer"},"content":{"rendered":"<div>\n\tIdag &auml;r ca 2 miljoner Europas entrepren&ouml;rer f&ouml;dda utanf&ouml;r EU och enligt studier &auml;r den unga invandrande personen mer ben&auml;gen att starta eget f&ouml;retag i j&auml;mf&ouml;relsevis med en medborgare f&ouml;dd inom EU. Med senare &aring;rs &ouml;kade immigration till EU har fr&aring;gor s&aring;som integration av unga personer i samh&auml;llet blivit ett prioriterat omr&aring;de inom flyktingpolitiken. Migration- och flyktingpolitiken p&aring;verkar i h&ouml;g grad regional- och lokalniv&aring;, d.v.s. v&auml;ldigt m&aring;nga kommuner och regioner runtom i Sverige. Det &auml;r ocks&aring; d&auml;r insatser g&ouml;rs f&ouml;r att g&ouml;ra det enklare f&ouml;r nyanl&auml;nda att etablera sig och komma i arbete.<\/div>\n<div>\n\t&nbsp;<\/div>\n<div>\n\tSom en del av integrationsprocessen anser EU att information om entrepren&ouml;rskap &auml;r viktigt f&ouml;r att uppn&aring; ekonomisk sj&auml;lvst&auml;ndighet. I fjol implementerade d&auml;rf&ouml;r Europaparlamentet ett pilotprojekt &quot;Entrepren&ouml;riell kapacitetsuppbyggnad f&ouml;r unga invandrade personer&quot; som ska fr&auml;mja entrepren&ouml;rskapsf&ouml;rm&aring;gan hos unga och nyanl&auml;nda.<\/div>\n<div>\n\t<br \/>\n\tM&aring;let med den nuvarande utlysningen &auml;r att st&ouml;dja utformandet, f&aring; till st&aring;nd f&ouml;rb&auml;ttringar i samt en &ouml;kad spridning av st&ouml;dsystemet f&ouml;r m&aring;lgruppen unga invandrande personer i syfte att identifiera potentiella f&ouml;retagare samt att h&ouml;ja medvetande om m&ouml;jligheten till entrepren&ouml;rskap. Fokus kommer att ligga p&aring; utbildning och mentorssystem. L&auml;s mer om utlysningen <a href=\"http:\/\/ec.europa.eu\/growth\/tools-databases\/newsroom\/cf\/itemdetail.cfm?item_id=8916&amp;lang=sv&amp;title=Entrepreneurial-capacity-building-for-young-migrants \">h&auml;r<\/a><\/div>\n<div>\n\t<br \/>\n\tDen totala budgeten f&ouml;r programmet &auml;r 2 150 000 EUR. Det maximala belopp som EU kan delfinansiera &auml;r 537 500 EUR per projekt, motsvarande upp till 85 % av projektkostnaden.<\/div>\n<div>\n\t&nbsp;<\/div>\n<div>\n\tProjektet ska visa p&aring; tydligt transnationella samarbeten och medf&ouml;ra ett europeiskt merv&auml;rde genom att st&ouml;dja den europeiska integrationen.<\/div>\n<div>\n\t&nbsp;<\/div>\n<div>\n\tI ans&ouml;kan ska f&ouml;ljande kriterier uppn&aring;s:<\/div>\n<div>\n\t<br \/>\n\t&#8211; Projektet ska max p&aring;g&aring; i 24 m&aring;nader<br \/>\n\t&#8211; S&ouml;kanden &auml;r offentliga eller privata akt&ouml;rer\/juridiska personer d&auml;r minst tre&nbsp; medlemsl&auml;nder ska ing&aring;<br \/>\n\t&#8211; Projektstart &auml;r tidigast 1 mars 2017<br \/>\n\t&#8211; Projekten ska vara icke-vinstdrivande<\/div>\n<div>\n\t&nbsp;<\/div>\n<div>\n\tAns&ouml;kan l&auml;mnas senast in den 30 november 2016.<\/div>\n<p>\n\t&nbsp;<\/p>\n","protected":false},"excerpt":{"rendered":"<p>Idag &auml;r ca 2 miljoner Europas entrepren&ouml;rer f&ouml;dda utanf&ouml;r EU och enligt studier &auml;r den unga invandrande personen mer ben&auml;gen att starta eget f&ouml;retag i j&auml;mf&ouml;relsevis med en medborgare f&ouml;dd inom EU. Med senare &aring;rs &ouml;kade immigration till EU har fr&aring;gor s&aring;som integration av unga personer i samh&auml;llet blivit ett prioriterat omr&aring;de inom flyktingpolitiken. Migration- [&hellip;]<\/p>\n","protected":false},"author":3,"featured_media":0,"comment_status":"open","ping_status":"open","sticky":false,"template":"","format":"standard","meta":{"_acf_changed":false,"footnotes":""},"categories":[11],"tags":[],"class_list":["post-512","post","type-post","status-publish","format-standard","hentry","category-hem"],"acf":[],"yoast_head":"<!-- This site is optimized with the Yoast SEO plugin v27.5 - https:\/\/yoast.com\/product\/yoast-seo-wordpress\/ -->\n<title>Ny utlysning inom EU:s program f\u00f6r att fr\u00e4mja entrepren\u00f6rskap hos unga och nyanl\u00e4nda invandrande personer - SBHSS<\/title>\n<meta name=\"robots\" content=\"index, follow, max-snippet:-1, max-image-preview:large, max-video-preview:-1\" \/>\n<link rel=\"canonical\" href=\"https:\/\/www.sbhss.eu\/sv\/ny-utlysning-inom-eu-s-program-for-att-framja-entreprenorskap-hos-unga-och-nyanlanda-invandrande-personer\/\" \/>\n<meta property=\"og:locale\" content=\"sv_SE\" \/>\n<meta property=\"og:type\" content=\"article\" \/>\n<meta property=\"og:title\" content=\"Ny utlysning inom EU:s program f\u00f6r att fr\u00e4mja entrepren\u00f6rskap hos unga och nyanl\u00e4nda invandrande personer - SBHSS\" \/>\n<meta property=\"og:description\" content=\"Idag &auml;r ca 2 miljoner Europas entrepren&ouml;rer f&ouml;dda utanf&ouml;r EU och enligt studier &auml;r den unga invandrande personen mer ben&auml;gen att starta eget f&ouml;retag i j&auml;mf&ouml;relsevis med en medborgare f&ouml;dd inom EU. Med senare &aring;rs &ouml;kade immigration till EU har fr&aring;gor s&aring;som integration av unga personer i samh&auml;llet blivit ett prioriterat omr&aring;de inom flyktingpolitiken. Migration- [&hellip;]\" \/>\n<meta property=\"og:url\" content=\"https:\/\/www.sbhss.eu\/sv\/ny-utlysning-inom-eu-s-program-for-att-framja-entreprenorskap-hos-unga-och-nyanlanda-invandrande-personer\/\" \/>\n<meta property=\"og:site_name\" content=\"SBHSS\" \/>\n<meta property=\"article:published_time\" content=\"2016-09-22T10:08:47+00:00\" \/>\n<meta name=\"author\" content=\"Sven Kast\u00f6\" \/>\n<meta name=\"twitter:card\" content=\"summary_large_image\" \/>\n<meta name=\"twitter:label1\" content=\"Skriven av\" \/>\n\t<meta name=\"twitter:data1\" content=\"Sven Kast\u00f6\" \/>\n\t<meta name=\"twitter:label2\" content=\"Ber\u00e4knad l\u00e4stid\" \/>\n\t<meta name=\"twitter:data2\" content=\"2 minuter\" \/>\n<script type=\"application\/ld+json\" class=\"yoast-schema-graph\">{\"@context\":\"https:\\\/\\\/schema.org\",\"@graph\":[{\"@type\":\"Article\",\"@id\":\"https:\\\/\\\/www.sbhss.eu\\\/sv\\\/ny-utlysning-inom-eu-s-program-for-att-framja-entreprenorskap-hos-unga-och-nyanlanda-invandrande-personer\\\/#article\",\"isPartOf\":{\"@id\":\"https:\\\/\\\/www.sbhss.eu\\\/sv\\\/ny-utlysning-inom-eu-s-program-for-att-framja-entreprenorskap-hos-unga-och-nyanlanda-invandrande-personer\\\/\"},\"author\":{\"name\":\"Sven Kast\u00f6\",\"@id\":\"https:\\\/\\\/www.sbhss.eu\\\/#\\\/schema\\\/person\\\/b8d8eb4c1088a05ed50ecff9b2bf643f\"},\"headline\":\"Ny utlysning inom EU:s program f\u00f6r att fr\u00e4mja entrepren\u00f6rskap hos unga och nyanl\u00e4nda invandrande personer\",\"datePublished\":\"2016-09-22T10:08:47+00:00\",\"mainEntityOfPage\":{\"@id\":\"https:\\\/\\\/www.sbhss.eu\\\/sv\\\/ny-utlysning-inom-eu-s-program-for-att-framja-entreprenorskap-hos-unga-och-nyanlanda-invandrande-personer\\\/\"},\"wordCount\":446,\"commentCount\":0,\"articleSection\":[\"Hem - Startsidan\"],\"inLanguage\":\"sv-SE\"},{\"@type\":\"WebPage\",\"@id\":\"https:\\\/\\\/www.sbhss.eu\\\/sv\\\/ny-utlysning-inom-eu-s-program-for-att-framja-entreprenorskap-hos-unga-och-nyanlanda-invandrande-personer\\\/\",\"url\":\"https:\\\/\\\/www.sbhss.eu\\\/sv\\\/ny-utlysning-inom-eu-s-program-for-att-framja-entreprenorskap-hos-unga-och-nyanlanda-invandrande-personer\\\/\",\"name\":\"Ny utlysning inom EU:s program f\u00f6r att fr\u00e4mja entrepren\u00f6rskap hos unga och nyanl\u00e4nda invandrande personer - SBHSS\",\"isPartOf\":{\"@id\":\"https:\\\/\\\/www.sbhss.eu\\\/#website\"},\"datePublished\":\"2016-09-22T10:08:47+00:00\",\"author\":{\"@id\":\"https:\\\/\\\/www.sbhss.eu\\\/#\\\/schema\\\/person\\\/b8d8eb4c1088a05ed50ecff9b2bf643f\"},\"breadcrumb\":{\"@id\":\"https:\\\/\\\/www.sbhss.eu\\\/sv\\\/ny-utlysning-inom-eu-s-program-for-att-framja-entreprenorskap-hos-unga-och-nyanlanda-invandrande-personer\\\/#breadcrumb\"},\"inLanguage\":\"sv-SE\",\"potentialAction\":[{\"@type\":\"ReadAction\",\"target\":[\"https:\\\/\\\/www.sbhss.eu\\\/sv\\\/ny-utlysning-inom-eu-s-program-for-att-framja-entreprenorskap-hos-unga-och-nyanlanda-invandrande-personer\\\/\"]}]},{\"@type\":\"BreadcrumbList\",\"@id\":\"https:\\\/\\\/www.sbhss.eu\\\/sv\\\/ny-utlysning-inom-eu-s-program-for-att-framja-entreprenorskap-hos-unga-och-nyanlanda-invandrande-personer\\\/#breadcrumb\",\"itemListElement\":[{\"@type\":\"ListItem\",\"position\":1,\"name\":\"Hem\",\"item\":\"https:\\\/\\\/www.sbhss.eu\\\/sv\\\/\"},{\"@type\":\"ListItem\",\"position\":2,\"name\":\"Ny utlysning inom EU:s program f\u00f6r att fr\u00e4mja entrepren\u00f6rskap hos unga och nyanl\u00e4nda invandrande personer\"}]},{\"@type\":\"WebSite\",\"@id\":\"https:\\\/\\\/www.sbhss.eu\\\/#website\",\"url\":\"https:\\\/\\\/www.sbhss.eu\\\/\",\"name\":\"SBHSS\",\"description\":\"\",\"potentialAction\":[{\"@type\":\"SearchAction\",\"target\":{\"@type\":\"EntryPoint\",\"urlTemplate\":\"https:\\\/\\\/www.sbhss.eu\\\/?s={search_term_string}\"},\"query-input\":{\"@type\":\"PropertyValueSpecification\",\"valueRequired\":true,\"valueName\":\"search_term_string\"}}],\"inLanguage\":\"sv-SE\"},{\"@type\":\"Person\",\"@id\":\"https:\\\/\\\/www.sbhss.eu\\\/#\\\/schema\\\/person\\\/b8d8eb4c1088a05ed50ecff9b2bf643f\",\"name\":\"Sven Kast\u00f6\",\"image\":{\"@type\":\"ImageObject\",\"inLanguage\":\"sv-SE\",\"@id\":\"https:\\\/\\\/secure.gravatar.com\\\/avatar\\\/4ce3985fbe5a36073e6a0cbba2acaad0da794332aeb9a944eca4c7548361a263?s=96&d=mm&r=g\",\"url\":\"https:\\\/\\\/secure.gravatar.com\\\/avatar\\\/4ce3985fbe5a36073e6a0cbba2acaad0da794332aeb9a944eca4c7548361a263?s=96&d=mm&r=g\",\"contentUrl\":\"https:\\\/\\\/secure.gravatar.com\\\/avatar\\\/4ce3985fbe5a36073e6a0cbba2acaad0da794332aeb9a944eca4c7548361a263?s=96&d=mm&r=g\",\"caption\":\"Sven Kast\u00f6\"},\"url\":\"https:\\\/\\\/www.sbhss.eu\\\/sv\\\/author\\\/sven-kastosbhss-eu\\\/\"}]}<\/script>\n<!-- \/ Yoast SEO plugin. -->","yoast_head_json":{"title":"Ny utlysning inom EU:s program f\u00f6r att fr\u00e4mja entrepren\u00f6rskap hos unga och nyanl\u00e4nda invandrande personer - SBHSS","robots":{"index":"index","follow":"follow","max-snippet":"max-snippet:-1","max-image-preview":"max-image-preview:large","max-video-preview":"max-video-preview:-1"},"canonical":"https:\/\/www.sbhss.eu\/sv\/ny-utlysning-inom-eu-s-program-for-att-framja-entreprenorskap-hos-unga-och-nyanlanda-invandrande-personer\/","og_locale":"sv_SE","og_type":"article","og_title":"Ny utlysning inom EU:s program f\u00f6r att fr\u00e4mja entrepren\u00f6rskap hos unga och nyanl\u00e4nda invandrande personer - SBHSS","og_description":"Idag &auml;r ca 2 miljoner Europas entrepren&ouml;rer f&ouml;dda utanf&ouml;r EU och enligt studier &auml;r den unga invandrande personen mer ben&auml;gen att starta eget f&ouml;retag i j&auml;mf&ouml;relsevis med en medborgare f&ouml;dd inom EU. Med senare &aring;rs &ouml;kade immigration till EU har fr&aring;gor s&aring;som integration av unga personer i samh&auml;llet blivit ett prioriterat omr&aring;de inom flyktingpolitiken. Migration- [&hellip;]","og_url":"https:\/\/www.sbhss.eu\/sv\/ny-utlysning-inom-eu-s-program-for-att-framja-entreprenorskap-hos-unga-och-nyanlanda-invandrande-personer\/","og_site_name":"SBHSS","article_published_time":"2016-09-22T10:08:47+00:00","author":"Sven Kast\u00f6","twitter_card":"summary_large_image","twitter_misc":{"Skriven av":"Sven Kast\u00f6","Ber\u00e4knad l\u00e4stid":"2 minuter"},"schema":{"@context":"https:\/\/schema.org","@graph":[{"@type":"Article","@id":"https:\/\/www.sbhss.eu\/sv\/ny-utlysning-inom-eu-s-program-for-att-framja-entreprenorskap-hos-unga-och-nyanlanda-invandrande-personer\/#article","isPartOf":{"@id":"https:\/\/www.sbhss.eu\/sv\/ny-utlysning-inom-eu-s-program-for-att-framja-entreprenorskap-hos-unga-och-nyanlanda-invandrande-personer\/"},"author":{"name":"Sven Kast\u00f6","@id":"https:\/\/www.sbhss.eu\/#\/schema\/person\/b8d8eb4c1088a05ed50ecff9b2bf643f"},"headline":"Ny utlysning inom EU:s program f\u00f6r att fr\u00e4mja entrepren\u00f6rskap hos unga och nyanl\u00e4nda invandrande personer","datePublished":"2016-09-22T10:08:47+00:00","mainEntityOfPage":{"@id":"https:\/\/www.sbhss.eu\/sv\/ny-utlysning-inom-eu-s-program-for-att-framja-entreprenorskap-hos-unga-och-nyanlanda-invandrande-personer\/"},"wordCount":446,"commentCount":0,"articleSection":["Hem - Startsidan"],"inLanguage":"sv-SE"},{"@type":"WebPage","@id":"https:\/\/www.sbhss.eu\/sv\/ny-utlysning-inom-eu-s-program-for-att-framja-entreprenorskap-hos-unga-och-nyanlanda-invandrande-personer\/","url":"https:\/\/www.sbhss.eu\/sv\/ny-utlysning-inom-eu-s-program-for-att-framja-entreprenorskap-hos-unga-och-nyanlanda-invandrande-personer\/","name":"Ny utlysning inom EU:s program f\u00f6r att fr\u00e4mja entrepren\u00f6rskap hos unga och nyanl\u00e4nda invandrande personer - SBHSS","isPartOf":{"@id":"https:\/\/www.sbhss.eu\/#website"},"datePublished":"2016-09-22T10:08:47+00:00","author":{"@id":"https:\/\/www.sbhss.eu\/#\/schema\/person\/b8d8eb4c1088a05ed50ecff9b2bf643f"},"breadcrumb":{"@id":"https:\/\/www.sbhss.eu\/sv\/ny-utlysning-inom-eu-s-program-for-att-framja-entreprenorskap-hos-unga-och-nyanlanda-invandrande-personer\/#breadcrumb"},"inLanguage":"sv-SE","potentialAction":[{"@type":"ReadAction","target":["https:\/\/www.sbhss.eu\/sv\/ny-utlysning-inom-eu-s-program-for-att-framja-entreprenorskap-hos-unga-och-nyanlanda-invandrande-personer\/"]}]},{"@type":"BreadcrumbList","@id":"https:\/\/www.sbhss.eu\/sv\/ny-utlysning-inom-eu-s-program-for-att-framja-entreprenorskap-hos-unga-och-nyanlanda-invandrande-personer\/#breadcrumb","itemListElement":[{"@type":"ListItem","position":1,"name":"Hem","item":"https:\/\/www.sbhss.eu\/sv\/"},{"@type":"ListItem","position":2,"name":"Ny utlysning inom EU:s program f\u00f6r att fr\u00e4mja entrepren\u00f6rskap hos unga och nyanl\u00e4nda invandrande personer"}]},{"@type":"WebSite","@id":"https:\/\/www.sbhss.eu\/#website","url":"https:\/\/www.sbhss.eu\/","name":"SBHSS","description":"","potentialAction":[{"@type":"SearchAction","target":{"@type":"EntryPoint","urlTemplate":"https:\/\/www.sbhss.eu\/?s={search_term_string}"},"query-input":{"@type":"PropertyValueSpecification","valueRequired":true,"valueName":"search_term_string"}}],"inLanguage":"sv-SE"},{"@type":"Person","@id":"https:\/\/www.sbhss.eu\/#\/schema\/person\/b8d8eb4c1088a05ed50ecff9b2bf643f","name":"Sven Kast\u00f6","image":{"@type":"ImageObject","inLanguage":"sv-SE","@id":"https:\/\/secure.gravatar.com\/avatar\/4ce3985fbe5a36073e6a0cbba2acaad0da794332aeb9a944eca4c7548361a263?s=96&d=mm&r=g","url":"https:\/\/secure.gravatar.com\/avatar\/4ce3985fbe5a36073e6a0cbba2acaad0da794332aeb9a944eca4c7548361a263?s=96&d=mm&r=g","contentUrl":"https:\/\/secure.gravatar.com\/avatar\/4ce3985fbe5a36073e6a0cbba2acaad0da794332aeb9a944eca4c7548361a263?s=96&d=mm&r=g","caption":"Sven Kast\u00f6"},"url":"https:\/\/www.sbhss.eu\/sv\/author\/sven-kastosbhss-eu\/"}]}},"_links":{"self":[{"href":"https:\/\/www.sbhss.eu\/sv\/wp-json\/wp\/v2\/posts\/512","targetHints":{"allow":["GET"]}}],"collection":[{"href":"https:\/\/www.sbhss.eu\/sv\/wp-json\/wp\/v2\/posts"}],"about":[{"href":"https:\/\/www.sbhss.eu\/sv\/wp-json\/wp\/v2\/types\/post"}],"author":[{"embeddable":true,"href":"https:\/\/www.sbhss.eu\/sv\/wp-json\/wp\/v2\/users\/3"}],"replies":[{"embeddable":true,"href":"https:\/\/www.sbhss.eu\/sv\/wp-json\/wp\/v2\/comments?post=512"}],"version-history":[{"count":0,"href":"https:\/\/www.sbhss.eu\/sv\/wp-json\/wp\/v2\/posts\/512\/revisions"}],"wp:attachment":[{"href":"https:\/\/www.sbhss.eu\/sv\/wp-json\/wp\/v2\/media?parent=512"}],"wp:term":[{"taxonomy":"category","embeddable":true,"href":"https:\/\/www.sbhss.eu\/sv\/wp-json\/wp\/v2\/categories?post=512"},{"taxonomy":"post_tag","embeddable":true,"href":"https:\/\/www.sbhss.eu\/sv\/wp-json\/wp\/v2\/tags?post=512"}],"curies":[{"name":"wp","href":"https:\/\/api.w.org\/{rel}","templated":true}]}}