{"id":5502,"date":"2023-11-27T16:40:46","date_gmt":"2023-11-27T16:40:46","guid":{"rendered":"https:\/\/www.sbhss.eu\/?p=5502"},"modified":"2023-11-29T08:18:28","modified_gmt":"2023-11-29T08:18:28","slug":"inbjudan-till-webbinarium-2024-ett-val-om-eus-framtid","status":"publish","type":"post","link":"https:\/\/www.sbhss.eu\/sv\/inbjudan-till-webbinarium-2024-ett-val-om-eus-framtid\/","title":{"rendered":"Inbjudan till webbinarium: 2024 &#8211; ett val om EU:s framtid"},"content":{"rendered":"<p>I tider av kris \u00e4r kanske EU:s arbete viktigare \u00e4n n\u00e5gonsin. I juni n\u00e4sta \u00e5r \u00e4r det val till EU-parlamentet och under h\u00f6sten 2024 kommer en ny EU-kommission att tilltr\u00e4da. Vad kommer det betyda f\u00f6r Europa och f\u00f6r oss i Sverige?<\/p>\n<p>Vi har samlat personer med stor insikt i EU som ger sin syn p\u00e5 vad som h\u00e4nder p\u00e5 EU-arenan och hur det p\u00e5verkar den lokala och regionala niv\u00e5n i Sverige. Webbinariet \u00e4r ett kunskaps- och inspirationstillf\u00e4lle f\u00f6r dig som arbetar f\u00f6r lokal och regional utveckling utifr\u00e5n ett europeiskt perspektiv. Linda von Essen \u00e4r dagens moderator.<\/p>\n<p>Onsdagen den 20:e december kl 10.00-11.30. Webbinariet \u00e4r kostnadsfritt. Anm\u00e4l dig <a href=\"https:\/\/esmaker.net\/nx2\/s.aspx?id=683ee8c9c22a\">h\u00e4r!<\/a> Sista anm\u00e4lningsdag 15 december. L\u00e4nk till s\u00e4ndningen skickas ett par dagar innan.<\/p>\n<p><img loading=\"lazy\" decoding=\"async\" class=\"wp-image-5529 aligncenter\" src=\"https:\/\/www.sbhss.eu\/wp-content\/uploads\/2023\/11\/ny-web-211x300.jpg\" alt=\"\" width=\"784\" height=\"1115\" \/><\/p>\n<p><img loading=\"lazy\" decoding=\"async\" class=\" wp-image-5507 aligncenter\" src=\"https:\/\/www.sbhss.eu\/wp-content\/uploads\/2023\/11\/webbo-e1701101829771-225x300.png\" alt=\"\" width=\"773\" height=\"1031\" \/><\/p>\n","protected":false},"excerpt":{"rendered":"<p>I tider av kris \u00e4r kanske EU:s arbete viktigare \u00e4n n\u00e5gonsin. I juni n\u00e4sta \u00e5r \u00e4r det val till EU-parlamentet och under h\u00f6sten 2024 kommer en ny EU-kommission att tilltr\u00e4da. Vad kommer det betyda f\u00f6r Europa och f\u00f6r oss i Sverige? Vi har samlat personer med stor insikt i EU som ger sin syn p\u00e5 [&hellip;]<\/p>\n","protected":false},"author":15,"featured_media":5503,"comment_status":"open","ping_status":"open","sticky":false,"template":"","format":"standard","meta":{"_acf_changed":false,"footnotes":""},"categories":[3],"tags":[],"class_list":["post-5502","post","type-post","status-publish","format-standard","has-post-thumbnail","hentry","category-okategoriserad"],"acf":[],"yoast_head":"<!-- This site is optimized with the Yoast SEO plugin v27.2 - https:\/\/yoast.com\/product\/yoast-seo-wordpress\/ -->\n<title>Inbjudan till webbinarium: 2024 - ett val om EU:s framtid - SBHSS<\/title>\n<meta name=\"robots\" content=\"index, follow, max-snippet:-1, max-image-preview:large, max-video-preview:-1\" \/>\n<link rel=\"canonical\" href=\"https:\/\/www.sbhss.eu\/sv\/inbjudan-till-webbinarium-2024-ett-val-om-eus-framtid\/\" \/>\n<meta property=\"og:locale\" content=\"sv_SE\" \/>\n<meta property=\"og:type\" content=\"article\" \/>\n<meta property=\"og:title\" content=\"Inbjudan till webbinarium: 2024 - ett val om EU:s framtid - SBHSS\" \/>\n<meta property=\"og:description\" content=\"I tider av kris \u00e4r kanske EU:s arbete viktigare \u00e4n n\u00e5gonsin. I juni n\u00e4sta \u00e5r \u00e4r det val till EU-parlamentet och under h\u00f6sten 2024 kommer en ny EU-kommission att tilltr\u00e4da. Vad kommer det betyda f\u00f6r Europa och f\u00f6r oss i Sverige? Vi har samlat personer med stor insikt i EU som ger sin syn p\u00e5 [&hellip;]\" \/>\n<meta property=\"og:url\" content=\"https:\/\/www.sbhss.eu\/sv\/inbjudan-till-webbinarium-2024-ett-val-om-eus-framtid\/\" \/>\n<meta property=\"og:site_name\" content=\"SBHSS\" \/>\n<meta property=\"article:published_time\" content=\"2023-11-27T16:40:46+00:00\" \/>\n<meta property=\"article:modified_time\" content=\"2023-11-29T08:18:28+00:00\" \/>\n<meta property=\"og:image\" content=\"https:\/\/www.sbhss.eu\/wp-content\/uploads\/2023\/11\/webbinarium-e1701101358830.jpg\" \/>\n\t<meta property=\"og:image:width\" content=\"423\" \/>\n\t<meta property=\"og:image:height\" content=\"290\" \/>\n\t<meta property=\"og:image:type\" content=\"image\/jpeg\" \/>\n<meta name=\"author\" content=\"Emilia Palmkvist\" \/>\n<meta name=\"twitter:card\" content=\"summary_large_image\" \/>\n<meta name=\"twitter:label1\" content=\"Skriven av\" \/>\n\t<meta name=\"twitter:data1\" content=\"Emilia Palmkvist\" \/>\n\t<meta name=\"twitter:label2\" content=\"Ber\u00e4knad l\u00e4stid\" \/>\n\t<meta name=\"twitter:data2\" content=\"1 minut\" \/>\n<script type=\"application\/ld+json\" class=\"yoast-schema-graph\">{\"@context\":\"https:\/\/schema.org\",\"@graph\":[{\"@type\":\"Article\",\"@id\":\"https:\/\/www.sbhss.eu\/sv\/inbjudan-till-webbinarium-2024-ett-val-om-eus-framtid\/#article\",\"isPartOf\":{\"@id\":\"https:\/\/www.sbhss.eu\/sv\/inbjudan-till-webbinarium-2024-ett-val-om-eus-framtid\/\"},\"author\":{\"name\":\"Emilia Palmkvist\",\"@id\":\"https:\/\/www.sbhss.eu\/#\/schema\/person\/9e5d324a05a5378cca921aa3a88ef1c8\"},\"headline\":\"Inbjudan till webbinarium: 2024 &#8211; ett val om EU:s framtid\",\"datePublished\":\"2023-11-27T16:40:46+00:00\",\"dateModified\":\"2023-11-29T08:18:28+00:00\",\"mainEntityOfPage\":{\"@id\":\"https:\/\/www.sbhss.eu\/sv\/inbjudan-till-webbinarium-2024-ett-val-om-eus-framtid\/\"},\"wordCount\":147,\"commentCount\":0,\"image\":{\"@id\":\"https:\/\/www.sbhss.eu\/sv\/inbjudan-till-webbinarium-2024-ett-val-om-eus-framtid\/#primaryimage\"},\"thumbnailUrl\":\"https:\/\/www.sbhss.eu\/wp-content\/uploads\/2023\/11\/webbinarium-e1701101358830.jpg\",\"articleSection\":[\"Okategoriserad\"],\"inLanguage\":\"sv-SE\"},{\"@type\":\"WebPage\",\"@id\":\"https:\/\/www.sbhss.eu\/sv\/inbjudan-till-webbinarium-2024-ett-val-om-eus-framtid\/\",\"url\":\"https:\/\/www.sbhss.eu\/sv\/inbjudan-till-webbinarium-2024-ett-val-om-eus-framtid\/\",\"name\":\"Inbjudan till webbinarium: 2024 - ett val om EU:s framtid - SBHSS\",\"isPartOf\":{\"@id\":\"https:\/\/www.sbhss.eu\/#website\"},\"primaryImageOfPage\":{\"@id\":\"https:\/\/www.sbhss.eu\/sv\/inbjudan-till-webbinarium-2024-ett-val-om-eus-framtid\/#primaryimage\"},\"image\":{\"@id\":\"https:\/\/www.sbhss.eu\/sv\/inbjudan-till-webbinarium-2024-ett-val-om-eus-framtid\/#primaryimage\"},\"thumbnailUrl\":\"https:\/\/www.sbhss.eu\/wp-content\/uploads\/2023\/11\/webbinarium-e1701101358830.jpg\",\"datePublished\":\"2023-11-27T16:40:46+00:00\",\"dateModified\":\"2023-11-29T08:18:28+00:00\",\"author\":{\"@id\":\"https:\/\/www.sbhss.eu\/#\/schema\/person\/9e5d324a05a5378cca921aa3a88ef1c8\"},\"breadcrumb\":{\"@id\":\"https:\/\/www.sbhss.eu\/sv\/inbjudan-till-webbinarium-2024-ett-val-om-eus-framtid\/#breadcrumb\"},\"inLanguage\":\"sv-SE\",\"potentialAction\":[{\"@type\":\"ReadAction\",\"target\":[\"https:\/\/www.sbhss.eu\/sv\/inbjudan-till-webbinarium-2024-ett-val-om-eus-framtid\/\"]}]},{\"@type\":\"ImageObject\",\"inLanguage\":\"sv-SE\",\"@id\":\"https:\/\/www.sbhss.eu\/sv\/inbjudan-till-webbinarium-2024-ett-val-om-eus-framtid\/#primaryimage\",\"url\":\"https:\/\/www.sbhss.eu\/wp-content\/uploads\/2023\/11\/webbinarium-e1701101358830.jpg\",\"contentUrl\":\"https:\/\/www.sbhss.eu\/wp-content\/uploads\/2023\/11\/webbinarium-e1701101358830.jpg\",\"width\":423,\"height\":290},{\"@type\":\"BreadcrumbList\",\"@id\":\"https:\/\/www.sbhss.eu\/sv\/inbjudan-till-webbinarium-2024-ett-val-om-eus-framtid\/#breadcrumb\",\"itemListElement\":[{\"@type\":\"ListItem\",\"position\":1,\"name\":\"Hem\",\"item\":\"https:\/\/www.sbhss.eu\/sv\/\"},{\"@type\":\"ListItem\",\"position\":2,\"name\":\"Inbjudan till webbinarium: 2024 &#8211; ett val om EU:s framtid\"}]},{\"@type\":\"WebSite\",\"@id\":\"https:\/\/www.sbhss.eu\/#website\",\"url\":\"https:\/\/www.sbhss.eu\/\",\"name\":\"SBHSS\",\"description\":\"\",\"potentialAction\":[{\"@type\":\"SearchAction\",\"target\":{\"@type\":\"EntryPoint\",\"urlTemplate\":\"https:\/\/www.sbhss.eu\/?s={search_term_string}\"},\"query-input\":{\"@type\":\"PropertyValueSpecification\",\"valueRequired\":true,\"valueName\":\"search_term_string\"}}],\"inLanguage\":\"sv-SE\"},{\"@type\":\"Person\",\"@id\":\"https:\/\/www.sbhss.eu\/#\/schema\/person\/9e5d324a05a5378cca921aa3a88ef1c8\",\"name\":\"Emilia Palmkvist\",\"image\":{\"@type\":\"ImageObject\",\"inLanguage\":\"sv-SE\",\"@id\":\"https:\/\/secure.gravatar.com\/avatar\/63c825553e35d653b1dccbf74306b093f9cc418a77bc92e615e75ba121c1e342?s=96&d=mm&r=g\",\"url\":\"https:\/\/secure.gravatar.com\/avatar\/63c825553e35d653b1dccbf74306b093f9cc418a77bc92e615e75ba121c1e342?s=96&d=mm&r=g\",\"contentUrl\":\"https:\/\/secure.gravatar.com\/avatar\/63c825553e35d653b1dccbf74306b093f9cc418a77bc92e615e75ba121c1e342?s=96&d=mm&r=g\",\"caption\":\"Emilia Palmkvist\"},\"url\":\"https:\/\/www.sbhss.eu\/sv\/author\/emilia\/\"}]}<\/script>\n<!-- \/ Yoast SEO plugin. -->","yoast_head_json":{"title":"Inbjudan till webbinarium: 2024 - ett val om EU:s framtid - SBHSS","robots":{"index":"index","follow":"follow","max-snippet":"max-snippet:-1","max-image-preview":"max-image-preview:large","max-video-preview":"max-video-preview:-1"},"canonical":"https:\/\/www.sbhss.eu\/sv\/inbjudan-till-webbinarium-2024-ett-val-om-eus-framtid\/","og_locale":"sv_SE","og_type":"article","og_title":"Inbjudan till webbinarium: 2024 - ett val om EU:s framtid - SBHSS","og_description":"I tider av kris \u00e4r kanske EU:s arbete viktigare \u00e4n n\u00e5gonsin. I juni n\u00e4sta \u00e5r \u00e4r det val till EU-parlamentet och under h\u00f6sten 2024 kommer en ny EU-kommission att tilltr\u00e4da. Vad kommer det betyda f\u00f6r Europa och f\u00f6r oss i Sverige? Vi har samlat personer med stor insikt i EU som ger sin syn p\u00e5 [&hellip;]","og_url":"https:\/\/www.sbhss.eu\/sv\/inbjudan-till-webbinarium-2024-ett-val-om-eus-framtid\/","og_site_name":"SBHSS","article_published_time":"2023-11-27T16:40:46+00:00","article_modified_time":"2023-11-29T08:18:28+00:00","og_image":[{"width":423,"height":290,"url":"https:\/\/www.sbhss.eu\/wp-content\/uploads\/2023\/11\/webbinarium-e1701101358830.jpg","type":"image\/jpeg"}],"author":"Emilia Palmkvist","twitter_card":"summary_large_image","twitter_misc":{"Skriven av":"Emilia Palmkvist","Ber\u00e4knad l\u00e4stid":"1 minut"},"schema":{"@context":"https:\/\/schema.org","@graph":[{"@type":"Article","@id":"https:\/\/www.sbhss.eu\/sv\/inbjudan-till-webbinarium-2024-ett-val-om-eus-framtid\/#article","isPartOf":{"@id":"https:\/\/www.sbhss.eu\/sv\/inbjudan-till-webbinarium-2024-ett-val-om-eus-framtid\/"},"author":{"name":"Emilia Palmkvist","@id":"https:\/\/www.sbhss.eu\/#\/schema\/person\/9e5d324a05a5378cca921aa3a88ef1c8"},"headline":"Inbjudan till webbinarium: 2024 &#8211; ett val om EU:s framtid","datePublished":"2023-11-27T16:40:46+00:00","dateModified":"2023-11-29T08:18:28+00:00","mainEntityOfPage":{"@id":"https:\/\/www.sbhss.eu\/sv\/inbjudan-till-webbinarium-2024-ett-val-om-eus-framtid\/"},"wordCount":147,"commentCount":0,"image":{"@id":"https:\/\/www.sbhss.eu\/sv\/inbjudan-till-webbinarium-2024-ett-val-om-eus-framtid\/#primaryimage"},"thumbnailUrl":"https:\/\/www.sbhss.eu\/wp-content\/uploads\/2023\/11\/webbinarium-e1701101358830.jpg","articleSection":["Okategoriserad"],"inLanguage":"sv-SE"},{"@type":"WebPage","@id":"https:\/\/www.sbhss.eu\/sv\/inbjudan-till-webbinarium-2024-ett-val-om-eus-framtid\/","url":"https:\/\/www.sbhss.eu\/sv\/inbjudan-till-webbinarium-2024-ett-val-om-eus-framtid\/","name":"Inbjudan till webbinarium: 2024 - ett val om EU:s framtid - SBHSS","isPartOf":{"@id":"https:\/\/www.sbhss.eu\/#website"},"primaryImageOfPage":{"@id":"https:\/\/www.sbhss.eu\/sv\/inbjudan-till-webbinarium-2024-ett-val-om-eus-framtid\/#primaryimage"},"image":{"@id":"https:\/\/www.sbhss.eu\/sv\/inbjudan-till-webbinarium-2024-ett-val-om-eus-framtid\/#primaryimage"},"thumbnailUrl":"https:\/\/www.sbhss.eu\/wp-content\/uploads\/2023\/11\/webbinarium-e1701101358830.jpg","datePublished":"2023-11-27T16:40:46+00:00","dateModified":"2023-11-29T08:18:28+00:00","author":{"@id":"https:\/\/www.sbhss.eu\/#\/schema\/person\/9e5d324a05a5378cca921aa3a88ef1c8"},"breadcrumb":{"@id":"https:\/\/www.sbhss.eu\/sv\/inbjudan-till-webbinarium-2024-ett-val-om-eus-framtid\/#breadcrumb"},"inLanguage":"sv-SE","potentialAction":[{"@type":"ReadAction","target":["https:\/\/www.sbhss.eu\/sv\/inbjudan-till-webbinarium-2024-ett-val-om-eus-framtid\/"]}]},{"@type":"ImageObject","inLanguage":"sv-SE","@id":"https:\/\/www.sbhss.eu\/sv\/inbjudan-till-webbinarium-2024-ett-val-om-eus-framtid\/#primaryimage","url":"https:\/\/www.sbhss.eu\/wp-content\/uploads\/2023\/11\/webbinarium-e1701101358830.jpg","contentUrl":"https:\/\/www.sbhss.eu\/wp-content\/uploads\/2023\/11\/webbinarium-e1701101358830.jpg","width":423,"height":290},{"@type":"BreadcrumbList","@id":"https:\/\/www.sbhss.eu\/sv\/inbjudan-till-webbinarium-2024-ett-val-om-eus-framtid\/#breadcrumb","itemListElement":[{"@type":"ListItem","position":1,"name":"Hem","item":"https:\/\/www.sbhss.eu\/sv\/"},{"@type":"ListItem","position":2,"name":"Inbjudan till webbinarium: 2024 &#8211; ett val om EU:s framtid"}]},{"@type":"WebSite","@id":"https:\/\/www.sbhss.eu\/#website","url":"https:\/\/www.sbhss.eu\/","name":"SBHSS","description":"","potentialAction":[{"@type":"SearchAction","target":{"@type":"EntryPoint","urlTemplate":"https:\/\/www.sbhss.eu\/?s={search_term_string}"},"query-input":{"@type":"PropertyValueSpecification","valueRequired":true,"valueName":"search_term_string"}}],"inLanguage":"sv-SE"},{"@type":"Person","@id":"https:\/\/www.sbhss.eu\/#\/schema\/person\/9e5d324a05a5378cca921aa3a88ef1c8","name":"Emilia Palmkvist","image":{"@type":"ImageObject","inLanguage":"sv-SE","@id":"https:\/\/secure.gravatar.com\/avatar\/63c825553e35d653b1dccbf74306b093f9cc418a77bc92e615e75ba121c1e342?s=96&d=mm&r=g","url":"https:\/\/secure.gravatar.com\/avatar\/63c825553e35d653b1dccbf74306b093f9cc418a77bc92e615e75ba121c1e342?s=96&d=mm&r=g","contentUrl":"https:\/\/secure.gravatar.com\/avatar\/63c825553e35d653b1dccbf74306b093f9cc418a77bc92e615e75ba121c1e342?s=96&d=mm&r=g","caption":"Emilia Palmkvist"},"url":"https:\/\/www.sbhss.eu\/sv\/author\/emilia\/"}]}},"_links":{"self":[{"href":"https:\/\/www.sbhss.eu\/sv\/wp-json\/wp\/v2\/posts\/5502","targetHints":{"allow":["GET"]}}],"collection":[{"href":"https:\/\/www.sbhss.eu\/sv\/wp-json\/wp\/v2\/posts"}],"about":[{"href":"https:\/\/www.sbhss.eu\/sv\/wp-json\/wp\/v2\/types\/post"}],"author":[{"embeddable":true,"href":"https:\/\/www.sbhss.eu\/sv\/wp-json\/wp\/v2\/users\/15"}],"replies":[{"embeddable":true,"href":"https:\/\/www.sbhss.eu\/sv\/wp-json\/wp\/v2\/comments?post=5502"}],"version-history":[{"count":20,"href":"https:\/\/www.sbhss.eu\/sv\/wp-json\/wp\/v2\/posts\/5502\/revisions"}],"predecessor-version":[{"id":5525,"href":"https:\/\/www.sbhss.eu\/sv\/wp-json\/wp\/v2\/posts\/5502\/revisions\/5525"}],"wp:featuredmedia":[{"embeddable":true,"href":"https:\/\/www.sbhss.eu\/sv\/wp-json\/wp\/v2\/media\/5503"}],"wp:attachment":[{"href":"https:\/\/www.sbhss.eu\/sv\/wp-json\/wp\/v2\/media?parent=5502"}],"wp:term":[{"taxonomy":"category","embeddable":true,"href":"https:\/\/www.sbhss.eu\/sv\/wp-json\/wp\/v2\/categories?post=5502"},{"taxonomy":"post_tag","embeddable":true,"href":"https:\/\/www.sbhss.eu\/sv\/wp-json\/wp\/v2\/tags?post=5502"}],"curies":[{"name":"wp","href":"https:\/\/api.w.org\/{rel}","templated":true}]}}