{"id":5627,"date":"2024-02-09T10:33:44","date_gmt":"2024-02-09T10:33:44","guid":{"rendered":"https:\/\/www.sbhss.eu\/?p=5627"},"modified":"2024-02-16T14:28:12","modified_gmt":"2024-02-16T14:28:12","slug":"erasmus-innovationsallianser-2024-nu-ar-det-dags-att-ansoka","status":"publish","type":"post","link":"https:\/\/www.sbhss.eu\/sv\/erasmus-innovationsallianser-2024-nu-ar-det-dags-att-ansoka\/","title":{"rendered":"Erasmus+ innovationsallianser 2024: Nu \u00e4r det dags att ans\u00f6ka!"},"content":{"rendered":"<p><em>Vikten av att st\u00e4lla om till ett gr\u00f6nare, mer digitalt och konkurrenskraftigare Europa pr\u00e4glar arbetet inom EU. Detta syns s\u00e4rskilt f\u00f6r innovationsallianser inom EU:s sektorsprogram Erasmus+, d\u00e4r det nu finns m\u00f6jlighet att ans\u00f6ka om projektfinansiering, f\u00f6r utbildning och f\u00f6retag samt allianser f\u00f6r sektoriell samverkan f\u00f6r kunskap och kompetens. Ans\u00f6kningsperioden \u00e4r \u00f6ppen och det g\u00e5r att ans\u00f6ka om finansiering fram till den 7e mars 2024.<\/em><\/p>\n<p><span data-ccp-props=\"{&quot;201341983&quot;:0,&quot;335559739&quot;:0,&quot;335559740&quot;:240}\">\u00a0<\/span><\/p>\n<p><img loading=\"lazy\" decoding=\"async\" class=\"wp-image-5628 alignleft\" src=\"https:\/\/www.sbhss.eu\/wp-content\/uploads\/2024\/02\/imagesnewseaceawebsiteerasmusalliancesforinnovation-300x213.jpg\" alt=\"\" width=\"458\" height=\"325\" \/><\/p>\n<p><span data-contrast=\"auto\">Detta program f\u00f6r <\/span><span data-contrast=\"auto\">innov<\/span>at<span data-contrast=\"auto\">i<\/span><span data-contrast=\"auto\">onsallianser<\/span><span data-contrast=\"auto\"> ber\u00f6r bland annat omr\u00e5den som kompet<\/span><span data-contrast=\"auto\">e<\/span><span data-contrast=\"auto\">nsf\u00f6rs\u00f6rjning och digitalisering, som i sin tur \u00e4r viktiga f\u00f6r regionerna i SBHSS<\/span><span data-contrast=\"auto\">. H<\/span><span data-contrast=\"auto\">\u00e4r finns m\u00f6jlighete<\/span><span data-contrast=\"auto\">r f\u00f6r regionerna, olika akt\u00f6rer inom n\u00e4ringslivet s\u00e5v\u00e4l som de olika l\u00e4ros\u00e4tena att anv\u00e4nda denna m\u00f6jlighet som programmet erbjuder f\u00f6r att <\/span><span data-contrast=\"auto\">genom \u00f6kat\u00a0<\/span><span data-contrast=\"auto\">s<\/span><span data-contrast=\"auto\">amarbete <\/span><span data-contrast=\"auto\">hantera utmaningar g\u00e4llande kompetensf\u00f6rs\u00f6rjningsbehov samt att st\u00e4rka innovationskraften. Projektfi<\/span><span data-contrast=\"auto\">nansiering<\/span><span data-contrast=\"auto\">en<\/span><span data-contrast=\"auto\"> kan s\u00f6kas inom tv\u00e5 olika omr\u00e5den.\u00a0<\/span><span data-ccp-props=\"{&quot;201341983&quot;:0,&quot;335559739&quot;:0,&quot;335559740&quot;:240}\">\u00a0<\/span><\/p>\n<p><span data-contrast=\"auto\">Det f\u00f6rst<\/span><span data-contrast=\"auto\">a o<\/span><span data-contrast=\"auto\">mr\u00e5det <\/span><span data-contrast=\"auto\">innefatt<\/span><span data-contrast=\"auto\">ar all<\/span><span data-contrast=\"auto\">ianser <\/span><span data-contrast=\"auto\">f\u00f6r utbildning och f\u00f6retag och syftar till att st\u00e4rka den europeiska innovationskapaciteten. Europa st\u00e5r som <\/span><span data-contrast=\"auto\">k\u00e4nt inf\u00f6r flera<\/span><span data-contrast=\"auto\"> utmaningar i form av klimatf\u00f6r\u00e4ndringar, \u00f6kad digitalisering och en snabb utveckling inom artificiell intelligens som leder till ett \u00f6kat behov av innovation och f\u00f6r\u00e4ndringar\u00a0<\/span><span data-contrast=\"auto\">p\u00e5 den europeiska arbetsmarknaden. Genom att st\u00e4rka samarbetet och kunskapsfl\u00f6det inom h\u00f6gre utbildning, forskning, yrke<\/span><span data-contrast=\"auto\">sutbildningar och s<\/span>pecifika utbildningar f\u00f6r f\u00f6retag och\u00a0andra akt\u00f6rer inom n\u00e4ringslivet str\u00e4var Erasmus+ innovationsallianser efter att st\u00e4rka innovationskrafte<span data-contrast=\"auto\">n. <\/span><span data-ccp-props=\"{&quot;201341983&quot;:0,&quot;335559739&quot;:0,&quot;335559740&quot;:240}\">\u00a0<\/span><\/p>\n<p><span data-contrast=\"auto\">Det andra omr\u00e5det innefattar allianse<\/span>r f\u00f6r sektoriell s<span data-contrast=\"auto\">amverkan f\u00f6r kunskap och kompetens. <\/span><span data-contrast=\"auto\">Detta syftar till att ta fram strategier f\u00f6r b\u00e5de kort<\/span><span data-contrast=\"auto\">a<\/span><span data-contrast=\"auto\"> och l\u00e5ngsiktiga samarbeten inom<\/span><span data-contrast=\"auto\">\u00a0kompetensutveckling f\u00f6r att st\u00e4rka innovationen. Detta kan ske genom riktade insatser mot utbildningar f\u00f6r s\u00e4rskilda branscher d\u00e4r omstruktureringsbehovet \u00e4r stort. H\u00e4r ligger ett s\u00e4rskilt fokus p\u00e5 digitala och gr\u00f6na kompetenser och f\u00e4rdigheter f\u00f6r att hantera de utmaningar som Europas arbetsmarknader st\u00e5r inf\u00f6r. Tidigare har vi p\u00e5 SBHSS Brysselkontor skrivit om <\/span><a href=\"https:\/\/www.sbhss.eu\/sv\/sektoriella-kunskapsallianser-konsten-att-matcha-kompetensfoersoerjningsbehovet\/\"><span data-contrast=\"none\">sektoriella kunskapsallianser<\/span><\/a><span data-contrast=\"auto\"> genom finansiering fr\u00e5n Erasmus+ och om EU:s kompetensagenda. EU:s <\/span><i><span data-contrast=\"none\">\u2019Blueprint for\u00a0<\/span><\/i><i><span data-contrast=\"none\">Sectoral Cooperation on Skills\u2019<\/span><\/i><span data-contrast=\"auto\"> \u00e4r ett ramverk f\u00f6r strategiska samarbeten\u00a0<\/span><span data-contrast=\"auto\">som \u00e4mnar att hantera kompetensbrister inom specifika sektorer och fr\u00e4mja sektoriella kunskapsallianser. Dessa partnerskap omfattar <\/span><span data-contrast=\"auto\">s\u00e5v\u00e4l<\/span><span data-contrast=\"auto\"> f\u00f6retag, industriorganisationer <\/span><span data-contrast=\"auto\">som<\/span><span data-contrast=\"auto\"> l\u00e4ros\u00e4ten.<\/span> <a href=\"https:\/\/pact-for-skills.ec.europa.eu\/index_en\"><i><span data-contrast=\"none\">Pact fo<\/span><\/i><i><span data-contrast=\"none\">r <\/span><\/i><i><span data-contrast=\"none\">Skills<\/span><\/i><\/a><i><span data-contrast=\"auto\"> (<\/span><\/i><span data-contrast=\"auto\">\u00e4ven h\u00e4nvisad till som<\/span><i><span data-contrast=\"auto\"> kompetenspakten)<\/span><\/i><span data-contrast=\"auto\">, <\/span><span data-contrast=\"auto\">en viktig del av EU:s kompetensagenda som \u00e4ven det \u00e4r ett \u00e4mne<\/span><span data-contrast=\"auto\"> vi p\u00e5 <\/span><a href=\"https:\/\/www.sbhss.eu\/sv\/4042\/\"><span data-contrast=\"none\">Brysselkontoret tidigare har rapporterat om<\/span><\/a><span data-contrast=\"auto\">, <\/span><span data-contrast=\"auto\">vilket <\/span><span data-contrast=\"auto\">beskrivs <\/span><span data-contrast=\"auto\">som ett viktigt verktyg<\/span><span data-contrast=\"auto\"> f\u00f6r <\/span><span data-contrast=\"auto\">sektoriell samverkan f\u00f6r kunskap och kompetens<\/span> <span data-contrast=\"auto\">inom Erasmus+<\/span><span data-contrast=\"auto\">.<\/span> <span data-contrast=\"auto\">Innovationsallianser inom Erasmus+ m\u00f6jligg\u00f6r<\/span> <span data-contrast=\"auto\">allts\u00e5 <\/span><span data-contrast=\"auto\">f<\/span><span data-contrast=\"auto\">inansiering <\/span><span data-contrast=\"auto\">f\u00f6r <\/span><span data-contrast=\"auto\">partnerskap inom <\/span><span data-contrast=\"auto\">kompeten<\/span><span data-contrast=\"auto\">s<\/span><span data-contrast=\"auto\">pakt<\/span><span data-contrast=\"auto\">en<\/span><span data-contrast=\"auto\">, vilket<\/span><span data-contrast=\"auto\"> v\u00e4nder sig till etablerade akt\u00f6rer som verkar inom omr\u00e5den d\u00e4r viktiga \u00e5tg\u00e4rder f\u00f6r den europeiska kompetensagendan genomf\u00f6r<\/span><span data-contrast=\"auto\">s<\/span><span data-contrast=\"auto\">, s\u00e5 som till exempel h\u00e5llbar utveckling<\/span><span data-contrast=\"auto\">.<\/span> <span data-contrast=\"auto\">Detta ramverk syftar <\/span><span data-contrast=\"auto\">till <\/span><span data-contrast=\"auto\">att st\u00f6dja konkreta \u00e5tg\u00e4rder genom att fr\u00e4mja samarbeten inom kompetensutveckling p\u00e5 b\u00e5de lokal, regional och nationell niv\u00e5 f\u00f6r att m\u00f6ta utmaningarna p\u00e5 den europeiska arbetsmarknaden<\/span><span data-contrast=\"auto\">.<\/span><span data-ccp-props=\"{&quot;201341983&quot;:0,&quot;335559739&quot;:0,&quot;335559740&quot;:240}\">\u00a0<\/span><\/p>\n<p><span data-contrast=\"auto\">Erasmus+ innovationsallianser <\/span><span data-contrast=\"auto\">kan innefatta m\u00f6jligheter f\u00f6r regional utveckling <\/span><span data-contrast=\"auto\">kopplat till<\/span><span data-contrast=\"auto\"> kompetensf\u00f6rs\u00f6rjning och <\/span><span data-contrast=\"auto\">b\u00f6r <\/span><span data-contrast=\"auto\">s\u00e5ledes <\/span><span data-contrast=\"auto\">vara <\/span><span data-contrast=\"auto\">intressant f\u00f6r regionerna i SBHSS. Detta d\u00e5 finansieringsm\u00f6jligheterna riktar sig b\u00e5de till branscher som \u00e4r viktiga f\u00f6r regionerna, och till l\u00e4ros\u00e4ten. Erasmus+ programmets budget f\u00f6r <\/span><a href=\"https:\/\/www.eacea.ec.europa.eu\/news-events\/news\/new-erasmus-programme-2021-2027-has-launched-2021-03-25_en\"><span data-contrast=\"none\">perioden 2021\u20132027<\/span><\/a><span data-contrast=\"auto\"> \u00e4r 26,2 miljarder euro, vilket \u00e4r en stor \u00f6kning fr\u00e5n perioden 2014\u20132020 d\u00e5 budgeten l\u00e5g p\u00e5 14,7 miljarder euro<\/span><span data-contrast=\"auto\">. Med denna \u00f6kade budget str\u00e4var Erasmus+ efter att bli mer inkluderande, digital<\/span><span data-contrast=\"auto\"> och gr\u00f6nare. Med andra ord <\/span><span data-contrast=\"auto\">\u00e4r det mycket som tyder p\u00e5 att Erasmusprogrammet f\u00f6r den h\u00e4r perioden kan komma bli ett viktigt verktyg f\u00f6r regional utveckling och kompetensf\u00f6rs\u00f6rjning, b\u00e5de p\u00e5 kort och l\u00e5ng sikt <\/span><span data-contrast=\"auto\">f\u00f6r <\/span><span data-contrast=\"auto\">fler<\/span><span data-contrast=\"auto\"> samarbeten mellan <\/span><span data-contrast=\"auto\">olika akt\u00f6rer p\u00e5 regional och europeisk niv\u00e5. <\/span><span data-contrast=\"auto\">Se d\u00e4rf\u00f6r till att ans\u00f6ka om finansiering fr\u00e5n <\/span><span data-contrast=\"auto\">Erasmus+ innovationsallianser <\/span><span data-contrast=\"auto\">innan<\/span><span data-contrast=\"auto\"> den 7 mars!<\/span><span data-ccp-props=\"{&quot;201341983&quot;:0,&quot;335559739&quot;:0,&quot;335559740&quot;:240}\">\u00a0<\/span><\/p>\n<p>&nbsp;<\/p>\n<p><a href=\"https:\/\/www.eacea.ec.europa.eu\/news-events\/news\/erasmus-alliances-innovation-2024-how-apply-2023-12-21_en?etrans=sv&amp;etransnolive=1\"><span data-contrast=\"none\">L\u00e4s mer om Erasmus+ innovationsallianser f\u00f6r 2024 h\u00e4r<\/span><\/a><span data-contrast=\"auto\">.<\/span><span data-ccp-props=\"{&quot;201341983&quot;:0,&quot;335559739&quot;:0,&quot;335559740&quot;:240}\">\u00a0<\/span><\/p>\n<p><a href=\"https:\/\/ec.europa.eu\/info\/funding-tenders\/opportunities\/portal\/screen\/opportunities\/topic-search?programmePeriod=2021%20-%202027&amp;frameworkProgramme=43353764&amp;callIdentifier=ERASMUS-EDU-2024-PI-ALL-INNO\"><span data-contrast=\"none\">L\u00e4s mer om de olika omr\u00e5dena, ans\u00f6kningskrav och g\u00f6r sj\u00e4lva ans\u00f6kan h\u00e4r.<\/span><\/a><span data-ccp-props=\"{&quot;201341983&quot;:0,&quot;335559739&quot;:0,&quot;335559740&quot;:240}\">\u00a0<\/span><span data-ccp-props=\"{&quot;201341983&quot;:0,&quot;335559739&quot;:0,&quot;335559740&quot;:240}\">\u00a0<\/span><\/p>\n<p><span data-contrast=\"none\">Har ni fr\u00e5gor om sektoriella kunskapsallianser? Kontakta oss p\u00e5 Brysselkontoret f\u00f6r mer information.<\/span><span data-ccp-props=\"{&quot;201341983&quot;:0,&quot;335559739&quot;:0,&quot;335559740&quot;:240}\">\u00a0<\/span><\/p>\n","protected":false},"excerpt":{"rendered":"<p>Vikten av att st\u00e4lla om till ett gr\u00f6nare, mer digitalt och konkurrenskraftigare Europa pr\u00e4glar arbetet inom EU. Detta syns s\u00e4rskilt f\u00f6r innovationsallianser inom EU:s sektorsprogram Erasmus+, d\u00e4r det nu finns m\u00f6jlighet att ans\u00f6ka om projektfinansiering, f\u00f6r utbildning och f\u00f6retag samt allianser f\u00f6r sektoriell samverkan f\u00f6r kunskap och kompetens. Ans\u00f6kningsperioden \u00e4r \u00f6ppen och det g\u00e5r att [&hellip;]<\/p>\n","protected":false},"author":17,"featured_media":5630,"comment_status":"closed","ping_status":"closed","sticky":false,"template":"","format":"standard","meta":{"_acf_changed":false,"footnotes":""},"categories":[3],"tags":[],"class_list":["post-5627","post","type-post","status-publish","format-standard","has-post-thumbnail","hentry","category-okategoriserad"],"acf":[],"yoast_head":"<!-- This site is optimized with the Yoast SEO plugin v27.5 - https:\/\/yoast.com\/product\/yoast-seo-wordpress\/ -->\n<title>Erasmus+ innovationsallianser 2024: Nu \u00e4r det dags att ans\u00f6ka! - SBHSS<\/title>\n<meta name=\"robots\" content=\"index, follow, max-snippet:-1, max-image-preview:large, max-video-preview:-1\" \/>\n<link rel=\"canonical\" href=\"https:\/\/www.sbhss.eu\/sv\/erasmus-innovationsallianser-2024-nu-ar-det-dags-att-ansoka\/\" \/>\n<meta property=\"og:locale\" content=\"sv_SE\" \/>\n<meta property=\"og:type\" content=\"article\" \/>\n<meta property=\"og:title\" content=\"Erasmus+ innovationsallianser 2024: Nu \u00e4r det dags att ans\u00f6ka! - SBHSS\" \/>\n<meta property=\"og:description\" content=\"Vikten av att st\u00e4lla om till ett gr\u00f6nare, mer digitalt och konkurrenskraftigare Europa pr\u00e4glar arbetet inom EU. Detta syns s\u00e4rskilt f\u00f6r innovationsallianser inom EU:s sektorsprogram Erasmus+, d\u00e4r det nu finns m\u00f6jlighet att ans\u00f6ka om projektfinansiering, f\u00f6r utbildning och f\u00f6retag samt allianser f\u00f6r sektoriell samverkan f\u00f6r kunskap och kompetens. Ans\u00f6kningsperioden \u00e4r \u00f6ppen och det g\u00e5r att [&hellip;]\" \/>\n<meta property=\"og:url\" content=\"https:\/\/www.sbhss.eu\/sv\/erasmus-innovationsallianser-2024-nu-ar-det-dags-att-ansoka\/\" \/>\n<meta property=\"og:site_name\" content=\"SBHSS\" \/>\n<meta property=\"article:published_time\" content=\"2024-02-09T10:33:44+00:00\" \/>\n<meta property=\"article:modified_time\" content=\"2024-02-16T14:28:12+00:00\" \/>\n<meta property=\"og:image\" content=\"https:\/\/www.sbhss.eu\/wp-content\/uploads\/2024\/02\/imagesnewseaceawebsiteerasmusalliancesforinnovation-1.jpg\" \/>\n\t<meta property=\"og:image:width\" content=\"570\" \/>\n\t<meta property=\"og:image:height\" content=\"404\" \/>\n\t<meta property=\"og:image:type\" content=\"image\/jpeg\" \/>\n<meta name=\"author\" content=\"Sofia Abrahamsson\" \/>\n<meta name=\"twitter:card\" content=\"summary_large_image\" \/>\n<meta name=\"twitter:label1\" content=\"Skriven av\" \/>\n\t<meta name=\"twitter:data1\" content=\"Sofia Abrahamsson\" \/>\n\t<meta name=\"twitter:label2\" content=\"Ber\u00e4knad l\u00e4stid\" \/>\n\t<meta name=\"twitter:data2\" content=\"4 minuter\" \/>\n<script type=\"application\/ld+json\" class=\"yoast-schema-graph\">{\"@context\":\"https:\\\/\\\/schema.org\",\"@graph\":[{\"@type\":\"Article\",\"@id\":\"https:\\\/\\\/www.sbhss.eu\\\/sv\\\/erasmus-innovationsallianser-2024-nu-ar-det-dags-att-ansoka\\\/#article\",\"isPartOf\":{\"@id\":\"https:\\\/\\\/www.sbhss.eu\\\/sv\\\/erasmus-innovationsallianser-2024-nu-ar-det-dags-att-ansoka\\\/\"},\"author\":{\"name\":\"Sofia Abrahamsson\",\"@id\":\"https:\\\/\\\/www.sbhss.eu\\\/#\\\/schema\\\/person\\\/cc04d853763ebcad4976046f0f9e4c5a\"},\"headline\":\"Erasmus+ innovationsallianser 2024: Nu \u00e4r det dags att ans\u00f6ka!\",\"datePublished\":\"2024-02-09T10:33:44+00:00\",\"dateModified\":\"2024-02-16T14:28:12+00:00\",\"mainEntityOfPage\":{\"@id\":\"https:\\\/\\\/www.sbhss.eu\\\/sv\\\/erasmus-innovationsallianser-2024-nu-ar-det-dags-att-ansoka\\\/\"},\"wordCount\":769,\"image\":{\"@id\":\"https:\\\/\\\/www.sbhss.eu\\\/sv\\\/erasmus-innovationsallianser-2024-nu-ar-det-dags-att-ansoka\\\/#primaryimage\"},\"thumbnailUrl\":\"https:\\\/\\\/www.sbhss.eu\\\/wp-content\\\/uploads\\\/2024\\\/02\\\/imagesnewseaceawebsiteerasmusalliancesforinnovation-1.jpg\",\"articleSection\":[\"Okategoriserad\"],\"inLanguage\":\"sv-SE\"},{\"@type\":\"WebPage\",\"@id\":\"https:\\\/\\\/www.sbhss.eu\\\/sv\\\/erasmus-innovationsallianser-2024-nu-ar-det-dags-att-ansoka\\\/\",\"url\":\"https:\\\/\\\/www.sbhss.eu\\\/sv\\\/erasmus-innovationsallianser-2024-nu-ar-det-dags-att-ansoka\\\/\",\"name\":\"Erasmus+ innovationsallianser 2024: Nu \u00e4r det dags att ans\u00f6ka! - SBHSS\",\"isPartOf\":{\"@id\":\"https:\\\/\\\/www.sbhss.eu\\\/#website\"},\"primaryImageOfPage\":{\"@id\":\"https:\\\/\\\/www.sbhss.eu\\\/sv\\\/erasmus-innovationsallianser-2024-nu-ar-det-dags-att-ansoka\\\/#primaryimage\"},\"image\":{\"@id\":\"https:\\\/\\\/www.sbhss.eu\\\/sv\\\/erasmus-innovationsallianser-2024-nu-ar-det-dags-att-ansoka\\\/#primaryimage\"},\"thumbnailUrl\":\"https:\\\/\\\/www.sbhss.eu\\\/wp-content\\\/uploads\\\/2024\\\/02\\\/imagesnewseaceawebsiteerasmusalliancesforinnovation-1.jpg\",\"datePublished\":\"2024-02-09T10:33:44+00:00\",\"dateModified\":\"2024-02-16T14:28:12+00:00\",\"author\":{\"@id\":\"https:\\\/\\\/www.sbhss.eu\\\/#\\\/schema\\\/person\\\/cc04d853763ebcad4976046f0f9e4c5a\"},\"breadcrumb\":{\"@id\":\"https:\\\/\\\/www.sbhss.eu\\\/sv\\\/erasmus-innovationsallianser-2024-nu-ar-det-dags-att-ansoka\\\/#breadcrumb\"},\"inLanguage\":\"sv-SE\",\"potentialAction\":[{\"@type\":\"ReadAction\",\"target\":[\"https:\\\/\\\/www.sbhss.eu\\\/sv\\\/erasmus-innovationsallianser-2024-nu-ar-det-dags-att-ansoka\\\/\"]}]},{\"@type\":\"ImageObject\",\"inLanguage\":\"sv-SE\",\"@id\":\"https:\\\/\\\/www.sbhss.eu\\\/sv\\\/erasmus-innovationsallianser-2024-nu-ar-det-dags-att-ansoka\\\/#primaryimage\",\"url\":\"https:\\\/\\\/www.sbhss.eu\\\/wp-content\\\/uploads\\\/2024\\\/02\\\/imagesnewseaceawebsiteerasmusalliancesforinnovation-1.jpg\",\"contentUrl\":\"https:\\\/\\\/www.sbhss.eu\\\/wp-content\\\/uploads\\\/2024\\\/02\\\/imagesnewseaceawebsiteerasmusalliancesforinnovation-1.jpg\",\"width\":570,\"height\":404},{\"@type\":\"BreadcrumbList\",\"@id\":\"https:\\\/\\\/www.sbhss.eu\\\/sv\\\/erasmus-innovationsallianser-2024-nu-ar-det-dags-att-ansoka\\\/#breadcrumb\",\"itemListElement\":[{\"@type\":\"ListItem\",\"position\":1,\"name\":\"Hem\",\"item\":\"https:\\\/\\\/www.sbhss.eu\\\/sv\\\/\"},{\"@type\":\"ListItem\",\"position\":2,\"name\":\"Erasmus+ innovationsallianser 2024: Nu \u00e4r det dags att ans\u00f6ka!\"}]},{\"@type\":\"WebSite\",\"@id\":\"https:\\\/\\\/www.sbhss.eu\\\/#website\",\"url\":\"https:\\\/\\\/www.sbhss.eu\\\/\",\"name\":\"SBHSS\",\"description\":\"\",\"potentialAction\":[{\"@type\":\"SearchAction\",\"target\":{\"@type\":\"EntryPoint\",\"urlTemplate\":\"https:\\\/\\\/www.sbhss.eu\\\/?s={search_term_string}\"},\"query-input\":{\"@type\":\"PropertyValueSpecification\",\"valueRequired\":true,\"valueName\":\"search_term_string\"}}],\"inLanguage\":\"sv-SE\"},{\"@type\":\"Person\",\"@id\":\"https:\\\/\\\/www.sbhss.eu\\\/#\\\/schema\\\/person\\\/cc04d853763ebcad4976046f0f9e4c5a\",\"name\":\"Sofia Abrahamsson\",\"image\":{\"@type\":\"ImageObject\",\"inLanguage\":\"sv-SE\",\"@id\":\"https:\\\/\\\/secure.gravatar.com\\\/avatar\\\/c871a6def4aa35880631f74c1006f3de266da8065348dd7e4b3ad595cd761d8b?s=96&d=mm&r=g\",\"url\":\"https:\\\/\\\/secure.gravatar.com\\\/avatar\\\/c871a6def4aa35880631f74c1006f3de266da8065348dd7e4b3ad595cd761d8b?s=96&d=mm&r=g\",\"contentUrl\":\"https:\\\/\\\/secure.gravatar.com\\\/avatar\\\/c871a6def4aa35880631f74c1006f3de266da8065348dd7e4b3ad595cd761d8b?s=96&d=mm&r=g\",\"caption\":\"Sofia Abrahamsson\"},\"url\":\"https:\\\/\\\/www.sbhss.eu\\\/sv\\\/author\\\/sofia-abrahamsson\\\/\"}]}<\/script>\n<!-- \/ Yoast SEO plugin. -->","yoast_head_json":{"title":"Erasmus+ innovationsallianser 2024: Nu \u00e4r det dags att ans\u00f6ka! - SBHSS","robots":{"index":"index","follow":"follow","max-snippet":"max-snippet:-1","max-image-preview":"max-image-preview:large","max-video-preview":"max-video-preview:-1"},"canonical":"https:\/\/www.sbhss.eu\/sv\/erasmus-innovationsallianser-2024-nu-ar-det-dags-att-ansoka\/","og_locale":"sv_SE","og_type":"article","og_title":"Erasmus+ innovationsallianser 2024: Nu \u00e4r det dags att ans\u00f6ka! - SBHSS","og_description":"Vikten av att st\u00e4lla om till ett gr\u00f6nare, mer digitalt och konkurrenskraftigare Europa pr\u00e4glar arbetet inom EU. Detta syns s\u00e4rskilt f\u00f6r innovationsallianser inom EU:s sektorsprogram Erasmus+, d\u00e4r det nu finns m\u00f6jlighet att ans\u00f6ka om projektfinansiering, f\u00f6r utbildning och f\u00f6retag samt allianser f\u00f6r sektoriell samverkan f\u00f6r kunskap och kompetens. Ans\u00f6kningsperioden \u00e4r \u00f6ppen och det g\u00e5r att [&hellip;]","og_url":"https:\/\/www.sbhss.eu\/sv\/erasmus-innovationsallianser-2024-nu-ar-det-dags-att-ansoka\/","og_site_name":"SBHSS","article_published_time":"2024-02-09T10:33:44+00:00","article_modified_time":"2024-02-16T14:28:12+00:00","og_image":[{"width":570,"height":404,"url":"https:\/\/www.sbhss.eu\/wp-content\/uploads\/2024\/02\/imagesnewseaceawebsiteerasmusalliancesforinnovation-1.jpg","type":"image\/jpeg"}],"author":"Sofia Abrahamsson","twitter_card":"summary_large_image","twitter_misc":{"Skriven av":"Sofia Abrahamsson","Ber\u00e4knad l\u00e4stid":"4 minuter"},"schema":{"@context":"https:\/\/schema.org","@graph":[{"@type":"Article","@id":"https:\/\/www.sbhss.eu\/sv\/erasmus-innovationsallianser-2024-nu-ar-det-dags-att-ansoka\/#article","isPartOf":{"@id":"https:\/\/www.sbhss.eu\/sv\/erasmus-innovationsallianser-2024-nu-ar-det-dags-att-ansoka\/"},"author":{"name":"Sofia Abrahamsson","@id":"https:\/\/www.sbhss.eu\/#\/schema\/person\/cc04d853763ebcad4976046f0f9e4c5a"},"headline":"Erasmus+ innovationsallianser 2024: Nu \u00e4r det dags att ans\u00f6ka!","datePublished":"2024-02-09T10:33:44+00:00","dateModified":"2024-02-16T14:28:12+00:00","mainEntityOfPage":{"@id":"https:\/\/www.sbhss.eu\/sv\/erasmus-innovationsallianser-2024-nu-ar-det-dags-att-ansoka\/"},"wordCount":769,"image":{"@id":"https:\/\/www.sbhss.eu\/sv\/erasmus-innovationsallianser-2024-nu-ar-det-dags-att-ansoka\/#primaryimage"},"thumbnailUrl":"https:\/\/www.sbhss.eu\/wp-content\/uploads\/2024\/02\/imagesnewseaceawebsiteerasmusalliancesforinnovation-1.jpg","articleSection":["Okategoriserad"],"inLanguage":"sv-SE"},{"@type":"WebPage","@id":"https:\/\/www.sbhss.eu\/sv\/erasmus-innovationsallianser-2024-nu-ar-det-dags-att-ansoka\/","url":"https:\/\/www.sbhss.eu\/sv\/erasmus-innovationsallianser-2024-nu-ar-det-dags-att-ansoka\/","name":"Erasmus+ innovationsallianser 2024: Nu \u00e4r det dags att ans\u00f6ka! - SBHSS","isPartOf":{"@id":"https:\/\/www.sbhss.eu\/#website"},"primaryImageOfPage":{"@id":"https:\/\/www.sbhss.eu\/sv\/erasmus-innovationsallianser-2024-nu-ar-det-dags-att-ansoka\/#primaryimage"},"image":{"@id":"https:\/\/www.sbhss.eu\/sv\/erasmus-innovationsallianser-2024-nu-ar-det-dags-att-ansoka\/#primaryimage"},"thumbnailUrl":"https:\/\/www.sbhss.eu\/wp-content\/uploads\/2024\/02\/imagesnewseaceawebsiteerasmusalliancesforinnovation-1.jpg","datePublished":"2024-02-09T10:33:44+00:00","dateModified":"2024-02-16T14:28:12+00:00","author":{"@id":"https:\/\/www.sbhss.eu\/#\/schema\/person\/cc04d853763ebcad4976046f0f9e4c5a"},"breadcrumb":{"@id":"https:\/\/www.sbhss.eu\/sv\/erasmus-innovationsallianser-2024-nu-ar-det-dags-att-ansoka\/#breadcrumb"},"inLanguage":"sv-SE","potentialAction":[{"@type":"ReadAction","target":["https:\/\/www.sbhss.eu\/sv\/erasmus-innovationsallianser-2024-nu-ar-det-dags-att-ansoka\/"]}]},{"@type":"ImageObject","inLanguage":"sv-SE","@id":"https:\/\/www.sbhss.eu\/sv\/erasmus-innovationsallianser-2024-nu-ar-det-dags-att-ansoka\/#primaryimage","url":"https:\/\/www.sbhss.eu\/wp-content\/uploads\/2024\/02\/imagesnewseaceawebsiteerasmusalliancesforinnovation-1.jpg","contentUrl":"https:\/\/www.sbhss.eu\/wp-content\/uploads\/2024\/02\/imagesnewseaceawebsiteerasmusalliancesforinnovation-1.jpg","width":570,"height":404},{"@type":"BreadcrumbList","@id":"https:\/\/www.sbhss.eu\/sv\/erasmus-innovationsallianser-2024-nu-ar-det-dags-att-ansoka\/#breadcrumb","itemListElement":[{"@type":"ListItem","position":1,"name":"Hem","item":"https:\/\/www.sbhss.eu\/sv\/"},{"@type":"ListItem","position":2,"name":"Erasmus+ innovationsallianser 2024: Nu \u00e4r det dags att ans\u00f6ka!"}]},{"@type":"WebSite","@id":"https:\/\/www.sbhss.eu\/#website","url":"https:\/\/www.sbhss.eu\/","name":"SBHSS","description":"","potentialAction":[{"@type":"SearchAction","target":{"@type":"EntryPoint","urlTemplate":"https:\/\/www.sbhss.eu\/?s={search_term_string}"},"query-input":{"@type":"PropertyValueSpecification","valueRequired":true,"valueName":"search_term_string"}}],"inLanguage":"sv-SE"},{"@type":"Person","@id":"https:\/\/www.sbhss.eu\/#\/schema\/person\/cc04d853763ebcad4976046f0f9e4c5a","name":"Sofia Abrahamsson","image":{"@type":"ImageObject","inLanguage":"sv-SE","@id":"https:\/\/secure.gravatar.com\/avatar\/c871a6def4aa35880631f74c1006f3de266da8065348dd7e4b3ad595cd761d8b?s=96&d=mm&r=g","url":"https:\/\/secure.gravatar.com\/avatar\/c871a6def4aa35880631f74c1006f3de266da8065348dd7e4b3ad595cd761d8b?s=96&d=mm&r=g","contentUrl":"https:\/\/secure.gravatar.com\/avatar\/c871a6def4aa35880631f74c1006f3de266da8065348dd7e4b3ad595cd761d8b?s=96&d=mm&r=g","caption":"Sofia Abrahamsson"},"url":"https:\/\/www.sbhss.eu\/sv\/author\/sofia-abrahamsson\/"}]}},"_links":{"self":[{"href":"https:\/\/www.sbhss.eu\/sv\/wp-json\/wp\/v2\/posts\/5627","targetHints":{"allow":["GET"]}}],"collection":[{"href":"https:\/\/www.sbhss.eu\/sv\/wp-json\/wp\/v2\/posts"}],"about":[{"href":"https:\/\/www.sbhss.eu\/sv\/wp-json\/wp\/v2\/types\/post"}],"author":[{"embeddable":true,"href":"https:\/\/www.sbhss.eu\/sv\/wp-json\/wp\/v2\/users\/17"}],"replies":[{"embeddable":true,"href":"https:\/\/www.sbhss.eu\/sv\/wp-json\/wp\/v2\/comments?post=5627"}],"version-history":[{"count":8,"href":"https:\/\/www.sbhss.eu\/sv\/wp-json\/wp\/v2\/posts\/5627\/revisions"}],"predecessor-version":[{"id":5682,"href":"https:\/\/www.sbhss.eu\/sv\/wp-json\/wp\/v2\/posts\/5627\/revisions\/5682"}],"wp:featuredmedia":[{"embeddable":true,"href":"https:\/\/www.sbhss.eu\/sv\/wp-json\/wp\/v2\/media\/5630"}],"wp:attachment":[{"href":"https:\/\/www.sbhss.eu\/sv\/wp-json\/wp\/v2\/media?parent=5627"}],"wp:term":[{"taxonomy":"category","embeddable":true,"href":"https:\/\/www.sbhss.eu\/sv\/wp-json\/wp\/v2\/categories?post=5627"},{"taxonomy":"post_tag","embeddable":true,"href":"https:\/\/www.sbhss.eu\/sv\/wp-json\/wp\/v2\/tags?post=5627"}],"curies":[{"name":"wp","href":"https:\/\/api.w.org\/{rel}","templated":true}]}}