{"id":5652,"date":"2024-02-12T16:01:20","date_gmt":"2024-02-12T16:01:20","guid":{"rendered":"https:\/\/www.sbhss.eu\/?p=5652"},"modified":"2024-05-21T08:36:54","modified_gmt":"2024-05-21T08:36:54","slug":"besok-fran-region-halland-under-lantbruksprotester-i-bryssel","status":"publish","type":"post","link":"https:\/\/www.sbhss.eu\/sv\/besok-fran-region-halland-under-lantbruksprotester-i-bryssel\/","title":{"rendered":"Bes\u00f6k fr\u00e5n Region Halland under lantbruksprotester i Bryssel"},"content":{"rendered":"<p>I slutet av f\u00f6rra veckan kom politiker och tj\u00e4nstepersoner fr\u00e5n Region Hallands H\u00e4lso- och sjukv\u00e5rdsutskott, samt tillv\u00e4xtutskott i regionen till Bryssel. Syftet var att b\u00e4ttre f\u00f6rst\u00e5 hur regionen p\u00e5verkas, samt hur regionen kan p\u00e5verka beslut och s\u00e4kerst\u00e4lla att man kommer med i r\u00e4tt typ av samarbeten.<\/p>\n<p>P\u00e5 programmet stod bland annat m\u00f6ten med hall\u00e4ndska Europaparlamentarikern J\u00f6rgen Warborn, den svenska st\u00e4ndiga representationen till EU, SKR, Svenskt N\u00e4ringsliv samt EU-kommissionens generaldirektorat f\u00f6r h\u00e4lsa och livsmedelss\u00e4kerhet samt regional- och stadspolitik. Delegationen hann inte mycket mer \u00e4n att h\u00e4lsa gruppen v\u00e4lkommen till B<img loading=\"lazy\" decoding=\"async\" class=\"size-medium wp-image-5656 alignleft\" src=\"https:\/\/www.sbhss.eu\/wp-content\/uploads\/2024\/02\/namnlos-design-300x300.jpg\" alt=\"\" width=\"300\" height=\"300\" \/>ryssel f\u00f6rr\u00e4n verkligheten gjorde sig p\u00e5mind. Med anledning av ett extrainkallat toppm\u00f6te kring EU:s st\u00f6d till Ukraina, passade belgiska lantbrukare p\u00e5 att blockera EU-kvarteren i Bryssel med \u00f6ver tusen traktorer och skapa st\u00f6rningar i \u00f6vriga delar av staden. P\u00e5 kontinentalt vis demonstrerade lantbrukarna med n\u00f6tkreatur p\u00e5 gator, halmb\u00e5l i parker och \u00e4ggkastning p\u00e5 Europaparlamentet. Denna g\u00e5ng mer \u00e4n vanligt. Sm\u00e4llare gick av p\u00e5 Place du Luxembourg, tutande traktorer satte koncentrationen p\u00e5 prov och tyv\u00e4rr kan man nog konstatera att denna protest p\u00e5 s\u00e5 s\u00e4tt f\u00f6rsv\u00e5rade arbetet f\u00f6r m\u00e5nga m\u00e4nniskor under dessa dagar.<\/p>\n<p>Brysselkontoret gjorde sitt yttersta f\u00f6r att anpassa bes\u00f6ksprogrammet till den p\u00e5g\u00e5ende situationen och \u00e4r s\u00e4ker p\u00e5 att gruppen inte bara fick med sig nya l\u00e4rdomar hem om EU, utan \u00e4ven nya praktiska erfarenheter om hur den europeiska politiken kan ta sig i uttryck.<\/p>\n<p><a href=\"https:\/\/www.regionhalland.se\/nyheter\/pa-besok-i-det-hallandska-brysselkontoret\/\">H\u00e4r kan ni \u00e4ven ta del av Region Hallands artikel om bes\u00f6ket<\/a><\/p>\n<p>&nbsp;<\/p>\n","protected":false},"excerpt":{"rendered":"<p>I slutet av f\u00f6rra veckan kom politiker och tj\u00e4nstepersoner fr\u00e5n Region Hallands H\u00e4lso- och sjukv\u00e5rdsutskott, samt tillv\u00e4xtutskott i regionen till Bryssel. Syftet var att b\u00e4ttre f\u00f6rst\u00e5 hur regionen p\u00e5verkas, samt hur regionen kan p\u00e5verka beslut och s\u00e4kerst\u00e4lla att man kommer med i r\u00e4tt typ av samarbeten. P\u00e5 programmet stod bland annat m\u00f6ten med hall\u00e4ndska Europaparlamentarikern [&hellip;]<\/p>\n","protected":false},"author":18,"featured_media":5658,"comment_status":"closed","ping_status":"closed","sticky":false,"template":"","format":"standard","meta":{"_acf_changed":false,"footnotes":""},"categories":[3],"tags":[],"class_list":["post-5652","post","type-post","status-publish","format-standard","has-post-thumbnail","hentry","category-okategoriserad"],"acf":[],"yoast_head":"<!-- This site is optimized with the Yoast SEO plugin v27.5 - https:\/\/yoast.com\/product\/yoast-seo-wordpress\/ -->\n<title>Bes\u00f6k fr\u00e5n Region Halland under lantbruksprotester i Bryssel - SBHSS<\/title>\n<meta name=\"robots\" content=\"index, follow, max-snippet:-1, max-image-preview:large, max-video-preview:-1\" \/>\n<link rel=\"canonical\" href=\"https:\/\/www.sbhss.eu\/sv\/besok-fran-region-halland-under-lantbruksprotester-i-bryssel\/\" \/>\n<meta property=\"og:locale\" content=\"sv_SE\" \/>\n<meta property=\"og:type\" content=\"article\" \/>\n<meta property=\"og:title\" content=\"Bes\u00f6k fr\u00e5n Region Halland under lantbruksprotester i Bryssel - SBHSS\" \/>\n<meta property=\"og:description\" content=\"I slutet av f\u00f6rra veckan kom politiker och tj\u00e4nstepersoner fr\u00e5n Region Hallands H\u00e4lso- och sjukv\u00e5rdsutskott, samt tillv\u00e4xtutskott i regionen till Bryssel. Syftet var att b\u00e4ttre f\u00f6rst\u00e5 hur regionen p\u00e5verkas, samt hur regionen kan p\u00e5verka beslut och s\u00e4kerst\u00e4lla att man kommer med i r\u00e4tt typ av samarbeten. P\u00e5 programmet stod bland annat m\u00f6ten med hall\u00e4ndska Europaparlamentarikern [&hellip;]\" \/>\n<meta property=\"og:url\" content=\"https:\/\/www.sbhss.eu\/sv\/besok-fran-region-halland-under-lantbruksprotester-i-bryssel\/\" \/>\n<meta property=\"og:site_name\" content=\"SBHSS\" \/>\n<meta property=\"article:published_time\" content=\"2024-02-12T16:01:20+00:00\" \/>\n<meta property=\"article:modified_time\" content=\"2024-05-21T08:36:54+00:00\" \/>\n<meta property=\"og:image\" content=\"https:\/\/www.sbhss.eu\/wp-content\/uploads\/2024\/02\/red1-scaled.jpg\" \/>\n\t<meta property=\"og:image:width\" content=\"2560\" \/>\n\t<meta property=\"og:image:height\" content=\"1894\" \/>\n\t<meta property=\"og:image:type\" content=\"image\/jpeg\" \/>\n<meta name=\"author\" content=\"Janis Daudzvards\" \/>\n<meta name=\"twitter:card\" content=\"summary_large_image\" \/>\n<meta name=\"twitter:label1\" content=\"Skriven av\" \/>\n\t<meta name=\"twitter:data1\" content=\"Janis Daudzvards\" \/>\n\t<meta name=\"twitter:label2\" content=\"Ber\u00e4knad l\u00e4stid\" \/>\n\t<meta name=\"twitter:data2\" content=\"2 minuter\" \/>\n<script type=\"application\/ld+json\" class=\"yoast-schema-graph\">{\"@context\":\"https:\\\/\\\/schema.org\",\"@graph\":[{\"@type\":\"Article\",\"@id\":\"https:\\\/\\\/www.sbhss.eu\\\/sv\\\/besok-fran-region-halland-under-lantbruksprotester-i-bryssel\\\/#article\",\"isPartOf\":{\"@id\":\"https:\\\/\\\/www.sbhss.eu\\\/sv\\\/besok-fran-region-halland-under-lantbruksprotester-i-bryssel\\\/\"},\"author\":{\"name\":\"Janis Daudzvards\",\"@id\":\"https:\\\/\\\/www.sbhss.eu\\\/#\\\/schema\\\/person\\\/cf9911a7f467dfabd7ae17615a01bbfc\"},\"headline\":\"Bes\u00f6k fr\u00e5n Region Halland under lantbruksprotester i Bryssel\",\"datePublished\":\"2024-02-12T16:01:20+00:00\",\"dateModified\":\"2024-05-21T08:36:54+00:00\",\"mainEntityOfPage\":{\"@id\":\"https:\\\/\\\/www.sbhss.eu\\\/sv\\\/besok-fran-region-halland-under-lantbruksprotester-i-bryssel\\\/\"},\"wordCount\":295,\"image\":{\"@id\":\"https:\\\/\\\/www.sbhss.eu\\\/sv\\\/besok-fran-region-halland-under-lantbruksprotester-i-bryssel\\\/#primaryimage\"},\"thumbnailUrl\":\"https:\\\/\\\/www.sbhss.eu\\\/wp-content\\\/uploads\\\/2024\\\/02\\\/red1-scaled.jpg\",\"articleSection\":[\"Okategoriserad\"],\"inLanguage\":\"sv-SE\"},{\"@type\":\"WebPage\",\"@id\":\"https:\\\/\\\/www.sbhss.eu\\\/sv\\\/besok-fran-region-halland-under-lantbruksprotester-i-bryssel\\\/\",\"url\":\"https:\\\/\\\/www.sbhss.eu\\\/sv\\\/besok-fran-region-halland-under-lantbruksprotester-i-bryssel\\\/\",\"name\":\"Bes\u00f6k fr\u00e5n Region Halland under lantbruksprotester i Bryssel - SBHSS\",\"isPartOf\":{\"@id\":\"https:\\\/\\\/www.sbhss.eu\\\/#website\"},\"primaryImageOfPage\":{\"@id\":\"https:\\\/\\\/www.sbhss.eu\\\/sv\\\/besok-fran-region-halland-under-lantbruksprotester-i-bryssel\\\/#primaryimage\"},\"image\":{\"@id\":\"https:\\\/\\\/www.sbhss.eu\\\/sv\\\/besok-fran-region-halland-under-lantbruksprotester-i-bryssel\\\/#primaryimage\"},\"thumbnailUrl\":\"https:\\\/\\\/www.sbhss.eu\\\/wp-content\\\/uploads\\\/2024\\\/02\\\/red1-scaled.jpg\",\"datePublished\":\"2024-02-12T16:01:20+00:00\",\"dateModified\":\"2024-05-21T08:36:54+00:00\",\"author\":{\"@id\":\"https:\\\/\\\/www.sbhss.eu\\\/#\\\/schema\\\/person\\\/cf9911a7f467dfabd7ae17615a01bbfc\"},\"breadcrumb\":{\"@id\":\"https:\\\/\\\/www.sbhss.eu\\\/sv\\\/besok-fran-region-halland-under-lantbruksprotester-i-bryssel\\\/#breadcrumb\"},\"inLanguage\":\"sv-SE\",\"potentialAction\":[{\"@type\":\"ReadAction\",\"target\":[\"https:\\\/\\\/www.sbhss.eu\\\/sv\\\/besok-fran-region-halland-under-lantbruksprotester-i-bryssel\\\/\"]}]},{\"@type\":\"ImageObject\",\"inLanguage\":\"sv-SE\",\"@id\":\"https:\\\/\\\/www.sbhss.eu\\\/sv\\\/besok-fran-region-halland-under-lantbruksprotester-i-bryssel\\\/#primaryimage\",\"url\":\"https:\\\/\\\/www.sbhss.eu\\\/wp-content\\\/uploads\\\/2024\\\/02\\\/red1-scaled.jpg\",\"contentUrl\":\"https:\\\/\\\/www.sbhss.eu\\\/wp-content\\\/uploads\\\/2024\\\/02\\\/red1-scaled.jpg\",\"width\":2560,\"height\":1894},{\"@type\":\"BreadcrumbList\",\"@id\":\"https:\\\/\\\/www.sbhss.eu\\\/sv\\\/besok-fran-region-halland-under-lantbruksprotester-i-bryssel\\\/#breadcrumb\",\"itemListElement\":[{\"@type\":\"ListItem\",\"position\":1,\"name\":\"Hem\",\"item\":\"https:\\\/\\\/www.sbhss.eu\\\/sv\\\/\"},{\"@type\":\"ListItem\",\"position\":2,\"name\":\"Bes\u00f6k fr\u00e5n Region Halland under lantbruksprotester i Bryssel\"}]},{\"@type\":\"WebSite\",\"@id\":\"https:\\\/\\\/www.sbhss.eu\\\/#website\",\"url\":\"https:\\\/\\\/www.sbhss.eu\\\/\",\"name\":\"SBHSS\",\"description\":\"\",\"potentialAction\":[{\"@type\":\"SearchAction\",\"target\":{\"@type\":\"EntryPoint\",\"urlTemplate\":\"https:\\\/\\\/www.sbhss.eu\\\/?s={search_term_string}\"},\"query-input\":{\"@type\":\"PropertyValueSpecification\",\"valueRequired\":true,\"valueName\":\"search_term_string\"}}],\"inLanguage\":\"sv-SE\"},{\"@type\":\"Person\",\"@id\":\"https:\\\/\\\/www.sbhss.eu\\\/#\\\/schema\\\/person\\\/cf9911a7f467dfabd7ae17615a01bbfc\",\"name\":\"Janis Daudzvards\",\"image\":{\"@type\":\"ImageObject\",\"inLanguage\":\"sv-SE\",\"@id\":\"https:\\\/\\\/secure.gravatar.com\\\/avatar\\\/5b635a39164fd1ac06f2c2a57eeceb7da16025695d34e7355b2391fdb1c8e75b?s=96&d=mm&r=g\",\"url\":\"https:\\\/\\\/secure.gravatar.com\\\/avatar\\\/5b635a39164fd1ac06f2c2a57eeceb7da16025695d34e7355b2391fdb1c8e75b?s=96&d=mm&r=g\",\"contentUrl\":\"https:\\\/\\\/secure.gravatar.com\\\/avatar\\\/5b635a39164fd1ac06f2c2a57eeceb7da16025695d34e7355b2391fdb1c8e75b?s=96&d=mm&r=g\",\"caption\":\"Janis Daudzvards\"},\"url\":\"https:\\\/\\\/www.sbhss.eu\\\/sv\\\/author\\\/janis-daudzvards\\\/\"}]}<\/script>\n<!-- \/ Yoast SEO plugin. -->","yoast_head_json":{"title":"Bes\u00f6k fr\u00e5n Region Halland under lantbruksprotester i Bryssel - SBHSS","robots":{"index":"index","follow":"follow","max-snippet":"max-snippet:-1","max-image-preview":"max-image-preview:large","max-video-preview":"max-video-preview:-1"},"canonical":"https:\/\/www.sbhss.eu\/sv\/besok-fran-region-halland-under-lantbruksprotester-i-bryssel\/","og_locale":"sv_SE","og_type":"article","og_title":"Bes\u00f6k fr\u00e5n Region Halland under lantbruksprotester i Bryssel - SBHSS","og_description":"I slutet av f\u00f6rra veckan kom politiker och tj\u00e4nstepersoner fr\u00e5n Region Hallands H\u00e4lso- och sjukv\u00e5rdsutskott, samt tillv\u00e4xtutskott i regionen till Bryssel. Syftet var att b\u00e4ttre f\u00f6rst\u00e5 hur regionen p\u00e5verkas, samt hur regionen kan p\u00e5verka beslut och s\u00e4kerst\u00e4lla att man kommer med i r\u00e4tt typ av samarbeten. P\u00e5 programmet stod bland annat m\u00f6ten med hall\u00e4ndska Europaparlamentarikern [&hellip;]","og_url":"https:\/\/www.sbhss.eu\/sv\/besok-fran-region-halland-under-lantbruksprotester-i-bryssel\/","og_site_name":"SBHSS","article_published_time":"2024-02-12T16:01:20+00:00","article_modified_time":"2024-05-21T08:36:54+00:00","og_image":[{"width":2560,"height":1894,"url":"https:\/\/www.sbhss.eu\/wp-content\/uploads\/2024\/02\/red1-scaled.jpg","type":"image\/jpeg"}],"author":"Janis Daudzvards","twitter_card":"summary_large_image","twitter_misc":{"Skriven av":"Janis Daudzvards","Ber\u00e4knad l\u00e4stid":"2 minuter"},"schema":{"@context":"https:\/\/schema.org","@graph":[{"@type":"Article","@id":"https:\/\/www.sbhss.eu\/sv\/besok-fran-region-halland-under-lantbruksprotester-i-bryssel\/#article","isPartOf":{"@id":"https:\/\/www.sbhss.eu\/sv\/besok-fran-region-halland-under-lantbruksprotester-i-bryssel\/"},"author":{"name":"Janis Daudzvards","@id":"https:\/\/www.sbhss.eu\/#\/schema\/person\/cf9911a7f467dfabd7ae17615a01bbfc"},"headline":"Bes\u00f6k fr\u00e5n Region Halland under lantbruksprotester i Bryssel","datePublished":"2024-02-12T16:01:20+00:00","dateModified":"2024-05-21T08:36:54+00:00","mainEntityOfPage":{"@id":"https:\/\/www.sbhss.eu\/sv\/besok-fran-region-halland-under-lantbruksprotester-i-bryssel\/"},"wordCount":295,"image":{"@id":"https:\/\/www.sbhss.eu\/sv\/besok-fran-region-halland-under-lantbruksprotester-i-bryssel\/#primaryimage"},"thumbnailUrl":"https:\/\/www.sbhss.eu\/wp-content\/uploads\/2024\/02\/red1-scaled.jpg","articleSection":["Okategoriserad"],"inLanguage":"sv-SE"},{"@type":"WebPage","@id":"https:\/\/www.sbhss.eu\/sv\/besok-fran-region-halland-under-lantbruksprotester-i-bryssel\/","url":"https:\/\/www.sbhss.eu\/sv\/besok-fran-region-halland-under-lantbruksprotester-i-bryssel\/","name":"Bes\u00f6k fr\u00e5n Region Halland under lantbruksprotester i Bryssel - SBHSS","isPartOf":{"@id":"https:\/\/www.sbhss.eu\/#website"},"primaryImageOfPage":{"@id":"https:\/\/www.sbhss.eu\/sv\/besok-fran-region-halland-under-lantbruksprotester-i-bryssel\/#primaryimage"},"image":{"@id":"https:\/\/www.sbhss.eu\/sv\/besok-fran-region-halland-under-lantbruksprotester-i-bryssel\/#primaryimage"},"thumbnailUrl":"https:\/\/www.sbhss.eu\/wp-content\/uploads\/2024\/02\/red1-scaled.jpg","datePublished":"2024-02-12T16:01:20+00:00","dateModified":"2024-05-21T08:36:54+00:00","author":{"@id":"https:\/\/www.sbhss.eu\/#\/schema\/person\/cf9911a7f467dfabd7ae17615a01bbfc"},"breadcrumb":{"@id":"https:\/\/www.sbhss.eu\/sv\/besok-fran-region-halland-under-lantbruksprotester-i-bryssel\/#breadcrumb"},"inLanguage":"sv-SE","potentialAction":[{"@type":"ReadAction","target":["https:\/\/www.sbhss.eu\/sv\/besok-fran-region-halland-under-lantbruksprotester-i-bryssel\/"]}]},{"@type":"ImageObject","inLanguage":"sv-SE","@id":"https:\/\/www.sbhss.eu\/sv\/besok-fran-region-halland-under-lantbruksprotester-i-bryssel\/#primaryimage","url":"https:\/\/www.sbhss.eu\/wp-content\/uploads\/2024\/02\/red1-scaled.jpg","contentUrl":"https:\/\/www.sbhss.eu\/wp-content\/uploads\/2024\/02\/red1-scaled.jpg","width":2560,"height":1894},{"@type":"BreadcrumbList","@id":"https:\/\/www.sbhss.eu\/sv\/besok-fran-region-halland-under-lantbruksprotester-i-bryssel\/#breadcrumb","itemListElement":[{"@type":"ListItem","position":1,"name":"Hem","item":"https:\/\/www.sbhss.eu\/sv\/"},{"@type":"ListItem","position":2,"name":"Bes\u00f6k fr\u00e5n Region Halland under lantbruksprotester i Bryssel"}]},{"@type":"WebSite","@id":"https:\/\/www.sbhss.eu\/#website","url":"https:\/\/www.sbhss.eu\/","name":"SBHSS","description":"","potentialAction":[{"@type":"SearchAction","target":{"@type":"EntryPoint","urlTemplate":"https:\/\/www.sbhss.eu\/?s={search_term_string}"},"query-input":{"@type":"PropertyValueSpecification","valueRequired":true,"valueName":"search_term_string"}}],"inLanguage":"sv-SE"},{"@type":"Person","@id":"https:\/\/www.sbhss.eu\/#\/schema\/person\/cf9911a7f467dfabd7ae17615a01bbfc","name":"Janis Daudzvards","image":{"@type":"ImageObject","inLanguage":"sv-SE","@id":"https:\/\/secure.gravatar.com\/avatar\/5b635a39164fd1ac06f2c2a57eeceb7da16025695d34e7355b2391fdb1c8e75b?s=96&d=mm&r=g","url":"https:\/\/secure.gravatar.com\/avatar\/5b635a39164fd1ac06f2c2a57eeceb7da16025695d34e7355b2391fdb1c8e75b?s=96&d=mm&r=g","contentUrl":"https:\/\/secure.gravatar.com\/avatar\/5b635a39164fd1ac06f2c2a57eeceb7da16025695d34e7355b2391fdb1c8e75b?s=96&d=mm&r=g","caption":"Janis Daudzvards"},"url":"https:\/\/www.sbhss.eu\/sv\/author\/janis-daudzvards\/"}]}},"_links":{"self":[{"href":"https:\/\/www.sbhss.eu\/sv\/wp-json\/wp\/v2\/posts\/5652","targetHints":{"allow":["GET"]}}],"collection":[{"href":"https:\/\/www.sbhss.eu\/sv\/wp-json\/wp\/v2\/posts"}],"about":[{"href":"https:\/\/www.sbhss.eu\/sv\/wp-json\/wp\/v2\/types\/post"}],"author":[{"embeddable":true,"href":"https:\/\/www.sbhss.eu\/sv\/wp-json\/wp\/v2\/users\/18"}],"replies":[{"embeddable":true,"href":"https:\/\/www.sbhss.eu\/sv\/wp-json\/wp\/v2\/comments?post=5652"}],"version-history":[{"count":5,"href":"https:\/\/www.sbhss.eu\/sv\/wp-json\/wp\/v2\/posts\/5652\/revisions"}],"predecessor-version":[{"id":6302,"href":"https:\/\/www.sbhss.eu\/sv\/wp-json\/wp\/v2\/posts\/5652\/revisions\/6302"}],"wp:featuredmedia":[{"embeddable":true,"href":"https:\/\/www.sbhss.eu\/sv\/wp-json\/wp\/v2\/media\/5658"}],"wp:attachment":[{"href":"https:\/\/www.sbhss.eu\/sv\/wp-json\/wp\/v2\/media?parent=5652"}],"wp:term":[{"taxonomy":"category","embeddable":true,"href":"https:\/\/www.sbhss.eu\/sv\/wp-json\/wp\/v2\/categories?post=5652"},{"taxonomy":"post_tag","embeddable":true,"href":"https:\/\/www.sbhss.eu\/sv\/wp-json\/wp\/v2\/tags?post=5652"}],"curies":[{"name":"wp","href":"https:\/\/api.w.org\/{rel}","templated":true}]}}