{"id":5962,"date":"2024-03-27T13:25:15","date_gmt":"2024-03-27T13:25:15","guid":{"rendered":"https:\/\/www.sbhss.eu\/?p=5962"},"modified":"2024-03-27T13:25:15","modified_gmt":"2024-03-27T13:25:15","slug":"region-jonkopings-lan-visar-vagen-for-att-starka-sina-styrkor-genom-europeiskt-samarbete","status":"publish","type":"post","link":"https:\/\/www.sbhss.eu\/sv\/region-jonkopings-lan-visar-vagen-for-att-starka-sina-styrkor-genom-europeiskt-samarbete\/","title":{"rendered":"Region J\u00f6nk\u00f6pings l\u00e4n visar v\u00e4gen f\u00f6r att st\u00e4rka sina styrkor genom europeiskt samarbete"},"content":{"rendered":"<p><em>I vecka 12 fick Sm\u00e5land-Blekinge-Hallands Brysselkontor bes\u00f6k av Region J\u00f6nk\u00f6pings l\u00e4ns smart specialiseringsstrateger Peter Friberg och Micael Ragnar. M\u00e5let med resan var att delta p\u00e5 EU:s interregionala samarbetsprogram, Interreg Europes, samarbetsforum \u201dEurope, Let\u00b4s Cooperate\u201d i Antwerpen den 20\u201321 mars. F\u00f6r att maximera nyttan med att befinna sig p\u00e5 plats i Belgien, passade Peter och Micael p\u00e5 att ocks\u00e5 kl\u00e4mma in ett fullsp\u00e4ckat m\u00f6tesschema i Bryssel dagen innan konferensen. L\u00e4s vidare s\u00e5 f\u00e5r du h\u00f6ra mer om Peter och Micaels resa och f\u00e5 inspiration till hur din organisation kan f\u00e5 ut det mesta av ett bes\u00f6k i Bryssel.<\/em><\/p>\n<p><strong>Syftet med resan<\/strong><\/p>\n<p>Region J\u00f6nk\u00f6pings L\u00e4n har under det senaste \u00e5ret v\u00e4xlat upp sitt engagemang kopplat till implementeringen av sin smarta specialiseringsstrategi (S3) och har genom flera parallella europeiska och nationella projektsp\u00e5r \u00f6kat sitt S3-samarbete med dels sina grannregioner inom Sm\u00e5land-Blekinge-Halland, dels med europeiska partner inom ramen f\u00f6r Interreg Europe-programmet. Peter och Micael \u00e5kte d\u00e4rf\u00f6r till Bryssel och Antwerpen med tre tydliga m\u00e5l. Det f\u00f6rsta var att prata med EU-kommissionens S3-experter om tillg\u00e4ngliga st\u00f6d och erfarenhetsutbyten kring styrning och praktisk implementering av smart specialisering p\u00e5 en regional niv\u00e5. Det andra m\u00e5let var att diskutera implementering och genomf\u00f6rande av S3 med Brysselbaserade experter och n\u00e4tverk, och sist men inte minst, att hitta v\u00e4steuropeiska partner till <a href=\"https:\/\/www.interregeurope.eu\/project-ideas\/policy-development-and-implementation-for-building-a-long-lasting-s3-commitment\">Region J\u00f6nk\u00f6pings L\u00e4ns egna Interreg Europe-projekt<\/a> om genomf\u00f6rande av smart specialisering. Brysselkontoret deltog s\u00e5 klart p\u00e5 m\u00f6tena och hj\u00e4lpte till att \u00f6ppna upp d\u00f6rrar i Bryssel.<\/p>\n<p><strong>Bes\u00f6ket i Bryssel<\/strong><\/p>\n<p>Peter och Micaels intensiva bes\u00f6k i Bryssel inleddes med ett strategiskt uppstartsm\u00f6te p\u00e5 Brysselkontoret. Inf\u00f6r bes\u00f6k i Bryssel \u00e4r det ofta en god id\u00e9 att g\u00e5 igenom bes\u00f6ksprogrammet och diskutera f\u00f6rv\u00e4ntningar och m\u00e5l inf\u00f6r specifika m\u00f6ten. Efter uppstartsm\u00f6tet bar det av till EU-kommissionens generaldirektorat f\u00f6r regional och stadspolitik (DG REGIO) d\u00e4r vi m\u00f6tte <a href=\"https:\/\/ec.europa.eu\/regional_policy\/policy\/communities-and-networks\/s3-community-of-practice_en\">sekretariatet f\u00f6r praxisgemenskapen f\u00f6r smarta specialiseringsstrategier (S3-COP)<\/a>. Detta bes\u00f6k genomf\u00f6rdes tillsammans med Sm\u00e5land Blekinge Halland South Swedens (SBHSS) motsvarigheter i Mellansverige, Central Sweden och V\u00e4rmlands Brysselkontor och deras hitresta motsvarigheter till Region J\u00f6nk\u00f6pings l\u00e4ns smart specialiseringsstrateger. Under m\u00f6tet fick Peter och Micael m\u00f6jligheten att under avslappnade former ha ett samtal direkt med EU-kommissionens S3-experter. En av slutsatserna fr\u00e5n m\u00f6tet var att det nu \u00e4r upp till varje akt\u00f6r att genom aktivitet vara med och forma utvecklingen av EU-kommissionens samarbetsverktyg. Efter en arbetslunch tillsammans med Central Sweden och V\u00e4rmlands Brysselkontor med delegationer, m\u00f6tte Peter och Micael ledarna f\u00f6r <a href=\"https:\/\/errin.eu\/\">n\u00e4tverket ERRIN:s (European Regions Research and Innovation Network)<\/a> arbetsgrupp f\u00f6r Smart Specialisering, f\u00f6r att l\u00e4ra sig om hur ERRIN arbetar kring dessa fr\u00e5gor och hur Region J\u00f6nk\u00f6pings L\u00e4n kan ta del av de m\u00f6jligheter som n\u00e4tverket tillhandah\u00e5ller. D\u00e4refter tr\u00e4ffade Peter, Micael och Brysselkontoret organisationen <a href=\"https:\/\/friendsofsmartspecialisation.eu\/\">Friends of Smart Specialisation (FoSS)<\/a> d\u00e4r en livlig diskussion uppstod om tips och trix kring det praktiska genomf\u00f6randet av smart specialisering och vad som kr\u00e4vs f\u00f6r att uppr\u00e4tth\u00e5lla ett l\u00e5ngsiktigt engagemang. Avslutningsvis deltog Micael och Peter p\u00e5 en n\u00e4tverkstr\u00e4ff anordnat av tyska Th\u00fcringen och franska Hauts-de-France regionkontor, d\u00e4r de fick tr\u00e4ffa flera europeiska regionala representanter med ditresta sakkunniga fr\u00e5n dessa regioner. D\u00e4refter var Brysselbes\u00f6ket f\u00e4rdigt och Micael och Peter tog sig vidare till Antwerpen f\u00f6r Interreg Europe-konferensen.<\/p>\n<p><strong>Mer information<\/strong><\/p>\n<p>Vill ni veta mer om Peter och Micaels bes\u00f6k och om Region J\u00f6nk\u00f6pings l\u00e4ns S3-arbete? Kontakta d\u00e5 Peter och Micael genom kontaktuppgifterna nedan eller h\u00f6r av er till undertecknad p\u00e5 Brysselkontoret.<\/p>\n<p>Micael Ragnar, +46 72-549 54 60, <u><a href=\"mailto:micael.ragnar@rjl.se\">micael.ragnar@rjl.se<\/a><\/u><\/p>\n<p>Peter Friberg, +46 70-061 79 26, <a href=\"mailto:peter.a.friberg@rjl.se\">peter.a.friberg@rjl.se<\/a><\/p>\n","protected":false},"excerpt":{"rendered":"<p>I vecka 12 fick Sm\u00e5land-Blekinge-Hallands Brysselkontor bes\u00f6k av Region J\u00f6nk\u00f6pings l\u00e4ns smart specialiseringsstrateger Peter Friberg och Micael Ragnar. M\u00e5let med resan var att delta p\u00e5 EU:s interregionala samarbetsprogram, Interreg Europes, samarbetsforum \u201dEurope, Let\u00b4s Cooperate\u201d i Antwerpen den 20\u201321 mars. F\u00f6r att maximera nyttan med att befinna sig p\u00e5 plats i Belgien, passade Peter och Micael [&hellip;]<\/p>\n","protected":false},"author":10,"featured_media":5964,"comment_status":"closed","ping_status":"closed","sticky":false,"template":"","format":"standard","meta":{"_acf_changed":false,"footnotes":""},"categories":[3],"tags":[],"class_list":["post-5962","post","type-post","status-publish","format-standard","has-post-thumbnail","hentry","category-okategoriserad"],"acf":[],"yoast_head":"<!-- This site is optimized with the Yoast SEO plugin v27.5 - https:\/\/yoast.com\/product\/yoast-seo-wordpress\/ -->\n<title>Region J\u00f6nk\u00f6pings l\u00e4n visar v\u00e4gen f\u00f6r att st\u00e4rka sina styrkor genom europeiskt samarbete - SBHSS<\/title>\n<meta name=\"robots\" content=\"index, follow, max-snippet:-1, max-image-preview:large, max-video-preview:-1\" \/>\n<link rel=\"canonical\" href=\"https:\/\/www.sbhss.eu\/sv\/region-jonkopings-lan-visar-vagen-for-att-starka-sina-styrkor-genom-europeiskt-samarbete\/\" \/>\n<meta property=\"og:locale\" content=\"sv_SE\" \/>\n<meta property=\"og:type\" content=\"article\" \/>\n<meta property=\"og:title\" content=\"Region J\u00f6nk\u00f6pings l\u00e4n visar v\u00e4gen f\u00f6r att st\u00e4rka sina styrkor genom europeiskt samarbete - SBHSS\" \/>\n<meta property=\"og:description\" content=\"I vecka 12 fick Sm\u00e5land-Blekinge-Hallands Brysselkontor bes\u00f6k av Region J\u00f6nk\u00f6pings l\u00e4ns smart specialiseringsstrateger Peter Friberg och Micael Ragnar. M\u00e5let med resan var att delta p\u00e5 EU:s interregionala samarbetsprogram, Interreg Europes, samarbetsforum \u201dEurope, Let\u00b4s Cooperate\u201d i Antwerpen den 20\u201321 mars. F\u00f6r att maximera nyttan med att befinna sig p\u00e5 plats i Belgien, passade Peter och Micael [&hellip;]\" \/>\n<meta property=\"og:url\" content=\"https:\/\/www.sbhss.eu\/sv\/region-jonkopings-lan-visar-vagen-for-att-starka-sina-styrkor-genom-europeiskt-samarbete\/\" \/>\n<meta property=\"og:site_name\" content=\"SBHSS\" \/>\n<meta property=\"article:published_time\" content=\"2024-03-27T13:25:15+00:00\" \/>\n<meta property=\"og:image\" content=\"https:\/\/www.sbhss.eu\/wp-content\/uploads\/2024\/03\/rjl-2-1024x768.png\" \/>\n\t<meta property=\"og:image:width\" content=\"1024\" \/>\n\t<meta property=\"og:image:height\" content=\"768\" \/>\n\t<meta property=\"og:image:type\" content=\"image\/png\" \/>\n<meta name=\"author\" content=\"Martin Broberg\" \/>\n<meta name=\"twitter:card\" content=\"summary_large_image\" \/>\n<meta name=\"twitter:label1\" content=\"Skriven av\" \/>\n\t<meta name=\"twitter:data1\" content=\"Martin Broberg\" \/>\n\t<meta name=\"twitter:label2\" content=\"Ber\u00e4knad l\u00e4stid\" \/>\n\t<meta name=\"twitter:data2\" content=\"3 minuter\" \/>\n<script type=\"application\/ld+json\" class=\"yoast-schema-graph\">{\"@context\":\"https:\\\/\\\/schema.org\",\"@graph\":[{\"@type\":\"Article\",\"@id\":\"https:\\\/\\\/www.sbhss.eu\\\/sv\\\/region-jonkopings-lan-visar-vagen-for-att-starka-sina-styrkor-genom-europeiskt-samarbete\\\/#article\",\"isPartOf\":{\"@id\":\"https:\\\/\\\/www.sbhss.eu\\\/sv\\\/region-jonkopings-lan-visar-vagen-for-att-starka-sina-styrkor-genom-europeiskt-samarbete\\\/\"},\"author\":{\"name\":\"Martin Broberg\",\"@id\":\"https:\\\/\\\/www.sbhss.eu\\\/#\\\/schema\\\/person\\\/2698e24880107cce77b23e24ab6af0db\"},\"headline\":\"Region J\u00f6nk\u00f6pings l\u00e4n visar v\u00e4gen f\u00f6r att st\u00e4rka sina styrkor genom europeiskt samarbete\",\"datePublished\":\"2024-03-27T13:25:15+00:00\",\"mainEntityOfPage\":{\"@id\":\"https:\\\/\\\/www.sbhss.eu\\\/sv\\\/region-jonkopings-lan-visar-vagen-for-att-starka-sina-styrkor-genom-europeiskt-samarbete\\\/\"},\"wordCount\":689,\"image\":{\"@id\":\"https:\\\/\\\/www.sbhss.eu\\\/sv\\\/region-jonkopings-lan-visar-vagen-for-att-starka-sina-styrkor-genom-europeiskt-samarbete\\\/#primaryimage\"},\"thumbnailUrl\":\"https:\\\/\\\/www.sbhss.eu\\\/wp-content\\\/uploads\\\/2024\\\/03\\\/rjl-2.png\",\"articleSection\":[\"Okategoriserad\"],\"inLanguage\":\"sv-SE\"},{\"@type\":\"WebPage\",\"@id\":\"https:\\\/\\\/www.sbhss.eu\\\/sv\\\/region-jonkopings-lan-visar-vagen-for-att-starka-sina-styrkor-genom-europeiskt-samarbete\\\/\",\"url\":\"https:\\\/\\\/www.sbhss.eu\\\/sv\\\/region-jonkopings-lan-visar-vagen-for-att-starka-sina-styrkor-genom-europeiskt-samarbete\\\/\",\"name\":\"Region J\u00f6nk\u00f6pings l\u00e4n visar v\u00e4gen f\u00f6r att st\u00e4rka sina styrkor genom europeiskt samarbete - SBHSS\",\"isPartOf\":{\"@id\":\"https:\\\/\\\/www.sbhss.eu\\\/#website\"},\"primaryImageOfPage\":{\"@id\":\"https:\\\/\\\/www.sbhss.eu\\\/sv\\\/region-jonkopings-lan-visar-vagen-for-att-starka-sina-styrkor-genom-europeiskt-samarbete\\\/#primaryimage\"},\"image\":{\"@id\":\"https:\\\/\\\/www.sbhss.eu\\\/sv\\\/region-jonkopings-lan-visar-vagen-for-att-starka-sina-styrkor-genom-europeiskt-samarbete\\\/#primaryimage\"},\"thumbnailUrl\":\"https:\\\/\\\/www.sbhss.eu\\\/wp-content\\\/uploads\\\/2024\\\/03\\\/rjl-2.png\",\"datePublished\":\"2024-03-27T13:25:15+00:00\",\"author\":{\"@id\":\"https:\\\/\\\/www.sbhss.eu\\\/#\\\/schema\\\/person\\\/2698e24880107cce77b23e24ab6af0db\"},\"breadcrumb\":{\"@id\":\"https:\\\/\\\/www.sbhss.eu\\\/sv\\\/region-jonkopings-lan-visar-vagen-for-att-starka-sina-styrkor-genom-europeiskt-samarbete\\\/#breadcrumb\"},\"inLanguage\":\"sv-SE\",\"potentialAction\":[{\"@type\":\"ReadAction\",\"target\":[\"https:\\\/\\\/www.sbhss.eu\\\/sv\\\/region-jonkopings-lan-visar-vagen-for-att-starka-sina-styrkor-genom-europeiskt-samarbete\\\/\"]}]},{\"@type\":\"ImageObject\",\"inLanguage\":\"sv-SE\",\"@id\":\"https:\\\/\\\/www.sbhss.eu\\\/sv\\\/region-jonkopings-lan-visar-vagen-for-att-starka-sina-styrkor-genom-europeiskt-samarbete\\\/#primaryimage\",\"url\":\"https:\\\/\\\/www.sbhss.eu\\\/wp-content\\\/uploads\\\/2024\\\/03\\\/rjl-2.png\",\"contentUrl\":\"https:\\\/\\\/www.sbhss.eu\\\/wp-content\\\/uploads\\\/2024\\\/03\\\/rjl-2.png\",\"width\":3648,\"height\":2736},{\"@type\":\"BreadcrumbList\",\"@id\":\"https:\\\/\\\/www.sbhss.eu\\\/sv\\\/region-jonkopings-lan-visar-vagen-for-att-starka-sina-styrkor-genom-europeiskt-samarbete\\\/#breadcrumb\",\"itemListElement\":[{\"@type\":\"ListItem\",\"position\":1,\"name\":\"Hem\",\"item\":\"https:\\\/\\\/www.sbhss.eu\\\/sv\\\/\"},{\"@type\":\"ListItem\",\"position\":2,\"name\":\"Region J\u00f6nk\u00f6pings l\u00e4n visar v\u00e4gen f\u00f6r att st\u00e4rka sina styrkor genom europeiskt samarbete\"}]},{\"@type\":\"WebSite\",\"@id\":\"https:\\\/\\\/www.sbhss.eu\\\/#website\",\"url\":\"https:\\\/\\\/www.sbhss.eu\\\/\",\"name\":\"SBHSS\",\"description\":\"\",\"potentialAction\":[{\"@type\":\"SearchAction\",\"target\":{\"@type\":\"EntryPoint\",\"urlTemplate\":\"https:\\\/\\\/www.sbhss.eu\\\/?s={search_term_string}\"},\"query-input\":{\"@type\":\"PropertyValueSpecification\",\"valueRequired\":true,\"valueName\":\"search_term_string\"}}],\"inLanguage\":\"sv-SE\"},{\"@type\":\"Person\",\"@id\":\"https:\\\/\\\/www.sbhss.eu\\\/#\\\/schema\\\/person\\\/2698e24880107cce77b23e24ab6af0db\",\"name\":\"Martin Broberg\",\"image\":{\"@type\":\"ImageObject\",\"inLanguage\":\"sv-SE\",\"@id\":\"https:\\\/\\\/secure.gravatar.com\\\/avatar\\\/b30f345a4fa082877e44797e0ab36733285c95d1df8f1b433bec8e7527d93681?s=96&d=mm&r=g\",\"url\":\"https:\\\/\\\/secure.gravatar.com\\\/avatar\\\/b30f345a4fa082877e44797e0ab36733285c95d1df8f1b433bec8e7527d93681?s=96&d=mm&r=g\",\"contentUrl\":\"https:\\\/\\\/secure.gravatar.com\\\/avatar\\\/b30f345a4fa082877e44797e0ab36733285c95d1df8f1b433bec8e7527d93681?s=96&d=mm&r=g\",\"caption\":\"Martin Broberg\"},\"url\":\"https:\\\/\\\/www.sbhss.eu\\\/sv\\\/author\\\/martin-brobergsbhss-eu\\\/\"}]}<\/script>\n<!-- \/ Yoast SEO plugin. -->","yoast_head_json":{"title":"Region J\u00f6nk\u00f6pings l\u00e4n visar v\u00e4gen f\u00f6r att st\u00e4rka sina styrkor genom europeiskt samarbete - SBHSS","robots":{"index":"index","follow":"follow","max-snippet":"max-snippet:-1","max-image-preview":"max-image-preview:large","max-video-preview":"max-video-preview:-1"},"canonical":"https:\/\/www.sbhss.eu\/sv\/region-jonkopings-lan-visar-vagen-for-att-starka-sina-styrkor-genom-europeiskt-samarbete\/","og_locale":"sv_SE","og_type":"article","og_title":"Region J\u00f6nk\u00f6pings l\u00e4n visar v\u00e4gen f\u00f6r att st\u00e4rka sina styrkor genom europeiskt samarbete - SBHSS","og_description":"I vecka 12 fick Sm\u00e5land-Blekinge-Hallands Brysselkontor bes\u00f6k av Region J\u00f6nk\u00f6pings l\u00e4ns smart specialiseringsstrateger Peter Friberg och Micael Ragnar. M\u00e5let med resan var att delta p\u00e5 EU:s interregionala samarbetsprogram, Interreg Europes, samarbetsforum \u201dEurope, Let\u00b4s Cooperate\u201d i Antwerpen den 20\u201321 mars. F\u00f6r att maximera nyttan med att befinna sig p\u00e5 plats i Belgien, passade Peter och Micael [&hellip;]","og_url":"https:\/\/www.sbhss.eu\/sv\/region-jonkopings-lan-visar-vagen-for-att-starka-sina-styrkor-genom-europeiskt-samarbete\/","og_site_name":"SBHSS","article_published_time":"2024-03-27T13:25:15+00:00","og_image":[{"width":1024,"height":768,"url":"https:\/\/www.sbhss.eu\/wp-content\/uploads\/2024\/03\/rjl-2-1024x768.png","type":"image\/png"}],"author":"Martin Broberg","twitter_card":"summary_large_image","twitter_misc":{"Skriven av":"Martin Broberg","Ber\u00e4knad l\u00e4stid":"3 minuter"},"schema":{"@context":"https:\/\/schema.org","@graph":[{"@type":"Article","@id":"https:\/\/www.sbhss.eu\/sv\/region-jonkopings-lan-visar-vagen-for-att-starka-sina-styrkor-genom-europeiskt-samarbete\/#article","isPartOf":{"@id":"https:\/\/www.sbhss.eu\/sv\/region-jonkopings-lan-visar-vagen-for-att-starka-sina-styrkor-genom-europeiskt-samarbete\/"},"author":{"name":"Martin Broberg","@id":"https:\/\/www.sbhss.eu\/#\/schema\/person\/2698e24880107cce77b23e24ab6af0db"},"headline":"Region J\u00f6nk\u00f6pings l\u00e4n visar v\u00e4gen f\u00f6r att st\u00e4rka sina styrkor genom europeiskt samarbete","datePublished":"2024-03-27T13:25:15+00:00","mainEntityOfPage":{"@id":"https:\/\/www.sbhss.eu\/sv\/region-jonkopings-lan-visar-vagen-for-att-starka-sina-styrkor-genom-europeiskt-samarbete\/"},"wordCount":689,"image":{"@id":"https:\/\/www.sbhss.eu\/sv\/region-jonkopings-lan-visar-vagen-for-att-starka-sina-styrkor-genom-europeiskt-samarbete\/#primaryimage"},"thumbnailUrl":"https:\/\/www.sbhss.eu\/wp-content\/uploads\/2024\/03\/rjl-2.png","articleSection":["Okategoriserad"],"inLanguage":"sv-SE"},{"@type":"WebPage","@id":"https:\/\/www.sbhss.eu\/sv\/region-jonkopings-lan-visar-vagen-for-att-starka-sina-styrkor-genom-europeiskt-samarbete\/","url":"https:\/\/www.sbhss.eu\/sv\/region-jonkopings-lan-visar-vagen-for-att-starka-sina-styrkor-genom-europeiskt-samarbete\/","name":"Region J\u00f6nk\u00f6pings l\u00e4n visar v\u00e4gen f\u00f6r att st\u00e4rka sina styrkor genom europeiskt samarbete - SBHSS","isPartOf":{"@id":"https:\/\/www.sbhss.eu\/#website"},"primaryImageOfPage":{"@id":"https:\/\/www.sbhss.eu\/sv\/region-jonkopings-lan-visar-vagen-for-att-starka-sina-styrkor-genom-europeiskt-samarbete\/#primaryimage"},"image":{"@id":"https:\/\/www.sbhss.eu\/sv\/region-jonkopings-lan-visar-vagen-for-att-starka-sina-styrkor-genom-europeiskt-samarbete\/#primaryimage"},"thumbnailUrl":"https:\/\/www.sbhss.eu\/wp-content\/uploads\/2024\/03\/rjl-2.png","datePublished":"2024-03-27T13:25:15+00:00","author":{"@id":"https:\/\/www.sbhss.eu\/#\/schema\/person\/2698e24880107cce77b23e24ab6af0db"},"breadcrumb":{"@id":"https:\/\/www.sbhss.eu\/sv\/region-jonkopings-lan-visar-vagen-for-att-starka-sina-styrkor-genom-europeiskt-samarbete\/#breadcrumb"},"inLanguage":"sv-SE","potentialAction":[{"@type":"ReadAction","target":["https:\/\/www.sbhss.eu\/sv\/region-jonkopings-lan-visar-vagen-for-att-starka-sina-styrkor-genom-europeiskt-samarbete\/"]}]},{"@type":"ImageObject","inLanguage":"sv-SE","@id":"https:\/\/www.sbhss.eu\/sv\/region-jonkopings-lan-visar-vagen-for-att-starka-sina-styrkor-genom-europeiskt-samarbete\/#primaryimage","url":"https:\/\/www.sbhss.eu\/wp-content\/uploads\/2024\/03\/rjl-2.png","contentUrl":"https:\/\/www.sbhss.eu\/wp-content\/uploads\/2024\/03\/rjl-2.png","width":3648,"height":2736},{"@type":"BreadcrumbList","@id":"https:\/\/www.sbhss.eu\/sv\/region-jonkopings-lan-visar-vagen-for-att-starka-sina-styrkor-genom-europeiskt-samarbete\/#breadcrumb","itemListElement":[{"@type":"ListItem","position":1,"name":"Hem","item":"https:\/\/www.sbhss.eu\/sv\/"},{"@type":"ListItem","position":2,"name":"Region J\u00f6nk\u00f6pings l\u00e4n visar v\u00e4gen f\u00f6r att st\u00e4rka sina styrkor genom europeiskt samarbete"}]},{"@type":"WebSite","@id":"https:\/\/www.sbhss.eu\/#website","url":"https:\/\/www.sbhss.eu\/","name":"SBHSS","description":"","potentialAction":[{"@type":"SearchAction","target":{"@type":"EntryPoint","urlTemplate":"https:\/\/www.sbhss.eu\/?s={search_term_string}"},"query-input":{"@type":"PropertyValueSpecification","valueRequired":true,"valueName":"search_term_string"}}],"inLanguage":"sv-SE"},{"@type":"Person","@id":"https:\/\/www.sbhss.eu\/#\/schema\/person\/2698e24880107cce77b23e24ab6af0db","name":"Martin Broberg","image":{"@type":"ImageObject","inLanguage":"sv-SE","@id":"https:\/\/secure.gravatar.com\/avatar\/b30f345a4fa082877e44797e0ab36733285c95d1df8f1b433bec8e7527d93681?s=96&d=mm&r=g","url":"https:\/\/secure.gravatar.com\/avatar\/b30f345a4fa082877e44797e0ab36733285c95d1df8f1b433bec8e7527d93681?s=96&d=mm&r=g","contentUrl":"https:\/\/secure.gravatar.com\/avatar\/b30f345a4fa082877e44797e0ab36733285c95d1df8f1b433bec8e7527d93681?s=96&d=mm&r=g","caption":"Martin Broberg"},"url":"https:\/\/www.sbhss.eu\/sv\/author\/martin-brobergsbhss-eu\/"}]}},"_links":{"self":[{"href":"https:\/\/www.sbhss.eu\/sv\/wp-json\/wp\/v2\/posts\/5962","targetHints":{"allow":["GET"]}}],"collection":[{"href":"https:\/\/www.sbhss.eu\/sv\/wp-json\/wp\/v2\/posts"}],"about":[{"href":"https:\/\/www.sbhss.eu\/sv\/wp-json\/wp\/v2\/types\/post"}],"author":[{"embeddable":true,"href":"https:\/\/www.sbhss.eu\/sv\/wp-json\/wp\/v2\/users\/10"}],"replies":[{"embeddable":true,"href":"https:\/\/www.sbhss.eu\/sv\/wp-json\/wp\/v2\/comments?post=5962"}],"version-history":[{"count":2,"href":"https:\/\/www.sbhss.eu\/sv\/wp-json\/wp\/v2\/posts\/5962\/revisions"}],"predecessor-version":[{"id":5966,"href":"https:\/\/www.sbhss.eu\/sv\/wp-json\/wp\/v2\/posts\/5962\/revisions\/5966"}],"wp:featuredmedia":[{"embeddable":true,"href":"https:\/\/www.sbhss.eu\/sv\/wp-json\/wp\/v2\/media\/5964"}],"wp:attachment":[{"href":"https:\/\/www.sbhss.eu\/sv\/wp-json\/wp\/v2\/media?parent=5962"}],"wp:term":[{"taxonomy":"category","embeddable":true,"href":"https:\/\/www.sbhss.eu\/sv\/wp-json\/wp\/v2\/categories?post=5962"},{"taxonomy":"post_tag","embeddable":true,"href":"https:\/\/www.sbhss.eu\/sv\/wp-json\/wp\/v2\/tags?post=5962"}],"curies":[{"name":"wp","href":"https:\/\/api.w.org\/{rel}","templated":true}]}}