{"id":620,"date":"2016-12-21T15:52:31","date_gmt":"2016-12-21T14:52:31","guid":{"rendered":"http:\/\/wp.sbhss.eu\/?p=620"},"modified":"2016-12-21T15:52:31","modified_gmt":"2016-12-21T14:52:31","slug":"nu-nyanstaeller-vi-en-handlaeggare","status":"publish","type":"post","link":"https:\/\/www.sbhss.eu\/sv\/nu-nyanstaeller-vi-en-handlaeggare\/","title":{"rendered":"Nu nyanst\u00e4ller vi en handl\u00e4ggare"},"content":{"rendered":"<p>Det h\u00e4r \u00e4r arbetet f\u00f6r dig som \u00e4r intresserad av internationella och samh\u00e4llsrelaterade utvecklingsfr\u00e5gor. Vi erbjuder ett sp\u00e4nnande arbete p\u00e5 plats i EU:s hj\u00e4rta! Arbetet inneb\u00e4r internationella kontakter, tillg\u00e5ng till tidig information och varierande arbetsuppgifter.<\/p>\n<p><!--more--><\/p>\n<h3>Om oss<\/h3>\n<p>F\u00f6ljande organisationer \u00e4r idag medlemmar i samarbetet: Region Blekinge, Regionf\u00f6rbundet i Kalmar l\u00e4n, Region Kronoberg, Region J\u00f6nk\u00f6pings L\u00e4n, Landstinget Blekinge, Landstinget i Kalmar L\u00e4n, Blekinge Tekniska H\u00f6gskola, Linn\u00e9universitetet och J\u00f6nk\u00f6ping University. Region Halland kommer att ansluta till samarbetet den 1 januari 2017.<\/p>\n<p>Vid kontoret i Bryssel arbetar idag en kontorschef, en handl\u00e4ggare och tv\u00e5 praktikanter. Brysselkontorets huvudsakliga uppgifter \u00e4r:<\/p>\n<ul>\n<li>Service till medlemmarna<\/li>\n<li>Kunskapsh\u00f6jande insatser<\/li>\n<li>Kontaktskapande verksamhet<\/li>\n<li>Intressebevakning<\/li>\n<li>Bevakning av finansieringsformer och samverkansplattformar<\/li>\n<li>Marknadsf\u00f6ring och profilering av regionerna<\/li>\n<\/ul>\n<h3>\nRoll och uppgifter<\/h3>\n<p>Handl\u00e4ggarens roll och uppgifter \u00e4r i stort desamma som Brysselkontorets. Det handlar om att utifr\u00e5n huvudm\u00e4nnens behov proaktivt samla in, bearbeta och analysera information och att \u00e5terf\u00f6ra den till medlemmarna och andra intressenter via bl.a. hemsida, allm\u00e4nna informationstillf\u00e4llen, direktkontakter och n\u00e4tverk. Annorlunda uttryckt ska handl\u00e4ggaren bidra till att omvandla kunskap och information till praktisk nytta f\u00f6r medlemmarna.<\/p>\n<p>Som handl\u00e4ggare \u00e4r du medlemmarnas representant och spr\u00e5kr\u00f6r p\u00e5 plats med uppgift att n\u00e4tverka, f\u00f6rmedla kontakter samt arrangera studiebes\u00f6k och events. Du bes\u00f6ker medlemmarna n\u00e5gra g\u00e5nger per \u00e5r f\u00f6r att h\u00e5lla dig uppdaterad om arbetet och l\u00e4get i de fyra l\u00e4nen.<\/p>\n<p>Det h\u00e4r \u00e4r exempel p\u00e5 arbetsuppgifter. D\u00e5 antalet medarbetare p\u00e5 kontoret \u00e4r f\u00e5 \u00e4r det viktigt att var och en \u2013 flexibelt och prestigel\u00f6st \u2013 tar sig an alla f\u00f6rekommande uppgifter inom verksamhetsomr\u00e5det (vilka f\u00f6r\u00f6vrigt kan komma att f\u00f6r\u00e4ndras eller omprioriteras \u00f6ver tiden).<\/p>\n<h3>Kvalifikationer<\/h3>\n<p>Vi s\u00f6ker dig som har h\u00f6gskoleutbildning med relevant inriktning samt kunskap om svensk offentlig f\u00f6rvaltning. Kunskapsm\u00e4ssigt \u00e4r du sannolikt mer generalist \u00e4n specialist. Du \u00e4r van IT-anv\u00e4ndare och har mycket goda spr\u00e5kkunskaper i svenska och engelska, i tal och skrift.<\/p>\n<p>Erfarenhet av svensk offentlig f\u00f6rvaltning respektive regionalt utvecklingsarbete \u00e4r mycket meriterande. Detsamma g\u00e4ller kunskap om EU respektive EU-finansierade program.<\/p>\n<p>Minst lika viktigt \u00e4r vem du \u00e4r som person. Vi s\u00f6ker en proaktiv, kommunikativ och relationsskapande person som \u00e4r skicklig p\u00e5 att hantera, analysera och \u00e5terkoppla information p\u00e5 ett pedagogiskt och k\u00e4rnfullt s\u00e4tt. Du har en konsultativ l\u00e4ggning, en stark k\u00e4nsla f\u00f6r service samt vill bidra till att skapa merv\u00e4rde f\u00f6r dina uppdragsgivare och kollegor.<\/p>\n<h3>Intresserad?<\/h3>\n<p><a href=\"https:\/\/recruit.visma.com\/Public\/Apply.aspx?guidAssignment=dc92d526-f618-4788-91d5-118948256eee\" target=\"_blank\" title=\"\" rel=\"noopener\">Ans\u00f6k senast: 2017-01-30 via denna l\u00e4nk<\/a><br \/>\nReferensnummer: A638820<\/p>\n<h3>Kontaktpersoner<\/h3>\n<p>Sven Kast\u00f6<br \/>\nKontorschef<br \/>\n+32-488-90 49 43<br \/>\n<a _mce_href=\"mailto:sven.kasto@smalandblekinge.eu\" href=\"mailto:sven.kasto@smalandblekinge.eu\">sven.kasto@smalandblekinge.eu<\/a><\/p>\n<p>Max Albien<br \/>\nFacklig f\u00f6retr\u00e4dare Vision<br \/>\n0480-615 78<br \/>\n<a _mce_href=\"mailto:max@avmkl.se\" href=\"mailto:max@avmkl.se\">max@avmkl.se<\/a><\/p>\n<p>Mattias Nylander<br \/>\nFacklig f\u00f6retr\u00e4dare SACO<br \/>\n0480-44 83 89<br \/>\n<a href=\"mailto:mattias.nylander@rfkl.se\u00a0\">mattias.nylander@rfkl.se<\/a>&nbsp;<br \/>\n&nbsp;<\/p>\n","protected":false},"excerpt":{"rendered":"<p>Det h\u00e4r \u00e4r arbetet f\u00f6r dig som \u00e4r intresserad av internationella och samh\u00e4llsrelaterade utvecklingsfr\u00e5gor. Vi erbjuder ett sp\u00e4nnande arbete p\u00e5 plats i EU:s hj\u00e4rta! Arbetet inneb\u00e4r internationella kontakter, tillg\u00e5ng till tidig information och varierande arbetsuppgifter.<\/p>\n","protected":false},"author":3,"featured_media":0,"comment_status":"open","ping_status":"open","sticky":false,"template":"","format":"standard","meta":{"_acf_changed":false,"footnotes":""},"categories":[11],"tags":[],"class_list":["post-620","post","type-post","status-publish","format-standard","hentry","category-hem"],"acf":[],"yoast_head":"<!-- This site is optimized with the Yoast SEO plugin v27.5 - https:\/\/yoast.com\/product\/yoast-seo-wordpress\/ -->\n<title>Nu nyanst\u00e4ller vi en handl\u00e4ggare - SBHSS<\/title>\n<meta name=\"robots\" content=\"index, follow, max-snippet:-1, max-image-preview:large, max-video-preview:-1\" \/>\n<link rel=\"canonical\" href=\"https:\/\/www.sbhss.eu\/sv\/nu-nyanstaeller-vi-en-handlaeggare\/\" \/>\n<meta property=\"og:locale\" content=\"sv_SE\" \/>\n<meta property=\"og:type\" content=\"article\" \/>\n<meta property=\"og:title\" content=\"Nu nyanst\u00e4ller vi en handl\u00e4ggare - SBHSS\" \/>\n<meta property=\"og:description\" content=\"Det h\u00e4r \u00e4r arbetet f\u00f6r dig som \u00e4r intresserad av internationella och samh\u00e4llsrelaterade utvecklingsfr\u00e5gor. Vi erbjuder ett sp\u00e4nnande arbete p\u00e5 plats i EU:s hj\u00e4rta! Arbetet inneb\u00e4r internationella kontakter, tillg\u00e5ng till tidig information och varierande arbetsuppgifter.\" \/>\n<meta property=\"og:url\" content=\"https:\/\/www.sbhss.eu\/sv\/nu-nyanstaeller-vi-en-handlaeggare\/\" \/>\n<meta property=\"og:site_name\" content=\"SBHSS\" \/>\n<meta property=\"article:published_time\" content=\"2016-12-21T14:52:31+00:00\" \/>\n<meta name=\"author\" content=\"Sven Kast\u00f6\" \/>\n<meta name=\"twitter:card\" content=\"summary_large_image\" \/>\n<meta name=\"twitter:label1\" content=\"Skriven av\" \/>\n\t<meta name=\"twitter:data1\" content=\"Sven Kast\u00f6\" \/>\n\t<meta name=\"twitter:label2\" content=\"Ber\u00e4knad l\u00e4stid\" \/>\n\t<meta name=\"twitter:data2\" content=\"2 minuter\" \/>\n<script type=\"application\/ld+json\" class=\"yoast-schema-graph\">{\"@context\":\"https:\\\/\\\/schema.org\",\"@graph\":[{\"@type\":\"Article\",\"@id\":\"https:\\\/\\\/www.sbhss.eu\\\/sv\\\/nu-nyanstaeller-vi-en-handlaeggare\\\/#article\",\"isPartOf\":{\"@id\":\"https:\\\/\\\/www.sbhss.eu\\\/sv\\\/nu-nyanstaeller-vi-en-handlaeggare\\\/\"},\"author\":{\"name\":\"Sven Kast\u00f6\",\"@id\":\"https:\\\/\\\/www.sbhss.eu\\\/#\\\/schema\\\/person\\\/b8d8eb4c1088a05ed50ecff9b2bf643f\"},\"headline\":\"Nu nyanst\u00e4ller vi en handl\u00e4ggare\",\"datePublished\":\"2016-12-21T14:52:31+00:00\",\"mainEntityOfPage\":{\"@id\":\"https:\\\/\\\/www.sbhss.eu\\\/sv\\\/nu-nyanstaeller-vi-en-handlaeggare\\\/\"},\"wordCount\":493,\"commentCount\":0,\"articleSection\":[\"Hem - Startsidan\"],\"inLanguage\":\"sv-SE\"},{\"@type\":\"WebPage\",\"@id\":\"https:\\\/\\\/www.sbhss.eu\\\/sv\\\/nu-nyanstaeller-vi-en-handlaeggare\\\/\",\"url\":\"https:\\\/\\\/www.sbhss.eu\\\/sv\\\/nu-nyanstaeller-vi-en-handlaeggare\\\/\",\"name\":\"Nu nyanst\u00e4ller vi en handl\u00e4ggare - SBHSS\",\"isPartOf\":{\"@id\":\"https:\\\/\\\/www.sbhss.eu\\\/#website\"},\"datePublished\":\"2016-12-21T14:52:31+00:00\",\"author\":{\"@id\":\"https:\\\/\\\/www.sbhss.eu\\\/#\\\/schema\\\/person\\\/b8d8eb4c1088a05ed50ecff9b2bf643f\"},\"breadcrumb\":{\"@id\":\"https:\\\/\\\/www.sbhss.eu\\\/sv\\\/nu-nyanstaeller-vi-en-handlaeggare\\\/#breadcrumb\"},\"inLanguage\":\"sv-SE\",\"potentialAction\":[{\"@type\":\"ReadAction\",\"target\":[\"https:\\\/\\\/www.sbhss.eu\\\/sv\\\/nu-nyanstaeller-vi-en-handlaeggare\\\/\"]}]},{\"@type\":\"BreadcrumbList\",\"@id\":\"https:\\\/\\\/www.sbhss.eu\\\/sv\\\/nu-nyanstaeller-vi-en-handlaeggare\\\/#breadcrumb\",\"itemListElement\":[{\"@type\":\"ListItem\",\"position\":1,\"name\":\"Hem\",\"item\":\"https:\\\/\\\/www.sbhss.eu\\\/sv\\\/\"},{\"@type\":\"ListItem\",\"position\":2,\"name\":\"Nu nyanst\u00e4ller vi en handl\u00e4ggare\"}]},{\"@type\":\"WebSite\",\"@id\":\"https:\\\/\\\/www.sbhss.eu\\\/#website\",\"url\":\"https:\\\/\\\/www.sbhss.eu\\\/\",\"name\":\"SBHSS\",\"description\":\"\",\"potentialAction\":[{\"@type\":\"SearchAction\",\"target\":{\"@type\":\"EntryPoint\",\"urlTemplate\":\"https:\\\/\\\/www.sbhss.eu\\\/?s={search_term_string}\"},\"query-input\":{\"@type\":\"PropertyValueSpecification\",\"valueRequired\":true,\"valueName\":\"search_term_string\"}}],\"inLanguage\":\"sv-SE\"},{\"@type\":\"Person\",\"@id\":\"https:\\\/\\\/www.sbhss.eu\\\/#\\\/schema\\\/person\\\/b8d8eb4c1088a05ed50ecff9b2bf643f\",\"name\":\"Sven Kast\u00f6\",\"image\":{\"@type\":\"ImageObject\",\"inLanguage\":\"sv-SE\",\"@id\":\"https:\\\/\\\/secure.gravatar.com\\\/avatar\\\/4ce3985fbe5a36073e6a0cbba2acaad0da794332aeb9a944eca4c7548361a263?s=96&d=mm&r=g\",\"url\":\"https:\\\/\\\/secure.gravatar.com\\\/avatar\\\/4ce3985fbe5a36073e6a0cbba2acaad0da794332aeb9a944eca4c7548361a263?s=96&d=mm&r=g\",\"contentUrl\":\"https:\\\/\\\/secure.gravatar.com\\\/avatar\\\/4ce3985fbe5a36073e6a0cbba2acaad0da794332aeb9a944eca4c7548361a263?s=96&d=mm&r=g\",\"caption\":\"Sven Kast\u00f6\"},\"url\":\"https:\\\/\\\/www.sbhss.eu\\\/sv\\\/author\\\/sven-kastosbhss-eu\\\/\"}]}<\/script>\n<!-- \/ Yoast SEO plugin. -->","yoast_head_json":{"title":"Nu nyanst\u00e4ller vi en handl\u00e4ggare - SBHSS","robots":{"index":"index","follow":"follow","max-snippet":"max-snippet:-1","max-image-preview":"max-image-preview:large","max-video-preview":"max-video-preview:-1"},"canonical":"https:\/\/www.sbhss.eu\/sv\/nu-nyanstaeller-vi-en-handlaeggare\/","og_locale":"sv_SE","og_type":"article","og_title":"Nu nyanst\u00e4ller vi en handl\u00e4ggare - SBHSS","og_description":"Det h\u00e4r \u00e4r arbetet f\u00f6r dig som \u00e4r intresserad av internationella och samh\u00e4llsrelaterade utvecklingsfr\u00e5gor. Vi erbjuder ett sp\u00e4nnande arbete p\u00e5 plats i EU:s hj\u00e4rta! Arbetet inneb\u00e4r internationella kontakter, tillg\u00e5ng till tidig information och varierande arbetsuppgifter.","og_url":"https:\/\/www.sbhss.eu\/sv\/nu-nyanstaeller-vi-en-handlaeggare\/","og_site_name":"SBHSS","article_published_time":"2016-12-21T14:52:31+00:00","author":"Sven Kast\u00f6","twitter_card":"summary_large_image","twitter_misc":{"Skriven av":"Sven Kast\u00f6","Ber\u00e4knad l\u00e4stid":"2 minuter"},"schema":{"@context":"https:\/\/schema.org","@graph":[{"@type":"Article","@id":"https:\/\/www.sbhss.eu\/sv\/nu-nyanstaeller-vi-en-handlaeggare\/#article","isPartOf":{"@id":"https:\/\/www.sbhss.eu\/sv\/nu-nyanstaeller-vi-en-handlaeggare\/"},"author":{"name":"Sven Kast\u00f6","@id":"https:\/\/www.sbhss.eu\/#\/schema\/person\/b8d8eb4c1088a05ed50ecff9b2bf643f"},"headline":"Nu nyanst\u00e4ller vi en handl\u00e4ggare","datePublished":"2016-12-21T14:52:31+00:00","mainEntityOfPage":{"@id":"https:\/\/www.sbhss.eu\/sv\/nu-nyanstaeller-vi-en-handlaeggare\/"},"wordCount":493,"commentCount":0,"articleSection":["Hem - Startsidan"],"inLanguage":"sv-SE"},{"@type":"WebPage","@id":"https:\/\/www.sbhss.eu\/sv\/nu-nyanstaeller-vi-en-handlaeggare\/","url":"https:\/\/www.sbhss.eu\/sv\/nu-nyanstaeller-vi-en-handlaeggare\/","name":"Nu nyanst\u00e4ller vi en handl\u00e4ggare - SBHSS","isPartOf":{"@id":"https:\/\/www.sbhss.eu\/#website"},"datePublished":"2016-12-21T14:52:31+00:00","author":{"@id":"https:\/\/www.sbhss.eu\/#\/schema\/person\/b8d8eb4c1088a05ed50ecff9b2bf643f"},"breadcrumb":{"@id":"https:\/\/www.sbhss.eu\/sv\/nu-nyanstaeller-vi-en-handlaeggare\/#breadcrumb"},"inLanguage":"sv-SE","potentialAction":[{"@type":"ReadAction","target":["https:\/\/www.sbhss.eu\/sv\/nu-nyanstaeller-vi-en-handlaeggare\/"]}]},{"@type":"BreadcrumbList","@id":"https:\/\/www.sbhss.eu\/sv\/nu-nyanstaeller-vi-en-handlaeggare\/#breadcrumb","itemListElement":[{"@type":"ListItem","position":1,"name":"Hem","item":"https:\/\/www.sbhss.eu\/sv\/"},{"@type":"ListItem","position":2,"name":"Nu nyanst\u00e4ller vi en handl\u00e4ggare"}]},{"@type":"WebSite","@id":"https:\/\/www.sbhss.eu\/#website","url":"https:\/\/www.sbhss.eu\/","name":"SBHSS","description":"","potentialAction":[{"@type":"SearchAction","target":{"@type":"EntryPoint","urlTemplate":"https:\/\/www.sbhss.eu\/?s={search_term_string}"},"query-input":{"@type":"PropertyValueSpecification","valueRequired":true,"valueName":"search_term_string"}}],"inLanguage":"sv-SE"},{"@type":"Person","@id":"https:\/\/www.sbhss.eu\/#\/schema\/person\/b8d8eb4c1088a05ed50ecff9b2bf643f","name":"Sven Kast\u00f6","image":{"@type":"ImageObject","inLanguage":"sv-SE","@id":"https:\/\/secure.gravatar.com\/avatar\/4ce3985fbe5a36073e6a0cbba2acaad0da794332aeb9a944eca4c7548361a263?s=96&d=mm&r=g","url":"https:\/\/secure.gravatar.com\/avatar\/4ce3985fbe5a36073e6a0cbba2acaad0da794332aeb9a944eca4c7548361a263?s=96&d=mm&r=g","contentUrl":"https:\/\/secure.gravatar.com\/avatar\/4ce3985fbe5a36073e6a0cbba2acaad0da794332aeb9a944eca4c7548361a263?s=96&d=mm&r=g","caption":"Sven Kast\u00f6"},"url":"https:\/\/www.sbhss.eu\/sv\/author\/sven-kastosbhss-eu\/"}]}},"_links":{"self":[{"href":"https:\/\/www.sbhss.eu\/sv\/wp-json\/wp\/v2\/posts\/620","targetHints":{"allow":["GET"]}}],"collection":[{"href":"https:\/\/www.sbhss.eu\/sv\/wp-json\/wp\/v2\/posts"}],"about":[{"href":"https:\/\/www.sbhss.eu\/sv\/wp-json\/wp\/v2\/types\/post"}],"author":[{"embeddable":true,"href":"https:\/\/www.sbhss.eu\/sv\/wp-json\/wp\/v2\/users\/3"}],"replies":[{"embeddable":true,"href":"https:\/\/www.sbhss.eu\/sv\/wp-json\/wp\/v2\/comments?post=620"}],"version-history":[{"count":0,"href":"https:\/\/www.sbhss.eu\/sv\/wp-json\/wp\/v2\/posts\/620\/revisions"}],"wp:attachment":[{"href":"https:\/\/www.sbhss.eu\/sv\/wp-json\/wp\/v2\/media?parent=620"}],"wp:term":[{"taxonomy":"category","embeddable":true,"href":"https:\/\/www.sbhss.eu\/sv\/wp-json\/wp\/v2\/categories?post=620"},{"taxonomy":"post_tag","embeddable":true,"href":"https:\/\/www.sbhss.eu\/sv\/wp-json\/wp\/v2\/tags?post=620"}],"curies":[{"name":"wp","href":"https:\/\/api.w.org\/{rel}","templated":true}]}}